{"id":42503,"date":"2011-01-17T14:41:18","date_gmt":"2011-01-17T13:41:18","guid":{"rendered":"http:\/\/www.visit-ulcinj.com\/blog\/?p=42503"},"modified":"2011-01-17T14:41:18","modified_gmt":"2011-01-17T13:41:18","slug":"mehmet-bardhi-peticioni-kunder-raportit-te-martit-eshte-akt-civilizues","status":"publish","type":"post","link":"https:\/\/www.visit-ulcinj.com\/blog\/2011\/01\/17\/mehmet-bardhi-peticioni-kunder-raportit-te-martit-eshte-akt-civilizues\/","title":{"rendered":"Mehmet Bardhi: Peticioni kund\u00ebr raportit t\u00eb Martit \u00ebsht\u00eb akt civilizues"},"content":{"rendered":"<p><a href=\"http:\/\/www.visit-ulcinj.com\/blog\/wp-content\/uploads\/2011\/01\/Mehmet-Bardhi-kryetar-i-LD-ne-MZ.jpg\"><img loading=\"lazy\" class=\"alignleft size-full wp-image-42504\" title=\"Mehmet Bardhi, kryetar i LD ne MZ\" src=\"http:\/\/www.visit-ulcinj.com\/blog\/wp-content\/uploads\/2011\/01\/Mehmet-Bardhi-kryetar-i-LD-ne-MZ.jpg\" alt=\"\" width=\"490\" height=\"370\" \/><\/a>Mbledhja e n\u00ebnshkrimeve kund\u00ebr raportit t\u00eb Dick Martit \u00ebsht\u00eb akt civilizues dhe e drejt\u00eb e pacenueshme demokratike e shqiptar\u00ebve, m\u00ebsohet t\u00eb ket\u00eb th\u00ebn\u00eb Mehmet Bardhi, kryetar i LD n\u00eb MZ, raporton agjencia MINA.<\/p>\n<p>Ai gjithashtu tha se raporti i Martit \u00ebsht\u00eb tendencioz dhe pa fakte, prandaj \u00ebsht\u00eb edhe e arsyeshme n\u00ebnshkrimi i peticionit kund\u00ebr k\u00ebtij dokumenti.<\/p>\n<p>Bardhi poashtu ka hedhur posht\u00eb kritikat e Shoqat\u00ebs s\u00eb luft\u00ebtar\u00ebve malazez t\u00eb viteve 1990 kund\u00eb n\u00ebnshkrimit t\u00eb aksionit duke th\u00ebn\u00eb se: \u2019\u2019 Ne nuk ulim askend, nuk sulmojm\u00eb askend, pra as dhe shoqat\u00ebn. Tjet\u00ebr, \u00ebsht\u00eb e drejt\u00eb e jona legjitime q\u00eb t\u00eb mos lejojm\u00eb njollosjen e kombit tone dhe luft\u00ebn e drejt\u00eb p\u00ebr liri t\u00eb U\u00c7K-s\u00eb\u2019\u2019.<\/p>\n<p>Bardhi gjithashtu ka th\u00ebn\u00eb se n\u00ebnshkruesit e peticionit k\u00ebrkojn\u00eb nga udh\u00ebheqja legale e Kosov\u00ebs dhe institucionet nd\u00ebrkomb\u00ebtare q\u00eb rasti n\u00eb fjal\u00eb t\u00eb hetohet plot\u00ebsisht n\u00eb m\u00ebnyr\u00eb q\u00eb zbardh\u00ebt e drejta.<\/p>\n<p><strong>Promul Ulqin<\/strong><\/p>\n","protected":false},"excerpt":{"rendered":"<p>Mbledhja e n\u00ebnshkrimeve kund\u00ebr raportit t\u00eb Dick Martit \u00ebsht\u00eb akt civilizues dhe e drejt\u00eb e pacenueshme demokratike e shqiptar\u00ebve, m\u00ebsohet t\u00eb ket\u00eb th\u00ebn\u00eb Mehmet Bardhi, kryetar i LD n\u00eb MZ, raporton agjencia MINA. Ai gjithashtu tha se raporti i Martit \u00ebsht\u00eb tendencioz dhe pa fakte, prandaj \u00ebsht\u00eb edhe e arsyeshme n\u00ebnshkrimi i peticionit kund\u00ebr k\u00ebtij [&hellip;]<\/p>\n","protected":false},"author":1,"featured_media":0,"comment_status":"open","ping_status":"closed","sticky":false,"template":"","format":"standard","meta":{"spay_email":"","jetpack_publicize_message":"","jetpack_is_tweetstorm":false,"jetpack_publicize_feature_enabled":true},"categories":[14249],"tags":[17068,347,17043,17067],"jetpack_publicize_connections":[],"yoast_head":"<!-- This site is optimized with the Yoast SEO plugin v19.1 - https:\/\/yoast.com\/wordpress\/plugins\/seo\/ -->\n<title>Mehmet Bardhi: Peticioni kund\u00ebr raportit t\u00eb Martit \u00ebsht\u00eb akt civilizues - Lajme nga Ulqini<\/title>\n<meta name=\"description\" content=\"Mbledhja e n\u00ebnshkrimeve kund\u00ebr raportit t\u00eb Dick Martit \u00ebsht\u00eb akt civilizues dhe e drejt\u00eb e pacenueshme demokratike e shqiptar\u00ebve, m\u00ebsohet t\u00eb ket\u00eb th\u00ebn\u00eb\" \/>\n<meta name=\"robots\" content=\"index, follow, max-snippet:-1, max-image-preview:large, max-video-preview:-1\" \/>\n<link rel=\"canonical\" href=\"https:\/\/www.visit-ulcinj.com\/blog\/2011\/01\/17\/mehmet-bardhi-peticioni-kunder-raportit-te-martit-eshte-akt-civilizues\/\" \/>\n<meta property=\"og:locale\" content=\"en_US\" \/>\n<meta property=\"og:type\" content=\"article\" \/>\n<meta property=\"og:title\" content=\"Mehmet Bardhi: Peticioni kund\u00ebr raportit t\u00eb Martit \u00ebsht\u00eb akt civilizues - Lajme nga Ulqini\" \/>\n<meta property=\"og:description\" content=\"Mbledhja e n\u00ebnshkrimeve kund\u00ebr raportit t\u00eb Dick Martit \u00ebsht\u00eb akt civilizues dhe e drejt\u00eb e pacenueshme demokratike e shqiptar\u00ebve, m\u00ebsohet t\u00eb ket\u00eb th\u00ebn\u00eb\" \/>\n<meta property=\"og:url\" content=\"https:\/\/www.visit-ulcinj.com\/blog\/2011\/01\/17\/mehmet-bardhi-peticioni-kunder-raportit-te-martit-eshte-akt-civilizues\/\" \/>\n<meta property=\"og:site_name\" content=\"Lajme nga Ulqini\" \/>\n<meta property=\"article:published_time\" content=\"2011-01-17T13:41:18+00:00\" \/>\n<meta property=\"og:image\" content=\"http:\/\/www.visit-ulcinj.com\/blog\/wp-content\/uploads\/2011\/01\/Mehmet-Bardhi-kryetar-i-LD-ne-MZ.jpg\" \/>\n<meta name=\"twitter:label1\" content=\"Written by\" \/>\n\t<meta name=\"twitter:data1\" content=\"ulqini\" \/>\n\t<meta name=\"twitter:label2\" content=\"Est. reading time\" \/>\n\t<meta name=\"twitter:data2\" content=\"1 minute\" \/>\n<script type=\"application\/ld+json\" class=\"yoast-schema-graph\">{\"@context\":\"https:\/\/schema.org\",\"@graph\":[{\"@type\":\"WebSite\",\"@id\":\"https:\/\/www.visit-ulcinj.com\/blog\/#website\",\"url\":\"https:\/\/www.visit-ulcinj.com\/blog\/\",\"name\":\"Lajme nga Ulqini\",\"description\":\"Lajme,Vijesti,Ulqini,Ulqin,Crna Gora,Mali i Zi\",\"potentialAction\":[{\"@type\":\"SearchAction\",\"target\":{\"@type\":\"EntryPoint\",\"urlTemplate\":\"https:\/\/www.visit-ulcinj.com\/blog\/?s={search_term_string}\"},\"query-input\":\"required name=search_term_string\"}],\"inLanguage\":\"en-US\"},{\"@type\":\"ImageObject\",\"inLanguage\":\"en-US\",\"@id\":\"https:\/\/www.visit-ulcinj.com\/blog\/2011\/01\/17\/mehmet-bardhi-peticioni-kunder-raportit-te-martit-eshte-akt-civilizues\/#primaryimage\",\"url\":\"https:\/\/www.visit-ulcinj.com\/blog\/wp-content\/uploads\/2011\/01\/Mehmet-Bardhi-kryetar-i-LD-ne-MZ.jpg\",\"contentUrl\":\"https:\/\/www.visit-ulcinj.com\/blog\/wp-content\/uploads\/2011\/01\/Mehmet-Bardhi-kryetar-i-LD-ne-MZ.jpg\",\"width\":\"640\",\"height\":\"370\"},{\"@type\":\"WebPage\",\"@id\":\"https:\/\/www.visit-ulcinj.com\/blog\/2011\/01\/17\/mehmet-bardhi-peticioni-kunder-raportit-te-martit-eshte-akt-civilizues\/#webpage\",\"url\":\"https:\/\/www.visit-ulcinj.com\/blog\/2011\/01\/17\/mehmet-bardhi-peticioni-kunder-raportit-te-martit-eshte-akt-civilizues\/\",\"name\":\"Mehmet Bardhi: Peticioni kund\u00ebr raportit t\u00eb Martit \u00ebsht\u00eb akt civilizues - Lajme nga Ulqini\",\"isPartOf\":{\"@id\":\"https:\/\/www.visit-ulcinj.com\/blog\/#website\"},\"primaryImageOfPage\":{\"@id\":\"https:\/\/www.visit-ulcinj.com\/blog\/2011\/01\/17\/mehmet-bardhi-peticioni-kunder-raportit-te-martit-eshte-akt-civilizues\/#primaryimage\"},\"datePublished\":\"2011-01-17T13:41:18+00:00\",\"dateModified\":\"2011-01-17T13:41:18+00:00\",\"author\":{\"@id\":\"https:\/\/www.visit-ulcinj.com\/blog\/#\/schema\/person\/dcab619c614d3038751c63bc2aadc06d\"},\"description\":\"Mbledhja e n\u00ebnshkrimeve kund\u00ebr raportit t\u00eb Dick Martit \u00ebsht\u00eb akt civilizues dhe e drejt\u00eb e pacenueshme demokratike e shqiptar\u00ebve, m\u00ebsohet t\u00eb ket\u00eb th\u00ebn\u00eb\",\"breadcrumb\":{\"@id\":\"https:\/\/www.visit-ulcinj.com\/blog\/2011\/01\/17\/mehmet-bardhi-peticioni-kunder-raportit-te-martit-eshte-akt-civilizues\/#breadcrumb\"},\"inLanguage\":\"en-US\",\"potentialAction\":[{\"@type\":\"ReadAction\",\"target\":[\"https:\/\/www.visit-ulcinj.com\/blog\/2011\/01\/17\/mehmet-bardhi-peticioni-kunder-raportit-te-martit-eshte-akt-civilizues\/\"]}]},{\"@type\":\"BreadcrumbList\",\"@id\":\"https:\/\/www.visit-ulcinj.com\/blog\/2011\/01\/17\/mehmet-bardhi-peticioni-kunder-raportit-te-martit-eshte-akt-civilizues\/#breadcrumb\",\"itemListElement\":[{\"@type\":\"ListItem\",\"position\":1,\"name\":\"Mehmet Bardhi: Peticioni kund\u00ebr raportit t\u00eb Martit \u00ebsht\u00eb akt civilizues\"}]},{\"@type\":\"Person\",\"@id\":\"https:\/\/www.visit-ulcinj.com\/blog\/#\/schema\/person\/dcab619c614d3038751c63bc2aadc06d\",\"name\":\"ulqini\",\"sameAs\":[\"http:\/\/www.visit-ulcinj.com\"],\"url\":\"https:\/\/www.visit-ulcinj.com\/blog\/author\/admin\/\"}]}<\/script>\n<!-- \/ Yoast SEO plugin. -->","yoast_head_json":{"title":"Mehmet Bardhi: Peticioni kund\u00ebr raportit t\u00eb Martit \u00ebsht\u00eb akt civilizues - Lajme nga Ulqini","description":"Mbledhja e n\u00ebnshkrimeve kund\u00ebr raportit t\u00eb Dick Martit \u00ebsht\u00eb akt civilizues dhe e drejt\u00eb e pacenueshme demokratike e shqiptar\u00ebve, m\u00ebsohet t\u00eb ket\u00eb th\u00ebn\u00eb","robots":{"index":"index","follow":"follow","max-snippet":"max-snippet:-1","max-image-preview":"max-image-preview:large","max-video-preview":"max-video-preview:-1"},"canonical":"https:\/\/www.visit-ulcinj.com\/blog\/2011\/01\/17\/mehmet-bardhi-peticioni-kunder-raportit-te-martit-eshte-akt-civilizues\/","og_locale":"en_US","og_type":"article","og_title":"Mehmet Bardhi: Peticioni kund\u00ebr raportit t\u00eb Martit \u00ebsht\u00eb akt civilizues - Lajme nga Ulqini","og_description":"Mbledhja e n\u00ebnshkrimeve kund\u00ebr raportit t\u00eb Dick Martit \u00ebsht\u00eb akt civilizues dhe e drejt\u00eb e pacenueshme demokratike e shqiptar\u00ebve, m\u00ebsohet t\u00eb ket\u00eb th\u00ebn\u00eb","og_url":"https:\/\/www.visit-ulcinj.com\/blog\/2011\/01\/17\/mehmet-bardhi-peticioni-kunder-raportit-te-martit-eshte-akt-civilizues\/","og_site_name":"Lajme nga Ulqini","article_published_time":"2011-01-17T13:41:18+00:00","og_image":[{"url":"http:\/\/www.visit-ulcinj.com\/blog\/wp-content\/uploads\/2011\/01\/Mehmet-Bardhi-kryetar-i-LD-ne-MZ.jpg"}],"twitter_misc":{"Written by":"ulqini","Est. reading time":"1 minute"},"schema":{"@context":"https:\/\/schema.org","@graph":[{"@type":"WebSite","@id":"https:\/\/www.visit-ulcinj.com\/blog\/#website","url":"https:\/\/www.visit-ulcinj.com\/blog\/","name":"Lajme nga Ulqini","description":"Lajme,Vijesti,Ulqini,Ulqin,Crna Gora,Mali i Zi","potentialAction":[{"@type":"SearchAction","target":{"@type":"EntryPoint","urlTemplate":"https:\/\/www.visit-ulcinj.com\/blog\/?s={search_term_string}"},"query-input":"required name=search_term_string"}],"inLanguage":"en-US"},{"@type":"ImageObject","inLanguage":"en-US","@id":"https:\/\/www.visit-ulcinj.com\/blog\/2011\/01\/17\/mehmet-bardhi-peticioni-kunder-raportit-te-martit-eshte-akt-civilizues\/#primaryimage","url":"https:\/\/www.visit-ulcinj.com\/blog\/wp-content\/uploads\/2011\/01\/Mehmet-Bardhi-kryetar-i-LD-ne-MZ.jpg","contentUrl":"https:\/\/www.visit-ulcinj.com\/blog\/wp-content\/uploads\/2011\/01\/Mehmet-Bardhi-kryetar-i-LD-ne-MZ.jpg","width":"640","height":"370"},{"@type":"WebPage","@id":"https:\/\/www.visit-ulcinj.com\/blog\/2011\/01\/17\/mehmet-bardhi-peticioni-kunder-raportit-te-martit-eshte-akt-civilizues\/#webpage","url":"https:\/\/www.visit-ulcinj.com\/blog\/2011\/01\/17\/mehmet-bardhi-peticioni-kunder-raportit-te-martit-eshte-akt-civilizues\/","name":"Mehmet Bardhi: Peticioni kund\u00ebr raportit t\u00eb Martit \u00ebsht\u00eb akt civilizues - Lajme nga Ulqini","isPartOf":{"@id":"https:\/\/www.visit-ulcinj.com\/blog\/#website"},"primaryImageOfPage":{"@id":"https:\/\/www.visit-ulcinj.com\/blog\/2011\/01\/17\/mehmet-bardhi-peticioni-kunder-raportit-te-martit-eshte-akt-civilizues\/#primaryimage"},"datePublished":"2011-01-17T13:41:18+00:00","dateModified":"2011-01-17T13:41:18+00:00","author":{"@id":"https:\/\/www.visit-ulcinj.com\/blog\/#\/schema\/person\/dcab619c614d3038751c63bc2aadc06d"},"description":"Mbledhja e n\u00ebnshkrimeve kund\u00ebr raportit t\u00eb Dick Martit \u00ebsht\u00eb akt civilizues dhe e drejt\u00eb e pacenueshme demokratike e shqiptar\u00ebve, m\u00ebsohet t\u00eb ket\u00eb th\u00ebn\u00eb","breadcrumb":{"@id":"https:\/\/www.visit-ulcinj.com\/blog\/2011\/01\/17\/mehmet-bardhi-peticioni-kunder-raportit-te-martit-eshte-akt-civilizues\/#breadcrumb"},"inLanguage":"en-US","potentialAction":[{"@type":"ReadAction","target":["https:\/\/www.visit-ulcinj.com\/blog\/2011\/01\/17\/mehmet-bardhi-peticioni-kunder-raportit-te-martit-eshte-akt-civilizues\/"]}]},{"@type":"BreadcrumbList","@id":"https:\/\/www.visit-ulcinj.com\/blog\/2011\/01\/17\/mehmet-bardhi-peticioni-kunder-raportit-te-martit-eshte-akt-civilizues\/#breadcrumb","itemListElement":[{"@type":"ListItem","position":1,"name":"Mehmet Bardhi: Peticioni kund\u00ebr raportit t\u00eb Martit \u00ebsht\u00eb akt civilizues"}]},{"@type":"Person","@id":"https:\/\/www.visit-ulcinj.com\/blog\/#\/schema\/person\/dcab619c614d3038751c63bc2aadc06d","name":"ulqini","sameAs":["http:\/\/www.visit-ulcinj.com"],"url":"https:\/\/www.visit-ulcinj.com\/blog\/author\/admin\/"}]}},"jetpack_featured_media_url":"","jetpack_sharing_enabled":true,"jetpack_shortlink":"https:\/\/wp.me\/pe6lTn-b3x","_links":{"self":[{"href":"https:\/\/www.visit-ulcinj.com\/blog\/wp-json\/wp\/v2\/posts\/42503"}],"collection":[{"href":"https:\/\/www.visit-ulcinj.com\/blog\/wp-json\/wp\/v2\/posts"}],"about":[{"href":"https:\/\/www.visit-ulcinj.com\/blog\/wp-json\/wp\/v2\/types\/post"}],"author":[{"embeddable":true,"href":"https:\/\/www.visit-ulcinj.com\/blog\/wp-json\/wp\/v2\/users\/1"}],"replies":[{"embeddable":true,"href":"https:\/\/www.visit-ulcinj.com\/blog\/wp-json\/wp\/v2\/comments?post=42503"}],"version-history":[{"count":0,"href":"https:\/\/www.visit-ulcinj.com\/blog\/wp-json\/wp\/v2\/posts\/42503\/revisions"}],"wp:attachment":[{"href":"https:\/\/www.visit-ulcinj.com\/blog\/wp-json\/wp\/v2\/media?parent=42503"}],"wp:term":[{"taxonomy":"category","embeddable":true,"href":"https:\/\/www.visit-ulcinj.com\/blog\/wp-json\/wp\/v2\/categories?post=42503"},{"taxonomy":"post_tag","embeddable":true,"href":"https:\/\/www.visit-ulcinj.com\/blog\/wp-json\/wp\/v2\/tags?post=42503"}],"curies":[{"name":"wp","href":"https:\/\/api.w.org\/{rel}","templated":true}]}}