{"id":42506,"date":"2011-01-17T14:53:55","date_gmt":"2011-01-17T13:53:55","guid":{"rendered":"http:\/\/www.visit-ulcinj.com\/blog\/?p=42506"},"modified":"2011-01-17T14:53:55","modified_gmt":"2011-01-17T13:53:55","slug":"genta-ismajli-u-aksidentova-ne-aeroport","status":"publish","type":"post","link":"https:\/\/www.visit-ulcinj.com\/blog\/2011\/01\/17\/genta-ismajli-u-aksidentova-ne-aeroport\/","title":{"rendered":"Genta Ismajli: U aksidentova n\u00eb aeroport"},"content":{"rendered":"<p><a href=\"http:\/\/www.visit-ulcinj.com\/blog\/wp-content\/uploads\/2011\/01\/Genta-Ismajli1.jpg\"><img loading=\"lazy\" class=\"alignleft size-full wp-image-42507\" title=\"Genta Ismajli\" src=\"http:\/\/www.visit-ulcinj.com\/blog\/wp-content\/uploads\/2011\/01\/Genta-Ismajli1.jpg\" alt=\"\" width=\"490\" height=\"620\" \/><\/a>Genta Ismajli, k\u00ebng\u00ebtarja e njohur nga Kosova, e cila prej shtat\u00eb vitesh \u00ebsht\u00eb nd\u00ebr k\u00ebng\u00ebtaret m\u00eb t\u00eb preferuara\u00a0 ngado ku shkon, sallat e koncerteve mbushen vet\u00ebm me t\u2019u p\u00ebrmendur emri i saj. Ajo p\u00ebrve\u00e7 talentit t\u00eb lindur p\u00ebr muzik\u00eb, posedon edhe nj\u00eb fizik t\u00eb mahnitsh\u00ebm, q\u00eb shum\u00eb femra e kan\u00eb lakmi.<br \/>\nAjo njihet p\u00ebr eksperimentet e saj n\u00eb muzik\u00eb, t\u00eb cilat v\u00ebrtet kan\u00eb shkundur skenat muzikore. Por k\u00ebshtu nuk ngjau n\u00eb turneun e saj n\u00eb Amerik\u00eb, n\u00eb vendin ku k\u00ebng\u00ebtarja p\u00ebr her\u00eb t\u00eb par\u00eb filloi karrier\u00ebn muzikore. Kjo pasi gjat\u00eb udh\u00ebtimit k\u00ebng\u00ebtarja u rr\u00ebzua n\u00eb shkall\u00ebt elektrike, ku p\u00ebsoi l\u00ebndime serioze n\u00eb gju\u2026Rojet e sigurimit t\u00eb aeroportit i kishin ardhur n\u00eb ndihm\u00eb k\u00ebng\u00ebtares, e cila u shpreh se \u00ebsht\u00eb ndjer\u00eb jasht\u00ebzkonisht keq posa\u00e7arisht gjat\u00eb udh\u00ebtimit me aeroplan, sepse nuk kishte mund\u00ebsi t\u00eb shtrinte k\u00ebmb\u00ebn e cila po i shkaktonte dhimbje te jasht\u00ebzakonshme\u2026N\u00eb pyetjen se a ishte vizituar tek mjeku, Genta u p\u00ebrgjigj: \u201cUn\u00eb pothuajse asnj\u00ebher\u00eb nuk kam qen\u00eb tek mjeku, i kam fobi p\u00ebr m\u00eb tep\u00ebr mendoj se vet\u00ebm kur t\u00eb kem nj\u00eb gjendje shum\u00eb t\u00eb r\u00ebnd\u00eb sh\u00ebndet\u00ebsore do t\u00eb pranoj t\u00eb vizitohem\u201d. Megjith\u00eb aksidentin Genta vazhdoi turneun e saj n\u00eb Amerik\u00eb t\u00eb planifikuar koh\u00eb m\u00eb par\u00eb ku sallat ishin t\u00eb st\u00ebrmbushura nga adhuruesit e saj. Duke mos pasur nj\u00eb gjendje t\u00eb mir\u00eb fizike, Genta e kuptoi q\u00eb nuk mundi t\u00eb jap\u00eb maksimumin e saj. Duket sikur Gent\u00ebn po e ndjekin tersll\u00ebqe k\u00ebt\u00eb vit, pasi vet\u00ebm para pak dit\u00ebsh asaj iu vodh celulari n\u00eb nj\u00eb lokal ku\u00a0 po festonte dit\u00eblindjen e shoqes s\u00eb saj. \u201cU m\u00ebrzita shum\u00eb, jo aq p\u00ebr Iphon-in, sa p\u00ebr kontaktet dhe fotot personale q\u00eb kisha n\u00eb at\u00eb telefon\u201d \u2013 u shpreh Genta.. Nga ana tjet\u00ebr na tregon se albumi \u00ebsht\u00eb n\u00eb p\u00ebrfundim e sip\u00ebr dhe s\u00eb shpejti pritet ta lan\u00e7oj\u00eb n\u00eb treg, ku do t\u00eb realizoj\u00eb nj\u00eb turne n\u00eb t\u00eb gjitha trojet shqiptare.<\/p>\n<p><strong>Koha e Re<br \/>\n<!--YouTube Error: bad URL entered--><\/strong><\/p>\n","protected":false},"excerpt":{"rendered":"<p>Genta Ismajli, k\u00ebng\u00ebtarja e njohur nga Kosova, e cila prej shtat\u00eb vitesh \u00ebsht\u00eb nd\u00ebr k\u00ebng\u00ebtaret m\u00eb t\u00eb preferuara\u00a0 ngado ku shkon, sallat e koncerteve mbushen vet\u00ebm me t\u2019u p\u00ebrmendur emri i saj. Ajo p\u00ebrve\u00e7 talentit t\u00eb lindur p\u00ebr muzik\u00eb, posedon edhe nj\u00eb fizik t\u00eb mahnitsh\u00ebm, q\u00eb shum\u00eb femra e kan\u00eb lakmi. Ajo njihet p\u00ebr eksperimentet [&hellip;]<\/p>\n","protected":false},"author":1,"featured_media":0,"comment_status":"open","ping_status":"closed","sticky":false,"template":"","format":"standard","meta":{"spay_email":"","jetpack_publicize_message":"","jetpack_is_tweetstorm":false,"jetpack_publicize_feature_enabled":true},"categories":[1],"tags":[323],"jetpack_publicize_connections":[],"yoast_head":"<!-- This site is optimized with the Yoast SEO plugin v19.1 - https:\/\/yoast.com\/wordpress\/plugins\/seo\/ -->\n<title>Genta Ismajli: U aksidentova n\u00eb aeroport - Lajme nga Ulqini<\/title>\n<meta name=\"description\" content=\"Genta Ismajli, k\u00ebng\u00ebtarja e njohur nga Kosova, e cila prej shtat\u00eb vitesh \u00ebsht\u00eb nd\u00ebr k\u00ebng\u00ebtaret m\u00eb t\u00eb preferuara\u00a0 ngado ku shkon, sallat e koncerteve\" \/>\n<meta name=\"robots\" content=\"index, follow, max-snippet:-1, max-image-preview:large, max-video-preview:-1\" \/>\n<link rel=\"canonical\" href=\"https:\/\/www.visit-ulcinj.com\/blog\/2011\/01\/17\/genta-ismajli-u-aksidentova-ne-aeroport\/\" \/>\n<meta property=\"og:locale\" content=\"en_US\" \/>\n<meta property=\"og:type\" content=\"article\" \/>\n<meta property=\"og:title\" content=\"Genta Ismajli: U aksidentova n\u00eb aeroport - Lajme nga Ulqini\" \/>\n<meta property=\"og:description\" content=\"Genta Ismajli, k\u00ebng\u00ebtarja e njohur nga Kosova, e cila prej shtat\u00eb vitesh \u00ebsht\u00eb nd\u00ebr k\u00ebng\u00ebtaret m\u00eb t\u00eb preferuara\u00a0 ngado ku shkon, sallat e koncerteve\" \/>\n<meta property=\"og:url\" content=\"https:\/\/www.visit-ulcinj.com\/blog\/2011\/01\/17\/genta-ismajli-u-aksidentova-ne-aeroport\/\" \/>\n<meta property=\"og:site_name\" content=\"Lajme nga Ulqini\" \/>\n<meta property=\"article:published_time\" content=\"2011-01-17T13:53:55+00:00\" \/>\n<meta property=\"og:image\" content=\"http:\/\/www.visit-ulcinj.com\/blog\/wp-content\/uploads\/2011\/01\/Genta-Ismajli1.jpg\" \/>\n<meta name=\"twitter:label1\" content=\"Written by\" \/>\n\t<meta name=\"twitter:data1\" content=\"ulqini\" \/>\n\t<meta name=\"twitter:label2\" content=\"Est. reading time\" \/>\n\t<meta name=\"twitter:data2\" content=\"2 minutes\" \/>\n<script type=\"application\/ld+json\" class=\"yoast-schema-graph\">{\"@context\":\"https:\/\/schema.org\",\"@graph\":[{\"@type\":\"WebSite\",\"@id\":\"https:\/\/www.visit-ulcinj.com\/blog\/#website\",\"url\":\"https:\/\/www.visit-ulcinj.com\/blog\/\",\"name\":\"Lajme nga Ulqini\",\"description\":\"Lajme,Vijesti,Ulqini,Ulqin,Crna Gora,Mali i Zi\",\"potentialAction\":[{\"@type\":\"SearchAction\",\"target\":{\"@type\":\"EntryPoint\",\"urlTemplate\":\"https:\/\/www.visit-ulcinj.com\/blog\/?s={search_term_string}\"},\"query-input\":\"required name=search_term_string\"}],\"inLanguage\":\"en-US\"},{\"@type\":\"ImageObject\",\"inLanguage\":\"en-US\",\"@id\":\"https:\/\/www.visit-ulcinj.com\/blog\/2011\/01\/17\/genta-ismajli-u-aksidentova-ne-aeroport\/#primaryimage\",\"url\":\"http:\/\/www.visit-ulcinj.com\/blog\/wp-content\/uploads\/2011\/01\/Genta-Ismajli1.jpg\",\"contentUrl\":\"http:\/\/www.visit-ulcinj.com\/blog\/wp-content\/uploads\/2011\/01\/Genta-Ismajli1.jpg\"},{\"@type\":\"WebPage\",\"@id\":\"https:\/\/www.visit-ulcinj.com\/blog\/2011\/01\/17\/genta-ismajli-u-aksidentova-ne-aeroport\/#webpage\",\"url\":\"https:\/\/www.visit-ulcinj.com\/blog\/2011\/01\/17\/genta-ismajli-u-aksidentova-ne-aeroport\/\",\"name\":\"Genta Ismajli: U aksidentova n\u00eb aeroport - Lajme nga Ulqini\",\"isPartOf\":{\"@id\":\"https:\/\/www.visit-ulcinj.com\/blog\/#website\"},\"primaryImageOfPage\":{\"@id\":\"https:\/\/www.visit-ulcinj.com\/blog\/2011\/01\/17\/genta-ismajli-u-aksidentova-ne-aeroport\/#primaryimage\"},\"datePublished\":\"2011-01-17T13:53:55+00:00\",\"dateModified\":\"2011-01-17T13:53:55+00:00\",\"author\":{\"@id\":\"https:\/\/www.visit-ulcinj.com\/blog\/#\/schema\/person\/dcab619c614d3038751c63bc2aadc06d\"},\"description\":\"Genta Ismajli, k\u00ebng\u00ebtarja e njohur nga Kosova, e cila prej shtat\u00eb vitesh \u00ebsht\u00eb nd\u00ebr k\u00ebng\u00ebtaret m\u00eb t\u00eb preferuara\u00a0 ngado ku shkon, sallat e koncerteve\",\"breadcrumb\":{\"@id\":\"https:\/\/www.visit-ulcinj.com\/blog\/2011\/01\/17\/genta-ismajli-u-aksidentova-ne-aeroport\/#breadcrumb\"},\"inLanguage\":\"en-US\",\"potentialAction\":[{\"@type\":\"ReadAction\",\"target\":[\"https:\/\/www.visit-ulcinj.com\/blog\/2011\/01\/17\/genta-ismajli-u-aksidentova-ne-aeroport\/\"]}]},{\"@type\":\"BreadcrumbList\",\"@id\":\"https:\/\/www.visit-ulcinj.com\/blog\/2011\/01\/17\/genta-ismajli-u-aksidentova-ne-aeroport\/#breadcrumb\",\"itemListElement\":[{\"@type\":\"ListItem\",\"position\":1,\"name\":\"Genta Ismajli: U aksidentova n\u00eb aeroport\"}]},{\"@type\":\"Person\",\"@id\":\"https:\/\/www.visit-ulcinj.com\/blog\/#\/schema\/person\/dcab619c614d3038751c63bc2aadc06d\",\"name\":\"ulqini\",\"sameAs\":[\"http:\/\/www.visit-ulcinj.com\"],\"url\":\"https:\/\/www.visit-ulcinj.com\/blog\/author\/admin\/\"}]}<\/script>\n<!-- \/ Yoast SEO plugin. -->","yoast_head_json":{"title":"Genta Ismajli: U aksidentova n\u00eb aeroport - Lajme nga Ulqini","description":"Genta Ismajli, k\u00ebng\u00ebtarja e njohur nga Kosova, e cila prej shtat\u00eb vitesh \u00ebsht\u00eb nd\u00ebr k\u00ebng\u00ebtaret m\u00eb t\u00eb preferuara\u00a0 ngado ku shkon, sallat e koncerteve","robots":{"index":"index","follow":"follow","max-snippet":"max-snippet:-1","max-image-preview":"max-image-preview:large","max-video-preview":"max-video-preview:-1"},"canonical":"https:\/\/www.visit-ulcinj.com\/blog\/2011\/01\/17\/genta-ismajli-u-aksidentova-ne-aeroport\/","og_locale":"en_US","og_type":"article","og_title":"Genta Ismajli: U aksidentova n\u00eb aeroport - Lajme nga Ulqini","og_description":"Genta Ismajli, k\u00ebng\u00ebtarja e njohur nga Kosova, e cila prej shtat\u00eb vitesh \u00ebsht\u00eb nd\u00ebr k\u00ebng\u00ebtaret m\u00eb t\u00eb preferuara\u00a0 ngado ku shkon, sallat e koncerteve","og_url":"https:\/\/www.visit-ulcinj.com\/blog\/2011\/01\/17\/genta-ismajli-u-aksidentova-ne-aeroport\/","og_site_name":"Lajme nga Ulqini","article_published_time":"2011-01-17T13:53:55+00:00","og_image":[{"url":"http:\/\/www.visit-ulcinj.com\/blog\/wp-content\/uploads\/2011\/01\/Genta-Ismajli1.jpg"}],"twitter_misc":{"Written by":"ulqini","Est. reading time":"2 minutes"},"schema":{"@context":"https:\/\/schema.org","@graph":[{"@type":"WebSite","@id":"https:\/\/www.visit-ulcinj.com\/blog\/#website","url":"https:\/\/www.visit-ulcinj.com\/blog\/","name":"Lajme nga Ulqini","description":"Lajme,Vijesti,Ulqini,Ulqin,Crna Gora,Mali i Zi","potentialAction":[{"@type":"SearchAction","target":{"@type":"EntryPoint","urlTemplate":"https:\/\/www.visit-ulcinj.com\/blog\/?s={search_term_string}"},"query-input":"required name=search_term_string"}],"inLanguage":"en-US"},{"@type":"ImageObject","inLanguage":"en-US","@id":"https:\/\/www.visit-ulcinj.com\/blog\/2011\/01\/17\/genta-ismajli-u-aksidentova-ne-aeroport\/#primaryimage","url":"http:\/\/www.visit-ulcinj.com\/blog\/wp-content\/uploads\/2011\/01\/Genta-Ismajli1.jpg","contentUrl":"http:\/\/www.visit-ulcinj.com\/blog\/wp-content\/uploads\/2011\/01\/Genta-Ismajli1.jpg"},{"@type":"WebPage","@id":"https:\/\/www.visit-ulcinj.com\/blog\/2011\/01\/17\/genta-ismajli-u-aksidentova-ne-aeroport\/#webpage","url":"https:\/\/www.visit-ulcinj.com\/blog\/2011\/01\/17\/genta-ismajli-u-aksidentova-ne-aeroport\/","name":"Genta Ismajli: U aksidentova n\u00eb aeroport - Lajme nga Ulqini","isPartOf":{"@id":"https:\/\/www.visit-ulcinj.com\/blog\/#website"},"primaryImageOfPage":{"@id":"https:\/\/www.visit-ulcinj.com\/blog\/2011\/01\/17\/genta-ismajli-u-aksidentova-ne-aeroport\/#primaryimage"},"datePublished":"2011-01-17T13:53:55+00:00","dateModified":"2011-01-17T13:53:55+00:00","author":{"@id":"https:\/\/www.visit-ulcinj.com\/blog\/#\/schema\/person\/dcab619c614d3038751c63bc2aadc06d"},"description":"Genta Ismajli, k\u00ebng\u00ebtarja e njohur nga Kosova, e cila prej shtat\u00eb vitesh \u00ebsht\u00eb nd\u00ebr k\u00ebng\u00ebtaret m\u00eb t\u00eb preferuara\u00a0 ngado ku shkon, sallat e koncerteve","breadcrumb":{"@id":"https:\/\/www.visit-ulcinj.com\/blog\/2011\/01\/17\/genta-ismajli-u-aksidentova-ne-aeroport\/#breadcrumb"},"inLanguage":"en-US","potentialAction":[{"@type":"ReadAction","target":["https:\/\/www.visit-ulcinj.com\/blog\/2011\/01\/17\/genta-ismajli-u-aksidentova-ne-aeroport\/"]}]},{"@type":"BreadcrumbList","@id":"https:\/\/www.visit-ulcinj.com\/blog\/2011\/01\/17\/genta-ismajli-u-aksidentova-ne-aeroport\/#breadcrumb","itemListElement":[{"@type":"ListItem","position":1,"name":"Genta Ismajli: U aksidentova n\u00eb aeroport"}]},{"@type":"Person","@id":"https:\/\/www.visit-ulcinj.com\/blog\/#\/schema\/person\/dcab619c614d3038751c63bc2aadc06d","name":"ulqini","sameAs":["http:\/\/www.visit-ulcinj.com"],"url":"https:\/\/www.visit-ulcinj.com\/blog\/author\/admin\/"}]}},"jetpack_featured_media_url":"","jetpack_sharing_enabled":true,"jetpack_shortlink":"https:\/\/wp.me\/pe6lTn-b3A","_links":{"self":[{"href":"https:\/\/www.visit-ulcinj.com\/blog\/wp-json\/wp\/v2\/posts\/42506"}],"collection":[{"href":"https:\/\/www.visit-ulcinj.com\/blog\/wp-json\/wp\/v2\/posts"}],"about":[{"href":"https:\/\/www.visit-ulcinj.com\/blog\/wp-json\/wp\/v2\/types\/post"}],"author":[{"embeddable":true,"href":"https:\/\/www.visit-ulcinj.com\/blog\/wp-json\/wp\/v2\/users\/1"}],"replies":[{"embeddable":true,"href":"https:\/\/www.visit-ulcinj.com\/blog\/wp-json\/wp\/v2\/comments?post=42506"}],"version-history":[{"count":0,"href":"https:\/\/www.visit-ulcinj.com\/blog\/wp-json\/wp\/v2\/posts\/42506\/revisions"}],"wp:attachment":[{"href":"https:\/\/www.visit-ulcinj.com\/blog\/wp-json\/wp\/v2\/media?parent=42506"}],"wp:term":[{"taxonomy":"category","embeddable":true,"href":"https:\/\/www.visit-ulcinj.com\/blog\/wp-json\/wp\/v2\/categories?post=42506"},{"taxonomy":"post_tag","embeddable":true,"href":"https:\/\/www.visit-ulcinj.com\/blog\/wp-json\/wp\/v2\/tags?post=42506"}],"curies":[{"name":"wp","href":"https:\/\/api.w.org\/{rel}","templated":true}]}}