{"id":42513,"date":"2011-01-17T18:07:36","date_gmt":"2011-01-17T17:07:36","guid":{"rendered":"http:\/\/www.visit-ulcinj.com\/blog\/?p=42513"},"modified":"2011-01-17T18:08:02","modified_gmt":"2011-01-17T17:08:02","slug":"bardhi-ne-dam-nikom-da-nas-blati","status":"publish","type":"post","link":"https:\/\/www.visit-ulcinj.com\/blog\/2011\/01\/17\/bardhi-ne-dam-nikom-da-nas-blati\/","title":{"rendered":"Bardhi: Ne dam nikom da nas blati"},"content":{"rendered":"<p><a href=\"http:\/\/www.visit-ulcinj.com\/blog\/wp-content\/uploads\/2011\/01\/Mehmet-Bardhi_Predsjednik-Demokratskog-saveza-u-Crnoj-Gori.jpg\"><img loading=\"lazy\" class=\"alignleft size-full wp-image-42514\" title=\"Mehmet Bardhi_Predsjednik Demokratskog saveza u Crnoj Gori\" src=\"http:\/\/www.visit-ulcinj.com\/blog\/wp-content\/uploads\/2011\/01\/Mehmet-Bardhi_Predsjednik-Demokratskog-saveza-u-Crnoj-Gori.jpg\" alt=\"\" width=\"290\" height=\"190\" \/><\/a>Podgorica &#8211; Prikupljanjem potpisa protiv izvje\u0161taja specijalnog izvjestioca Savjeta Evrope (SE) Dika Martija Albanci ne poku\u0161avaju da kvare me\u0111unacionalne odnose u Crnoj Gori ve\u0107 da koriste svoja demokratska prava &#8211; kazao je predsjednik Demokratskog saveza u Crnoj Gori (DSCG) Mehmet Bardhi.<br \/>\nKomentari\u0161u\u0107i optu\u017ebe da je prikupljanje potpisa podr\u0161ke kosovskom premijeru Ha\u0161imu Ta\u010diju anticrnogorski i anticivilizacijski \u010din, Bardhi je rekao da potpisnici peticije tra\u017ee od legalnih vlasti Kosova i me\u0111unarodnih institucija da istra\u017ee \u010ditav slu\u010daj kako bi istina iza\u0161la na vidjelo.<br \/>\n\u201eTime ne omalova\u017eavamo i ne napadamo nikoga. Drugo, na\u0161e je legitimno pravo da ne dozvolimo poku\u0161aje bacanja ljage na na\u0161u naciju i pravednu borbu Oslobodila\u010dke vojske Kosova (OVK) za slobodu\u201c, naveo je Bardhi u izjavi dostavljenoj \u201cVijestima\u201d.<\/p>\n<p>Marti je, kao specijalni izvjestilac SE, u izvje\u0161taju ozna\u010dio Ta\u010dija kao vo\u0111u kriminalne organizacije koja se bavila trgovinom ljudskim organima, drogom i oru\u017ejem. Bardhi smatra da je izvje\u0161taj Martija tendenciozan i bez dokaza. On je nazvao neosnovanim optu\u017ebe Udru\u017eenja boraca od ratova 1990. godine da potpisivanje peticije predstavlja poku\u0161aj zata\u0161kavanja zlo\u010dina Ta\u010dija i OVK: \u201dNjihova konstatacija da mi ovim poku\u0161avamo da zata\u0161kavamo zlo\u010dine Ta\u010dija i OVK i da prizivamo Veliku Albanij je ve\u0107 vi\u0111eni poku\u0161aj zamagljivanja grijehova onih iza kojih stoje masovne grobnice \u010dak i sred Beograda\u201c.<br \/>\n\u201cOptu\u017euju me kao da sam u kom\u0161iluku krao koko\u0161ke i \u010dinio najve\u0107e zulume. To reagovanje po sadr\u017eini i formi podsje\u0107a na stotine sli\u010dnih saop\u0161tenja i \\&#8217;pisma \u010ditalaca\\&#8217; ciljno naru\u010denih i pripremljenih u ratnim kuhinjama. Na\u017ealost, realnost na terenu opominje da hajka na Albance nije prestala, iako se hvale da imamo stabilno politi\u010dko dru\u0161tvo i zaokru\u017eenu dr\u017eavu\u201c, tvrdi Bardhi.<\/p>\n<p><a href=\"http:\/\/www.vijesti.me\/index.php?id_pre=359766&amp;godina=2010\" target=\"_blank\"><strong>Sa. K.<br \/>\nVijesti<\/strong><\/a><\/p>\n","protected":false},"excerpt":{"rendered":"<p>Podgorica &#8211; Prikupljanjem potpisa protiv izvje\u0161taja specijalnog izvjestioca Savjeta Evrope (SE) Dika Martija Albanci ne poku\u0161avaju da kvare me\u0111unacionalne odnose u Crnoj Gori ve\u0107 da koriste svoja demokratska prava &#8211; kazao je predsjednik Demokratskog saveza u Crnoj Gori (DSCG) Mehmet Bardhi. Komentari\u0161u\u0107i optu\u017ebe da je prikupljanje potpisa podr\u0161ke kosovskom premijeru Ha\u0161imu Ta\u010diju anticrnogorski i anticivilizacijski [&hellip;]<\/p>\n","protected":false},"author":1,"featured_media":0,"comment_status":"open","ping_status":"closed","sticky":false,"template":"","format":"standard","meta":{"spay_email":"","jetpack_publicize_message":"","jetpack_is_tweetstorm":false,"jetpack_publicize_feature_enabled":true},"categories":[8337],"tags":[347,17069],"jetpack_publicize_connections":[],"yoast_head":"<!-- This site is optimized with the Yoast SEO plugin v19.1 - https:\/\/yoast.com\/wordpress\/plugins\/seo\/ -->\n<title>Bardhi: Ne dam nikom da nas blati - Lajme nga Ulqini<\/title>\n<meta name=\"description\" content=\"Podgorica - Prikupljanjem potpisa protiv izvje\u0161taja specijalnog izvjestioca Savjeta Evrope (SE) Dika Martija Albanci ne poku\u0161avaju da kvare me\u0111unacionalne\" \/>\n<meta name=\"robots\" content=\"index, follow, max-snippet:-1, max-image-preview:large, max-video-preview:-1\" \/>\n<link rel=\"canonical\" href=\"https:\/\/www.visit-ulcinj.com\/blog\/2011\/01\/17\/bardhi-ne-dam-nikom-da-nas-blati\/\" \/>\n<meta property=\"og:locale\" content=\"en_US\" \/>\n<meta property=\"og:type\" content=\"article\" \/>\n<meta property=\"og:title\" content=\"Bardhi: Ne dam nikom da nas blati - Lajme nga Ulqini\" \/>\n<meta property=\"og:description\" content=\"Podgorica - Prikupljanjem potpisa protiv izvje\u0161taja specijalnog izvjestioca Savjeta Evrope (SE) Dika Martija Albanci ne poku\u0161avaju da kvare me\u0111unacionalne\" \/>\n<meta property=\"og:url\" content=\"https:\/\/www.visit-ulcinj.com\/blog\/2011\/01\/17\/bardhi-ne-dam-nikom-da-nas-blati\/\" \/>\n<meta property=\"og:site_name\" content=\"Lajme nga Ulqini\" \/>\n<meta property=\"article:published_time\" content=\"2011-01-17T17:07:36+00:00\" \/>\n<meta property=\"article:modified_time\" content=\"2011-01-17T17:08:02+00:00\" \/>\n<meta property=\"og:image\" content=\"http:\/\/www.visit-ulcinj.com\/blog\/wp-content\/uploads\/2011\/01\/Mehmet-Bardhi_Predsjednik-Demokratskog-saveza-u-Crnoj-Gori.jpg\" \/>\n<meta name=\"twitter:label1\" content=\"Written by\" \/>\n\t<meta name=\"twitter:data1\" content=\"ulqini\" \/>\n\t<meta name=\"twitter:label2\" content=\"Est. reading time\" \/>\n\t<meta name=\"twitter:data2\" content=\"2 minutes\" \/>\n<script type=\"application\/ld+json\" class=\"yoast-schema-graph\">{\"@context\":\"https:\/\/schema.org\",\"@graph\":[{\"@type\":\"WebSite\",\"@id\":\"https:\/\/www.visit-ulcinj.com\/blog\/#website\",\"url\":\"https:\/\/www.visit-ulcinj.com\/blog\/\",\"name\":\"Lajme nga Ulqini\",\"description\":\"Lajme,Vijesti,Ulqini,Ulqin,Crna Gora,Mali i Zi\",\"potentialAction\":[{\"@type\":\"SearchAction\",\"target\":{\"@type\":\"EntryPoint\",\"urlTemplate\":\"https:\/\/www.visit-ulcinj.com\/blog\/?s={search_term_string}\"},\"query-input\":\"required name=search_term_string\"}],\"inLanguage\":\"en-US\"},{\"@type\":\"ImageObject\",\"inLanguage\":\"en-US\",\"@id\":\"https:\/\/www.visit-ulcinj.com\/blog\/2011\/01\/17\/bardhi-ne-dam-nikom-da-nas-blati\/#primaryimage\",\"url\":\"https:\/\/www.visit-ulcinj.com\/blog\/wp-content\/uploads\/2011\/01\/Mehmet-Bardhi_Predsjednik-Demokratskog-saveza-u-Crnoj-Gori.jpg\",\"contentUrl\":\"https:\/\/www.visit-ulcinj.com\/blog\/wp-content\/uploads\/2011\/01\/Mehmet-Bardhi_Predsjednik-Demokratskog-saveza-u-Crnoj-Gori.jpg\",\"width\":\"290\",\"height\":\"190\"},{\"@type\":\"WebPage\",\"@id\":\"https:\/\/www.visit-ulcinj.com\/blog\/2011\/01\/17\/bardhi-ne-dam-nikom-da-nas-blati\/#webpage\",\"url\":\"https:\/\/www.visit-ulcinj.com\/blog\/2011\/01\/17\/bardhi-ne-dam-nikom-da-nas-blati\/\",\"name\":\"Bardhi: Ne dam nikom da nas blati - Lajme nga Ulqini\",\"isPartOf\":{\"@id\":\"https:\/\/www.visit-ulcinj.com\/blog\/#website\"},\"primaryImageOfPage\":{\"@id\":\"https:\/\/www.visit-ulcinj.com\/blog\/2011\/01\/17\/bardhi-ne-dam-nikom-da-nas-blati\/#primaryimage\"},\"datePublished\":\"2011-01-17T17:07:36+00:00\",\"dateModified\":\"2011-01-17T17:08:02+00:00\",\"author\":{\"@id\":\"https:\/\/www.visit-ulcinj.com\/blog\/#\/schema\/person\/dcab619c614d3038751c63bc2aadc06d\"},\"description\":\"Podgorica - Prikupljanjem potpisa protiv izvje\u0161taja specijalnog izvjestioca Savjeta Evrope (SE) Dika Martija Albanci ne poku\u0161avaju da kvare me\u0111unacionalne\",\"breadcrumb\":{\"@id\":\"https:\/\/www.visit-ulcinj.com\/blog\/2011\/01\/17\/bardhi-ne-dam-nikom-da-nas-blati\/#breadcrumb\"},\"inLanguage\":\"en-US\",\"potentialAction\":[{\"@type\":\"ReadAction\",\"target\":[\"https:\/\/www.visit-ulcinj.com\/blog\/2011\/01\/17\/bardhi-ne-dam-nikom-da-nas-blati\/\"]}]},{\"@type\":\"BreadcrumbList\",\"@id\":\"https:\/\/www.visit-ulcinj.com\/blog\/2011\/01\/17\/bardhi-ne-dam-nikom-da-nas-blati\/#breadcrumb\",\"itemListElement\":[{\"@type\":\"ListItem\",\"position\":1,\"name\":\"Bardhi: Ne dam nikom da nas blati\"}]},{\"@type\":\"Person\",\"@id\":\"https:\/\/www.visit-ulcinj.com\/blog\/#\/schema\/person\/dcab619c614d3038751c63bc2aadc06d\",\"name\":\"ulqini\",\"sameAs\":[\"http:\/\/www.visit-ulcinj.com\"],\"url\":\"https:\/\/www.visit-ulcinj.com\/blog\/author\/admin\/\"}]}<\/script>\n<!-- \/ Yoast SEO plugin. -->","yoast_head_json":{"title":"Bardhi: Ne dam nikom da nas blati - Lajme nga Ulqini","description":"Podgorica - Prikupljanjem potpisa protiv izvje\u0161taja specijalnog izvjestioca Savjeta Evrope (SE) Dika Martija Albanci ne poku\u0161avaju da kvare me\u0111unacionalne","robots":{"index":"index","follow":"follow","max-snippet":"max-snippet:-1","max-image-preview":"max-image-preview:large","max-video-preview":"max-video-preview:-1"},"canonical":"https:\/\/www.visit-ulcinj.com\/blog\/2011\/01\/17\/bardhi-ne-dam-nikom-da-nas-blati\/","og_locale":"en_US","og_type":"article","og_title":"Bardhi: Ne dam nikom da nas blati - Lajme nga Ulqini","og_description":"Podgorica - Prikupljanjem potpisa protiv izvje\u0161taja specijalnog izvjestioca Savjeta Evrope (SE) Dika Martija Albanci ne poku\u0161avaju da kvare me\u0111unacionalne","og_url":"https:\/\/www.visit-ulcinj.com\/blog\/2011\/01\/17\/bardhi-ne-dam-nikom-da-nas-blati\/","og_site_name":"Lajme nga Ulqini","article_published_time":"2011-01-17T17:07:36+00:00","article_modified_time":"2011-01-17T17:08:02+00:00","og_image":[{"url":"http:\/\/www.visit-ulcinj.com\/blog\/wp-content\/uploads\/2011\/01\/Mehmet-Bardhi_Predsjednik-Demokratskog-saveza-u-Crnoj-Gori.jpg"}],"twitter_misc":{"Written by":"ulqini","Est. reading time":"2 minutes"},"schema":{"@context":"https:\/\/schema.org","@graph":[{"@type":"WebSite","@id":"https:\/\/www.visit-ulcinj.com\/blog\/#website","url":"https:\/\/www.visit-ulcinj.com\/blog\/","name":"Lajme nga Ulqini","description":"Lajme,Vijesti,Ulqini,Ulqin,Crna Gora,Mali i Zi","potentialAction":[{"@type":"SearchAction","target":{"@type":"EntryPoint","urlTemplate":"https:\/\/www.visit-ulcinj.com\/blog\/?s={search_term_string}"},"query-input":"required name=search_term_string"}],"inLanguage":"en-US"},{"@type":"ImageObject","inLanguage":"en-US","@id":"https:\/\/www.visit-ulcinj.com\/blog\/2011\/01\/17\/bardhi-ne-dam-nikom-da-nas-blati\/#primaryimage","url":"https:\/\/www.visit-ulcinj.com\/blog\/wp-content\/uploads\/2011\/01\/Mehmet-Bardhi_Predsjednik-Demokratskog-saveza-u-Crnoj-Gori.jpg","contentUrl":"https:\/\/www.visit-ulcinj.com\/blog\/wp-content\/uploads\/2011\/01\/Mehmet-Bardhi_Predsjednik-Demokratskog-saveza-u-Crnoj-Gori.jpg","width":"290","height":"190"},{"@type":"WebPage","@id":"https:\/\/www.visit-ulcinj.com\/blog\/2011\/01\/17\/bardhi-ne-dam-nikom-da-nas-blati\/#webpage","url":"https:\/\/www.visit-ulcinj.com\/blog\/2011\/01\/17\/bardhi-ne-dam-nikom-da-nas-blati\/","name":"Bardhi: Ne dam nikom da nas blati - Lajme nga Ulqini","isPartOf":{"@id":"https:\/\/www.visit-ulcinj.com\/blog\/#website"},"primaryImageOfPage":{"@id":"https:\/\/www.visit-ulcinj.com\/blog\/2011\/01\/17\/bardhi-ne-dam-nikom-da-nas-blati\/#primaryimage"},"datePublished":"2011-01-17T17:07:36+00:00","dateModified":"2011-01-17T17:08:02+00:00","author":{"@id":"https:\/\/www.visit-ulcinj.com\/blog\/#\/schema\/person\/dcab619c614d3038751c63bc2aadc06d"},"description":"Podgorica - Prikupljanjem potpisa protiv izvje\u0161taja specijalnog izvjestioca Savjeta Evrope (SE) Dika Martija Albanci ne poku\u0161avaju da kvare me\u0111unacionalne","breadcrumb":{"@id":"https:\/\/www.visit-ulcinj.com\/blog\/2011\/01\/17\/bardhi-ne-dam-nikom-da-nas-blati\/#breadcrumb"},"inLanguage":"en-US","potentialAction":[{"@type":"ReadAction","target":["https:\/\/www.visit-ulcinj.com\/blog\/2011\/01\/17\/bardhi-ne-dam-nikom-da-nas-blati\/"]}]},{"@type":"BreadcrumbList","@id":"https:\/\/www.visit-ulcinj.com\/blog\/2011\/01\/17\/bardhi-ne-dam-nikom-da-nas-blati\/#breadcrumb","itemListElement":[{"@type":"ListItem","position":1,"name":"Bardhi: Ne dam nikom da nas blati"}]},{"@type":"Person","@id":"https:\/\/www.visit-ulcinj.com\/blog\/#\/schema\/person\/dcab619c614d3038751c63bc2aadc06d","name":"ulqini","sameAs":["http:\/\/www.visit-ulcinj.com"],"url":"https:\/\/www.visit-ulcinj.com\/blog\/author\/admin\/"}]}},"jetpack_featured_media_url":"","jetpack_sharing_enabled":true,"jetpack_shortlink":"https:\/\/wp.me\/pe6lTn-b3H","_links":{"self":[{"href":"https:\/\/www.visit-ulcinj.com\/blog\/wp-json\/wp\/v2\/posts\/42513"}],"collection":[{"href":"https:\/\/www.visit-ulcinj.com\/blog\/wp-json\/wp\/v2\/posts"}],"about":[{"href":"https:\/\/www.visit-ulcinj.com\/blog\/wp-json\/wp\/v2\/types\/post"}],"author":[{"embeddable":true,"href":"https:\/\/www.visit-ulcinj.com\/blog\/wp-json\/wp\/v2\/users\/1"}],"replies":[{"embeddable":true,"href":"https:\/\/www.visit-ulcinj.com\/blog\/wp-json\/wp\/v2\/comments?post=42513"}],"version-history":[{"count":0,"href":"https:\/\/www.visit-ulcinj.com\/blog\/wp-json\/wp\/v2\/posts\/42513\/revisions"}],"wp:attachment":[{"href":"https:\/\/www.visit-ulcinj.com\/blog\/wp-json\/wp\/v2\/media?parent=42513"}],"wp:term":[{"taxonomy":"category","embeddable":true,"href":"https:\/\/www.visit-ulcinj.com\/blog\/wp-json\/wp\/v2\/categories?post=42513"},{"taxonomy":"post_tag","embeddable":true,"href":"https:\/\/www.visit-ulcinj.com\/blog\/wp-json\/wp\/v2\/tags?post=42513"}],"curies":[{"name":"wp","href":"https:\/\/api.w.org\/{rel}","templated":true}]}}