{"id":42525,"date":"2011-01-18T16:34:00","date_gmt":"2011-01-18T15:34:00","guid":{"rendered":"http:\/\/www.visit-ulcinj.com\/blog\/?p=42525"},"modified":"2011-01-18T16:34:00","modified_gmt":"2011-01-18T15:34:00","slug":"ulcinjani-u-leksikonu-crnogorske-kulture","status":"publish","type":"post","link":"https:\/\/www.visit-ulcinj.com\/blog\/2011\/01\/18\/ulcinjani-u-leksikonu-crnogorske-kulture\/","title":{"rendered":"Ulcinjani u leksikonu Crnogorske kulture"},"content":{"rendered":"<p><a href=\"http:\/\/www.visit-ulcinj.com\/blog\/wp-content\/uploads\/2011\/01\/LEKSIKON-CRNOGORSKE-KULTURE.jpg\"><img loading=\"lazy\" class=\"alignleft size-full wp-image-42526\" title=\"LEKSIKON CRNOGORSKE KULTURE\" src=\"http:\/\/www.visit-ulcinj.com\/blog\/wp-content\/uploads\/2011\/01\/LEKSIKON-CRNOGORSKE-KULTURE.jpg\" alt=\"\" width=\"300\" height=\"435\" srcset=\"https:\/\/www.visit-ulcinj.com\/blog\/wp-content\/uploads\/2011\/01\/LEKSIKON-CRNOGORSKE-KULTURE.jpg 300w, https:\/\/www.visit-ulcinj.com\/blog\/wp-content\/uploads\/2011\/01\/LEKSIKON-CRNOGORSKE-KULTURE-206x300.jpg 206w\" sizes=\"(max-width: 300px) 100vw, 300px\" \/><\/a>Evo \u0107e druga godina od kad je <strong>Nikola Rackovi\u0107<\/strong> objavio svoje kapitalno delo <strong>LEKSIKON CRNOGORSKE KULTURE<\/strong>, a do danas ne znamo da je ma ko rekao o ovom tako zna\u010dajnom izdanju ni jednu jedinu re\u010d. Pa ni na\u0161i Ulcinjani, koji su tako svestrano pretstavljeni tu, za \u0161to su trebali da izjave autoru bar formalnu zahvalnost, ako ne i ne\u0161to vi\u0161e.<\/p>\n<p>Evo lista Ulcinjana, koji su pretstavljeni u ovom LEKSIKONU njihovim enciklopedijski sa\u017eetim biografijama:<\/p>\n<p>Ad\u017eemovi\u0107 Hajdar, Bal\u0161i\u0107 Jelena (Hrebeljanovi\u0107), Bude\u010d Stanislava, Bulatovi\u0107 Ibrijski Ljubomir, Burovi\u0107 Kaplan, Demirovi\u0107 Idriz, \u00d0uri\u0161i\u0107 Rajko, Gazivoda Mihailo, Goga Rudi, Gojni\u0107 Gojko, Gojni\u0107 Vlado, Goranovi\u0107 Maksim, Had\u017eibrahimovi\u0107 Maksut, Hajdukovi\u0107 Dragan, Iveli\u0107 Mitar, Jankovi\u0107 Janko, Jovovi\u0107 Bo\u017eidar, Kajevi\u0107 Andrija, Kosanovi\u0107 Savo, Luka Ulcinjanin, Ljumovi\u0107 Zdravko, Mirovi\u0107 Miodrag, Nikezi\u0107 Biljalj, Nikezi\u0107 \u0106azim, Nikolaidis Andrej, Nikolaidis Jovan, Nikolaidis Minja, Nikon Jerusalimac, Noc Martini, Pavi\u0107evi\u0107 Radovan, Plamenac Ilija, Plamenac Milutin, Popovi\u0107 \u00d0oko, Salaj Ali, Srzenti\u0107 Vaso, Stankovi\u0107 Vladimir, Stanojevi\u0107 Stevan, Stojanovi\u0107 Stevan, \u0160o\u0107 Petar-Peko, Uskokovi\u0107 Borislav, U\u0161aku Ru\u017edi, Vuki\u010devi\u0107 Borivoje i Ze\u0107anin iz Krajine.<\/p>\n<p>Sem li\u010dnosti iz kulture Ulcinja, u LEKSIKON su pretstavljena i dela, objekti kulture na\u0161ega grada, kao \u0161to su sam grad ULCINJ, pa SVA\u010c, GORI\u010cKI ZBORNIK, MUZEJ U ULCINJU, fotografije: <strong>Figura Velike majke<\/strong> (fragmenat, kod glasa BRONZANO DOBA), <strong>Goti\u010dko-renesansni kapitel<\/strong> iz Ulcinja (kod glasa GOTIKA), <strong>Ostaci bedema grada Olciniuma<\/strong> (glas GRAD); zatim <strong>Narodna biblioteka i \u010ditaonica<\/strong> \u201cMIRKO SRZENTI\u0106\u201d, <strong>Narodni universitet<\/strong>; pa listovi-revije-\u010dasopisi PLIMA, DIJA, KOHA, LAMBA.<\/p>\n<p>Mo\u017eemo slobodno re\u0107i da je na\u0161 Ulcinj dostojanstveno pretstavljen u ovaj LEKSIKON, \u010dime se gradu, selima i \u010ditavoj oblasti, njihovim ljudima, pregatelima, stvaraocima, ukazuje du\u017eno priznanje i po\u0161tovanje za njihov doprinos u crnogorskoj kulturi, bez obzira na njihov realizirali kvalitet i kvantitet, na njihov zna\u010daj i obim, ili odjek.<\/p>\n<p>Zato mu srda\u010dno \u010destitamo i zahvaljujemo.<\/p>\n<p>Ne samo \u0161to je ovo prvo delo ove prirode u Crnoj Gori, koja jo\u0161 nema svoju enciklopediju, ve\u0107 i zbog ozbiljnog impenjiranja, svestranog zalaganja i prudentnog rada autora na njemu, sa strogo nau\u010dnom akribijom, LEKSIKON CRNOGORSKE KULTURE pretstvavlja kapitalno delo autora i crnogorske izdava\u010dke delatnosti, leksikografije, enciklopedije. Dela ove prirode obi\u010dno se pi\u0161u od \u010ditave jedne grupe afirmiranih nau\u010dnika, leksikologa i enciklopedista, a ne od pojedinaca, ma koliko oni bili kompetentni za to. Ali kad se zajednica i njene odgovaraju\u0107e nau\u010dne institucije pokazuju nesposobne za organiziranje i ostvarenje jednog tako zna\u010dajnog poduhvata, onda \u0107e se bezdrugo i pojedinci osmeliti i zauzeti time, bez obzira na odgovornost i dru\u0161tveno-istorijski zna\u010daj tog poduhvata. Pri tome treba biti svestan da taj rad ne pretstvalja samo jednostavnu evidenciju dosada\u0161njih dostignu\u0107a na polju kulture jednog naroda, ve\u0107 i ocenjivanje, afirmiranje i oktroisanje tih dostignu\u0107a, posebno onih najnovijih, savremenih. Upravo zato, u jednoj normalno organizovanoj dru\u0161tvenoj zajednici ovaj se posao poverava jednoj posebnoj komisiji, sastavljenoj od vi\u0161e osoba, li\u010dno i zvani\u010dno afirmiranih i slu\u017ebeno priznatih.<\/p>\n<p>Zadu\u017eiti sebe jednim ovako velikim, zna\u010dajnim, odgovornim radom, zna\u010di pre svega imati poverenja u sebe i svoje sposobnosti, svoja enciklopedijska znanja, a zatim i u svoju nacionalno-dru\u0161tveno-istorijsku savest i svest za nu\u017enu svestranu objektivnost u tretiranju postoje\u0107eg materijala. Autor je imao puno pravo za to poverenje, jer je svestrano pokazao i dokazao svoje enciklopedijske sposobnosti, \u0161irok horizont poznavanja materijala, a i svoju visoku nacionalnu i savremenu dru\u0161tveno-ideolo\u0161ku svest.<\/p>\n<p>Njegovo vi\u0161egodi\u0161nje samopo\u017ertvovanje za ostvarenje ovog tako grandioznog i tako zna\u010dajnog dela je evidentno. Svako, ko je i malo svestan ovoga, ne mo\u017ee da mu se ne divi i da mu ne izrazi najdublju zahvalnost. Pre\u0107utkivanje ovog je smo izraz bolesne zavisti.<\/p>\n<p>Te\u0161ko\u0107e, kroz koje je pro\u0161ao autor du\u017e rada na ostvarenju ovog dela, svaki konstruktivni gra\u0111anin Crne Gore \u0107e ih ose\u0107amo kao na svoja plje\u0107a. Tegobno je ovo na\u0161e vreme! A i bez toga svestrano te\u0161ko je bilo napisati ovo delo, posebno i objaviti.<\/p>\n<p>Svakom delu, pa i ovome, svakome je lako da mu prona\u0111e koji nedostatak, koje suvi\u0161no slovo, ili nedostatak kojeg slova, gre\u0161ke svakakvih karaktera, da mu zameri i da ga kritikuje. Ni\u0161ta lak\u0161e i ni\u0161ta bezobraznije!<\/p>\n<p>Upravo zato, svima koji \u0107e uzeti pero da kritikuju ovo delo sa bilo kojeg gledi\u0161ta, ka\u017eemo da treba uzeti u obzir okolnosti u kojima je napisano. Samom autoru preporu\u010dujemo da se ne razo\u010dara od kritika, ma kakve bile. On treba da ih uzme kao dobronamerne sugestije za ispravku postoje\u0107eg materijala i dopunu sa novim glasovima, koje je \u2013 sigurno nehotice \u2013 ispustio.<\/p>\n<p>Te\u0161ko, jako te\u0161ko je bilo napisati ovo delo, a ispraviti i dopuniti, usavr\u0161iti ga, mo\u017ee svako. Po\u0161to je ku\u0107a izgra\u0111ena, svako mo\u017ee sasvim lako da joj zatvori koju rupu, ili da unese u nju koji buket cve\u0107a.<\/p>\n<p>U vezi sa Ulcinjem i Ulcinjanima, a polaze\u0107i od demostriranih kriterijuma, sugeri\u0161emo autoru za njeno novo izdanje pre svega dopunu sa ispu\u0161tenim li\u010dnostima, kao \u0161to su: Aloja Mehmet, Ban Lazar, Ban dr Pavle, Baranin Adem, Berja\u0161i Ibrahim, Bi\u0161a Arslan, Bogojevi\u0107 Marin, Bo\u0161kovi\u0107 \u00d0ur\u0111e, Brisku Bahrija, Buzuk Ivan, Canka Mustafa, \u010capri\u0107 Basri, Desnica dr Gojko, Draga dr Nailj, Filipaj dom Simon, \u00d0akonovi\u0107 Pavle, \u00d0ekaj \u0160aban, \u00d0oka Pjeter, \u00d0uranovi\u0107 dr Radomir, Hajdukovi\u0107 Jevrem, Haljilji Emin, Hasa Naser, Hasanaga Vahida, Hod\u017ea Lumnije, Ivanovi\u010d-Varmar Vladimir, Janinovi\u0107 Aleksandar, Kolari Jaho, Kraja Mehmet, Kuzman Kosto, Lola Suzana, Lukovi\u0107 Hodo, Lunji Ali, Ljumovi\u0107 dr Vladimir, Maraj mr. Mejrema, Martini \u00d0er\u0111, Matanovi\u0107 Nikola, Metanovi\u0107 Jusuf, Mila\u010di\u0107 Du\u0161ko, Mirovi\u0107 dr Pavle, Mirovi\u0107 Stevo, Muja \u0106azim, Murtezi\u0107 mr. Osman, Pavi\u0107evi\u0107 dr Radovan, Plamenac dr Pavle, \u0106etkovi\u0107 Gojko, Radovi\u0107 Vasko, Resulbegovi\u0107 Paulina, Resulbegovi\u0107 D\u017eevdet, Resulbegovi\u0107 Selim, S. (Pop koji je preveo na gr\u010dki \u017ditije Sv. Vladimira), Stojanovi\u0107 Borislav, Stojanovi\u0107 dr Du\u0161an, Stojanovi\u0107 Stevo, Stojanovi\u0107 Vlado, \u0160abanovi\u0107 Had\u017eija, \u0160egun dr Martin, Ul\u0107inaku Hajro i dr.<\/p>\n<p>Sem ve\u0107 unetih (ili i samo spomenutih) u Ulcinj imamo i drugih zna\u010dajnih istorijskih, kulturnih i kultnih objekata koji treba da se unesu u LEKSIKON. Koliko za primer navodim: CRVENI BRIJEG, SELO \u0160UMA, KRU\u010cE (arheolo\u0161ki lokalitet, spomenik kulture III kategorije), KRST SV. JOVANA VLADIMIRA, DVORI BAL\u0160I\u0106A, CRKVA Sv. MIHAILA, MONETA DE DULCINJO, SOVACII CIVITAS (moneta), SAHAT KULA, TAVANI u duborezu pod dr\u017eavnom za\u0161titom (kao \u0161to je bio konkretno tavan prima\u0107e sobe u ku\u0107i pokojnog Latifa Resulbegovi\u0107a, uni\u0161ten od zemljotresa, ali je sigurno sa\u010duvana fotografija); TURBETA, koja su isto tako pod dr\u017eavnom za\u0161titom (konkretno <strong>Turbe Resulbegovi\u0107a<\/strong>, kultni spomenik II kategorije); pa kultni spomenici III kategorije: <strong>Crkva-d\u017eamija \u201cSveta Marija\u201d<\/strong> u Starom gradu (poru\u0161ena od turskih okupatora i pretvorena u d\u017eamiju \u201cSultan Mehmet\u201d &#8211; sin Olivere Hrebeljanovi\u0107, k\u0107erka Kneza Lazara, koja je tu sahranjena), <strong>Sabrona crkva \u201cSv. Nikola\u201d<\/strong>, <strong>Pa\u0161ina d\u017eamija<\/strong> (Spominje se kod glasa ULCINJ. Treba da se iznese kao zaseban glas i da se ispravi ime graditelja, jer je izgra\u0111ena od kajmekama Ulcinja Jahja-pa\u0161e Resulbegovi\u0107a, po nacionalnosti Crnogorac, a ne od Sinan-pa\u0161e, kako pi\u0161e u LEKSIKONU), <strong>D\u017eamija \u201cNamaz\u0111ah\u201d<\/strong>, <strong>Crka \u201cSv. Nikola\u201d<\/strong> pod Bijelom Gorom; <strong>Manastir \u201cSveti Arhan\u0111eli\u201d<\/strong> (poru\u0161en od turskih okupatora i pretvoren u d\u017eamiju, koja je poru\u0161ena u toku borbi za oslobo\u0111enje Ulcinja: danas je na tom mestu sagra\u0111ena pomenuta Saborna pravoslavna crkva \u201cSv. Nikola\u201d); <strong>Amam Ulcinja<\/strong> \u2013 jedinstveni u Crnoj Gori, isto tako pod dr\u017eavnom za\u0161titom; crna\u010dka igra \u0160ARAVELI; Izdava\u010dka ku\u0107a BALKAN; listovi-revije-\u010dasopisi BUZUKU, FATI, FILLIMET, INFORMATORI LD, KRONIKA, NORA, RINIA, SHK\u00cbNDIJA, TRIBINA, ULCINJ, ULCINJSKE NOVINE, UNIONI, YLBERI; RADIO-ULCINJ, RTV \u201cTeuta\u201d, sajt LAJME NGA ULQINI, brod GLORIJA i dr.<\/p>\n<p>Za sve \u0161to ovde spomenuh imate podatke u mojoj ve\u0107 objavljenoj knjizi <strong>ENCIKLOPEDIJA ULCINJA<\/strong>.<\/p>\n<p>Pi\u0161em ovo kao Ulcinjanin, sa najve\u0107om zahvalno\u0161\u0107u i sasvim dobronamerno. Verujem da i svi drugi gra\u0111ani Crne Gore, manje-vi\u0161e, mogu imati ovakva sugeriranja, koja treba da pretstave autoru, jer ovo delo nije samo njegovo, ve\u0107 i na\u0161e, svih nas. Autor treba da sve primedbe prostudira i iskoristi, da bi nam drugo izdanje ispalo bolje, savr\u0161enije.<\/p>\n<p>Sigurno da knjiga, sem primedbi ove prirode, ima potrebu i za primedbe jedne druge prirode, koje \u0107u autoru izneti, ako me zdravlje poslu\u017ei, u jednoj drugoj, stru\u010dnijoj i detaljnijoj analizi.<\/p>\n<p><strong>Prof. Dr Kaplan BUROVI\u0106,<\/strong><\/p>\n<p><strong>akademik<br \/>\n<!--YouTube Error: bad URL entered--><\/strong><\/p>\n","protected":false},"excerpt":{"rendered":"<p>Evo \u0107e druga godina od kad je Nikola Rackovi\u0107 objavio svoje kapitalno delo LEKSIKON CRNOGORSKE KULTURE, a do danas ne znamo da je ma ko rekao o ovom tako zna\u010dajnom izdanju ni jednu jedinu re\u010d. Pa ni na\u0161i Ulcinjani, koji su tako svestrano pretstavljeni tu, za \u0161to su trebali da izjave autoru bar formalnu zahvalnost, [&hellip;]<\/p>\n","protected":false},"author":1,"featured_media":0,"comment_status":"open","ping_status":"closed","sticky":false,"template":"","format":"standard","meta":{"spay_email":"","jetpack_publicize_message":"","jetpack_is_tweetstorm":false,"jetpack_publicize_feature_enabled":true},"categories":[14249],"tags":[17080,17082,19,17081],"jetpack_publicize_connections":[],"yoast_head":"<!-- This site is optimized with the Yoast SEO plugin v19.1 - https:\/\/yoast.com\/wordpress\/plugins\/seo\/ -->\n<title>Ulcinjani u leksikonu Crnogorske kulture - Lajme nga Ulqini<\/title>\n<meta name=\"description\" content=\"Evo \u0107e druga godina od kad je Nikola Rackovi\u0107 objavio svoje kapitalno delo LEKSIKON CRNOGORSKE KULTURE, a do danas ne znamo da je ma ko rekao o ovom tako\" \/>\n<meta name=\"robots\" content=\"index, follow, max-snippet:-1, max-image-preview:large, max-video-preview:-1\" \/>\n<link rel=\"canonical\" href=\"https:\/\/www.visit-ulcinj.com\/blog\/2011\/01\/18\/ulcinjani-u-leksikonu-crnogorske-kulture\/\" \/>\n<meta property=\"og:locale\" content=\"en_US\" \/>\n<meta property=\"og:type\" content=\"article\" \/>\n<meta property=\"og:title\" content=\"Ulcinjani u leksikonu Crnogorske kulture - Lajme nga Ulqini\" \/>\n<meta property=\"og:description\" content=\"Evo \u0107e druga godina od kad je Nikola Rackovi\u0107 objavio svoje kapitalno delo LEKSIKON CRNOGORSKE KULTURE, a do danas ne znamo da je ma ko rekao o ovom tako\" \/>\n<meta property=\"og:url\" content=\"https:\/\/www.visit-ulcinj.com\/blog\/2011\/01\/18\/ulcinjani-u-leksikonu-crnogorske-kulture\/\" \/>\n<meta property=\"og:site_name\" content=\"Lajme nga Ulqini\" \/>\n<meta property=\"article:published_time\" content=\"2011-01-18T15:34:00+00:00\" \/>\n<meta property=\"og:image\" content=\"http:\/\/www.visit-ulcinj.com\/blog\/wp-content\/uploads\/2011\/01\/LEKSIKON-CRNOGORSKE-KULTURE.jpg\" \/>\n<meta name=\"twitter:label1\" content=\"Written by\" \/>\n\t<meta name=\"twitter:data1\" content=\"ulqini\" \/>\n\t<meta name=\"twitter:label2\" content=\"Est. reading time\" \/>\n\t<meta name=\"twitter:data2\" content=\"7 minutes\" \/>\n<script type=\"application\/ld+json\" class=\"yoast-schema-graph\">{\"@context\":\"https:\/\/schema.org\",\"@graph\":[{\"@type\":\"WebSite\",\"@id\":\"https:\/\/www.visit-ulcinj.com\/blog\/#website\",\"url\":\"https:\/\/www.visit-ulcinj.com\/blog\/\",\"name\":\"Lajme nga Ulqini\",\"description\":\"Lajme,Vijesti,Ulqini,Ulqin,Crna Gora,Mali i Zi\",\"potentialAction\":[{\"@type\":\"SearchAction\",\"target\":{\"@type\":\"EntryPoint\",\"urlTemplate\":\"https:\/\/www.visit-ulcinj.com\/blog\/?s={search_term_string}\"},\"query-input\":\"required name=search_term_string\"}],\"inLanguage\":\"en-US\"},{\"@type\":\"ImageObject\",\"inLanguage\":\"en-US\",\"@id\":\"https:\/\/www.visit-ulcinj.com\/blog\/2011\/01\/18\/ulcinjani-u-leksikonu-crnogorske-kulture\/#primaryimage\",\"url\":\"https:\/\/www.visit-ulcinj.com\/blog\/wp-content\/uploads\/2011\/01\/LEKSIKON-CRNOGORSKE-KULTURE.jpg\",\"contentUrl\":\"https:\/\/www.visit-ulcinj.com\/blog\/wp-content\/uploads\/2011\/01\/LEKSIKON-CRNOGORSKE-KULTURE.jpg\",\"width\":\"300\",\"height\":\"435\"},{\"@type\":\"WebPage\",\"@id\":\"https:\/\/www.visit-ulcinj.com\/blog\/2011\/01\/18\/ulcinjani-u-leksikonu-crnogorske-kulture\/#webpage\",\"url\":\"https:\/\/www.visit-ulcinj.com\/blog\/2011\/01\/18\/ulcinjani-u-leksikonu-crnogorske-kulture\/\",\"name\":\"Ulcinjani u leksikonu Crnogorske kulture - Lajme nga Ulqini\",\"isPartOf\":{\"@id\":\"https:\/\/www.visit-ulcinj.com\/blog\/#website\"},\"primaryImageOfPage\":{\"@id\":\"https:\/\/www.visit-ulcinj.com\/blog\/2011\/01\/18\/ulcinjani-u-leksikonu-crnogorske-kulture\/#primaryimage\"},\"datePublished\":\"2011-01-18T15:34:00+00:00\",\"dateModified\":\"2011-01-18T15:34:00+00:00\",\"author\":{\"@id\":\"https:\/\/www.visit-ulcinj.com\/blog\/#\/schema\/person\/dcab619c614d3038751c63bc2aadc06d\"},\"description\":\"Evo \u0107e druga godina od kad je Nikola Rackovi\u0107 objavio svoje kapitalno delo LEKSIKON CRNOGORSKE KULTURE, a do danas ne znamo da je ma ko rekao o ovom tako\",\"breadcrumb\":{\"@id\":\"https:\/\/www.visit-ulcinj.com\/blog\/2011\/01\/18\/ulcinjani-u-leksikonu-crnogorske-kulture\/#breadcrumb\"},\"inLanguage\":\"en-US\",\"potentialAction\":[{\"@type\":\"ReadAction\",\"target\":[\"https:\/\/www.visit-ulcinj.com\/blog\/2011\/01\/18\/ulcinjani-u-leksikonu-crnogorske-kulture\/\"]}]},{\"@type\":\"BreadcrumbList\",\"@id\":\"https:\/\/www.visit-ulcinj.com\/blog\/2011\/01\/18\/ulcinjani-u-leksikonu-crnogorske-kulture\/#breadcrumb\",\"itemListElement\":[{\"@type\":\"ListItem\",\"position\":1,\"name\":\"Ulcinjani u leksikonu Crnogorske kulture\"}]},{\"@type\":\"Person\",\"@id\":\"https:\/\/www.visit-ulcinj.com\/blog\/#\/schema\/person\/dcab619c614d3038751c63bc2aadc06d\",\"name\":\"ulqini\",\"sameAs\":[\"http:\/\/www.visit-ulcinj.com\"],\"url\":\"https:\/\/www.visit-ulcinj.com\/blog\/author\/admin\/\"}]}<\/script>\n<!-- \/ Yoast SEO plugin. -->","yoast_head_json":{"title":"Ulcinjani u leksikonu Crnogorske kulture - Lajme nga Ulqini","description":"Evo \u0107e druga godina od kad je Nikola Rackovi\u0107 objavio svoje kapitalno delo LEKSIKON CRNOGORSKE KULTURE, a do danas ne znamo da je ma ko rekao o ovom tako","robots":{"index":"index","follow":"follow","max-snippet":"max-snippet:-1","max-image-preview":"max-image-preview:large","max-video-preview":"max-video-preview:-1"},"canonical":"https:\/\/www.visit-ulcinj.com\/blog\/2011\/01\/18\/ulcinjani-u-leksikonu-crnogorske-kulture\/","og_locale":"en_US","og_type":"article","og_title":"Ulcinjani u leksikonu Crnogorske kulture - Lajme nga Ulqini","og_description":"Evo \u0107e druga godina od kad je Nikola Rackovi\u0107 objavio svoje kapitalno delo LEKSIKON CRNOGORSKE KULTURE, a do danas ne znamo da je ma ko rekao o ovom tako","og_url":"https:\/\/www.visit-ulcinj.com\/blog\/2011\/01\/18\/ulcinjani-u-leksikonu-crnogorske-kulture\/","og_site_name":"Lajme nga Ulqini","article_published_time":"2011-01-18T15:34:00+00:00","og_image":[{"url":"http:\/\/www.visit-ulcinj.com\/blog\/wp-content\/uploads\/2011\/01\/LEKSIKON-CRNOGORSKE-KULTURE.jpg"}],"twitter_misc":{"Written by":"ulqini","Est. reading time":"7 minutes"},"schema":{"@context":"https:\/\/schema.org","@graph":[{"@type":"WebSite","@id":"https:\/\/www.visit-ulcinj.com\/blog\/#website","url":"https:\/\/www.visit-ulcinj.com\/blog\/","name":"Lajme nga Ulqini","description":"Lajme,Vijesti,Ulqini,Ulqin,Crna Gora,Mali i Zi","potentialAction":[{"@type":"SearchAction","target":{"@type":"EntryPoint","urlTemplate":"https:\/\/www.visit-ulcinj.com\/blog\/?s={search_term_string}"},"query-input":"required name=search_term_string"}],"inLanguage":"en-US"},{"@type":"ImageObject","inLanguage":"en-US","@id":"https:\/\/www.visit-ulcinj.com\/blog\/2011\/01\/18\/ulcinjani-u-leksikonu-crnogorske-kulture\/#primaryimage","url":"https:\/\/www.visit-ulcinj.com\/blog\/wp-content\/uploads\/2011\/01\/LEKSIKON-CRNOGORSKE-KULTURE.jpg","contentUrl":"https:\/\/www.visit-ulcinj.com\/blog\/wp-content\/uploads\/2011\/01\/LEKSIKON-CRNOGORSKE-KULTURE.jpg","width":"300","height":"435"},{"@type":"WebPage","@id":"https:\/\/www.visit-ulcinj.com\/blog\/2011\/01\/18\/ulcinjani-u-leksikonu-crnogorske-kulture\/#webpage","url":"https:\/\/www.visit-ulcinj.com\/blog\/2011\/01\/18\/ulcinjani-u-leksikonu-crnogorske-kulture\/","name":"Ulcinjani u leksikonu Crnogorske kulture - Lajme nga Ulqini","isPartOf":{"@id":"https:\/\/www.visit-ulcinj.com\/blog\/#website"},"primaryImageOfPage":{"@id":"https:\/\/www.visit-ulcinj.com\/blog\/2011\/01\/18\/ulcinjani-u-leksikonu-crnogorske-kulture\/#primaryimage"},"datePublished":"2011-01-18T15:34:00+00:00","dateModified":"2011-01-18T15:34:00+00:00","author":{"@id":"https:\/\/www.visit-ulcinj.com\/blog\/#\/schema\/person\/dcab619c614d3038751c63bc2aadc06d"},"description":"Evo \u0107e druga godina od kad je Nikola Rackovi\u0107 objavio svoje kapitalno delo LEKSIKON CRNOGORSKE KULTURE, a do danas ne znamo da je ma ko rekao o ovom tako","breadcrumb":{"@id":"https:\/\/www.visit-ulcinj.com\/blog\/2011\/01\/18\/ulcinjani-u-leksikonu-crnogorske-kulture\/#breadcrumb"},"inLanguage":"en-US","potentialAction":[{"@type":"ReadAction","target":["https:\/\/www.visit-ulcinj.com\/blog\/2011\/01\/18\/ulcinjani-u-leksikonu-crnogorske-kulture\/"]}]},{"@type":"BreadcrumbList","@id":"https:\/\/www.visit-ulcinj.com\/blog\/2011\/01\/18\/ulcinjani-u-leksikonu-crnogorske-kulture\/#breadcrumb","itemListElement":[{"@type":"ListItem","position":1,"name":"Ulcinjani u leksikonu Crnogorske kulture"}]},{"@type":"Person","@id":"https:\/\/www.visit-ulcinj.com\/blog\/#\/schema\/person\/dcab619c614d3038751c63bc2aadc06d","name":"ulqini","sameAs":["http:\/\/www.visit-ulcinj.com"],"url":"https:\/\/www.visit-ulcinj.com\/blog\/author\/admin\/"}]}},"jetpack_featured_media_url":"","jetpack_sharing_enabled":true,"jetpack_shortlink":"https:\/\/wp.me\/pe6lTn-b3T","_links":{"self":[{"href":"https:\/\/www.visit-ulcinj.com\/blog\/wp-json\/wp\/v2\/posts\/42525"}],"collection":[{"href":"https:\/\/www.visit-ulcinj.com\/blog\/wp-json\/wp\/v2\/posts"}],"about":[{"href":"https:\/\/www.visit-ulcinj.com\/blog\/wp-json\/wp\/v2\/types\/post"}],"author":[{"embeddable":true,"href":"https:\/\/www.visit-ulcinj.com\/blog\/wp-json\/wp\/v2\/users\/1"}],"replies":[{"embeddable":true,"href":"https:\/\/www.visit-ulcinj.com\/blog\/wp-json\/wp\/v2\/comments?post=42525"}],"version-history":[{"count":0,"href":"https:\/\/www.visit-ulcinj.com\/blog\/wp-json\/wp\/v2\/posts\/42525\/revisions"}],"wp:attachment":[{"href":"https:\/\/www.visit-ulcinj.com\/blog\/wp-json\/wp\/v2\/media?parent=42525"}],"wp:term":[{"taxonomy":"category","embeddable":true,"href":"https:\/\/www.visit-ulcinj.com\/blog\/wp-json\/wp\/v2\/categories?post=42525"},{"taxonomy":"post_tag","embeddable":true,"href":"https:\/\/www.visit-ulcinj.com\/blog\/wp-json\/wp\/v2\/tags?post=42525"}],"curies":[{"name":"wp","href":"https:\/\/api.w.org\/{rel}","templated":true}]}}