{"id":42534,"date":"2011-01-19T16:41:39","date_gmt":"2011-01-19T15:41:39","guid":{"rendered":"http:\/\/www.visit-ulcinj.com\/blog\/?p=42534"},"modified":"2011-01-19T16:42:29","modified_gmt":"2011-01-19T15:42:29","slug":"saopstenje-udruzenje-za-vracanje-i-zastitu-imovine-ulcinj","status":"publish","type":"post","link":"https:\/\/www.visit-ulcinj.com\/blog\/2011\/01\/19\/saopstenje-udruzenje-za-vracanje-i-zastitu-imovine-ulcinj\/","title":{"rendered":"Saop\u0161tenje: Udru\u017eenje za vra\u0107anje i za\u0161titu imovine &#8211; Ulcinj"},"content":{"rendered":"<p><strong><img loading=\"lazy\" class=\"alignleft\" title=\"Udruzenje Maslinara - Ulcinj\" src=\"http:\/\/www.visit-ulcinj.com\/blog\/wp-content\/uploads\/2011\/01\/valdanos_ulqin_Bashkesia-Islame-e-Malit-te-Zi.jpg\" alt=\"\" width=\"490\" height=\"380\" \/>Saop\u0161tenje za javnost u povodu reagovanja Biroa za odnose sa javno\u0161\u0107u Vlade CG<\/strong><\/p>\n<p>Udru\u017eenje za vra\u0107anje i za\u0161titu imovine iz Ulcinja pozvalo je Vladu Crne Gore da preispita svoje stavove o Valdanosu, poni\u0161ti Tender za izdavanje u dugoro\u010dni zakup te uvale, a izvr\u0161nu i sudsku vlast da inicirane postupke stvarnih vlasnika \u0161to prije okon\u010da. \u201eTako bi se u svojinskim odnosima uspostavio re\u017eim vladavine prava, \u0161to je ustavna obaveza\u201c, navode iz Udru\u017eenja.Kako se isti\u010de, izgleda da crnogorska Vlada i pravosu\u0111e nastoje da odugovla\u010de sa rje\u0161avanjem imovinskih pitanja u Valdanosu dok se ne zaklju\u010di ugovor o zakupu. \u201eStoga se u ovom slu\u010daju ne prati i ne primjenjuju zakone Crne Gore. Takvim nezakonitim radom dr\u017eavnih organa i davanjem u zakup tu\u0111e imovine kr\u0161e se prava maslinara\u201c, ka\u017ee se u reagovanju Udru\u017eenja i dodaje: \u201eDugogodi\u0161nji zakup koji Vlada \u017eeli da zaklju\u010di je odnos koji je nepoznat u svijetu. Svijet ne poznaje da neko daje u zakup tu\u0111u stvar bez saglasnosti vlasnika, a potom nudi tu imovinu i u podzakup. Time se vrije\u0111aju svojinski odnosi maslinara, jer maslinjak za njih nije samo pitanje svojine ve\u0107 i sastavni dio njihove kulture\u201c.<br \/>\n\u201eOvo do\u017eivljavamo i kao povredu prirodnog prava, obi\u010daja Crne Gore, me\u0111unarodnog prava, Ustava i zakona ove zemlje, \u0161to sve ukupno poprima karakter povrede za\u0161ti\u0107enih ljudskih prava i sloboda\u201c, ocjenjuje se u saop\u0161tenju Udru\u017eenje za vra\u0107anje i za\u0161titu imovine iz Ulcinja.<\/p>\n<p>U Ulcinju, 19.1.2011.<\/p>\n<p><strong> Za Udru\u017eenje,<\/strong><\/p>\n<p><strong>D\u017eemal Had\u017eibeti<\/strong><\/p>\n","protected":false},"excerpt":{"rendered":"<p>Saop\u0161tenje za javnost u povodu reagovanja Biroa za odnose sa javno\u0161\u0107u Vlade CG Udru\u017eenje za vra\u0107anje i za\u0161titu imovine iz Ulcinja pozvalo je Vladu Crne Gore da preispita svoje stavove o Valdanosu, poni\u0161ti Tender za izdavanje u dugoro\u010dni zakup te uvale, a izvr\u0161nu i sudsku vlast da inicirane postupke stvarnih vlasnika \u0161to prije okon\u010da. \u201eTako [&hellip;]<\/p>\n","protected":false},"author":1,"featured_media":0,"comment_status":"open","ping_status":"closed","sticky":false,"template":"","format":"standard","meta":{"spay_email":"","jetpack_publicize_message":"","jetpack_is_tweetstorm":false,"jetpack_publicize_feature_enabled":true},"categories":[8337],"tags":[17083,136],"jetpack_publicize_connections":[],"yoast_head":"<!-- This site is optimized with the Yoast SEO plugin v19.1 - https:\/\/yoast.com\/wordpress\/plugins\/seo\/ -->\n<title>Saop\u0161tenje: Udru\u017eenje za vra\u0107anje i za\u0161titu imovine - Ulcinj - Lajme nga Ulqini<\/title>\n<meta name=\"description\" content=\"Saop\u0161tenje za javnost u povodu reagovanja Biroa za odnose sa javno\u0161\u0107u Vlade CG Udru\u017eenje za vra\u0107anje i za\u0161titu imovine iz Ulcinja pozvalo je Vladu Crne\" \/>\n<meta name=\"robots\" content=\"index, follow, max-snippet:-1, max-image-preview:large, max-video-preview:-1\" \/>\n<link rel=\"canonical\" href=\"https:\/\/www.visit-ulcinj.com\/blog\/2011\/01\/19\/saopstenje-udruzenje-za-vracanje-i-zastitu-imovine-ulcinj\/\" \/>\n<meta property=\"og:locale\" content=\"en_US\" \/>\n<meta property=\"og:type\" content=\"article\" \/>\n<meta property=\"og:title\" content=\"Saop\u0161tenje: Udru\u017eenje za vra\u0107anje i za\u0161titu imovine - Ulcinj - Lajme nga Ulqini\" \/>\n<meta property=\"og:description\" content=\"Saop\u0161tenje za javnost u povodu reagovanja Biroa za odnose sa javno\u0161\u0107u Vlade CG Udru\u017eenje za vra\u0107anje i za\u0161titu imovine iz Ulcinja pozvalo je Vladu Crne\" \/>\n<meta property=\"og:url\" content=\"https:\/\/www.visit-ulcinj.com\/blog\/2011\/01\/19\/saopstenje-udruzenje-za-vracanje-i-zastitu-imovine-ulcinj\/\" \/>\n<meta property=\"og:site_name\" content=\"Lajme nga Ulqini\" \/>\n<meta property=\"article:published_time\" content=\"2011-01-19T15:41:39+00:00\" \/>\n<meta property=\"article:modified_time\" content=\"2011-01-19T15:42:29+00:00\" \/>\n<meta property=\"og:image\" content=\"http:\/\/www.visit-ulcinj.com\/blog\/wp-content\/uploads\/2011\/01\/valdanos_ulqin_Bashkesia-Islame-e-Malit-te-Zi.jpg\" \/>\n<meta name=\"twitter:label1\" content=\"Written by\" \/>\n\t<meta name=\"twitter:data1\" content=\"ulqini\" \/>\n\t<meta name=\"twitter:label2\" content=\"Est. reading time\" \/>\n\t<meta name=\"twitter:data2\" content=\"1 minute\" \/>\n<script type=\"application\/ld+json\" class=\"yoast-schema-graph\">{\"@context\":\"https:\/\/schema.org\",\"@graph\":[{\"@type\":\"WebSite\",\"@id\":\"https:\/\/www.visit-ulcinj.com\/blog\/#website\",\"url\":\"https:\/\/www.visit-ulcinj.com\/blog\/\",\"name\":\"Lajme nga Ulqini\",\"description\":\"Lajme,Vijesti,Ulqini,Ulqin,Crna Gora,Mali i Zi\",\"potentialAction\":[{\"@type\":\"SearchAction\",\"target\":{\"@type\":\"EntryPoint\",\"urlTemplate\":\"https:\/\/www.visit-ulcinj.com\/blog\/?s={search_term_string}\"},\"query-input\":\"required name=search_term_string\"}],\"inLanguage\":\"en-US\"},{\"@type\":\"ImageObject\",\"inLanguage\":\"en-US\",\"@id\":\"https:\/\/www.visit-ulcinj.com\/blog\/2011\/01\/19\/saopstenje-udruzenje-za-vracanje-i-zastitu-imovine-ulcinj\/#primaryimage\",\"url\":\"https:\/\/www.visit-ulcinj.com\/blog\/wp-content\/uploads\/2011\/01\/valdanos_ulqin_Bashkesia-Islame-e-Malit-te-Zi.jpg\",\"contentUrl\":\"https:\/\/www.visit-ulcinj.com\/blog\/wp-content\/uploads\/2011\/01\/valdanos_ulqin_Bashkesia-Islame-e-Malit-te-Zi.jpg\",\"width\":\"980\",\"height\":\"654\"},{\"@type\":\"WebPage\",\"@id\":\"https:\/\/www.visit-ulcinj.com\/blog\/2011\/01\/19\/saopstenje-udruzenje-za-vracanje-i-zastitu-imovine-ulcinj\/#webpage\",\"url\":\"https:\/\/www.visit-ulcinj.com\/blog\/2011\/01\/19\/saopstenje-udruzenje-za-vracanje-i-zastitu-imovine-ulcinj\/\",\"name\":\"Saop\u0161tenje: Udru\u017eenje za vra\u0107anje i za\u0161titu imovine - Ulcinj - Lajme nga Ulqini\",\"isPartOf\":{\"@id\":\"https:\/\/www.visit-ulcinj.com\/blog\/#website\"},\"primaryImageOfPage\":{\"@id\":\"https:\/\/www.visit-ulcinj.com\/blog\/2011\/01\/19\/saopstenje-udruzenje-za-vracanje-i-zastitu-imovine-ulcinj\/#primaryimage\"},\"datePublished\":\"2011-01-19T15:41:39+00:00\",\"dateModified\":\"2011-01-19T15:42:29+00:00\",\"author\":{\"@id\":\"https:\/\/www.visit-ulcinj.com\/blog\/#\/schema\/person\/dcab619c614d3038751c63bc2aadc06d\"},\"description\":\"Saop\u0161tenje za javnost u povodu reagovanja Biroa za odnose sa javno\u0161\u0107u Vlade CG Udru\u017eenje za vra\u0107anje i za\u0161titu imovine iz Ulcinja pozvalo je Vladu Crne\",\"breadcrumb\":{\"@id\":\"https:\/\/www.visit-ulcinj.com\/blog\/2011\/01\/19\/saopstenje-udruzenje-za-vracanje-i-zastitu-imovine-ulcinj\/#breadcrumb\"},\"inLanguage\":\"en-US\",\"potentialAction\":[{\"@type\":\"ReadAction\",\"target\":[\"https:\/\/www.visit-ulcinj.com\/blog\/2011\/01\/19\/saopstenje-udruzenje-za-vracanje-i-zastitu-imovine-ulcinj\/\"]}]},{\"@type\":\"BreadcrumbList\",\"@id\":\"https:\/\/www.visit-ulcinj.com\/blog\/2011\/01\/19\/saopstenje-udruzenje-za-vracanje-i-zastitu-imovine-ulcinj\/#breadcrumb\",\"itemListElement\":[{\"@type\":\"ListItem\",\"position\":1,\"name\":\"Saop\u0161tenje: Udru\u017eenje za vra\u0107anje i za\u0161titu imovine &#8211; Ulcinj\"}]},{\"@type\":\"Person\",\"@id\":\"https:\/\/www.visit-ulcinj.com\/blog\/#\/schema\/person\/dcab619c614d3038751c63bc2aadc06d\",\"name\":\"ulqini\",\"sameAs\":[\"http:\/\/www.visit-ulcinj.com\"],\"url\":\"https:\/\/www.visit-ulcinj.com\/blog\/author\/admin\/\"}]}<\/script>\n<!-- \/ Yoast SEO plugin. -->","yoast_head_json":{"title":"Saop\u0161tenje: Udru\u017eenje za vra\u0107anje i za\u0161titu imovine - Ulcinj - Lajme nga Ulqini","description":"Saop\u0161tenje za javnost u povodu reagovanja Biroa za odnose sa javno\u0161\u0107u Vlade CG Udru\u017eenje za vra\u0107anje i za\u0161titu imovine iz Ulcinja pozvalo je Vladu Crne","robots":{"index":"index","follow":"follow","max-snippet":"max-snippet:-1","max-image-preview":"max-image-preview:large","max-video-preview":"max-video-preview:-1"},"canonical":"https:\/\/www.visit-ulcinj.com\/blog\/2011\/01\/19\/saopstenje-udruzenje-za-vracanje-i-zastitu-imovine-ulcinj\/","og_locale":"en_US","og_type":"article","og_title":"Saop\u0161tenje: Udru\u017eenje za vra\u0107anje i za\u0161titu imovine - Ulcinj - Lajme nga Ulqini","og_description":"Saop\u0161tenje za javnost u povodu reagovanja Biroa za odnose sa javno\u0161\u0107u Vlade CG Udru\u017eenje za vra\u0107anje i za\u0161titu imovine iz Ulcinja pozvalo je Vladu Crne","og_url":"https:\/\/www.visit-ulcinj.com\/blog\/2011\/01\/19\/saopstenje-udruzenje-za-vracanje-i-zastitu-imovine-ulcinj\/","og_site_name":"Lajme nga Ulqini","article_published_time":"2011-01-19T15:41:39+00:00","article_modified_time":"2011-01-19T15:42:29+00:00","og_image":[{"url":"http:\/\/www.visit-ulcinj.com\/blog\/wp-content\/uploads\/2011\/01\/valdanos_ulqin_Bashkesia-Islame-e-Malit-te-Zi.jpg"}],"twitter_misc":{"Written by":"ulqini","Est. reading time":"1 minute"},"schema":{"@context":"https:\/\/schema.org","@graph":[{"@type":"WebSite","@id":"https:\/\/www.visit-ulcinj.com\/blog\/#website","url":"https:\/\/www.visit-ulcinj.com\/blog\/","name":"Lajme nga Ulqini","description":"Lajme,Vijesti,Ulqini,Ulqin,Crna Gora,Mali i Zi","potentialAction":[{"@type":"SearchAction","target":{"@type":"EntryPoint","urlTemplate":"https:\/\/www.visit-ulcinj.com\/blog\/?s={search_term_string}"},"query-input":"required name=search_term_string"}],"inLanguage":"en-US"},{"@type":"ImageObject","inLanguage":"en-US","@id":"https:\/\/www.visit-ulcinj.com\/blog\/2011\/01\/19\/saopstenje-udruzenje-za-vracanje-i-zastitu-imovine-ulcinj\/#primaryimage","url":"https:\/\/www.visit-ulcinj.com\/blog\/wp-content\/uploads\/2011\/01\/valdanos_ulqin_Bashkesia-Islame-e-Malit-te-Zi.jpg","contentUrl":"https:\/\/www.visit-ulcinj.com\/blog\/wp-content\/uploads\/2011\/01\/valdanos_ulqin_Bashkesia-Islame-e-Malit-te-Zi.jpg","width":"980","height":"654"},{"@type":"WebPage","@id":"https:\/\/www.visit-ulcinj.com\/blog\/2011\/01\/19\/saopstenje-udruzenje-za-vracanje-i-zastitu-imovine-ulcinj\/#webpage","url":"https:\/\/www.visit-ulcinj.com\/blog\/2011\/01\/19\/saopstenje-udruzenje-za-vracanje-i-zastitu-imovine-ulcinj\/","name":"Saop\u0161tenje: Udru\u017eenje za vra\u0107anje i za\u0161titu imovine - Ulcinj - Lajme nga Ulqini","isPartOf":{"@id":"https:\/\/www.visit-ulcinj.com\/blog\/#website"},"primaryImageOfPage":{"@id":"https:\/\/www.visit-ulcinj.com\/blog\/2011\/01\/19\/saopstenje-udruzenje-za-vracanje-i-zastitu-imovine-ulcinj\/#primaryimage"},"datePublished":"2011-01-19T15:41:39+00:00","dateModified":"2011-01-19T15:42:29+00:00","author":{"@id":"https:\/\/www.visit-ulcinj.com\/blog\/#\/schema\/person\/dcab619c614d3038751c63bc2aadc06d"},"description":"Saop\u0161tenje za javnost u povodu reagovanja Biroa za odnose sa javno\u0161\u0107u Vlade CG Udru\u017eenje za vra\u0107anje i za\u0161titu imovine iz Ulcinja pozvalo je Vladu Crne","breadcrumb":{"@id":"https:\/\/www.visit-ulcinj.com\/blog\/2011\/01\/19\/saopstenje-udruzenje-za-vracanje-i-zastitu-imovine-ulcinj\/#breadcrumb"},"inLanguage":"en-US","potentialAction":[{"@type":"ReadAction","target":["https:\/\/www.visit-ulcinj.com\/blog\/2011\/01\/19\/saopstenje-udruzenje-za-vracanje-i-zastitu-imovine-ulcinj\/"]}]},{"@type":"BreadcrumbList","@id":"https:\/\/www.visit-ulcinj.com\/blog\/2011\/01\/19\/saopstenje-udruzenje-za-vracanje-i-zastitu-imovine-ulcinj\/#breadcrumb","itemListElement":[{"@type":"ListItem","position":1,"name":"Saop\u0161tenje: Udru\u017eenje za vra\u0107anje i za\u0161titu imovine &#8211; Ulcinj"}]},{"@type":"Person","@id":"https:\/\/www.visit-ulcinj.com\/blog\/#\/schema\/person\/dcab619c614d3038751c63bc2aadc06d","name":"ulqini","sameAs":["http:\/\/www.visit-ulcinj.com"],"url":"https:\/\/www.visit-ulcinj.com\/blog\/author\/admin\/"}]}},"jetpack_featured_media_url":"","jetpack_sharing_enabled":true,"jetpack_shortlink":"https:\/\/wp.me\/pe6lTn-b42","_links":{"self":[{"href":"https:\/\/www.visit-ulcinj.com\/blog\/wp-json\/wp\/v2\/posts\/42534"}],"collection":[{"href":"https:\/\/www.visit-ulcinj.com\/blog\/wp-json\/wp\/v2\/posts"}],"about":[{"href":"https:\/\/www.visit-ulcinj.com\/blog\/wp-json\/wp\/v2\/types\/post"}],"author":[{"embeddable":true,"href":"https:\/\/www.visit-ulcinj.com\/blog\/wp-json\/wp\/v2\/users\/1"}],"replies":[{"embeddable":true,"href":"https:\/\/www.visit-ulcinj.com\/blog\/wp-json\/wp\/v2\/comments?post=42534"}],"version-history":[{"count":0,"href":"https:\/\/www.visit-ulcinj.com\/blog\/wp-json\/wp\/v2\/posts\/42534\/revisions"}],"wp:attachment":[{"href":"https:\/\/www.visit-ulcinj.com\/blog\/wp-json\/wp\/v2\/media?parent=42534"}],"wp:term":[{"taxonomy":"category","embeddable":true,"href":"https:\/\/www.visit-ulcinj.com\/blog\/wp-json\/wp\/v2\/categories?post=42534"},{"taxonomy":"post_tag","embeddable":true,"href":"https:\/\/www.visit-ulcinj.com\/blog\/wp-json\/wp\/v2\/tags?post=42534"}],"curies":[{"name":"wp","href":"https:\/\/api.w.org\/{rel}","templated":true}]}}