{"id":42550,"date":"2011-01-20T15:31:35","date_gmt":"2011-01-20T14:31:35","guid":{"rendered":"http:\/\/www.visit-ulcinj.com\/blog\/?p=42550"},"modified":"2011-01-20T15:32:55","modified_gmt":"2011-01-20T14:32:55","slug":"svi-za-valdanos","status":"publish","type":"post","link":"https:\/\/www.visit-ulcinj.com\/blog\/2011\/01\/20\/svi-za-valdanos\/","title":{"rendered":"Svi za Valdanos"},"content":{"rendered":"<p><a href=\"http:\/\/www.visit-ulcinj.com\/blog\/wp-content\/uploads\/2011\/01\/Redzep-Lika_Radojica-Bozovic_Ulcinj.jpg\"><img loading=\"lazy\" class=\"alignleft size-full wp-image-42551\" title=\"Redzep Lika_Radojica Bozovic_Ulcinj\" src=\"http:\/\/www.visit-ulcinj.com\/blog\/wp-content\/uploads\/2011\/01\/Redzep-Lika_Radojica-Bozovic_Ulcinj.jpg\" alt=\"\" width=\"490\" height=\"380\" \/><\/a>Ideja koju su podr\u017eali i kojoj su se priklonili svi..na veli\u010danstvenom skupu ispred zgrade Op\u0161tine Ulcinj, Mulla Red\u017eep Lika i gospodin, protojerej Radojica Bo\u017eovi\u0107..slikao sam ih zajedno dok su zadovoljni napu\u0161tali skup..<br \/>\nUlcinj je uvijek bio primjer me\u0111uvjerske i me\u0111uetni\u010dke tolerancije, i jednog fantasti\u010dnog su&#8230;\u017eivota, primjer kako se mo\u017ee zajedno pod &#8220;ovom kapom nebeskom&#8221; \u017eivjeti. Dakle Valdanos je samo jedan od primjera zajedni\u0161tva, jer i Islamskaoj vjerskoj zajednici i Srpskoj pravoslavnoj crkvi su bespravno oduzete masline i zemlji\u0161te u Valdanosu..Svi mi se iskreno nadamo da \u0107e Dr\u017eava Republika Crna Gora poni\u0161titi ovaj sramni &#8220;Tender&#8221;i da \u0107e vi\u0161e od 19 000 maslina vratiti vlasnicima, a ovu prelijepu uvalu vratiti narodu&#8230;time \u0107e se uspostaviti &#8220;vladavina prava&#8221;..Republika Crna Gora i &#8220;na\u017ealost&#8221; nezamijenjiva garnitura trebalo bi da zna, i da cijeni, i da nikad ne zaboravi, da je ovaj grad i ovaj narod sa vi\u0161e od 85 posto glasova na Referendumu, glasao za Nezavisnu D\u017eavu Crnu Goru&#8230;Obe\u0107anja data ispred i za vrijeme Referenduma nijesu ispunjena. Naprotiv, grad je zapostavljen, uveden je &#8220;smije\u0161an&#8221; ste\u010daj, razoreni su i poru\u0161eni hoteli, uni\u0161ten je elitni turizam i \u010ditav grad je stavljen na &#8220;Tender&#8221;..Ada, Velika Pla\u017ea i Valdanos, prakti\u010dno svi oni resursi koji su nekad doprinosili razvoju jednog vrhunskog turizma su uni\u0161teni..Danas grad nema generalnih urbanisti\u010dkih planova, gradi se stihijski,&#8230; dok Dr\u017eava, Republika Crna Gora, svojim &#8220;ma\u0107ehinskim&#8221; odnosom, namjerno dozvoljava, biranjem poslu\u0161nih i podobnih kadrova , sav ovaj haos&#8230;<\/p>\n<p><a href=\"http:\/\/www.facebook.com\/?ref=logo#!\/profile.php?id=1359492972\" target=\"_blank\"><strong>Ismet Karamanaga Facebook<\/strong><\/a><\/p>\n","protected":false},"excerpt":{"rendered":"<p>Ideja koju su podr\u017eali i kojoj su se priklonili svi..na veli\u010danstvenom skupu ispred zgrade Op\u0161tine Ulcinj, Mulla Red\u017eep Lika i gospodin, protojerej Radojica Bo\u017eovi\u0107..slikao sam ih zajedno dok su zadovoljni napu\u0161tali skup.. Ulcinj je uvijek bio primjer me\u0111uvjerske i me\u0111uetni\u010dke tolerancije, i jednog fantasti\u010dnog su&#8230;\u017eivota, primjer kako se mo\u017ee zajedno pod &#8220;ovom kapom nebeskom&#8221; \u017eivjeti. [&hellip;]<\/p>\n","protected":false},"author":1,"featured_media":0,"comment_status":"open","ping_status":"closed","sticky":false,"template":"","format":"standard","meta":{"spay_email":"","jetpack_publicize_message":"","jetpack_is_tweetstorm":false,"jetpack_publicize_feature_enabled":true},"categories":[8337],"tags":[17085,17086,19],"jetpack_publicize_connections":[],"yoast_head":"<!-- This site is optimized with the Yoast SEO plugin v19.1 - https:\/\/yoast.com\/wordpress\/plugins\/seo\/ -->\n<title>Svi za Valdanos - Lajme nga Ulqini<\/title>\n<meta name=\"description\" content=\"Ideja koju su podr\u017eali i kojoj su se priklonili svi..na veli\u010danstvenom skupu ispred zgrade Op\u0161tine Ulcinj, Mulla Red\u017eep Lika i gospodin, protojerej\" \/>\n<meta name=\"robots\" content=\"index, follow, max-snippet:-1, max-image-preview:large, max-video-preview:-1\" \/>\n<link rel=\"canonical\" href=\"https:\/\/www.visit-ulcinj.com\/blog\/2011\/01\/20\/svi-za-valdanos\/\" \/>\n<meta property=\"og:locale\" content=\"en_US\" \/>\n<meta property=\"og:type\" content=\"article\" \/>\n<meta property=\"og:title\" content=\"Svi za Valdanos - Lajme nga Ulqini\" \/>\n<meta property=\"og:description\" content=\"Ideja koju su podr\u017eali i kojoj su se priklonili svi..na veli\u010danstvenom skupu ispred zgrade Op\u0161tine Ulcinj, Mulla Red\u017eep Lika i gospodin, protojerej\" \/>\n<meta property=\"og:url\" content=\"https:\/\/www.visit-ulcinj.com\/blog\/2011\/01\/20\/svi-za-valdanos\/\" \/>\n<meta property=\"og:site_name\" content=\"Lajme nga Ulqini\" \/>\n<meta property=\"article:published_time\" content=\"2011-01-20T14:31:35+00:00\" \/>\n<meta property=\"article:modified_time\" content=\"2011-01-20T14:32:55+00:00\" \/>\n<meta property=\"og:image\" content=\"http:\/\/www.visit-ulcinj.com\/blog\/wp-content\/uploads\/2011\/01\/Redzep-Lika_Radojica-Bozovic_Ulcinj.jpg\" \/>\n<meta name=\"twitter:label1\" content=\"Written by\" \/>\n\t<meta name=\"twitter:data1\" content=\"ulqini\" \/>\n\t<meta name=\"twitter:label2\" content=\"Est. reading time\" \/>\n\t<meta name=\"twitter:data2\" content=\"1 minute\" \/>\n<script type=\"application\/ld+json\" class=\"yoast-schema-graph\">{\"@context\":\"https:\/\/schema.org\",\"@graph\":[{\"@type\":\"WebSite\",\"@id\":\"https:\/\/www.visit-ulcinj.com\/blog\/#website\",\"url\":\"https:\/\/www.visit-ulcinj.com\/blog\/\",\"name\":\"Lajme nga Ulqini\",\"description\":\"Lajme,Vijesti,Ulqini,Ulqin,Crna Gora,Mali i Zi\",\"potentialAction\":[{\"@type\":\"SearchAction\",\"target\":{\"@type\":\"EntryPoint\",\"urlTemplate\":\"https:\/\/www.visit-ulcinj.com\/blog\/?s={search_term_string}\"},\"query-input\":\"required name=search_term_string\"}],\"inLanguage\":\"en-US\"},{\"@type\":\"ImageObject\",\"inLanguage\":\"en-US\",\"@id\":\"https:\/\/www.visit-ulcinj.com\/blog\/2011\/01\/20\/svi-za-valdanos\/#primaryimage\",\"url\":\"https:\/\/www.visit-ulcinj.com\/blog\/wp-content\/uploads\/2011\/01\/Redzep-Lika_Radojica-Bozovic_Ulcinj.jpg\",\"contentUrl\":\"https:\/\/www.visit-ulcinj.com\/blog\/wp-content\/uploads\/2011\/01\/Redzep-Lika_Radojica-Bozovic_Ulcinj.jpg\",\"width\":\"720\",\"height\":\"540\"},{\"@type\":\"WebPage\",\"@id\":\"https:\/\/www.visit-ulcinj.com\/blog\/2011\/01\/20\/svi-za-valdanos\/#webpage\",\"url\":\"https:\/\/www.visit-ulcinj.com\/blog\/2011\/01\/20\/svi-za-valdanos\/\",\"name\":\"Svi za Valdanos - Lajme nga Ulqini\",\"isPartOf\":{\"@id\":\"https:\/\/www.visit-ulcinj.com\/blog\/#website\"},\"primaryImageOfPage\":{\"@id\":\"https:\/\/www.visit-ulcinj.com\/blog\/2011\/01\/20\/svi-za-valdanos\/#primaryimage\"},\"datePublished\":\"2011-01-20T14:31:35+00:00\",\"dateModified\":\"2011-01-20T14:32:55+00:00\",\"author\":{\"@id\":\"https:\/\/www.visit-ulcinj.com\/blog\/#\/schema\/person\/dcab619c614d3038751c63bc2aadc06d\"},\"description\":\"Ideja koju su podr\u017eali i kojoj su se priklonili svi..na veli\u010danstvenom skupu ispred zgrade Op\u0161tine Ulcinj, Mulla Red\u017eep Lika i gospodin, protojerej\",\"breadcrumb\":{\"@id\":\"https:\/\/www.visit-ulcinj.com\/blog\/2011\/01\/20\/svi-za-valdanos\/#breadcrumb\"},\"inLanguage\":\"en-US\",\"potentialAction\":[{\"@type\":\"ReadAction\",\"target\":[\"https:\/\/www.visit-ulcinj.com\/blog\/2011\/01\/20\/svi-za-valdanos\/\"]}]},{\"@type\":\"BreadcrumbList\",\"@id\":\"https:\/\/www.visit-ulcinj.com\/blog\/2011\/01\/20\/svi-za-valdanos\/#breadcrumb\",\"itemListElement\":[{\"@type\":\"ListItem\",\"position\":1,\"name\":\"Svi za Valdanos\"}]},{\"@type\":\"Person\",\"@id\":\"https:\/\/www.visit-ulcinj.com\/blog\/#\/schema\/person\/dcab619c614d3038751c63bc2aadc06d\",\"name\":\"ulqini\",\"sameAs\":[\"http:\/\/www.visit-ulcinj.com\"],\"url\":\"https:\/\/www.visit-ulcinj.com\/blog\/author\/admin\/\"}]}<\/script>\n<!-- \/ Yoast SEO plugin. -->","yoast_head_json":{"title":"Svi za Valdanos - Lajme nga Ulqini","description":"Ideja koju su podr\u017eali i kojoj su se priklonili svi..na veli\u010danstvenom skupu ispred zgrade Op\u0161tine Ulcinj, Mulla Red\u017eep Lika i gospodin, protojerej","robots":{"index":"index","follow":"follow","max-snippet":"max-snippet:-1","max-image-preview":"max-image-preview:large","max-video-preview":"max-video-preview:-1"},"canonical":"https:\/\/www.visit-ulcinj.com\/blog\/2011\/01\/20\/svi-za-valdanos\/","og_locale":"en_US","og_type":"article","og_title":"Svi za Valdanos - Lajme nga Ulqini","og_description":"Ideja koju su podr\u017eali i kojoj su se priklonili svi..na veli\u010danstvenom skupu ispred zgrade Op\u0161tine Ulcinj, Mulla Red\u017eep Lika i gospodin, protojerej","og_url":"https:\/\/www.visit-ulcinj.com\/blog\/2011\/01\/20\/svi-za-valdanos\/","og_site_name":"Lajme nga Ulqini","article_published_time":"2011-01-20T14:31:35+00:00","article_modified_time":"2011-01-20T14:32:55+00:00","og_image":[{"url":"http:\/\/www.visit-ulcinj.com\/blog\/wp-content\/uploads\/2011\/01\/Redzep-Lika_Radojica-Bozovic_Ulcinj.jpg"}],"twitter_misc":{"Written by":"ulqini","Est. reading time":"1 minute"},"schema":{"@context":"https:\/\/schema.org","@graph":[{"@type":"WebSite","@id":"https:\/\/www.visit-ulcinj.com\/blog\/#website","url":"https:\/\/www.visit-ulcinj.com\/blog\/","name":"Lajme nga Ulqini","description":"Lajme,Vijesti,Ulqini,Ulqin,Crna Gora,Mali i Zi","potentialAction":[{"@type":"SearchAction","target":{"@type":"EntryPoint","urlTemplate":"https:\/\/www.visit-ulcinj.com\/blog\/?s={search_term_string}"},"query-input":"required name=search_term_string"}],"inLanguage":"en-US"},{"@type":"ImageObject","inLanguage":"en-US","@id":"https:\/\/www.visit-ulcinj.com\/blog\/2011\/01\/20\/svi-za-valdanos\/#primaryimage","url":"https:\/\/www.visit-ulcinj.com\/blog\/wp-content\/uploads\/2011\/01\/Redzep-Lika_Radojica-Bozovic_Ulcinj.jpg","contentUrl":"https:\/\/www.visit-ulcinj.com\/blog\/wp-content\/uploads\/2011\/01\/Redzep-Lika_Radojica-Bozovic_Ulcinj.jpg","width":"720","height":"540"},{"@type":"WebPage","@id":"https:\/\/www.visit-ulcinj.com\/blog\/2011\/01\/20\/svi-za-valdanos\/#webpage","url":"https:\/\/www.visit-ulcinj.com\/blog\/2011\/01\/20\/svi-za-valdanos\/","name":"Svi za Valdanos - Lajme nga Ulqini","isPartOf":{"@id":"https:\/\/www.visit-ulcinj.com\/blog\/#website"},"primaryImageOfPage":{"@id":"https:\/\/www.visit-ulcinj.com\/blog\/2011\/01\/20\/svi-za-valdanos\/#primaryimage"},"datePublished":"2011-01-20T14:31:35+00:00","dateModified":"2011-01-20T14:32:55+00:00","author":{"@id":"https:\/\/www.visit-ulcinj.com\/blog\/#\/schema\/person\/dcab619c614d3038751c63bc2aadc06d"},"description":"Ideja koju su podr\u017eali i kojoj su se priklonili svi..na veli\u010danstvenom skupu ispred zgrade Op\u0161tine Ulcinj, Mulla Red\u017eep Lika i gospodin, protojerej","breadcrumb":{"@id":"https:\/\/www.visit-ulcinj.com\/blog\/2011\/01\/20\/svi-za-valdanos\/#breadcrumb"},"inLanguage":"en-US","potentialAction":[{"@type":"ReadAction","target":["https:\/\/www.visit-ulcinj.com\/blog\/2011\/01\/20\/svi-za-valdanos\/"]}]},{"@type":"BreadcrumbList","@id":"https:\/\/www.visit-ulcinj.com\/blog\/2011\/01\/20\/svi-za-valdanos\/#breadcrumb","itemListElement":[{"@type":"ListItem","position":1,"name":"Svi za Valdanos"}]},{"@type":"Person","@id":"https:\/\/www.visit-ulcinj.com\/blog\/#\/schema\/person\/dcab619c614d3038751c63bc2aadc06d","name":"ulqini","sameAs":["http:\/\/www.visit-ulcinj.com"],"url":"https:\/\/www.visit-ulcinj.com\/blog\/author\/admin\/"}]}},"jetpack_featured_media_url":"","jetpack_sharing_enabled":true,"jetpack_shortlink":"https:\/\/wp.me\/pe6lTn-b4i","_links":{"self":[{"href":"https:\/\/www.visit-ulcinj.com\/blog\/wp-json\/wp\/v2\/posts\/42550"}],"collection":[{"href":"https:\/\/www.visit-ulcinj.com\/blog\/wp-json\/wp\/v2\/posts"}],"about":[{"href":"https:\/\/www.visit-ulcinj.com\/blog\/wp-json\/wp\/v2\/types\/post"}],"author":[{"embeddable":true,"href":"https:\/\/www.visit-ulcinj.com\/blog\/wp-json\/wp\/v2\/users\/1"}],"replies":[{"embeddable":true,"href":"https:\/\/www.visit-ulcinj.com\/blog\/wp-json\/wp\/v2\/comments?post=42550"}],"version-history":[{"count":0,"href":"https:\/\/www.visit-ulcinj.com\/blog\/wp-json\/wp\/v2\/posts\/42550\/revisions"}],"wp:attachment":[{"href":"https:\/\/www.visit-ulcinj.com\/blog\/wp-json\/wp\/v2\/media?parent=42550"}],"wp:term":[{"taxonomy":"category","embeddable":true,"href":"https:\/\/www.visit-ulcinj.com\/blog\/wp-json\/wp\/v2\/categories?post=42550"},{"taxonomy":"post_tag","embeddable":true,"href":"https:\/\/www.visit-ulcinj.com\/blog\/wp-json\/wp\/v2\/tags?post=42550"}],"curies":[{"name":"wp","href":"https:\/\/api.w.org\/{rel}","templated":true}]}}