{"id":42567,"date":"2011-01-20T20:16:57","date_gmt":"2011-01-20T19:16:57","guid":{"rendered":"http:\/\/www.visit-ulcinj.com\/blog\/?p=42567"},"modified":"2011-01-21T00:01:57","modified_gmt":"2011-01-20T23:01:57","slug":"horizonti-i-ri-asistence-per-femijet-me-nevoja-te-vecanta","status":"publish","type":"post","link":"https:\/\/www.visit-ulcinj.com\/blog\/2011\/01\/20\/horizonti-i-ri-asistence-per-femijet-me-nevoja-te-vecanta\/","title":{"rendered":"HORIZONTI I RI: Asistenc\u00eb p\u00ebr f\u00ebmij\u00ebt me nevoja t\u00eb ve\u00e7anta &#8211; Video"},"content":{"rendered":"<p><a href=\"http:\/\/www.visit-ulcinj.com\/blog\/wp-content\/uploads\/2011\/01\/Horizonti-ri_ulqin_ulqini.jpg\"><img loading=\"lazy\" class=\"alignleft size-full wp-image-42568\" title=\"Horizonti ri_ulqin_ulqini\" src=\"http:\/\/www.visit-ulcinj.com\/blog\/wp-content\/uploads\/2011\/01\/Horizonti-ri_ulqin_ulqini.jpg\" alt=\"\" width=\"490\" height=\"378\" \/><\/a>HORIZONTI i RI fillon realizimin e nj\u00eb programi t\u00eb ri \u2013 ndihm\u00eb p\u00ebr f\u00ebmij\u00ebt me nevoja t\u00eb ve\u00e7anta.<\/p>\n<p>Projekti i par\u00eb n\u00eb k\u00ebt\u00eb fush\u00eb titullohet \u00a0<strong>\u201cNdihma t\u00eb cil\u00ebn un\u00eb e kuptoj\u201d<\/strong>, i cili iu dedikohet f\u00ebmij\u00ebve me pengesa n\u00eb zhvillim n\u00eb pjes\u00ebn rurale t\u00eb komun\u00ebs s\u00eb Ulqinit, respektivisht t\u00eb An\u00ebs s\u00eb Malit. Gjat\u00eb gjasht\u00eb muajve t\u00eb ardhsh\u00ebm, projektin do ta mb\u00ebshtes\u00eb Agjencia sllovake p\u00ebr zhvillim dhe bashk\u00ebpunim nd\u00ebrkomb\u00ebtar \u2013 SLOVAK AID.<\/p>\n<p>P\u00ebrmes k\u00ebtij projekti \u201cHorizonti i Ri\u201d do t\u00eb mb\u00ebshtes\u00eb p\u00ebrpjekjet e shum\u00eb prind\u00ebrve t\u00eb k\u00ebsaj ane p\u00ebr ngritjen e nj\u00eb qendre edukative p\u00ebr trajtim t\u00eb kufizuar t\u00eb f\u00ebmij\u00ebve me pengesa n\u00eb zhvillim (ve\u00e7an\u00ebrisht me pengesa n\u00eb t\u00eb folur), por nj\u00ebkoh\u00ebsisht edhe t\u00eb leht\u00ebsoj angazhimin e tyre p\u00ebr t\u2019iu ofruar f\u00ebmij\u00ebve t\u00eb vet ndihm\u00ebn adekuate n\u00eb kushtet e sht\u00ebpis\u00eb. E gjith\u00eb kjo do t\u00eb realizohet p\u00ebrmes sigurimit t\u00eb kushteve teknike dhe pajisjeve t\u00eb nevojshme p\u00ebr pun\u00eb n\u00eb k\u00ebt\u00eb Qend\u00ebr, publikimit dhe shp\u00ebrndarjes s\u00eb literatur\u00ebs profesionale n\u00eb gjuh\u00ebn shqipe (udh\u00ebzues, broshurave, etj) p\u00ebr prind dhe p\u00ebr personelin q\u00eb do t\u00eb punoj\u00eb me k\u00ebta f\u00ebmij\u00eb.<\/p>\n<p>Projekti synon edhe sensibilizimin e komunitetit lokal dhe opinionit t\u00eb gjer\u00eb, p\u00ebr r\u00ebnd\u00ebsin\u00eb e mb\u00ebshtetjes s\u00eb projekteve dhe iniciativave q\u00eb iu dedikohen grupeve vulnerable (t\u00eb ndjeshme).<\/p>\n<p><strong><a href=\"http:\/\/www.ngo-horizonti.org\/index.php?option=com_content&amp;task=view&amp;id=58&amp;Itemid=1\" target=\"_blank\">Horizonti Ngo<br \/>\n\n\t\t<style type=\"text\/css\">\n\t\t\t#gallery-1 {\n\t\t\t\tmargin: auto;\n\t\t\t}\n\t\t\t#gallery-1 .gallery-item {\n\t\t\t\tfloat: left;\n\t\t\t\tmargin-top: 10px;\n\t\t\t\ttext-align: center;\n\t\t\t\twidth: 33%;\n\t\t\t}\n\t\t\t#gallery-1 img {\n\t\t\t\tborder: 2px solid #cfcfcf;\n\t\t\t}\n\t\t\t#gallery-1 .gallery-caption {\n\t\t\t\tmargin-left: 0;\n\t\t\t}\n\t\t\t\/* see gallery_shortcode() in wp-includes\/media.php *\/\n\t\t<\/style>\n\t\t<div id='gallery-1' class='gallery galleryid-42567 gallery-columns-3 gallery-size-thumbnail'><dl class='gallery-item'>\n\t\t\t<dt class='gallery-icon landscape'>\n\t\t\t\t<a href='https:\/\/www.visit-ulcinj.com\/blog\/wp-content\/uploads\/2011\/01\/Horizonti-ri_ulqin_ulqini.jpg'><img width=\"150\" height=\"150\" src=\"https:\/\/www.visit-ulcinj.com\/blog\/wp-content\/uploads\/2011\/01\/Horizonti-ri_ulqin_ulqini-150x150.jpg\" class=\"attachment-thumbnail size-thumbnail\" alt=\"\" loading=\"lazy\" \/><\/a>\n\t\t\t<\/dt><\/dl><dl class='gallery-item'>\n\t\t\t<dt class='gallery-icon portrait'>\n\t\t\t\t<a href='https:\/\/www.visit-ulcinj.com\/blog\/wp-content\/uploads\/2011\/01\/Horizonti-ri_ulqin_ulqini.1.jpg'><img width=\"150\" height=\"150\" src=\"https:\/\/www.visit-ulcinj.com\/blog\/wp-content\/uploads\/2011\/01\/Horizonti-ri_ulqin_ulqini.1-150x150.jpg\" class=\"attachment-thumbnail size-thumbnail\" alt=\"\" loading=\"lazy\" \/><\/a>\n\t\t\t<\/dt><\/dl><dl class='gallery-item'>\n\t\t\t<dt class='gallery-icon landscape'>\n\t\t\t\t<a href='https:\/\/www.visit-ulcinj.com\/blog\/wp-content\/uploads\/2011\/01\/Horizonti-ri_ulqin_ulqini.2_slovak.jpg'><img width=\"150\" height=\"150\" src=\"https:\/\/www.visit-ulcinj.com\/blog\/wp-content\/uploads\/2011\/01\/Horizonti-ri_ulqin_ulqini.2_slovak-150x150.jpg\" class=\"attachment-thumbnail size-thumbnail\" alt=\"\" loading=\"lazy\" \/><\/a>\n\t\t\t<\/dt><\/dl><br style=\"clear: both\" \/>\n\t\t<\/div>\n<br \/>\n<\/a><\/strong><br \/>\n<!--YouTube Error: bad URL entered--><\/p>\n","protected":false},"excerpt":{"rendered":"<p>HORIZONTI i RI fillon realizimin e nj\u00eb programi t\u00eb ri \u2013 ndihm\u00eb p\u00ebr f\u00ebmij\u00ebt me nevoja t\u00eb ve\u00e7anta. Projekti i par\u00eb n\u00eb k\u00ebt\u00eb fush\u00eb titullohet \u00a0\u201cNdihma t\u00eb cil\u00ebn un\u00eb e kuptoj\u201d, i cili iu dedikohet f\u00ebmij\u00ebve me pengesa n\u00eb zhvillim n\u00eb pjes\u00ebn rurale t\u00eb komun\u00ebs s\u00eb Ulqinit, respektivisht t\u00eb An\u00ebs s\u00eb Malit. Gjat\u00eb gjasht\u00eb muajve [&hellip;]<\/p>\n","protected":false},"author":1,"featured_media":0,"comment_status":"open","ping_status":"closed","sticky":false,"template":"","format":"standard","meta":{"spay_email":"","jetpack_publicize_message":"","jetpack_is_tweetstorm":false,"jetpack_publicize_feature_enabled":true},"categories":[12],"tags":[3212,200,18],"jetpack_publicize_connections":[],"yoast_head":"<!-- This site is optimized with the Yoast SEO plugin v19.1 - https:\/\/yoast.com\/wordpress\/plugins\/seo\/ -->\n<title>HORIZONTI I RI: Asistenc\u00eb p\u00ebr f\u00ebmij\u00ebt me nevoja t\u00eb ve\u00e7anta - Video - Lajme nga Ulqini<\/title>\n<meta name=\"description\" content=\"HORIZONTI i RI fillon realizimin e nj\u00eb programi t\u00eb ri \u2013 ndihm\u00eb p\u00ebr f\u00ebmij\u00ebt me nevoja t\u00eb ve\u00e7anta. Projekti i par\u00eb n\u00eb k\u00ebt\u00eb fush\u00eb titullohet \u00a0\u201cNdihma t\u00eb\" \/>\n<meta name=\"robots\" content=\"index, follow, max-snippet:-1, max-image-preview:large, max-video-preview:-1\" \/>\n<link rel=\"canonical\" href=\"https:\/\/www.visit-ulcinj.com\/blog\/2011\/01\/20\/horizonti-i-ri-asistence-per-femijet-me-nevoja-te-vecanta\/\" \/>\n<meta property=\"og:locale\" content=\"en_US\" \/>\n<meta property=\"og:type\" content=\"article\" \/>\n<meta property=\"og:title\" content=\"HORIZONTI I RI: Asistenc\u00eb p\u00ebr f\u00ebmij\u00ebt me nevoja t\u00eb ve\u00e7anta - Video - Lajme nga Ulqini\" \/>\n<meta property=\"og:description\" content=\"HORIZONTI i RI fillon realizimin e nj\u00eb programi t\u00eb ri \u2013 ndihm\u00eb p\u00ebr f\u00ebmij\u00ebt me nevoja t\u00eb ve\u00e7anta. Projekti i par\u00eb n\u00eb k\u00ebt\u00eb fush\u00eb titullohet \u00a0\u201cNdihma t\u00eb\" \/>\n<meta property=\"og:url\" content=\"https:\/\/www.visit-ulcinj.com\/blog\/2011\/01\/20\/horizonti-i-ri-asistence-per-femijet-me-nevoja-te-vecanta\/\" \/>\n<meta property=\"og:site_name\" content=\"Lajme nga Ulqini\" \/>\n<meta property=\"article:published_time\" content=\"2011-01-20T19:16:57+00:00\" \/>\n<meta property=\"article:modified_time\" content=\"2011-01-20T23:01:57+00:00\" \/>\n<meta property=\"og:image\" content=\"https:\/\/www.visit-ulcinj.com\/blog\/wp-content\/uploads\/2011\/01\/Horizonti-ri_ulqin_ulqini-150x150.jpg\" \/>\n<meta name=\"twitter:label1\" content=\"Written by\" \/>\n\t<meta name=\"twitter:data1\" content=\"ulqini\" \/>\n\t<meta name=\"twitter:label2\" content=\"Est. reading time\" \/>\n\t<meta name=\"twitter:data2\" content=\"1 minute\" \/>\n<script type=\"application\/ld+json\" class=\"yoast-schema-graph\">{\"@context\":\"https:\/\/schema.org\",\"@graph\":[{\"@type\":\"WebSite\",\"@id\":\"https:\/\/www.visit-ulcinj.com\/blog\/#website\",\"url\":\"https:\/\/www.visit-ulcinj.com\/blog\/\",\"name\":\"Lajme nga Ulqini\",\"description\":\"Lajme,Vijesti,Ulqini,Ulqin,Crna Gora,Mali i Zi\",\"potentialAction\":[{\"@type\":\"SearchAction\",\"target\":{\"@type\":\"EntryPoint\",\"urlTemplate\":\"https:\/\/www.visit-ulcinj.com\/blog\/?s={search_term_string}\"},\"query-input\":\"required name=search_term_string\"}],\"inLanguage\":\"en-US\"},{\"@type\":\"ImageObject\",\"inLanguage\":\"en-US\",\"@id\":\"https:\/\/www.visit-ulcinj.com\/blog\/2011\/01\/20\/horizonti-i-ri-asistence-per-femijet-me-nevoja-te-vecanta\/#primaryimage\",\"url\":\"https:\/\/www.visit-ulcinj.com\/blog\/wp-content\/uploads\/2011\/01\/Horizonti-ri_ulqin_ulqini.jpg\",\"contentUrl\":\"https:\/\/www.visit-ulcinj.com\/blog\/wp-content\/uploads\/2011\/01\/Horizonti-ri_ulqin_ulqini.jpg\",\"width\":\"634\",\"height\":\"378\"},{\"@type\":\"WebPage\",\"@id\":\"https:\/\/www.visit-ulcinj.com\/blog\/2011\/01\/20\/horizonti-i-ri-asistence-per-femijet-me-nevoja-te-vecanta\/#webpage\",\"url\":\"https:\/\/www.visit-ulcinj.com\/blog\/2011\/01\/20\/horizonti-i-ri-asistence-per-femijet-me-nevoja-te-vecanta\/\",\"name\":\"HORIZONTI I RI: Asistenc\u00eb p\u00ebr f\u00ebmij\u00ebt me nevoja t\u00eb ve\u00e7anta - Video - Lajme nga Ulqini\",\"isPartOf\":{\"@id\":\"https:\/\/www.visit-ulcinj.com\/blog\/#website\"},\"primaryImageOfPage\":{\"@id\":\"https:\/\/www.visit-ulcinj.com\/blog\/2011\/01\/20\/horizonti-i-ri-asistence-per-femijet-me-nevoja-te-vecanta\/#primaryimage\"},\"datePublished\":\"2011-01-20T19:16:57+00:00\",\"dateModified\":\"2011-01-20T23:01:57+00:00\",\"author\":{\"@id\":\"https:\/\/www.visit-ulcinj.com\/blog\/#\/schema\/person\/dcab619c614d3038751c63bc2aadc06d\"},\"description\":\"HORIZONTI i RI fillon realizimin e nj\u00eb programi t\u00eb ri \u2013 ndihm\u00eb p\u00ebr f\u00ebmij\u00ebt me nevoja t\u00eb ve\u00e7anta. Projekti i par\u00eb n\u00eb k\u00ebt\u00eb fush\u00eb titullohet \u00a0\u201cNdihma t\u00eb\",\"breadcrumb\":{\"@id\":\"https:\/\/www.visit-ulcinj.com\/blog\/2011\/01\/20\/horizonti-i-ri-asistence-per-femijet-me-nevoja-te-vecanta\/#breadcrumb\"},\"inLanguage\":\"en-US\",\"potentialAction\":[{\"@type\":\"ReadAction\",\"target\":[\"https:\/\/www.visit-ulcinj.com\/blog\/2011\/01\/20\/horizonti-i-ri-asistence-per-femijet-me-nevoja-te-vecanta\/\"]}]},{\"@type\":\"BreadcrumbList\",\"@id\":\"https:\/\/www.visit-ulcinj.com\/blog\/2011\/01\/20\/horizonti-i-ri-asistence-per-femijet-me-nevoja-te-vecanta\/#breadcrumb\",\"itemListElement\":[{\"@type\":\"ListItem\",\"position\":1,\"name\":\"HORIZONTI I RI: Asistenc\u00eb p\u00ebr f\u00ebmij\u00ebt me nevoja t\u00eb ve\u00e7anta &#8211; Video\"}]},{\"@type\":\"Person\",\"@id\":\"https:\/\/www.visit-ulcinj.com\/blog\/#\/schema\/person\/dcab619c614d3038751c63bc2aadc06d\",\"name\":\"ulqini\",\"sameAs\":[\"http:\/\/www.visit-ulcinj.com\"],\"url\":\"https:\/\/www.visit-ulcinj.com\/blog\/author\/admin\/\"}]}<\/script>\n<!-- \/ Yoast SEO plugin. -->","yoast_head_json":{"title":"HORIZONTI I RI: Asistenc\u00eb p\u00ebr f\u00ebmij\u00ebt me nevoja t\u00eb ve\u00e7anta - Video - Lajme nga Ulqini","description":"HORIZONTI i RI fillon realizimin e nj\u00eb programi t\u00eb ri \u2013 ndihm\u00eb p\u00ebr f\u00ebmij\u00ebt me nevoja t\u00eb ve\u00e7anta. Projekti i par\u00eb n\u00eb k\u00ebt\u00eb fush\u00eb titullohet \u00a0\u201cNdihma t\u00eb","robots":{"index":"index","follow":"follow","max-snippet":"max-snippet:-1","max-image-preview":"max-image-preview:large","max-video-preview":"max-video-preview:-1"},"canonical":"https:\/\/www.visit-ulcinj.com\/blog\/2011\/01\/20\/horizonti-i-ri-asistence-per-femijet-me-nevoja-te-vecanta\/","og_locale":"en_US","og_type":"article","og_title":"HORIZONTI I RI: Asistenc\u00eb p\u00ebr f\u00ebmij\u00ebt me nevoja t\u00eb ve\u00e7anta - Video - Lajme nga Ulqini","og_description":"HORIZONTI i RI fillon realizimin e nj\u00eb programi t\u00eb ri \u2013 ndihm\u00eb p\u00ebr f\u00ebmij\u00ebt me nevoja t\u00eb ve\u00e7anta. Projekti i par\u00eb n\u00eb k\u00ebt\u00eb fush\u00eb titullohet \u00a0\u201cNdihma t\u00eb","og_url":"https:\/\/www.visit-ulcinj.com\/blog\/2011\/01\/20\/horizonti-i-ri-asistence-per-femijet-me-nevoja-te-vecanta\/","og_site_name":"Lajme nga Ulqini","article_published_time":"2011-01-20T19:16:57+00:00","article_modified_time":"2011-01-20T23:01:57+00:00","og_image":[{"url":"https:\/\/www.visit-ulcinj.com\/blog\/wp-content\/uploads\/2011\/01\/Horizonti-ri_ulqin_ulqini-150x150.jpg"}],"twitter_misc":{"Written by":"ulqini","Est. reading time":"1 minute"},"schema":{"@context":"https:\/\/schema.org","@graph":[{"@type":"WebSite","@id":"https:\/\/www.visit-ulcinj.com\/blog\/#website","url":"https:\/\/www.visit-ulcinj.com\/blog\/","name":"Lajme nga Ulqini","description":"Lajme,Vijesti,Ulqini,Ulqin,Crna Gora,Mali i Zi","potentialAction":[{"@type":"SearchAction","target":{"@type":"EntryPoint","urlTemplate":"https:\/\/www.visit-ulcinj.com\/blog\/?s={search_term_string}"},"query-input":"required name=search_term_string"}],"inLanguage":"en-US"},{"@type":"ImageObject","inLanguage":"en-US","@id":"https:\/\/www.visit-ulcinj.com\/blog\/2011\/01\/20\/horizonti-i-ri-asistence-per-femijet-me-nevoja-te-vecanta\/#primaryimage","url":"https:\/\/www.visit-ulcinj.com\/blog\/wp-content\/uploads\/2011\/01\/Horizonti-ri_ulqin_ulqini.jpg","contentUrl":"https:\/\/www.visit-ulcinj.com\/blog\/wp-content\/uploads\/2011\/01\/Horizonti-ri_ulqin_ulqini.jpg","width":"634","height":"378"},{"@type":"WebPage","@id":"https:\/\/www.visit-ulcinj.com\/blog\/2011\/01\/20\/horizonti-i-ri-asistence-per-femijet-me-nevoja-te-vecanta\/#webpage","url":"https:\/\/www.visit-ulcinj.com\/blog\/2011\/01\/20\/horizonti-i-ri-asistence-per-femijet-me-nevoja-te-vecanta\/","name":"HORIZONTI I RI: Asistenc\u00eb p\u00ebr f\u00ebmij\u00ebt me nevoja t\u00eb ve\u00e7anta - Video - Lajme nga Ulqini","isPartOf":{"@id":"https:\/\/www.visit-ulcinj.com\/blog\/#website"},"primaryImageOfPage":{"@id":"https:\/\/www.visit-ulcinj.com\/blog\/2011\/01\/20\/horizonti-i-ri-asistence-per-femijet-me-nevoja-te-vecanta\/#primaryimage"},"datePublished":"2011-01-20T19:16:57+00:00","dateModified":"2011-01-20T23:01:57+00:00","author":{"@id":"https:\/\/www.visit-ulcinj.com\/blog\/#\/schema\/person\/dcab619c614d3038751c63bc2aadc06d"},"description":"HORIZONTI i RI fillon realizimin e nj\u00eb programi t\u00eb ri \u2013 ndihm\u00eb p\u00ebr f\u00ebmij\u00ebt me nevoja t\u00eb ve\u00e7anta. Projekti i par\u00eb n\u00eb k\u00ebt\u00eb fush\u00eb titullohet \u00a0\u201cNdihma t\u00eb","breadcrumb":{"@id":"https:\/\/www.visit-ulcinj.com\/blog\/2011\/01\/20\/horizonti-i-ri-asistence-per-femijet-me-nevoja-te-vecanta\/#breadcrumb"},"inLanguage":"en-US","potentialAction":[{"@type":"ReadAction","target":["https:\/\/www.visit-ulcinj.com\/blog\/2011\/01\/20\/horizonti-i-ri-asistence-per-femijet-me-nevoja-te-vecanta\/"]}]},{"@type":"BreadcrumbList","@id":"https:\/\/www.visit-ulcinj.com\/blog\/2011\/01\/20\/horizonti-i-ri-asistence-per-femijet-me-nevoja-te-vecanta\/#breadcrumb","itemListElement":[{"@type":"ListItem","position":1,"name":"HORIZONTI I RI: Asistenc\u00eb p\u00ebr f\u00ebmij\u00ebt me nevoja t\u00eb ve\u00e7anta &#8211; Video"}]},{"@type":"Person","@id":"https:\/\/www.visit-ulcinj.com\/blog\/#\/schema\/person\/dcab619c614d3038751c63bc2aadc06d","name":"ulqini","sameAs":["http:\/\/www.visit-ulcinj.com"],"url":"https:\/\/www.visit-ulcinj.com\/blog\/author\/admin\/"}]}},"jetpack_featured_media_url":"","jetpack_sharing_enabled":true,"jetpack_shortlink":"https:\/\/wp.me\/pe6lTn-b4z","_links":{"self":[{"href":"https:\/\/www.visit-ulcinj.com\/blog\/wp-json\/wp\/v2\/posts\/42567"}],"collection":[{"href":"https:\/\/www.visit-ulcinj.com\/blog\/wp-json\/wp\/v2\/posts"}],"about":[{"href":"https:\/\/www.visit-ulcinj.com\/blog\/wp-json\/wp\/v2\/types\/post"}],"author":[{"embeddable":true,"href":"https:\/\/www.visit-ulcinj.com\/blog\/wp-json\/wp\/v2\/users\/1"}],"replies":[{"embeddable":true,"href":"https:\/\/www.visit-ulcinj.com\/blog\/wp-json\/wp\/v2\/comments?post=42567"}],"version-history":[{"count":0,"href":"https:\/\/www.visit-ulcinj.com\/blog\/wp-json\/wp\/v2\/posts\/42567\/revisions"}],"wp:attachment":[{"href":"https:\/\/www.visit-ulcinj.com\/blog\/wp-json\/wp\/v2\/media?parent=42567"}],"wp:term":[{"taxonomy":"category","embeddable":true,"href":"https:\/\/www.visit-ulcinj.com\/blog\/wp-json\/wp\/v2\/categories?post=42567"},{"taxonomy":"post_tag","embeddable":true,"href":"https:\/\/www.visit-ulcinj.com\/blog\/wp-json\/wp\/v2\/tags?post=42567"}],"curies":[{"name":"wp","href":"https:\/\/api.w.org\/{rel}","templated":true}]}}