{"id":42574,"date":"2011-01-20T20:39:28","date_gmt":"2011-01-20T19:39:28","guid":{"rendered":"http:\/\/www.visit-ulcinj.com\/blog\/?p=42574"},"modified":"2011-02-11T23:21:38","modified_gmt":"2011-02-11T22:21:38","slug":"hajdinaga-kaze-da-je-na-usluzi-policiji","status":"publish","type":"post","link":"https:\/\/www.visit-ulcinj.com\/blog\/2011\/01\/20\/hajdinaga-kaze-da-je-na-usluzi-policiji\/","title":{"rendered":"Hajdinaga ka\u017ee da je na usluzi policiji &#8211; Video"},"content":{"rendered":"<p><strong><a href=\"http:\/\/www.visit-ulcinj.com\/blog\/wp-content\/uploads\/2011\/01\/Gradonacelnik-Ulcinja-Gzim-Hajdinaga.jpg\"><img loading=\"lazy\" class=\"alignleft size-full wp-image-42575\" title=\"Gradonacelnik Ulcinja- Gzim Hajdinaga\" src=\"http:\/\/www.visit-ulcinj.com\/blog\/wp-content\/uploads\/2011\/01\/Gradonacelnik-Ulcinja-Gzim-Hajdinaga.jpg\" alt=\"\" width=\"519\" height=\"316\" srcset=\"https:\/\/www.visit-ulcinj.com\/blog\/wp-content\/uploads\/2011\/01\/Gradonacelnik-Ulcinja-Gzim-Hajdinaga.jpg 519w, https:\/\/www.visit-ulcinj.com\/blog\/wp-content\/uploads\/2011\/01\/Gradonacelnik-Ulcinja-Gzim-Hajdinaga-300x182.jpg 300w\" sizes=\"(max-width: 519px) 100vw, 519px\" \/><\/a>Tri dana nakon \u0161to su inspektori u\u0161li u op\u0161tinu<br \/>\n<\/strong>U Ulcinju provjeravaju sve i sva\u0161ta od banketa pa do kaldrme, kazao je na\u0161 sagovornik.<br \/>\nUpad inspektora za privredni kriminal u ulcinjsku op\u0161tinu, iako ga svi zovu redovnom kontrolom I dalje je obavijen velom tajne.<br \/>\n<a href=\"http:\/\/www.visit-ulcinj.com\/blog\/wp-content\/uploads\/2011\/01\/Luigj-Lui-Shkrela-_cita-Vijesti.jpg\"><img loading=\"lazy\" class=\"alignleft size-full wp-image-42606\" title=\"Luigj Lui Shkrela _cita Vijesti\" src=\"http:\/\/www.visit-ulcinj.com\/blog\/wp-content\/uploads\/2011\/01\/Luigj-Lui-Shkrela-_cita-Vijesti.jpg\" alt=\"\" width=\"370\" height=\"500\" \/><\/a>Prvi \u010dovjek ulcinjskog DPS-a i \u0161ef lokalnog parlamenta Ljui\u0111 \u0160krelja vjeruje da se u najju\u017enijem gradu ne mo\u017ee desiti budvanski scenario.<\/p>\n<p>&#8220;Niti ima razloga a vjerujem ni dokaza da se u Ulcinju desi budvanski scenario. Ali vidje\u0107emo \u0161ta \u0107e se desiti. Samo je va\u017eno da svako radi svoj posao&#8221;, kazao je \u0160krelja \u201cVijestima\u201d<\/p>\n<p>Oko deset inspektora za privredni kriminal iz Bara i Podgorice ve\u0107 nekoliko dana u najve\u0107oj tajnosti i po nalogu tu\u017eila\u0161tva, kontroli\u0161u rad dr\u017eavnih i op\u0161tinskih slu\u017ebi u Ulcinju i tokove novca. Kako \u201cVijesti\u201d saznaju pod posebnom lupom inspektora su Sekretarijat za urbanizam, Komunalne dejelatnosti, Bud\u017eet I finansije i za\u0161titu imovine kao i Katastar.<\/p>\n<p>\u0160krelja je kazao da je za kontrolu saznao od bliskih saradnika, ali ne i zvani\u010dno.<\/p>\n<p>&#8220;Ne znam \u010demu tolika halabuka. Op\u0161tina je uvijek podlo\u017ena kontrolama nadle\u017enih inspekcijskih pa i policijskih slu\u017ebi&#8221;, kazao je \u0160krelja.<\/p>\n<p>U Ulcinju u javnosti mogu se \u010duti \u0161pekulacije da je najmo\u0107nija opoziciona partija FORCA podnijela prijavu nadle\u017enom tu\u017eila\u0161tvu \u0161to je navodno bio I razlog nenadane posjete inspektora za privredni kriminal.<\/p>\n<p>&#8220;Ja o tome zaista ne znam ni\u0161ta&#8221;, kazao je \u0160krelja.<\/p>\n<p>Lider FORCE Nazif Cungu, negirao je da je njegova partija podnijela bilo kakvu prijavu tu\u017eila\u0161tvu.<\/p>\n<p>&#8220;Niti smo upoznati sa aktivnostima inspektora za privredni kriminal u op\u0161tini, niti smo podnosili bilo kakve prijave. Sve \u0161to smo imali da ka\u017eemo, rekli smo javno na sjednicama SO I pres konferencijama&#8221;, kazao je Cungu \u201cVijestima\u201d.<\/p>\n<p>On je naglasio, da je sada sve u rukama tu\u017eila\u0161tva i policije te da od njih treba tra\u017eiti razloge kontrole poslovanja.<\/p>\n<p>Gradona\u010delnik Gzim Hajdinaga, koji se prekju\u010de vratio sa kra\u0107eg odmora kazao je da je tako\u0111e od saradnika upoznat sa kontrolom poslovanja op\u0161tinskih I dr\u017eavnih slu\u017ebi.<\/p>\n<p>&#8220;Neka, tako I treba. Takve kontrole dobrodo\u0161le su i na\u0161e slu\u017ebe bi\u0107e im uvijek na usluzi&#8221;, kazao je Hajdinaga.<\/p>\n<p>Na pitanje, da li bi se budvanski sindrom mogao dogoditi I u Ulcinju, Hajdinaga nije direktno odgovorio.<\/p>\n<p>&#8220;Mi radimo svoj posao i hajde da pustimo ljude da i oni rade ono \u0161to je u opisu njihovog radnog mjesta&#8221;, kazao je Hajdinaga.<\/p>\n<p>Hajdinaga je rekao Anteni M da je &#8220;na usluzi inspektorima&#8221;.<\/p>\n<p>Izvor \u201cVijesti\u201d blizak istrazi kazao je da kontrola poslovanja katastra i op\u0161tinskih sekretarijata makar u ovoj vazi nema veze sa su\u0111enjem trojici inspektora za gra\u0111evinarstvo koji su nedavno osu\u0111eni.<\/p>\n<p>Na tom su\u0111enju, osu\u0111eni inspektori iznijeli su niz tvrdnji o nezakonitostima u poslovanju pojedinih op\u0161tinskih slu\u017ebi.&#8221;Ova kontrola nema veze ni sa tim slu\u010dajem, niti sa bilo kojim drugim iz prethodnog perioda. Kontrola nije ciljna, kao \u0161to je to bio slu\u010daj u Budvi sa Zavalom. Inspektori za razliku od Budve u Ulcinju provjeravaju sve i sva\u0161ta od banketa pa do kaldrme&#8221;, kazao je na\u0161 sagovornik.<\/p>\n<p>On nije odbacio mogu\u0107nost da je meta inspektorima naplata komunalija za vi\u0161e ve\u0107ih objekata u gradu i prigradskim naseljima.<\/p>\n<p><strong>S.A<a href=\"http:\/\/beta.vijesti.me\/vijesti\/hajdinaga-kaze-da-je-usluzi-policiji-clanak-3021\" target=\"_blank\"><br \/>\n<\/a><\/strong><a href=\"http:\/\/beta.vijesti.me\/vijesti\/hajdinaga-kaze-da-je-usluzi-policiji-clanak-3021\" target=\"_blank\"><strong>http:\/\/beta.vijesti.me\/<\/strong><\/a><br \/>\n<!--YouTube Error: bad URL entered--><\/p>\n","protected":false},"excerpt":{"rendered":"<p>Tri dana nakon \u0161to su inspektori u\u0161li u op\u0161tinu U Ulcinju provjeravaju sve i sva\u0161ta od banketa pa do kaldrme, kazao je na\u0161 sagovornik. Upad inspektora za privredni kriminal u ulcinjsku op\u0161tinu, iako ga svi zovu redovnom kontrolom I dalje je obavijen velom tajne. Prvi \u010dovjek ulcinjskog DPS-a i \u0161ef lokalnog parlamenta Ljui\u0111 \u0160krelja vjeruje [&hellip;]<\/p>\n","protected":false},"author":1,"featured_media":0,"comment_status":"open","ping_status":"closed","sticky":false,"template":"","format":"standard","meta":{"spay_email":"","jetpack_publicize_message":"","jetpack_is_tweetstorm":false,"jetpack_publicize_feature_enabled":true},"categories":[8337],"tags":[17088,4509,10234,3184],"jetpack_publicize_connections":[],"yoast_head":"<!-- This site is optimized with the Yoast SEO plugin v19.1 - https:\/\/yoast.com\/wordpress\/plugins\/seo\/ -->\n<title>Hajdinaga ka\u017ee da je na usluzi policiji - Video - Lajme nga Ulqini<\/title>\n<meta name=\"description\" content=\"Tri dana nakon \u0161to su inspektori u\u0161li u op\u0161tinu U Ulcinju provjeravaju sve i sva\u0161ta od banketa pa do kaldrme, kazao je na\u0161 sagovornik. Upad inspektora za\" \/>\n<meta name=\"robots\" content=\"index, follow, max-snippet:-1, max-image-preview:large, max-video-preview:-1\" \/>\n<link rel=\"canonical\" href=\"https:\/\/www.visit-ulcinj.com\/blog\/2011\/01\/20\/hajdinaga-kaze-da-je-na-usluzi-policiji\/\" \/>\n<meta property=\"og:locale\" content=\"en_US\" \/>\n<meta property=\"og:type\" content=\"article\" \/>\n<meta property=\"og:title\" content=\"Hajdinaga ka\u017ee da je na usluzi policiji - Video - Lajme nga Ulqini\" \/>\n<meta property=\"og:description\" content=\"Tri dana nakon \u0161to su inspektori u\u0161li u op\u0161tinu U Ulcinju provjeravaju sve i sva\u0161ta od banketa pa do kaldrme, kazao je na\u0161 sagovornik. Upad inspektora za\" \/>\n<meta property=\"og:url\" content=\"https:\/\/www.visit-ulcinj.com\/blog\/2011\/01\/20\/hajdinaga-kaze-da-je-na-usluzi-policiji\/\" \/>\n<meta property=\"og:site_name\" content=\"Lajme nga Ulqini\" \/>\n<meta property=\"article:published_time\" content=\"2011-01-20T19:39:28+00:00\" \/>\n<meta property=\"article:modified_time\" content=\"2011-02-11T22:21:38+00:00\" \/>\n<meta property=\"og:image\" content=\"http:\/\/www.visit-ulcinj.com\/blog\/wp-content\/uploads\/2011\/01\/Gradonacelnik-Ulcinja-Gzim-Hajdinaga.jpg\" \/>\n<meta name=\"twitter:label1\" content=\"Written by\" \/>\n\t<meta name=\"twitter:data1\" content=\"ulqini\" \/>\n\t<meta name=\"twitter:label2\" content=\"Est. reading time\" \/>\n\t<meta name=\"twitter:data2\" content=\"3 minutes\" \/>\n<script type=\"application\/ld+json\" class=\"yoast-schema-graph\">{\"@context\":\"https:\/\/schema.org\",\"@graph\":[{\"@type\":\"WebSite\",\"@id\":\"https:\/\/www.visit-ulcinj.com\/blog\/#website\",\"url\":\"https:\/\/www.visit-ulcinj.com\/blog\/\",\"name\":\"Lajme nga Ulqini\",\"description\":\"Lajme,Vijesti,Ulqini,Ulqin,Crna Gora,Mali i Zi\",\"potentialAction\":[{\"@type\":\"SearchAction\",\"target\":{\"@type\":\"EntryPoint\",\"urlTemplate\":\"https:\/\/www.visit-ulcinj.com\/blog\/?s={search_term_string}\"},\"query-input\":\"required name=search_term_string\"}],\"inLanguage\":\"en-US\"},{\"@type\":\"ImageObject\",\"inLanguage\":\"en-US\",\"@id\":\"https:\/\/www.visit-ulcinj.com\/blog\/2011\/01\/20\/hajdinaga-kaze-da-je-na-usluzi-policiji\/#primaryimage\",\"url\":\"https:\/\/www.visit-ulcinj.com\/blog\/wp-content\/uploads\/2011\/01\/Gradonacelnik-Ulcinja-Gzim-Hajdinaga.jpg\",\"contentUrl\":\"https:\/\/www.visit-ulcinj.com\/blog\/wp-content\/uploads\/2011\/01\/Gradonacelnik-Ulcinja-Gzim-Hajdinaga.jpg\",\"width\":\"519\",\"height\":\"316\"},{\"@type\":\"WebPage\",\"@id\":\"https:\/\/www.visit-ulcinj.com\/blog\/2011\/01\/20\/hajdinaga-kaze-da-je-na-usluzi-policiji\/#webpage\",\"url\":\"https:\/\/www.visit-ulcinj.com\/blog\/2011\/01\/20\/hajdinaga-kaze-da-je-na-usluzi-policiji\/\",\"name\":\"Hajdinaga ka\u017ee da je na usluzi policiji - Video - Lajme nga Ulqini\",\"isPartOf\":{\"@id\":\"https:\/\/www.visit-ulcinj.com\/blog\/#website\"},\"primaryImageOfPage\":{\"@id\":\"https:\/\/www.visit-ulcinj.com\/blog\/2011\/01\/20\/hajdinaga-kaze-da-je-na-usluzi-policiji\/#primaryimage\"},\"datePublished\":\"2011-01-20T19:39:28+00:00\",\"dateModified\":\"2011-02-11T22:21:38+00:00\",\"author\":{\"@id\":\"https:\/\/www.visit-ulcinj.com\/blog\/#\/schema\/person\/dcab619c614d3038751c63bc2aadc06d\"},\"description\":\"Tri dana nakon \u0161to su inspektori u\u0161li u op\u0161tinu U Ulcinju provjeravaju sve i sva\u0161ta od banketa pa do kaldrme, kazao je na\u0161 sagovornik. Upad inspektora za\",\"breadcrumb\":{\"@id\":\"https:\/\/www.visit-ulcinj.com\/blog\/2011\/01\/20\/hajdinaga-kaze-da-je-na-usluzi-policiji\/#breadcrumb\"},\"inLanguage\":\"en-US\",\"potentialAction\":[{\"@type\":\"ReadAction\",\"target\":[\"https:\/\/www.visit-ulcinj.com\/blog\/2011\/01\/20\/hajdinaga-kaze-da-je-na-usluzi-policiji\/\"]}]},{\"@type\":\"BreadcrumbList\",\"@id\":\"https:\/\/www.visit-ulcinj.com\/blog\/2011\/01\/20\/hajdinaga-kaze-da-je-na-usluzi-policiji\/#breadcrumb\",\"itemListElement\":[{\"@type\":\"ListItem\",\"position\":1,\"name\":\"Hajdinaga ka\u017ee da je na usluzi policiji &#8211; Video\"}]},{\"@type\":\"Person\",\"@id\":\"https:\/\/www.visit-ulcinj.com\/blog\/#\/schema\/person\/dcab619c614d3038751c63bc2aadc06d\",\"name\":\"ulqini\",\"sameAs\":[\"http:\/\/www.visit-ulcinj.com\"],\"url\":\"https:\/\/www.visit-ulcinj.com\/blog\/author\/admin\/\"}]}<\/script>\n<!-- \/ Yoast SEO plugin. -->","yoast_head_json":{"title":"Hajdinaga ka\u017ee da je na usluzi policiji - Video - Lajme nga Ulqini","description":"Tri dana nakon \u0161to su inspektori u\u0161li u op\u0161tinu U Ulcinju provjeravaju sve i sva\u0161ta od banketa pa do kaldrme, kazao je na\u0161 sagovornik. Upad inspektora za","robots":{"index":"index","follow":"follow","max-snippet":"max-snippet:-1","max-image-preview":"max-image-preview:large","max-video-preview":"max-video-preview:-1"},"canonical":"https:\/\/www.visit-ulcinj.com\/blog\/2011\/01\/20\/hajdinaga-kaze-da-je-na-usluzi-policiji\/","og_locale":"en_US","og_type":"article","og_title":"Hajdinaga ka\u017ee da je na usluzi policiji - Video - Lajme nga Ulqini","og_description":"Tri dana nakon \u0161to su inspektori u\u0161li u op\u0161tinu U Ulcinju provjeravaju sve i sva\u0161ta od banketa pa do kaldrme, kazao je na\u0161 sagovornik. Upad inspektora za","og_url":"https:\/\/www.visit-ulcinj.com\/blog\/2011\/01\/20\/hajdinaga-kaze-da-je-na-usluzi-policiji\/","og_site_name":"Lajme nga Ulqini","article_published_time":"2011-01-20T19:39:28+00:00","article_modified_time":"2011-02-11T22:21:38+00:00","og_image":[{"url":"http:\/\/www.visit-ulcinj.com\/blog\/wp-content\/uploads\/2011\/01\/Gradonacelnik-Ulcinja-Gzim-Hajdinaga.jpg"}],"twitter_misc":{"Written by":"ulqini","Est. reading time":"3 minutes"},"schema":{"@context":"https:\/\/schema.org","@graph":[{"@type":"WebSite","@id":"https:\/\/www.visit-ulcinj.com\/blog\/#website","url":"https:\/\/www.visit-ulcinj.com\/blog\/","name":"Lajme nga Ulqini","description":"Lajme,Vijesti,Ulqini,Ulqin,Crna Gora,Mali i Zi","potentialAction":[{"@type":"SearchAction","target":{"@type":"EntryPoint","urlTemplate":"https:\/\/www.visit-ulcinj.com\/blog\/?s={search_term_string}"},"query-input":"required name=search_term_string"}],"inLanguage":"en-US"},{"@type":"ImageObject","inLanguage":"en-US","@id":"https:\/\/www.visit-ulcinj.com\/blog\/2011\/01\/20\/hajdinaga-kaze-da-je-na-usluzi-policiji\/#primaryimage","url":"https:\/\/www.visit-ulcinj.com\/blog\/wp-content\/uploads\/2011\/01\/Gradonacelnik-Ulcinja-Gzim-Hajdinaga.jpg","contentUrl":"https:\/\/www.visit-ulcinj.com\/blog\/wp-content\/uploads\/2011\/01\/Gradonacelnik-Ulcinja-Gzim-Hajdinaga.jpg","width":"519","height":"316"},{"@type":"WebPage","@id":"https:\/\/www.visit-ulcinj.com\/blog\/2011\/01\/20\/hajdinaga-kaze-da-je-na-usluzi-policiji\/#webpage","url":"https:\/\/www.visit-ulcinj.com\/blog\/2011\/01\/20\/hajdinaga-kaze-da-je-na-usluzi-policiji\/","name":"Hajdinaga ka\u017ee da je na usluzi policiji - Video - Lajme nga Ulqini","isPartOf":{"@id":"https:\/\/www.visit-ulcinj.com\/blog\/#website"},"primaryImageOfPage":{"@id":"https:\/\/www.visit-ulcinj.com\/blog\/2011\/01\/20\/hajdinaga-kaze-da-je-na-usluzi-policiji\/#primaryimage"},"datePublished":"2011-01-20T19:39:28+00:00","dateModified":"2011-02-11T22:21:38+00:00","author":{"@id":"https:\/\/www.visit-ulcinj.com\/blog\/#\/schema\/person\/dcab619c614d3038751c63bc2aadc06d"},"description":"Tri dana nakon \u0161to su inspektori u\u0161li u op\u0161tinu U Ulcinju provjeravaju sve i sva\u0161ta od banketa pa do kaldrme, kazao je na\u0161 sagovornik. Upad inspektora za","breadcrumb":{"@id":"https:\/\/www.visit-ulcinj.com\/blog\/2011\/01\/20\/hajdinaga-kaze-da-je-na-usluzi-policiji\/#breadcrumb"},"inLanguage":"en-US","potentialAction":[{"@type":"ReadAction","target":["https:\/\/www.visit-ulcinj.com\/blog\/2011\/01\/20\/hajdinaga-kaze-da-je-na-usluzi-policiji\/"]}]},{"@type":"BreadcrumbList","@id":"https:\/\/www.visit-ulcinj.com\/blog\/2011\/01\/20\/hajdinaga-kaze-da-je-na-usluzi-policiji\/#breadcrumb","itemListElement":[{"@type":"ListItem","position":1,"name":"Hajdinaga ka\u017ee da je na usluzi policiji &#8211; Video"}]},{"@type":"Person","@id":"https:\/\/www.visit-ulcinj.com\/blog\/#\/schema\/person\/dcab619c614d3038751c63bc2aadc06d","name":"ulqini","sameAs":["http:\/\/www.visit-ulcinj.com"],"url":"https:\/\/www.visit-ulcinj.com\/blog\/author\/admin\/"}]}},"jetpack_featured_media_url":"","jetpack_sharing_enabled":true,"jetpack_shortlink":"https:\/\/wp.me\/pe6lTn-b4G","_links":{"self":[{"href":"https:\/\/www.visit-ulcinj.com\/blog\/wp-json\/wp\/v2\/posts\/42574"}],"collection":[{"href":"https:\/\/www.visit-ulcinj.com\/blog\/wp-json\/wp\/v2\/posts"}],"about":[{"href":"https:\/\/www.visit-ulcinj.com\/blog\/wp-json\/wp\/v2\/types\/post"}],"author":[{"embeddable":true,"href":"https:\/\/www.visit-ulcinj.com\/blog\/wp-json\/wp\/v2\/users\/1"}],"replies":[{"embeddable":true,"href":"https:\/\/www.visit-ulcinj.com\/blog\/wp-json\/wp\/v2\/comments?post=42574"}],"version-history":[{"count":0,"href":"https:\/\/www.visit-ulcinj.com\/blog\/wp-json\/wp\/v2\/posts\/42574\/revisions"}],"wp:attachment":[{"href":"https:\/\/www.visit-ulcinj.com\/blog\/wp-json\/wp\/v2\/media?parent=42574"}],"wp:term":[{"taxonomy":"category","embeddable":true,"href":"https:\/\/www.visit-ulcinj.com\/blog\/wp-json\/wp\/v2\/categories?post=42574"},{"taxonomy":"post_tag","embeddable":true,"href":"https:\/\/www.visit-ulcinj.com\/blog\/wp-json\/wp\/v2\/tags?post=42574"}],"curies":[{"name":"wp","href":"https:\/\/api.w.org\/{rel}","templated":true}]}}