{"id":42581,"date":"2011-01-21T08:49:26","date_gmt":"2011-01-21T07:49:26","guid":{"rendered":"http:\/\/www.visit-ulcinj.com\/blog\/?p=42581"},"modified":"2011-01-21T08:52:11","modified_gmt":"2011-01-21T07:52:11","slug":"nora-dua-te-dukem-ndryshe-pa-e-tepruar","status":"publish","type":"post","link":"https:\/\/www.visit-ulcinj.com\/blog\/2011\/01\/21\/nora-dua-te-dukem-ndryshe-pa-e-tepruar\/","title":{"rendered":"Nora: Dua t\u00eb dukem ndryshe pa e tepruar"},"content":{"rendered":"<p><strong><a href=\"http:\/\/www.visit-ulcinj.com\/blog\/wp-content\/uploads\/2011\/01\/Nora-Istrefi.jpg\"><img loading=\"lazy\" class=\"alignleft size-full wp-image-42582\" title=\"Nora Istrefi\" src=\"http:\/\/www.visit-ulcinj.com\/blog\/wp-content\/uploads\/2011\/01\/Nora-Istrefi.jpg\" alt=\"\" width=\"490\" height=\"327\" \/><\/a>P\u00ebrve\u00e7 muzik\u00ebs dhe paraqitjeve t\u00eb saj n\u00eb k\u00ebt\u00eb aspekt, k\u00ebng\u00ebtarja Nora Istrefi thot\u00eb se nj\u00eb r\u00ebnd\u00ebsi t\u00eb ve\u00e7ant\u00eb n\u00eb k\u00ebt\u00eb drejtim ka edhe veshja.<\/strong><\/p>\n<p>Gjithnj\u00eb duket ndryshe nga prezantimi i saj paraprak, nd\u00ebrsa p\u00ebrve\u00e7 ideve personale p\u00ebr veshjet q\u00eb ajo bart\u00eb, Nora shpesh konsultohet edhe me miqt\u00eb e saj, si\u00e7 jan\u00eb Flutura, Krenare Rugova e Valdrin Sahiti.<br \/>\n\u201cSi zakonisht edhe n\u00eb paraqitjet e radh\u00ebs, do t\u00eb vij\u00eb me pak ndryshime, por jo t\u2019ia teprojm\u00eb shum\u00eb. Zakonisht p\u00ebr veshjen time kujdesem vet\u00eb, por sigurisht q\u00eb konsultohem edhe me t\u00eb tjet\u00ebr . Shum\u00eb nga paraqitjet e mija m\u00eb ndihmojn\u00eb koleg\u00ebt e mij\u00eb Valdrin Sahiti, Krenare Rugova , e Flutura\u201d ka treguar Nora p\u00ebr \u201cInfoPress\u201d.<\/p>\n<p>Istrefi, gjithashtu ka b\u00ebr\u00eb me dije se me shum\u00eb qejf do t\u00eb angazhohej edhe n\u00eb profesion e saj si dezajnere, p\u00ebr \u00e7far\u00eb edhe ka studiuar, por angazhimet n\u00eb muzik\u00eb ia pamund\u00ebsojn\u00eb nj\u00eb gj\u00eb t\u00eb till\u00eb.<\/p>\n<p><strong>Telegrafi<br \/>\n<br \/>\n<!--YouTube Error: bad URL entered--><\/p>\n","protected":false},"excerpt":{"rendered":"<p>P\u00ebrve\u00e7 muzik\u00ebs dhe paraqitjeve t\u00eb saj n\u00eb k\u00ebt\u00eb aspekt, k\u00ebng\u00ebtarja Nora Istrefi thot\u00eb se nj\u00eb r\u00ebnd\u00ebsi t\u00eb ve\u00e7ant\u00eb n\u00eb k\u00ebt\u00eb drejtim ka edhe veshja. Gjithnj\u00eb duket ndryshe nga prezantimi i saj paraprak, nd\u00ebrsa p\u00ebrve\u00e7 ideve personale p\u00ebr veshjet q\u00eb ajo bart\u00eb, Nora shpesh konsultohet edhe me miqt\u00eb e saj, si\u00e7 jan\u00eb Flutura, Krenare Rugova e [&hellip;]<\/p>\n","protected":false},"author":1,"featured_media":0,"comment_status":"open","ping_status":"closed","sticky":false,"template":"","format":"standard","meta":{"spay_email":"","jetpack_publicize_message":"","jetpack_is_tweetstorm":false,"jetpack_publicize_feature_enabled":true},"categories":[1],"tags":[4939],"jetpack_publicize_connections":[],"yoast_head":"<!-- This site is optimized with the Yoast SEO plugin v19.1 - https:\/\/yoast.com\/wordpress\/plugins\/seo\/ -->\n<title>Nora: Dua t\u00eb dukem ndryshe pa e tepruar - Lajme nga Ulqini<\/title>\n<meta name=\"description\" content=\"P\u00ebrve\u00e7 muzik\u00ebs dhe paraqitjeve t\u00eb saj n\u00eb k\u00ebt\u00eb aspekt, k\u00ebng\u00ebtarja Nora Istrefi thot\u00eb se nj\u00eb r\u00ebnd\u00ebsi t\u00eb ve\u00e7ant\u00eb n\u00eb k\u00ebt\u00eb drejtim ka edhe veshja. Gjithnj\u00eb\" \/>\n<meta name=\"robots\" content=\"index, follow, max-snippet:-1, max-image-preview:large, max-video-preview:-1\" \/>\n<link rel=\"canonical\" href=\"https:\/\/www.visit-ulcinj.com\/blog\/2011\/01\/21\/nora-dua-te-dukem-ndryshe-pa-e-tepruar\/\" \/>\n<meta property=\"og:locale\" content=\"en_US\" \/>\n<meta property=\"og:type\" content=\"article\" \/>\n<meta property=\"og:title\" content=\"Nora: Dua t\u00eb dukem ndryshe pa e tepruar - Lajme nga Ulqini\" \/>\n<meta property=\"og:description\" content=\"P\u00ebrve\u00e7 muzik\u00ebs dhe paraqitjeve t\u00eb saj n\u00eb k\u00ebt\u00eb aspekt, k\u00ebng\u00ebtarja Nora Istrefi thot\u00eb se nj\u00eb r\u00ebnd\u00ebsi t\u00eb ve\u00e7ant\u00eb n\u00eb k\u00ebt\u00eb drejtim ka edhe veshja. Gjithnj\u00eb\" \/>\n<meta property=\"og:url\" content=\"https:\/\/www.visit-ulcinj.com\/blog\/2011\/01\/21\/nora-dua-te-dukem-ndryshe-pa-e-tepruar\/\" \/>\n<meta property=\"og:site_name\" content=\"Lajme nga Ulqini\" \/>\n<meta property=\"article:published_time\" content=\"2011-01-21T07:49:26+00:00\" \/>\n<meta property=\"article:modified_time\" content=\"2011-01-21T07:52:11+00:00\" \/>\n<meta property=\"og:image\" content=\"https:\/\/www.visit-ulcinj.com\/blog\/wp-content\/uploads\/2011\/01\/Nora-Istrefi-150x150.jpg\" \/>\n<meta name=\"twitter:label1\" content=\"Written by\" \/>\n\t<meta name=\"twitter:data1\" content=\"ulqini\" \/>\n\t<meta name=\"twitter:label2\" content=\"Est. reading time\" \/>\n\t<meta name=\"twitter:data2\" content=\"1 minute\" \/>\n<script type=\"application\/ld+json\" class=\"yoast-schema-graph\">{\"@context\":\"https:\/\/schema.org\",\"@graph\":[{\"@type\":\"WebSite\",\"@id\":\"https:\/\/www.visit-ulcinj.com\/blog\/#website\",\"url\":\"https:\/\/www.visit-ulcinj.com\/blog\/\",\"name\":\"Lajme nga Ulqini\",\"description\":\"Lajme,Vijesti,Ulqini,Ulqin,Crna Gora,Mali i Zi\",\"potentialAction\":[{\"@type\":\"SearchAction\",\"target\":{\"@type\":\"EntryPoint\",\"urlTemplate\":\"https:\/\/www.visit-ulcinj.com\/blog\/?s={search_term_string}\"},\"query-input\":\"required name=search_term_string\"}],\"inLanguage\":\"en-US\"},{\"@type\":\"ImageObject\",\"inLanguage\":\"en-US\",\"@id\":\"https:\/\/www.visit-ulcinj.com\/blog\/2011\/01\/21\/nora-dua-te-dukem-ndryshe-pa-e-tepruar\/#primaryimage\",\"url\":\"http:\/\/www.visit-ulcinj.com\/blog\/wp-content\/uploads\/2011\/01\/Nora-Istrefi.jpg\",\"contentUrl\":\"http:\/\/www.visit-ulcinj.com\/blog\/wp-content\/uploads\/2011\/01\/Nora-Istrefi.jpg\"},{\"@type\":\"WebPage\",\"@id\":\"https:\/\/www.visit-ulcinj.com\/blog\/2011\/01\/21\/nora-dua-te-dukem-ndryshe-pa-e-tepruar\/#webpage\",\"url\":\"https:\/\/www.visit-ulcinj.com\/blog\/2011\/01\/21\/nora-dua-te-dukem-ndryshe-pa-e-tepruar\/\",\"name\":\"Nora: Dua t\u00eb dukem ndryshe pa e tepruar - Lajme nga Ulqini\",\"isPartOf\":{\"@id\":\"https:\/\/www.visit-ulcinj.com\/blog\/#website\"},\"primaryImageOfPage\":{\"@id\":\"https:\/\/www.visit-ulcinj.com\/blog\/2011\/01\/21\/nora-dua-te-dukem-ndryshe-pa-e-tepruar\/#primaryimage\"},\"datePublished\":\"2011-01-21T07:49:26+00:00\",\"dateModified\":\"2011-01-21T07:52:11+00:00\",\"author\":{\"@id\":\"https:\/\/www.visit-ulcinj.com\/blog\/#\/schema\/person\/dcab619c614d3038751c63bc2aadc06d\"},\"description\":\"P\u00ebrve\u00e7 muzik\u00ebs dhe paraqitjeve t\u00eb saj n\u00eb k\u00ebt\u00eb aspekt, k\u00ebng\u00ebtarja Nora Istrefi thot\u00eb se nj\u00eb r\u00ebnd\u00ebsi t\u00eb ve\u00e7ant\u00eb n\u00eb k\u00ebt\u00eb drejtim ka edhe veshja. Gjithnj\u00eb\",\"breadcrumb\":{\"@id\":\"https:\/\/www.visit-ulcinj.com\/blog\/2011\/01\/21\/nora-dua-te-dukem-ndryshe-pa-e-tepruar\/#breadcrumb\"},\"inLanguage\":\"en-US\",\"potentialAction\":[{\"@type\":\"ReadAction\",\"target\":[\"https:\/\/www.visit-ulcinj.com\/blog\/2011\/01\/21\/nora-dua-te-dukem-ndryshe-pa-e-tepruar\/\"]}]},{\"@type\":\"BreadcrumbList\",\"@id\":\"https:\/\/www.visit-ulcinj.com\/blog\/2011\/01\/21\/nora-dua-te-dukem-ndryshe-pa-e-tepruar\/#breadcrumb\",\"itemListElement\":[{\"@type\":\"ListItem\",\"position\":1,\"name\":\"Nora: Dua t\u00eb dukem ndryshe pa e tepruar\"}]},{\"@type\":\"Person\",\"@id\":\"https:\/\/www.visit-ulcinj.com\/blog\/#\/schema\/person\/dcab619c614d3038751c63bc2aadc06d\",\"name\":\"ulqini\",\"sameAs\":[\"http:\/\/www.visit-ulcinj.com\"],\"url\":\"https:\/\/www.visit-ulcinj.com\/blog\/author\/admin\/\"}]}<\/script>\n<!-- \/ Yoast SEO plugin. -->","yoast_head_json":{"title":"Nora: Dua t\u00eb dukem ndryshe pa e tepruar - Lajme nga Ulqini","description":"P\u00ebrve\u00e7 muzik\u00ebs dhe paraqitjeve t\u00eb saj n\u00eb k\u00ebt\u00eb aspekt, k\u00ebng\u00ebtarja Nora Istrefi thot\u00eb se nj\u00eb r\u00ebnd\u00ebsi t\u00eb ve\u00e7ant\u00eb n\u00eb k\u00ebt\u00eb drejtim ka edhe veshja. Gjithnj\u00eb","robots":{"index":"index","follow":"follow","max-snippet":"max-snippet:-1","max-image-preview":"max-image-preview:large","max-video-preview":"max-video-preview:-1"},"canonical":"https:\/\/www.visit-ulcinj.com\/blog\/2011\/01\/21\/nora-dua-te-dukem-ndryshe-pa-e-tepruar\/","og_locale":"en_US","og_type":"article","og_title":"Nora: Dua t\u00eb dukem ndryshe pa e tepruar - Lajme nga Ulqini","og_description":"P\u00ebrve\u00e7 muzik\u00ebs dhe paraqitjeve t\u00eb saj n\u00eb k\u00ebt\u00eb aspekt, k\u00ebng\u00ebtarja Nora Istrefi thot\u00eb se nj\u00eb r\u00ebnd\u00ebsi t\u00eb ve\u00e7ant\u00eb n\u00eb k\u00ebt\u00eb drejtim ka edhe veshja. Gjithnj\u00eb","og_url":"https:\/\/www.visit-ulcinj.com\/blog\/2011\/01\/21\/nora-dua-te-dukem-ndryshe-pa-e-tepruar\/","og_site_name":"Lajme nga Ulqini","article_published_time":"2011-01-21T07:49:26+00:00","article_modified_time":"2011-01-21T07:52:11+00:00","og_image":[{"url":"https:\/\/www.visit-ulcinj.com\/blog\/wp-content\/uploads\/2011\/01\/Nora-Istrefi-150x150.jpg"}],"twitter_misc":{"Written by":"ulqini","Est. reading time":"1 minute"},"schema":{"@context":"https:\/\/schema.org","@graph":[{"@type":"WebSite","@id":"https:\/\/www.visit-ulcinj.com\/blog\/#website","url":"https:\/\/www.visit-ulcinj.com\/blog\/","name":"Lajme nga Ulqini","description":"Lajme,Vijesti,Ulqini,Ulqin,Crna Gora,Mali i Zi","potentialAction":[{"@type":"SearchAction","target":{"@type":"EntryPoint","urlTemplate":"https:\/\/www.visit-ulcinj.com\/blog\/?s={search_term_string}"},"query-input":"required name=search_term_string"}],"inLanguage":"en-US"},{"@type":"ImageObject","inLanguage":"en-US","@id":"https:\/\/www.visit-ulcinj.com\/blog\/2011\/01\/21\/nora-dua-te-dukem-ndryshe-pa-e-tepruar\/#primaryimage","url":"http:\/\/www.visit-ulcinj.com\/blog\/wp-content\/uploads\/2011\/01\/Nora-Istrefi.jpg","contentUrl":"http:\/\/www.visit-ulcinj.com\/blog\/wp-content\/uploads\/2011\/01\/Nora-Istrefi.jpg"},{"@type":"WebPage","@id":"https:\/\/www.visit-ulcinj.com\/blog\/2011\/01\/21\/nora-dua-te-dukem-ndryshe-pa-e-tepruar\/#webpage","url":"https:\/\/www.visit-ulcinj.com\/blog\/2011\/01\/21\/nora-dua-te-dukem-ndryshe-pa-e-tepruar\/","name":"Nora: Dua t\u00eb dukem ndryshe pa e tepruar - Lajme nga Ulqini","isPartOf":{"@id":"https:\/\/www.visit-ulcinj.com\/blog\/#website"},"primaryImageOfPage":{"@id":"https:\/\/www.visit-ulcinj.com\/blog\/2011\/01\/21\/nora-dua-te-dukem-ndryshe-pa-e-tepruar\/#primaryimage"},"datePublished":"2011-01-21T07:49:26+00:00","dateModified":"2011-01-21T07:52:11+00:00","author":{"@id":"https:\/\/www.visit-ulcinj.com\/blog\/#\/schema\/person\/dcab619c614d3038751c63bc2aadc06d"},"description":"P\u00ebrve\u00e7 muzik\u00ebs dhe paraqitjeve t\u00eb saj n\u00eb k\u00ebt\u00eb aspekt, k\u00ebng\u00ebtarja Nora Istrefi thot\u00eb se nj\u00eb r\u00ebnd\u00ebsi t\u00eb ve\u00e7ant\u00eb n\u00eb k\u00ebt\u00eb drejtim ka edhe veshja. Gjithnj\u00eb","breadcrumb":{"@id":"https:\/\/www.visit-ulcinj.com\/blog\/2011\/01\/21\/nora-dua-te-dukem-ndryshe-pa-e-tepruar\/#breadcrumb"},"inLanguage":"en-US","potentialAction":[{"@type":"ReadAction","target":["https:\/\/www.visit-ulcinj.com\/blog\/2011\/01\/21\/nora-dua-te-dukem-ndryshe-pa-e-tepruar\/"]}]},{"@type":"BreadcrumbList","@id":"https:\/\/www.visit-ulcinj.com\/blog\/2011\/01\/21\/nora-dua-te-dukem-ndryshe-pa-e-tepruar\/#breadcrumb","itemListElement":[{"@type":"ListItem","position":1,"name":"Nora: Dua t\u00eb dukem ndryshe pa e tepruar"}]},{"@type":"Person","@id":"https:\/\/www.visit-ulcinj.com\/blog\/#\/schema\/person\/dcab619c614d3038751c63bc2aadc06d","name":"ulqini","sameAs":["http:\/\/www.visit-ulcinj.com"],"url":"https:\/\/www.visit-ulcinj.com\/blog\/author\/admin\/"}]}},"jetpack_featured_media_url":"","jetpack_sharing_enabled":true,"jetpack_shortlink":"https:\/\/wp.me\/pe6lTn-b4N","_links":{"self":[{"href":"https:\/\/www.visit-ulcinj.com\/blog\/wp-json\/wp\/v2\/posts\/42581"}],"collection":[{"href":"https:\/\/www.visit-ulcinj.com\/blog\/wp-json\/wp\/v2\/posts"}],"about":[{"href":"https:\/\/www.visit-ulcinj.com\/blog\/wp-json\/wp\/v2\/types\/post"}],"author":[{"embeddable":true,"href":"https:\/\/www.visit-ulcinj.com\/blog\/wp-json\/wp\/v2\/users\/1"}],"replies":[{"embeddable":true,"href":"https:\/\/www.visit-ulcinj.com\/blog\/wp-json\/wp\/v2\/comments?post=42581"}],"version-history":[{"count":0,"href":"https:\/\/www.visit-ulcinj.com\/blog\/wp-json\/wp\/v2\/posts\/42581\/revisions"}],"wp:attachment":[{"href":"https:\/\/www.visit-ulcinj.com\/blog\/wp-json\/wp\/v2\/media?parent=42581"}],"wp:term":[{"taxonomy":"category","embeddable":true,"href":"https:\/\/www.visit-ulcinj.com\/blog\/wp-json\/wp\/v2\/categories?post=42581"},{"taxonomy":"post_tag","embeddable":true,"href":"https:\/\/www.visit-ulcinj.com\/blog\/wp-json\/wp\/v2\/tags?post=42581"}],"curies":[{"name":"wp","href":"https:\/\/api.w.org\/{rel}","templated":true}]}}