{"id":42587,"date":"2011-01-21T09:08:18","date_gmt":"2011-01-21T08:08:18","guid":{"rendered":"http:\/\/www.visit-ulcinj.com\/blog\/?p=42587"},"modified":"2011-01-21T09:08:18","modified_gmt":"2011-01-21T08:08:18","slug":"kk-ulqini-do-zhvillon-ndeshje-miqesore-jashte-vendit","status":"publish","type":"post","link":"https:\/\/www.visit-ulcinj.com\/blog\/2011\/01\/21\/kk-ulqini-do-zhvillon-ndeshje-miqesore-jashte-vendit\/","title":{"rendered":"KK Ulqini do zhvillon ndeshje miq\u00ebsore jasht\u00eb vendit"},"content":{"rendered":"<p><a href=\"http:\/\/www.visit-ulcinj.com\/blog\/wp-content\/uploads\/2011\/01\/KB-ULQIN_KK-ULCINJ_picnik.jpg\"><img loading=\"lazy\" class=\"alignleft size-full wp-image-42588\" title=\"KB ULQIN_KK ULCINJ_picnik\" src=\"http:\/\/www.visit-ulcinj.com\/blog\/wp-content\/uploads\/2011\/01\/KB-ULQIN_KK-ULCINJ_picnik.jpg\" alt=\"\" width=\"490\" height=\"380\" \/><\/a>Kampioni aktual dhe lideri i BKT Superlig\u00ebs s\u00eb Kosov\u00ebs n\u00eb Basketboll, Sigal Prishtina, pas dat\u00ebs 24 janar do t\u00eb zhvilloj\u00eb tet\u00eb ndeshje miq\u00ebsore jasht\u00eb vendit. Drejtori sportiv i Sigal Prishtin\u00ebs, Artan Rugova, thot\u00eb se kan\u00eb planifikuar disa ndeshje para fillimit t\u00eb edicionit pranveror. \u201cDo t\u00eb p\u00ebrballemi m\u00eb tet\u00eb skuadra jasht\u00eb vendit, n\u00eb Shqip\u00ebri, Maqedoni dhe Mal t\u00eb Zi. Pastaj do t\u00eb zhvillojm\u00eb edhe dy ndeshje tjera m\u00eb skuadrat vendore, n\u00eb m\u00ebnyr\u00eb q\u00eb ta kompletojm\u00eb n\u00eb 10 numrin e takimeve para fillimit t\u00eb Kampionatit. Me Lirin\u00eb, Vardarin e Rabotniqkim, planifikojm\u00eb t\u2019i zhvillojm\u00eb dy ndeshje, nd\u00ebrsa me Mornarin dhe Ulqinin nga nj\u00eb takim. N\u00eb Shqip\u00ebri kemi aranzhuar takim me Tiran\u00ebn ose Studentin\u201d, b\u00ebri t\u00eb ditur p\u00ebr \u201cSport\u201d ndihm\u00ebstrajneri i \u201cBardhekalt\u00ebrve\u201d, Fikret Shatri.<\/p>\n<p><strong>Gazetasport<br \/>\n<!--YouTube Error: bad URL entered--><\/strong><\/p>\n","protected":false},"excerpt":{"rendered":"<p>Kampioni aktual dhe lideri i BKT Superlig\u00ebs s\u00eb Kosov\u00ebs n\u00eb Basketboll, Sigal Prishtina, pas dat\u00ebs 24 janar do t\u00eb zhvilloj\u00eb tet\u00eb ndeshje miq\u00ebsore jasht\u00eb vendit. Drejtori sportiv i Sigal Prishtin\u00ebs, Artan Rugova, thot\u00eb se kan\u00eb planifikuar disa ndeshje para fillimit t\u00eb edicionit pranveror. \u201cDo t\u00eb p\u00ebrballemi m\u00eb tet\u00eb skuadra jasht\u00eb vendit, n\u00eb Shqip\u00ebri, Maqedoni dhe [&hellip;]<\/p>\n","protected":false},"author":1,"featured_media":0,"comment_status":"open","ping_status":"closed","sticky":false,"template":"","format":"standard","meta":{"spay_email":"","jetpack_publicize_message":"","jetpack_is_tweetstorm":false,"jetpack_publicize_feature_enabled":true},"categories":[3],"tags":[5235,4572,200,18],"jetpack_publicize_connections":[],"yoast_head":"<!-- This site is optimized with the Yoast SEO plugin v19.1 - https:\/\/yoast.com\/wordpress\/plugins\/seo\/ -->\n<title>KK Ulqini do zhvillon ndeshje miq\u00ebsore jasht\u00eb vendit - Lajme nga Ulqini<\/title>\n<meta name=\"description\" content=\"Kampioni aktual dhe lideri i BKT Superlig\u00ebs s\u00eb Kosov\u00ebs n\u00eb Basketboll, Sigal Prishtina, pas dat\u00ebs 24 janar do t\u00eb zhvilloj\u00eb tet\u00eb ndeshje miq\u00ebsore jasht\u00eb\" \/>\n<meta name=\"robots\" content=\"index, follow, max-snippet:-1, max-image-preview:large, max-video-preview:-1\" \/>\n<link rel=\"canonical\" href=\"https:\/\/www.visit-ulcinj.com\/blog\/2011\/01\/21\/kk-ulqini-do-zhvillon-ndeshje-miqesore-jashte-vendit\/\" \/>\n<meta property=\"og:locale\" content=\"en_US\" \/>\n<meta property=\"og:type\" content=\"article\" \/>\n<meta property=\"og:title\" content=\"KK Ulqini do zhvillon ndeshje miq\u00ebsore jasht\u00eb vendit - Lajme nga Ulqini\" \/>\n<meta property=\"og:description\" content=\"Kampioni aktual dhe lideri i BKT Superlig\u00ebs s\u00eb Kosov\u00ebs n\u00eb Basketboll, Sigal Prishtina, pas dat\u00ebs 24 janar do t\u00eb zhvilloj\u00eb tet\u00eb ndeshje miq\u00ebsore jasht\u00eb\" \/>\n<meta property=\"og:url\" content=\"https:\/\/www.visit-ulcinj.com\/blog\/2011\/01\/21\/kk-ulqini-do-zhvillon-ndeshje-miqesore-jashte-vendit\/\" \/>\n<meta property=\"og:site_name\" content=\"Lajme nga Ulqini\" \/>\n<meta property=\"article:published_time\" content=\"2011-01-21T08:08:18+00:00\" \/>\n<meta property=\"og:image\" content=\"http:\/\/www.visit-ulcinj.com\/blog\/wp-content\/uploads\/2011\/01\/KB-ULQIN_KK-ULCINJ_picnik.jpg\" \/>\n<meta name=\"twitter:label1\" content=\"Written by\" \/>\n\t<meta name=\"twitter:data1\" content=\"ulqini\" \/>\n\t<meta name=\"twitter:label2\" content=\"Est. reading time\" \/>\n\t<meta name=\"twitter:data2\" content=\"1 minute\" \/>\n<script type=\"application\/ld+json\" class=\"yoast-schema-graph\">{\"@context\":\"https:\/\/schema.org\",\"@graph\":[{\"@type\":\"WebSite\",\"@id\":\"https:\/\/www.visit-ulcinj.com\/blog\/#website\",\"url\":\"https:\/\/www.visit-ulcinj.com\/blog\/\",\"name\":\"Lajme nga Ulqini\",\"description\":\"Lajme,Vijesti,Ulqini,Ulqin,Crna Gora,Mali i Zi\",\"potentialAction\":[{\"@type\":\"SearchAction\",\"target\":{\"@type\":\"EntryPoint\",\"urlTemplate\":\"https:\/\/www.visit-ulcinj.com\/blog\/?s={search_term_string}\"},\"query-input\":\"required name=search_term_string\"}],\"inLanguage\":\"en-US\"},{\"@type\":\"ImageObject\",\"inLanguage\":\"en-US\",\"@id\":\"https:\/\/www.visit-ulcinj.com\/blog\/2011\/01\/21\/kk-ulqini-do-zhvillon-ndeshje-miqesore-jashte-vendit\/#primaryimage\",\"url\":\"https:\/\/www.visit-ulcinj.com\/blog\/wp-content\/uploads\/2011\/01\/KB-ULQIN_KK-ULCINJ_picnik.jpg\",\"contentUrl\":\"https:\/\/www.visit-ulcinj.com\/blog\/wp-content\/uploads\/2011\/01\/KB-ULQIN_KK-ULCINJ_picnik.jpg\",\"width\":\"577\",\"height\":\"433\"},{\"@type\":\"WebPage\",\"@id\":\"https:\/\/www.visit-ulcinj.com\/blog\/2011\/01\/21\/kk-ulqini-do-zhvillon-ndeshje-miqesore-jashte-vendit\/#webpage\",\"url\":\"https:\/\/www.visit-ulcinj.com\/blog\/2011\/01\/21\/kk-ulqini-do-zhvillon-ndeshje-miqesore-jashte-vendit\/\",\"name\":\"KK Ulqini do zhvillon ndeshje miq\u00ebsore jasht\u00eb vendit - Lajme nga Ulqini\",\"isPartOf\":{\"@id\":\"https:\/\/www.visit-ulcinj.com\/blog\/#website\"},\"primaryImageOfPage\":{\"@id\":\"https:\/\/www.visit-ulcinj.com\/blog\/2011\/01\/21\/kk-ulqini-do-zhvillon-ndeshje-miqesore-jashte-vendit\/#primaryimage\"},\"datePublished\":\"2011-01-21T08:08:18+00:00\",\"dateModified\":\"2011-01-21T08:08:18+00:00\",\"author\":{\"@id\":\"https:\/\/www.visit-ulcinj.com\/blog\/#\/schema\/person\/dcab619c614d3038751c63bc2aadc06d\"},\"description\":\"Kampioni aktual dhe lideri i BKT Superlig\u00ebs s\u00eb Kosov\u00ebs n\u00eb Basketboll, Sigal Prishtina, pas dat\u00ebs 24 janar do t\u00eb zhvilloj\u00eb tet\u00eb ndeshje miq\u00ebsore jasht\u00eb\",\"breadcrumb\":{\"@id\":\"https:\/\/www.visit-ulcinj.com\/blog\/2011\/01\/21\/kk-ulqini-do-zhvillon-ndeshje-miqesore-jashte-vendit\/#breadcrumb\"},\"inLanguage\":\"en-US\",\"potentialAction\":[{\"@type\":\"ReadAction\",\"target\":[\"https:\/\/www.visit-ulcinj.com\/blog\/2011\/01\/21\/kk-ulqini-do-zhvillon-ndeshje-miqesore-jashte-vendit\/\"]}]},{\"@type\":\"BreadcrumbList\",\"@id\":\"https:\/\/www.visit-ulcinj.com\/blog\/2011\/01\/21\/kk-ulqini-do-zhvillon-ndeshje-miqesore-jashte-vendit\/#breadcrumb\",\"itemListElement\":[{\"@type\":\"ListItem\",\"position\":1,\"name\":\"KK Ulqini do zhvillon ndeshje miq\u00ebsore jasht\u00eb vendit\"}]},{\"@type\":\"Person\",\"@id\":\"https:\/\/www.visit-ulcinj.com\/blog\/#\/schema\/person\/dcab619c614d3038751c63bc2aadc06d\",\"name\":\"ulqini\",\"sameAs\":[\"http:\/\/www.visit-ulcinj.com\"],\"url\":\"https:\/\/www.visit-ulcinj.com\/blog\/author\/admin\/\"}]}<\/script>\n<!-- \/ Yoast SEO plugin. -->","yoast_head_json":{"title":"KK Ulqini do zhvillon ndeshje miq\u00ebsore jasht\u00eb vendit - Lajme nga Ulqini","description":"Kampioni aktual dhe lideri i BKT Superlig\u00ebs s\u00eb Kosov\u00ebs n\u00eb Basketboll, Sigal Prishtina, pas dat\u00ebs 24 janar do t\u00eb zhvilloj\u00eb tet\u00eb ndeshje miq\u00ebsore jasht\u00eb","robots":{"index":"index","follow":"follow","max-snippet":"max-snippet:-1","max-image-preview":"max-image-preview:large","max-video-preview":"max-video-preview:-1"},"canonical":"https:\/\/www.visit-ulcinj.com\/blog\/2011\/01\/21\/kk-ulqini-do-zhvillon-ndeshje-miqesore-jashte-vendit\/","og_locale":"en_US","og_type":"article","og_title":"KK Ulqini do zhvillon ndeshje miq\u00ebsore jasht\u00eb vendit - Lajme nga Ulqini","og_description":"Kampioni aktual dhe lideri i BKT Superlig\u00ebs s\u00eb Kosov\u00ebs n\u00eb Basketboll, Sigal Prishtina, pas dat\u00ebs 24 janar do t\u00eb zhvilloj\u00eb tet\u00eb ndeshje miq\u00ebsore jasht\u00eb","og_url":"https:\/\/www.visit-ulcinj.com\/blog\/2011\/01\/21\/kk-ulqini-do-zhvillon-ndeshje-miqesore-jashte-vendit\/","og_site_name":"Lajme nga Ulqini","article_published_time":"2011-01-21T08:08:18+00:00","og_image":[{"url":"http:\/\/www.visit-ulcinj.com\/blog\/wp-content\/uploads\/2011\/01\/KB-ULQIN_KK-ULCINJ_picnik.jpg"}],"twitter_misc":{"Written by":"ulqini","Est. reading time":"1 minute"},"schema":{"@context":"https:\/\/schema.org","@graph":[{"@type":"WebSite","@id":"https:\/\/www.visit-ulcinj.com\/blog\/#website","url":"https:\/\/www.visit-ulcinj.com\/blog\/","name":"Lajme nga Ulqini","description":"Lajme,Vijesti,Ulqini,Ulqin,Crna Gora,Mali i Zi","potentialAction":[{"@type":"SearchAction","target":{"@type":"EntryPoint","urlTemplate":"https:\/\/www.visit-ulcinj.com\/blog\/?s={search_term_string}"},"query-input":"required name=search_term_string"}],"inLanguage":"en-US"},{"@type":"ImageObject","inLanguage":"en-US","@id":"https:\/\/www.visit-ulcinj.com\/blog\/2011\/01\/21\/kk-ulqini-do-zhvillon-ndeshje-miqesore-jashte-vendit\/#primaryimage","url":"https:\/\/www.visit-ulcinj.com\/blog\/wp-content\/uploads\/2011\/01\/KB-ULQIN_KK-ULCINJ_picnik.jpg","contentUrl":"https:\/\/www.visit-ulcinj.com\/blog\/wp-content\/uploads\/2011\/01\/KB-ULQIN_KK-ULCINJ_picnik.jpg","width":"577","height":"433"},{"@type":"WebPage","@id":"https:\/\/www.visit-ulcinj.com\/blog\/2011\/01\/21\/kk-ulqini-do-zhvillon-ndeshje-miqesore-jashte-vendit\/#webpage","url":"https:\/\/www.visit-ulcinj.com\/blog\/2011\/01\/21\/kk-ulqini-do-zhvillon-ndeshje-miqesore-jashte-vendit\/","name":"KK Ulqini do zhvillon ndeshje miq\u00ebsore jasht\u00eb vendit - Lajme nga Ulqini","isPartOf":{"@id":"https:\/\/www.visit-ulcinj.com\/blog\/#website"},"primaryImageOfPage":{"@id":"https:\/\/www.visit-ulcinj.com\/blog\/2011\/01\/21\/kk-ulqini-do-zhvillon-ndeshje-miqesore-jashte-vendit\/#primaryimage"},"datePublished":"2011-01-21T08:08:18+00:00","dateModified":"2011-01-21T08:08:18+00:00","author":{"@id":"https:\/\/www.visit-ulcinj.com\/blog\/#\/schema\/person\/dcab619c614d3038751c63bc2aadc06d"},"description":"Kampioni aktual dhe lideri i BKT Superlig\u00ebs s\u00eb Kosov\u00ebs n\u00eb Basketboll, Sigal Prishtina, pas dat\u00ebs 24 janar do t\u00eb zhvilloj\u00eb tet\u00eb ndeshje miq\u00ebsore jasht\u00eb","breadcrumb":{"@id":"https:\/\/www.visit-ulcinj.com\/blog\/2011\/01\/21\/kk-ulqini-do-zhvillon-ndeshje-miqesore-jashte-vendit\/#breadcrumb"},"inLanguage":"en-US","potentialAction":[{"@type":"ReadAction","target":["https:\/\/www.visit-ulcinj.com\/blog\/2011\/01\/21\/kk-ulqini-do-zhvillon-ndeshje-miqesore-jashte-vendit\/"]}]},{"@type":"BreadcrumbList","@id":"https:\/\/www.visit-ulcinj.com\/blog\/2011\/01\/21\/kk-ulqini-do-zhvillon-ndeshje-miqesore-jashte-vendit\/#breadcrumb","itemListElement":[{"@type":"ListItem","position":1,"name":"KK Ulqini do zhvillon ndeshje miq\u00ebsore jasht\u00eb vendit"}]},{"@type":"Person","@id":"https:\/\/www.visit-ulcinj.com\/blog\/#\/schema\/person\/dcab619c614d3038751c63bc2aadc06d","name":"ulqini","sameAs":["http:\/\/www.visit-ulcinj.com"],"url":"https:\/\/www.visit-ulcinj.com\/blog\/author\/admin\/"}]}},"jetpack_featured_media_url":"","jetpack_sharing_enabled":true,"jetpack_shortlink":"https:\/\/wp.me\/pe6lTn-b4T","_links":{"self":[{"href":"https:\/\/www.visit-ulcinj.com\/blog\/wp-json\/wp\/v2\/posts\/42587"}],"collection":[{"href":"https:\/\/www.visit-ulcinj.com\/blog\/wp-json\/wp\/v2\/posts"}],"about":[{"href":"https:\/\/www.visit-ulcinj.com\/blog\/wp-json\/wp\/v2\/types\/post"}],"author":[{"embeddable":true,"href":"https:\/\/www.visit-ulcinj.com\/blog\/wp-json\/wp\/v2\/users\/1"}],"replies":[{"embeddable":true,"href":"https:\/\/www.visit-ulcinj.com\/blog\/wp-json\/wp\/v2\/comments?post=42587"}],"version-history":[{"count":0,"href":"https:\/\/www.visit-ulcinj.com\/blog\/wp-json\/wp\/v2\/posts\/42587\/revisions"}],"wp:attachment":[{"href":"https:\/\/www.visit-ulcinj.com\/blog\/wp-json\/wp\/v2\/media?parent=42587"}],"wp:term":[{"taxonomy":"category","embeddable":true,"href":"https:\/\/www.visit-ulcinj.com\/blog\/wp-json\/wp\/v2\/categories?post=42587"},{"taxonomy":"post_tag","embeddable":true,"href":"https:\/\/www.visit-ulcinj.com\/blog\/wp-json\/wp\/v2\/tags?post=42587"}],"curies":[{"name":"wp","href":"https:\/\/api.w.org\/{rel}","templated":true}]}}