{"id":42597,"date":"2011-01-21T09:47:19","date_gmt":"2011-01-21T08:47:19","guid":{"rendered":"http:\/\/www.visit-ulcinj.com\/blog\/?p=42597"},"modified":"2011-01-21T09:51:43","modified_gmt":"2011-01-21T08:51:43","slug":"fjolla-morina-do-te-beja-gjithcka-per-dashurine","status":"publish","type":"post","link":"https:\/\/www.visit-ulcinj.com\/blog\/2011\/01\/21\/fjolla-morina-do-te-beja-gjithcka-per-dashurine\/","title":{"rendered":"Fjolla Morina: Do te beja gjithcka per dashurine"},"content":{"rendered":"<p><a href=\"http:\/\/www.visit-ulcinj.com\/blog\/wp-content\/uploads\/2011\/01\/Fjolla-Morina.jpg\"><img loading=\"lazy\" class=\"alignleft size-full wp-image-42598\" title=\"Fjolla Morina\" src=\"http:\/\/www.visit-ulcinj.com\/blog\/wp-content\/uploads\/2011\/01\/Fjolla-Morina.jpg\" alt=\"\" width=\"349\" height=\"525\" \/><\/a>Fjolla Morina \u00ebsht\u00eb nj\u00eb tjet\u00ebr k\u00ebng\u00ebtare sharmante nga Kosova. Nuk ka shum\u00eb koh\u00eb q\u00eb \u00ebsht\u00eb shfaqur n\u00eb tregun muzikor, por n\u00eb k\u00ebto koh\u00eb ka l\u00ebn\u00eb gjurm\u00ebt e veta. Muzika p\u00ebr t\u00eb \u00ebsht\u00eb nj\u00eb hobi dhe e till\u00eb do t\u00eb mbetet. Nd\u00ebrsa shpjegon p\u00ebr lidhjet e saj me muzik\u00ebn, kujton se k\u00ebt\u00eb gen e ka t\u00eb trash\u00ebguar nga e \u00ebma.<br \/>\nM\u00eb tej, duke na treguar p\u00ebr jet\u00ebn e saj private rr\u00ebfen se p\u00ebr momentin nuk ka ask\u00ebnd n\u00eb zem\u00ebr dhe se do t\u00eb b\u00ebnte \u00e7do gj\u00eb p\u00ebr dashurin\u00eb. Nd\u00ebrsa p\u00ebr &#8220;Yjet&#8221; dhe &#8220;Divat&#8221; n\u00eb muzik\u00eb Fjolla ka k\u00ebshillat e saj.<\/p>\n<p><strong>Fjolla si ka shkuar kjo periudh\u00eb p\u00ebr ju, me \u00e7far\u00eb jeni marr\u00eb?<\/strong><br \/>\nKoh\u00ebt e fundit jam marr\u00eb me koncerte duke qen\u00eb pjes\u00ebmarr\u00ebse si k\u00ebng\u00ebtare n\u00eb to. Ka qen\u00eb nj\u00eb periudh\u00eb e ngarkuar p\u00ebr mua, por e mir\u00eb.<br \/>\n<strong><\/strong><\/p>\n<p><strong>P\u00ebr t\u00eb gjith\u00eb ata q\u00eb nuk e din\u00eb, \u00e7far\u00eb e lidh Fjoll\u00ebn me muzik\u00ebn?<\/strong><br \/>\nLidhja m\u00eb e madhe me vjen nga mami im. Ajo ka qen\u00eb k\u00ebng\u00ebtare para shum\u00eb vitesh n\u00eb Kosov\u00eb. Ka qen\u00eb pik\u00ebrisht ajo q\u00eb m\u00eb ka shtyr\u00eb t&#8217;i futem muzik\u00ebs dhe ta dua k\u00ebng\u00ebn.<\/p>\n<p><strong>Kur keni k\u00ebnduar p\u00ebr her\u00eb t\u00eb par\u00eb?<\/strong><br \/>\nP\u00ebr her\u00eb t\u00eb par\u00eb kam k\u00ebnduar para 6 vitesh me nj\u00eb k\u00ebng\u00eb timen q\u00eb titullohet &#8220;O pse t\u00eb du&#8221;. Klipin e k\u00ebsaj k\u00ebnge e kam realizuar k\u00ebtu n\u00eb Kosov\u00eb.<\/p>\n<p><strong>\u00c7far\u00eb ju ka shtyr\u00eb m\u00eb tej t\u00eb merreni me muzik\u00eb?<\/strong><br \/>\nPo besoj q\u00eb jam pritur mir\u00eb nga ana publikut kosovar, ai i Maqedonis\u00eb. Nd\u00ebrsa n\u00eb Shqip\u00ebri nuk m\u00eb ka r\u00ebn\u00eb rasti t\u00eb vij shpesh, por shpresoj q\u00eb me pun\u00eb koha do t\u00eb b\u00ebj\u00eb t\u00eb vet\u00ebn. Dhe nga ana tjet\u00ebr, nuk dua t\u00eb ngutem p\u00ebr k\u00ebt\u00eb pun\u00eb q\u00eb b\u00ebj, pasi m\u00eb s\u00eb shumti e kam p\u00ebr hobi.<\/p>\n<p><strong>Kjo \u00ebsht\u00eb e vetmja gj\u00eb q\u00eb po angazhoheni aktualisht, p\u00ebr \u00e7far\u00eb i vazhdoni studimet?<\/strong><br \/>\nStudimet mendoj q\u00eb t&#8217;i filloj k\u00ebt\u00eb vit dhe si vend do t\u00eb zgjedh Tiran\u00ebn, ky \u00ebsht\u00eb mendimi i par\u00eb q\u00eb m\u00eb vjen n\u00eb m\u00ebndje. Po kam edhe nj\u00eb alternativ\u00eb tjet\u00ebr q\u00eb t\u00eb shkoj p\u00ebr nj\u00eb koh\u00eb n\u00eb USA dhe po mendohem shum\u00eb p\u00ebr k\u00ebt\u00eb gj\u00eb, pasi p\u00ebr mua \u00ebsht\u00eb shum\u00eb i r\u00ebnd\u00ebsish\u00ebm shkollimi.<\/p>\n<p><strong><br \/>\n<strong>Na tregoni pak, ku jetoni dhe si e kaloni dit\u00ebn atje?<\/strong><\/strong><br \/>\nJetoj n\u00eb Kosov\u00eb, n\u00eb Prishtin\u00eb. Pjes\u00ebn m\u00eb t\u00eb madhe t\u00eb dit\u00ebs e kaloj me mamin tim, m\u00eb pas me koleget, shoqet, dalim p\u00ebr kafe ose mbr\u00ebmjeve.<br \/>\n<strong><a href=\"http:\/\/www.visit-ulcinj.com\/blog\/wp-content\/uploads\/2011\/01\/Fjolla-Morina.2.jpg\"><img loading=\"lazy\" class=\"alignleft size-full wp-image-42599\" title=\"Fjolla Morina.2\" src=\"http:\/\/www.visit-ulcinj.com\/blog\/wp-content\/uploads\/2011\/01\/Fjolla-Morina.2.jpg\" alt=\"\" width=\"375\" height=\"400\" \/><\/a><br \/>\nSa ju ka ndihmuar pamja e jashtme n\u00eb realizimin e d\u00ebshirave apo objektivave tuaj?<\/strong><br \/>\nNuk mundem t\u00eb them q\u00eb vet\u00ebm pamja e jashtme m\u00eb ka ndihmuar, por dhe investimi i familjar\u00ebve t\u00eb mi q\u00eb m\u00eb kan\u00eb ndihmuar, kuptohet dhe sinqeriteti im.<\/p>\n<p><strong>\u00c7far\u00eb koncepti keni p\u00ebr bukurin\u00eb?<\/strong><br \/>\nPo normal q\u00eb p\u00ebr t\u00eb qen\u00eb nj\u00eb &#8220;Div\u00eb&#8221; sado pak duhet t\u00eb kesh di\u00e7ka te pamja e jashtme q\u00eb t\u00eb t\u00ebrheq\u00ebsh publikun dhe gj\u00ebrat e tjera pastaj&#8230;<br \/>\n<strong><\/strong><\/p>\n<p><strong>Jeni ju nj\u00eb vajz\u00eb e bukur?<\/strong><br \/>\nM\u00eb thon\u00eb q\u00eb syt\u00eb i kam shum\u00eb t\u00eb bukur, kineze me th\u00ebrrasin (qesh)&#8230;i ngjaj shum\u00eb babit tim.<br \/>\n<strong><\/strong><\/p>\n<p><strong>Sa k\u00ebng\u00eb keni publikuar deri m\u00eb tani, e keni n\u00eb plan nj\u00eb album?<\/strong><br \/>\nPo, deri m\u00eb tani kam punuar 13 k\u00ebng\u00eb, n\u00eb Maqedoni me kompozitor maqedonas dhe tekstshkruesin Avni Qailinapo dhe disa k\u00ebng\u00eb do t&#8217;i p\u00ebrfundoj dhe do ta editoj s\u00eb shpejti nj\u00eb album.<br \/>\n<strong><\/strong><\/p>\n<p><strong>A e ka zemr\u00ebn e z\u00ebn\u00eb Fjolla?<\/strong><br \/>\nJo, ende s&#8217;e kam t\u00eb z\u00ebn\u00eb. P\u00ebr momentin mendoj t\u00eb mos ia fal askujt, por vet\u00ebm muzik\u00ebs, ka koh\u00eb (qesh).<\/p>\n<p><strong><br \/>\n<strong>Keni ju nj\u00eb mashkull ideal, si duhet t\u00eb jet\u00eb ai?<\/strong><\/strong><br \/>\nPo, t\u00eb jet\u00eb zeshkan dhe me karakter t\u00eb fort\u00eb.<br \/>\n<strong><\/strong><\/p>\n<p><strong>Cila \u00ebsht\u00eb \u00e7menduria m\u00eb e madhe q\u00eb keni b\u00ebr\u00eb p\u00ebr dashurin\u00eb?<\/strong><br \/>\nAsnj\u00ebher\u00eb nuk kam b\u00ebr\u00eb ndonj\u00eb \u00e7menduri p\u00ebr dashurin\u00eb, por n\u00ebse do ta dua dik\u00eb shum\u00eb, jam n\u00eb gjendje t\u00eb b\u00ebj gjith\u00e7ka p\u00ebr t\u00eb, si \u00e7do fem\u00ebr e dashuruar.<br \/>\n<strong><a href=\"http:\/\/www.visit-ulcinj.com\/blog\/wp-content\/uploads\/2011\/01\/Fjolla-Morina.1.jpg\"><img loading=\"lazy\" class=\"alignleft size-full wp-image-42600\" title=\"Fjolla Morina.1\" src=\"http:\/\/www.visit-ulcinj.com\/blog\/wp-content\/uploads\/2011\/01\/Fjolla-Morina.1.jpg\" alt=\"\" width=\"350\" height=\"525\" \/><\/a><br \/>\nSa mendoni se \u00ebsht\u00eb e r\u00ebnd\u00ebsishme bukuria n\u00eb profesionet e t&#8217;ua?<\/strong><br \/>\nPo nj\u00eb &#8220;Yll&#8221; q\u00eb merret me art besoj q\u00eb duhet t\u00eb ket\u00eb di\u00e7ka te vetja p\u00ebr artin.<br \/>\n<strong><\/strong><\/p>\n<p><strong>\u00c7far\u00eb marr\u00ebdh\u00ebniesh keni me operacionet plastike, pse mendoni se ato jan\u00eb t\u00eb nevojshme? <\/strong><br \/>\nUn\u00eb nuk kap pas nevoj\u00eb t\u00eb b\u00ebj, por nj\u00eb yll i muzike, n\u00eb qoft\u00eb se i duhet, l\u00eb ta b\u00ebj\u00eb se \u00ebsht\u00eb para kamerave gjithmon\u00eb dhe pse mos t\u00eb investoj\u00eb n\u00eb veten e vet. Ky \u00ebsht\u00eb mendimi im.<\/p>\n<p><strong>Do t\u00eb marr\u00ebsh pjes\u00eb n\u00eb ndonj\u00eb festival?<\/strong><br \/>\nJo, tani p\u00ebr tani nuk kam nd\u00ebrmend t\u00eb marr pjes\u00eb n\u00eb asnj\u00eb festival.<br \/>\n<strong><\/strong><\/p>\n<p><strong>Me duket sikur i ngjani nj\u00eb personazhi t\u00eb njohur&#8230; Ju kan\u00eb th\u00ebn\u00eb q\u00eb i ngjani dikujt?<\/strong><br \/>\nPo m\u00eb kan\u00eb th\u00ebn\u00eb q\u00eb i ngjaj Kim Kardeshain m\u00eb s\u00eb shumti. Genta Ismajli m\u00eb thot\u00eb se i ngjaj Mariah Kerit (qesh) nuk e di, vetvetes m\u00eb mir\u00eb&#8230;<br \/>\n<strong><\/strong><\/p>\n<p><strong>Cilat jan\u00eb ambiciet n\u00eb bot\u00ebn e muzik\u00ebs, deri ku shkojn\u00eb d\u00ebshirat e t&#8217;ua. \u00c7far\u00eb doni t\u00eb arrini?<\/strong><br \/>\nUn\u00eb nuk ngutem p\u00ebr muzik\u00eb fare, ato q\u00eb dua i arrij. I lutem Zotit vet\u00ebm t\u00eb jem mir\u00eb, nuk dua t\u00eb flas m\u00eb shum\u00eb p\u00ebr veten time, premtoj m\u00eb shum\u00eb se do t\u00eb punoj dhe ia l\u00eb publikut ta vler\u00ebsoj\u00eb.<br \/>\n<strong><\/strong><\/p>\n<p><strong>\u00c7far\u00eb do t\u00eb b\u00ebje p\u00ebr t\u00eb qen\u00eb e famshme?<\/strong><br \/>\nP\u00ebr t\u00eb qen\u00eb e famshme k\u00ebtu tek ne duhet t\u00eb kesh di\u00e7ka t\u00eb mir\u00eb te vetja duhet kesh edhe z\u00ebrin, pastaj p\u00ebrpunohet si shum\u00eb tjera q\u00eb e kan\u00eb p\u00ebrpunuar me p\u00ebrvoj\u00ebn e pun\u00ebs dhe t\u00eb kesh kushte t\u00eb mira t\u00eb investosh n\u00eb vete.<br \/>\n\u00c7far\u00eb do t\u00eb thot\u00eb p\u00ebr ju t\u00eb jeni fem\u00ebr e pavarur, a jeni ju e till\u00eb?<br \/>\nKuptohet te ne \u00ebsht\u00eb v\u00ebshtir\u00eb p\u00ebr profesionin ton\u00eb, se harxhojm\u00eb shum\u00eb.<br \/>\n<strong><\/strong><\/p>\n<p><strong>\u00c7far\u00eb ju trishton m\u00eb shum\u00eb?<\/strong><br \/>\nM\u00eb s\u00eb shumti m\u00eb trishtojn\u00eb njer\u00ebzit q\u00eb nuk b\u00ebjn\u00eb nj\u00eb jet\u00eb t\u00eb mir\u00eb dhe normal, sidomos f\u00ebmij\u00ebt, kjo \u00ebsht\u00eb pika ime e dob\u00ebt. Edhe pse kurr\u00eb s&#8217;i kam par\u00eb e nuk i njoh, kur i shoh filloj qaj dhe mundohem me gjith\u00eb forc\u00ebn time t&#8217;i ndihmoj.<br \/>\n<strong><\/strong><\/p>\n<p><strong>Dhe nj\u00eb pyetje t\u00eb fundit, q\u00eb ndoshta mund t\u00eb na thoni di\u00e7ka n\u00eb lidhje me sherrin mes mikes suaj Rozana Radi dhe k\u00ebng\u00ebtares Rezarta Shkurta?<\/strong><br \/>\nP\u00ebr miken time m\u00eb vjen shum\u00eb keq q\u00eb e kam par\u00eb n\u00eb at\u00eb gjendje se \u00ebsht\u00eb nj\u00eb mikesh\u00eb shum\u00eb e mir\u00eb, jo vet\u00ebm p\u00ebr mua, por p\u00ebr gjith\u00eb Kosov\u00ebn. Kemi shum\u00eb respekt, urojm\u00eb t&#8217;i ket\u00eb kaluar!<\/p>\n<p><strong>Gazeta Shekulli<br \/>\n<!--YouTube Error: bad URL entered--><\/strong><\/p>\n","protected":false},"excerpt":{"rendered":"<p>Fjolla Morina \u00ebsht\u00eb nj\u00eb tjet\u00ebr k\u00ebng\u00ebtare sharmante nga Kosova. Nuk ka shum\u00eb koh\u00eb q\u00eb \u00ebsht\u00eb shfaqur n\u00eb tregun muzikor, por n\u00eb k\u00ebto koh\u00eb ka l\u00ebn\u00eb gjurm\u00ebt e veta. Muzika p\u00ebr t\u00eb \u00ebsht\u00eb nj\u00eb hobi dhe e till\u00eb do t\u00eb mbetet. Nd\u00ebrsa shpjegon p\u00ebr lidhjet e saj me muzik\u00ebn, kujton se k\u00ebt\u00eb gen e ka t\u00eb [&hellip;]<\/p>\n","protected":false},"author":1,"featured_media":0,"comment_status":"open","ping_status":"closed","sticky":false,"template":"","format":"standard","meta":{"spay_email":"","jetpack_publicize_message":"","jetpack_is_tweetstorm":false,"jetpack_publicize_feature_enabled":true},"categories":[1],"tags":[15948],"jetpack_publicize_connections":[],"yoast_head":"<!-- This site is optimized with the Yoast SEO plugin v19.1 - https:\/\/yoast.com\/wordpress\/plugins\/seo\/ -->\n<title>Fjolla Morina: Do te beja gjithcka per dashurine - Lajme nga Ulqini<\/title>\n<meta name=\"description\" content=\"Fjolla Morina \u00ebsht\u00eb nj\u00eb tjet\u00ebr k\u00ebng\u00ebtare sharmante nga Kosova. Nuk ka shum\u00eb koh\u00eb q\u00eb \u00ebsht\u00eb shfaqur n\u00eb tregun muzikor, por n\u00eb k\u00ebto koh\u00eb ka l\u00ebn\u00eb gjurm\u00ebt e\" \/>\n<meta name=\"robots\" content=\"index, follow, max-snippet:-1, max-image-preview:large, max-video-preview:-1\" \/>\n<link rel=\"canonical\" href=\"https:\/\/www.visit-ulcinj.com\/blog\/2011\/01\/21\/fjolla-morina-do-te-beja-gjithcka-per-dashurine\/\" \/>\n<meta property=\"og:locale\" content=\"en_US\" \/>\n<meta property=\"og:type\" content=\"article\" \/>\n<meta property=\"og:title\" content=\"Fjolla Morina: Do te beja gjithcka per dashurine - Lajme nga Ulqini\" \/>\n<meta property=\"og:description\" content=\"Fjolla Morina \u00ebsht\u00eb nj\u00eb tjet\u00ebr k\u00ebng\u00ebtare sharmante nga Kosova. Nuk ka shum\u00eb koh\u00eb q\u00eb \u00ebsht\u00eb shfaqur n\u00eb tregun muzikor, por n\u00eb k\u00ebto koh\u00eb ka l\u00ebn\u00eb gjurm\u00ebt e\" \/>\n<meta property=\"og:url\" content=\"https:\/\/www.visit-ulcinj.com\/blog\/2011\/01\/21\/fjolla-morina-do-te-beja-gjithcka-per-dashurine\/\" \/>\n<meta property=\"og:site_name\" content=\"Lajme nga Ulqini\" \/>\n<meta property=\"article:published_time\" content=\"2011-01-21T08:47:19+00:00\" \/>\n<meta property=\"article:modified_time\" content=\"2011-01-21T08:51:43+00:00\" \/>\n<meta property=\"og:image\" content=\"http:\/\/www.visit-ulcinj.com\/blog\/wp-content\/uploads\/2011\/01\/Fjolla-Morina.jpg\" \/>\n<meta name=\"twitter:label1\" content=\"Written by\" \/>\n\t<meta name=\"twitter:data1\" content=\"ulqini\" \/>\n\t<meta name=\"twitter:label2\" content=\"Est. reading time\" \/>\n\t<meta name=\"twitter:data2\" content=\"6 minutes\" \/>\n<script type=\"application\/ld+json\" class=\"yoast-schema-graph\">{\"@context\":\"https:\/\/schema.org\",\"@graph\":[{\"@type\":\"WebSite\",\"@id\":\"https:\/\/www.visit-ulcinj.com\/blog\/#website\",\"url\":\"https:\/\/www.visit-ulcinj.com\/blog\/\",\"name\":\"Lajme nga Ulqini\",\"description\":\"Lajme,Vijesti,Ulqini,Ulqin,Crna Gora,Mali i Zi\",\"potentialAction\":[{\"@type\":\"SearchAction\",\"target\":{\"@type\":\"EntryPoint\",\"urlTemplate\":\"https:\/\/www.visit-ulcinj.com\/blog\/?s={search_term_string}\"},\"query-input\":\"required name=search_term_string\"}],\"inLanguage\":\"en-US\"},{\"@type\":\"ImageObject\",\"inLanguage\":\"en-US\",\"@id\":\"https:\/\/www.visit-ulcinj.com\/blog\/2011\/01\/21\/fjolla-morina-do-te-beja-gjithcka-per-dashurine\/#primaryimage\",\"url\":\"http:\/\/www.visit-ulcinj.com\/blog\/wp-content\/uploads\/2011\/01\/Fjolla-Morina.jpg\",\"contentUrl\":\"http:\/\/www.visit-ulcinj.com\/blog\/wp-content\/uploads\/2011\/01\/Fjolla-Morina.jpg\"},{\"@type\":\"WebPage\",\"@id\":\"https:\/\/www.visit-ulcinj.com\/blog\/2011\/01\/21\/fjolla-morina-do-te-beja-gjithcka-per-dashurine\/#webpage\",\"url\":\"https:\/\/www.visit-ulcinj.com\/blog\/2011\/01\/21\/fjolla-morina-do-te-beja-gjithcka-per-dashurine\/\",\"name\":\"Fjolla Morina: Do te beja gjithcka per dashurine - Lajme nga Ulqini\",\"isPartOf\":{\"@id\":\"https:\/\/www.visit-ulcinj.com\/blog\/#website\"},\"primaryImageOfPage\":{\"@id\":\"https:\/\/www.visit-ulcinj.com\/blog\/2011\/01\/21\/fjolla-morina-do-te-beja-gjithcka-per-dashurine\/#primaryimage\"},\"datePublished\":\"2011-01-21T08:47:19+00:00\",\"dateModified\":\"2011-01-21T08:51:43+00:00\",\"author\":{\"@id\":\"https:\/\/www.visit-ulcinj.com\/blog\/#\/schema\/person\/dcab619c614d3038751c63bc2aadc06d\"},\"description\":\"Fjolla Morina \u00ebsht\u00eb nj\u00eb tjet\u00ebr k\u00ebng\u00ebtare sharmante nga Kosova. Nuk ka shum\u00eb koh\u00eb q\u00eb \u00ebsht\u00eb shfaqur n\u00eb tregun muzikor, por n\u00eb k\u00ebto koh\u00eb ka l\u00ebn\u00eb gjurm\u00ebt e\",\"breadcrumb\":{\"@id\":\"https:\/\/www.visit-ulcinj.com\/blog\/2011\/01\/21\/fjolla-morina-do-te-beja-gjithcka-per-dashurine\/#breadcrumb\"},\"inLanguage\":\"en-US\",\"potentialAction\":[{\"@type\":\"ReadAction\",\"target\":[\"https:\/\/www.visit-ulcinj.com\/blog\/2011\/01\/21\/fjolla-morina-do-te-beja-gjithcka-per-dashurine\/\"]}]},{\"@type\":\"BreadcrumbList\",\"@id\":\"https:\/\/www.visit-ulcinj.com\/blog\/2011\/01\/21\/fjolla-morina-do-te-beja-gjithcka-per-dashurine\/#breadcrumb\",\"itemListElement\":[{\"@type\":\"ListItem\",\"position\":1,\"name\":\"Fjolla Morina: Do te beja gjithcka per dashurine\"}]},{\"@type\":\"Person\",\"@id\":\"https:\/\/www.visit-ulcinj.com\/blog\/#\/schema\/person\/dcab619c614d3038751c63bc2aadc06d\",\"name\":\"ulqini\",\"sameAs\":[\"http:\/\/www.visit-ulcinj.com\"],\"url\":\"https:\/\/www.visit-ulcinj.com\/blog\/author\/admin\/\"}]}<\/script>\n<!-- \/ Yoast SEO plugin. -->","yoast_head_json":{"title":"Fjolla Morina: Do te beja gjithcka per dashurine - Lajme nga Ulqini","description":"Fjolla Morina \u00ebsht\u00eb nj\u00eb tjet\u00ebr k\u00ebng\u00ebtare sharmante nga Kosova. Nuk ka shum\u00eb koh\u00eb q\u00eb \u00ebsht\u00eb shfaqur n\u00eb tregun muzikor, por n\u00eb k\u00ebto koh\u00eb ka l\u00ebn\u00eb gjurm\u00ebt e","robots":{"index":"index","follow":"follow","max-snippet":"max-snippet:-1","max-image-preview":"max-image-preview:large","max-video-preview":"max-video-preview:-1"},"canonical":"https:\/\/www.visit-ulcinj.com\/blog\/2011\/01\/21\/fjolla-morina-do-te-beja-gjithcka-per-dashurine\/","og_locale":"en_US","og_type":"article","og_title":"Fjolla Morina: Do te beja gjithcka per dashurine - Lajme nga Ulqini","og_description":"Fjolla Morina \u00ebsht\u00eb nj\u00eb tjet\u00ebr k\u00ebng\u00ebtare sharmante nga Kosova. Nuk ka shum\u00eb koh\u00eb q\u00eb \u00ebsht\u00eb shfaqur n\u00eb tregun muzikor, por n\u00eb k\u00ebto koh\u00eb ka l\u00ebn\u00eb gjurm\u00ebt e","og_url":"https:\/\/www.visit-ulcinj.com\/blog\/2011\/01\/21\/fjolla-morina-do-te-beja-gjithcka-per-dashurine\/","og_site_name":"Lajme nga Ulqini","article_published_time":"2011-01-21T08:47:19+00:00","article_modified_time":"2011-01-21T08:51:43+00:00","og_image":[{"url":"http:\/\/www.visit-ulcinj.com\/blog\/wp-content\/uploads\/2011\/01\/Fjolla-Morina.jpg"}],"twitter_misc":{"Written by":"ulqini","Est. reading time":"6 minutes"},"schema":{"@context":"https:\/\/schema.org","@graph":[{"@type":"WebSite","@id":"https:\/\/www.visit-ulcinj.com\/blog\/#website","url":"https:\/\/www.visit-ulcinj.com\/blog\/","name":"Lajme nga Ulqini","description":"Lajme,Vijesti,Ulqini,Ulqin,Crna Gora,Mali i Zi","potentialAction":[{"@type":"SearchAction","target":{"@type":"EntryPoint","urlTemplate":"https:\/\/www.visit-ulcinj.com\/blog\/?s={search_term_string}"},"query-input":"required name=search_term_string"}],"inLanguage":"en-US"},{"@type":"ImageObject","inLanguage":"en-US","@id":"https:\/\/www.visit-ulcinj.com\/blog\/2011\/01\/21\/fjolla-morina-do-te-beja-gjithcka-per-dashurine\/#primaryimage","url":"http:\/\/www.visit-ulcinj.com\/blog\/wp-content\/uploads\/2011\/01\/Fjolla-Morina.jpg","contentUrl":"http:\/\/www.visit-ulcinj.com\/blog\/wp-content\/uploads\/2011\/01\/Fjolla-Morina.jpg"},{"@type":"WebPage","@id":"https:\/\/www.visit-ulcinj.com\/blog\/2011\/01\/21\/fjolla-morina-do-te-beja-gjithcka-per-dashurine\/#webpage","url":"https:\/\/www.visit-ulcinj.com\/blog\/2011\/01\/21\/fjolla-morina-do-te-beja-gjithcka-per-dashurine\/","name":"Fjolla Morina: Do te beja gjithcka per dashurine - Lajme nga Ulqini","isPartOf":{"@id":"https:\/\/www.visit-ulcinj.com\/blog\/#website"},"primaryImageOfPage":{"@id":"https:\/\/www.visit-ulcinj.com\/blog\/2011\/01\/21\/fjolla-morina-do-te-beja-gjithcka-per-dashurine\/#primaryimage"},"datePublished":"2011-01-21T08:47:19+00:00","dateModified":"2011-01-21T08:51:43+00:00","author":{"@id":"https:\/\/www.visit-ulcinj.com\/blog\/#\/schema\/person\/dcab619c614d3038751c63bc2aadc06d"},"description":"Fjolla Morina \u00ebsht\u00eb nj\u00eb tjet\u00ebr k\u00ebng\u00ebtare sharmante nga Kosova. Nuk ka shum\u00eb koh\u00eb q\u00eb \u00ebsht\u00eb shfaqur n\u00eb tregun muzikor, por n\u00eb k\u00ebto koh\u00eb ka l\u00ebn\u00eb gjurm\u00ebt e","breadcrumb":{"@id":"https:\/\/www.visit-ulcinj.com\/blog\/2011\/01\/21\/fjolla-morina-do-te-beja-gjithcka-per-dashurine\/#breadcrumb"},"inLanguage":"en-US","potentialAction":[{"@type":"ReadAction","target":["https:\/\/www.visit-ulcinj.com\/blog\/2011\/01\/21\/fjolla-morina-do-te-beja-gjithcka-per-dashurine\/"]}]},{"@type":"BreadcrumbList","@id":"https:\/\/www.visit-ulcinj.com\/blog\/2011\/01\/21\/fjolla-morina-do-te-beja-gjithcka-per-dashurine\/#breadcrumb","itemListElement":[{"@type":"ListItem","position":1,"name":"Fjolla Morina: Do te beja gjithcka per dashurine"}]},{"@type":"Person","@id":"https:\/\/www.visit-ulcinj.com\/blog\/#\/schema\/person\/dcab619c614d3038751c63bc2aadc06d","name":"ulqini","sameAs":["http:\/\/www.visit-ulcinj.com"],"url":"https:\/\/www.visit-ulcinj.com\/blog\/author\/admin\/"}]}},"jetpack_featured_media_url":"","jetpack_sharing_enabled":true,"jetpack_shortlink":"https:\/\/wp.me\/pe6lTn-b53","_links":{"self":[{"href":"https:\/\/www.visit-ulcinj.com\/blog\/wp-json\/wp\/v2\/posts\/42597"}],"collection":[{"href":"https:\/\/www.visit-ulcinj.com\/blog\/wp-json\/wp\/v2\/posts"}],"about":[{"href":"https:\/\/www.visit-ulcinj.com\/blog\/wp-json\/wp\/v2\/types\/post"}],"author":[{"embeddable":true,"href":"https:\/\/www.visit-ulcinj.com\/blog\/wp-json\/wp\/v2\/users\/1"}],"replies":[{"embeddable":true,"href":"https:\/\/www.visit-ulcinj.com\/blog\/wp-json\/wp\/v2\/comments?post=42597"}],"version-history":[{"count":0,"href":"https:\/\/www.visit-ulcinj.com\/blog\/wp-json\/wp\/v2\/posts\/42597\/revisions"}],"wp:attachment":[{"href":"https:\/\/www.visit-ulcinj.com\/blog\/wp-json\/wp\/v2\/media?parent=42597"}],"wp:term":[{"taxonomy":"category","embeddable":true,"href":"https:\/\/www.visit-ulcinj.com\/blog\/wp-json\/wp\/v2\/categories?post=42597"},{"taxonomy":"post_tag","embeddable":true,"href":"https:\/\/www.visit-ulcinj.com\/blog\/wp-json\/wp\/v2\/tags?post=42597"}],"curies":[{"name":"wp","href":"https:\/\/api.w.org\/{rel}","templated":true}]}}