{"id":426,"date":"2008-02-07T16:19:13","date_gmt":"2008-02-07T21:19:13","guid":{"rendered":"http:\/\/www.visit-ulcinj.com\/blog\/2008\/02\/07\/il-montenegro-partecipa-al-7-pq-di-ricerca-dell%e2%80%99ue\/"},"modified":"2008-02-12T14:46:54","modified_gmt":"2008-02-12T19:46:54","slug":"il-montenegro-partecipa-al-7-pq-di-ricerca-dell%e2%80%99ue","status":"publish","type":"post","link":"https:\/\/www.visit-ulcinj.com\/blog\/2008\/02\/07\/il-montenegro-partecipa-al-7-pq-di-ricerca-dell%e2%80%99ue\/","title":{"rendered":"Il Montenegro partecipa al 7 PQ di ricerca dell\u2019UE"},"content":{"rendered":"<p><img loading=\"lazy\" src=\"http:\/\/upload.wikimedia.org\/wikipedia\/commons\/thumb\/b\/b3\/Eu_flag.svg\/800px-Eu_flag.svg.png\" align=\"left\" height=\"121\" hspace=\"2\" vspace=\"2\" width=\"157\" \/>Il Montenegro ha firmato nei giorni scorsi un memorandum d\u2019intesa con la Commissione europea che gli consente pieno accesso al Settimo programma quadro di ricerca della UE (7PQ)nel periodo 2007-2013. Lo status di &#8220;paese associato&#8221; consentir\u00e0 al Montenegro di partecipare a tutti gli inviti a presentare proposte e di competere su base paritaria con gli Stati membri della UE per azioni di ricerca,<!--more--> cooperazione e sostegno finanziate dal 7PQ a partire dal 1\u00b0 gennaio 2008. L\u2019accordo in questione pu\u00f2 quindi essere visto come un passo importante nel processo di richiesta di adesione alla UE e consentir\u00e0 ai ricercatori, alle universit\u00e0 e alle societ\u00e0 montenegrine di istituire collegamenti con le loro controparti in Europa e di incrementare le proprie competenze scientifiche, anche nei settori fondamentali per dare attuazione al corpus legislativo della UE. Con l\u2019adesione del Montenegro tutti i paesi dei Balcani occidentali, con l\u2019eccezione della Bosnia-Erzegovina, sono associati alle attivit\u00e0 di ricerca dell\u2019Unione europea. &#8220;La decisione odierna \u00e8 molto importante e positiva, non solo per il futuro scientifico del Montenegro ma anche per il suo futuro politico. La sua piena partecipazione al programma quadro di ricerca permette al Montenegro di entrare nello Spazio europeo della ricerca e costituisce, a mio avviso, una tappa importante per aiutare il paese balcanico a prepararsi all\u2019adesione alla UE&#8221;, ha dichiarato il commissario europeo per la scienza e la ricerca Janez Poto?nik. &#8220;Oltre a creare rapporti con ricercatori e societ\u00e0 di tutta l\u2019Europa, il Montenegro avr\u00e0 nuove opportunit\u00e0 di lavorare con i suoi partner regionali per affrontare sfide comuni&#8221;.<br \/>\nIl Settimo programma quadro di ricerca sostiene la ricerca scientifica nella UE e nel pi\u00f9 ampio Spazio europeo della ricerca e ha una dotazione di circa 55 milioni di euro per una durata di 7 anni (2007-2013). Il programma permette di finanziare la ricerca cooperativa in settori strategici quali la salute, l\u2019energia, le tecnologie dell\u2019informazione, le nanotecnologie o i trasporti. Il 7PQ stimola inoltre la mobilit\u00e0 dei ricercatori grazie alle borse Marie Curie e offre programmi speciali a sostegno della creazione di capacit\u00e0, quali le infrastrutture di ricerca, la ricerca per le piccole e medie imprese e la scienza e societ\u00e0. Il programma contiene disposizioni per inviti a presentare proposte destinati ai paesi dei Balcani occidentali e azioni di cooperazione internazionale finalizzate a migliorare il dialogo tra i partner regionali.<br \/>\nL\u2019associazione al 7PQ implica che i paesi associati possono competere nell\u2019ambito del programma sulle stesse basi degli Stati membri della UE e crea opportunit\u00e0 di ricerca per la comunit\u00e0 scientifica europea. Tradizionalmente i paesi balcanici dispongono di una solida base scientifica e una pi\u00f9 stretta cooperazione con la UE nel campo della ricerca non potr\u00e0 che consentire un flusso pi\u00f9 intenso di idee e persone e un transfer di tecnologie.<\/p>\n<p><a href=\"http:\/\/www.etribuna.com\/\" target=\"_blank\">www.etribuna.com\/<\/a><\/p>\n","protected":false},"excerpt":{"rendered":"<p><img loading=\"lazy\" src=\"http:\/\/upload.wikimedia.org\/wikipedia\/commons\/thumb\/b\/b3\/Eu_flag.svg\/800px-Eu_flag.svg.png\" height=\"140\"  width=\"140\" \/><\/p>\n","protected":false},"author":1,"featured_media":0,"comment_status":"open","ping_status":"closed","sticky":false,"template":"","format":"standard","meta":{"spay_email":"","jetpack_publicize_message":"","jetpack_is_tweetstorm":false,"jetpack_publicize_feature_enabled":true},"categories":[12],"tags":[],"jetpack_publicize_connections":[],"yoast_head":"<!-- This site is optimized with the Yoast SEO plugin v19.1 - https:\/\/yoast.com\/wordpress\/plugins\/seo\/ -->\n<title>Il Montenegro partecipa al 7 PQ di ricerca dell\u2019UE  - Lajme nga Ulqini<\/title>\n<meta name=\"robots\" content=\"index, follow, max-snippet:-1, max-image-preview:large, max-video-preview:-1\" \/>\n<link rel=\"canonical\" href=\"https:\/\/www.visit-ulcinj.com\/blog\/2008\/02\/07\/il-montenegro-partecipa-al-7-pq-di-ricerca-dell\u2019ue\/\" \/>\n<meta property=\"og:locale\" content=\"en_US\" \/>\n<meta property=\"og:type\" content=\"article\" \/>\n<meta property=\"og:title\" content=\"Il Montenegro partecipa al 7 PQ di ricerca dell\u2019UE  - Lajme nga Ulqini\" \/>\n<meta property=\"og:url\" content=\"https:\/\/www.visit-ulcinj.com\/blog\/2008\/02\/07\/il-montenegro-partecipa-al-7-pq-di-ricerca-dell\u2019ue\/\" \/>\n<meta property=\"og:site_name\" content=\"Lajme nga Ulqini\" \/>\n<meta property=\"article:published_time\" content=\"2008-02-07T21:19:13+00:00\" \/>\n<meta property=\"article:modified_time\" content=\"2008-02-12T19:46:54+00:00\" \/>\n<meta property=\"og:image\" content=\"http:\/\/upload.wikimedia.org\/wikipedia\/commons\/thumb\/b\/b3\/Eu_flag.svg\/800px-Eu_flag.svg.png\" \/>\n<meta name=\"twitter:label1\" content=\"Written by\" \/>\n\t<meta name=\"twitter:data1\" content=\"ulqini\" \/>\n\t<meta name=\"twitter:label2\" content=\"Est. reading time\" \/>\n\t<meta name=\"twitter:data2\" content=\"2 minutes\" \/>\n<script type=\"application\/ld+json\" class=\"yoast-schema-graph\">{\"@context\":\"https:\/\/schema.org\",\"@graph\":[{\"@type\":\"WebSite\",\"@id\":\"https:\/\/www.visit-ulcinj.com\/blog\/#website\",\"url\":\"https:\/\/www.visit-ulcinj.com\/blog\/\",\"name\":\"Lajme nga Ulqini\",\"description\":\"Lajme,Vijesti,Ulqini,Ulqin,Crna Gora,Mali i Zi\",\"potentialAction\":[{\"@type\":\"SearchAction\",\"target\":{\"@type\":\"EntryPoint\",\"urlTemplate\":\"https:\/\/www.visit-ulcinj.com\/blog\/?s={search_term_string}\"},\"query-input\":\"required name=search_term_string\"}],\"inLanguage\":\"en-US\"},{\"@type\":\"ImageObject\",\"inLanguage\":\"en-US\",\"@id\":\"https:\/\/www.visit-ulcinj.com\/blog\/2008\/02\/07\/il-montenegro-partecipa-al-7-pq-di-ricerca-dell%e2%80%99ue\/#primaryimage\",\"url\":\"http:\/\/upload.wikimedia.org\/wikipedia\/commons\/thumb\/b\/b3\/Eu_flag.svg\/800px-Eu_flag.svg.png\",\"contentUrl\":\"http:\/\/upload.wikimedia.org\/wikipedia\/commons\/thumb\/b\/b3\/Eu_flag.svg\/800px-Eu_flag.svg.png\"},{\"@type\":\"WebPage\",\"@id\":\"https:\/\/www.visit-ulcinj.com\/blog\/2008\/02\/07\/il-montenegro-partecipa-al-7-pq-di-ricerca-dell%e2%80%99ue\/#webpage\",\"url\":\"https:\/\/www.visit-ulcinj.com\/blog\/2008\/02\/07\/il-montenegro-partecipa-al-7-pq-di-ricerca-dell%e2%80%99ue\/\",\"name\":\"Il Montenegro partecipa al 7 PQ di ricerca dell\u2019UE - Lajme nga Ulqini\",\"isPartOf\":{\"@id\":\"https:\/\/www.visit-ulcinj.com\/blog\/#website\"},\"primaryImageOfPage\":{\"@id\":\"https:\/\/www.visit-ulcinj.com\/blog\/2008\/02\/07\/il-montenegro-partecipa-al-7-pq-di-ricerca-dell%e2%80%99ue\/#primaryimage\"},\"datePublished\":\"2008-02-07T21:19:13+00:00\",\"dateModified\":\"2008-02-12T19:46:54+00:00\",\"author\":{\"@id\":\"https:\/\/www.visit-ulcinj.com\/blog\/#\/schema\/person\/dcab619c614d3038751c63bc2aadc06d\"},\"breadcrumb\":{\"@id\":\"https:\/\/www.visit-ulcinj.com\/blog\/2008\/02\/07\/il-montenegro-partecipa-al-7-pq-di-ricerca-dell%e2%80%99ue\/#breadcrumb\"},\"inLanguage\":\"en-US\",\"potentialAction\":[{\"@type\":\"ReadAction\",\"target\":[\"https:\/\/www.visit-ulcinj.com\/blog\/2008\/02\/07\/il-montenegro-partecipa-al-7-pq-di-ricerca-dell%e2%80%99ue\/\"]}]},{\"@type\":\"BreadcrumbList\",\"@id\":\"https:\/\/www.visit-ulcinj.com\/blog\/2008\/02\/07\/il-montenegro-partecipa-al-7-pq-di-ricerca-dell%e2%80%99ue\/#breadcrumb\",\"itemListElement\":[{\"@type\":\"ListItem\",\"position\":1,\"name\":\"Il Montenegro partecipa al 7 PQ di ricerca dell\u2019UE\"}]},{\"@type\":\"Person\",\"@id\":\"https:\/\/www.visit-ulcinj.com\/blog\/#\/schema\/person\/dcab619c614d3038751c63bc2aadc06d\",\"name\":\"ulqini\",\"sameAs\":[\"http:\/\/www.visit-ulcinj.com\"],\"url\":\"https:\/\/www.visit-ulcinj.com\/blog\/author\/admin\/\"}]}<\/script>\n<!-- \/ Yoast SEO plugin. -->","yoast_head_json":{"title":"Il Montenegro partecipa al 7 PQ di ricerca dell\u2019UE  - Lajme nga Ulqini","robots":{"index":"index","follow":"follow","max-snippet":"max-snippet:-1","max-image-preview":"max-image-preview:large","max-video-preview":"max-video-preview:-1"},"canonical":"https:\/\/www.visit-ulcinj.com\/blog\/2008\/02\/07\/il-montenegro-partecipa-al-7-pq-di-ricerca-dell\u2019ue\/","og_locale":"en_US","og_type":"article","og_title":"Il Montenegro partecipa al 7 PQ di ricerca dell\u2019UE  - Lajme nga Ulqini","og_url":"https:\/\/www.visit-ulcinj.com\/blog\/2008\/02\/07\/il-montenegro-partecipa-al-7-pq-di-ricerca-dell\u2019ue\/","og_site_name":"Lajme nga Ulqini","article_published_time":"2008-02-07T21:19:13+00:00","article_modified_time":"2008-02-12T19:46:54+00:00","og_image":[{"url":"http:\/\/upload.wikimedia.org\/wikipedia\/commons\/thumb\/b\/b3\/Eu_flag.svg\/800px-Eu_flag.svg.png"}],"twitter_misc":{"Written by":"ulqini","Est. reading time":"2 minutes"},"schema":{"@context":"https:\/\/schema.org","@graph":[{"@type":"WebSite","@id":"https:\/\/www.visit-ulcinj.com\/blog\/#website","url":"https:\/\/www.visit-ulcinj.com\/blog\/","name":"Lajme nga Ulqini","description":"Lajme,Vijesti,Ulqini,Ulqin,Crna Gora,Mali i Zi","potentialAction":[{"@type":"SearchAction","target":{"@type":"EntryPoint","urlTemplate":"https:\/\/www.visit-ulcinj.com\/blog\/?s={search_term_string}"},"query-input":"required name=search_term_string"}],"inLanguage":"en-US"},{"@type":"ImageObject","inLanguage":"en-US","@id":"https:\/\/www.visit-ulcinj.com\/blog\/2008\/02\/07\/il-montenegro-partecipa-al-7-pq-di-ricerca-dell%e2%80%99ue\/#primaryimage","url":"http:\/\/upload.wikimedia.org\/wikipedia\/commons\/thumb\/b\/b3\/Eu_flag.svg\/800px-Eu_flag.svg.png","contentUrl":"http:\/\/upload.wikimedia.org\/wikipedia\/commons\/thumb\/b\/b3\/Eu_flag.svg\/800px-Eu_flag.svg.png"},{"@type":"WebPage","@id":"https:\/\/www.visit-ulcinj.com\/blog\/2008\/02\/07\/il-montenegro-partecipa-al-7-pq-di-ricerca-dell%e2%80%99ue\/#webpage","url":"https:\/\/www.visit-ulcinj.com\/blog\/2008\/02\/07\/il-montenegro-partecipa-al-7-pq-di-ricerca-dell%e2%80%99ue\/","name":"Il Montenegro partecipa al 7 PQ di ricerca dell\u2019UE - Lajme nga Ulqini","isPartOf":{"@id":"https:\/\/www.visit-ulcinj.com\/blog\/#website"},"primaryImageOfPage":{"@id":"https:\/\/www.visit-ulcinj.com\/blog\/2008\/02\/07\/il-montenegro-partecipa-al-7-pq-di-ricerca-dell%e2%80%99ue\/#primaryimage"},"datePublished":"2008-02-07T21:19:13+00:00","dateModified":"2008-02-12T19:46:54+00:00","author":{"@id":"https:\/\/www.visit-ulcinj.com\/blog\/#\/schema\/person\/dcab619c614d3038751c63bc2aadc06d"},"breadcrumb":{"@id":"https:\/\/www.visit-ulcinj.com\/blog\/2008\/02\/07\/il-montenegro-partecipa-al-7-pq-di-ricerca-dell%e2%80%99ue\/#breadcrumb"},"inLanguage":"en-US","potentialAction":[{"@type":"ReadAction","target":["https:\/\/www.visit-ulcinj.com\/blog\/2008\/02\/07\/il-montenegro-partecipa-al-7-pq-di-ricerca-dell%e2%80%99ue\/"]}]},{"@type":"BreadcrumbList","@id":"https:\/\/www.visit-ulcinj.com\/blog\/2008\/02\/07\/il-montenegro-partecipa-al-7-pq-di-ricerca-dell%e2%80%99ue\/#breadcrumb","itemListElement":[{"@type":"ListItem","position":1,"name":"Il Montenegro partecipa al 7 PQ di ricerca dell\u2019UE"}]},{"@type":"Person","@id":"https:\/\/www.visit-ulcinj.com\/blog\/#\/schema\/person\/dcab619c614d3038751c63bc2aadc06d","name":"ulqini","sameAs":["http:\/\/www.visit-ulcinj.com"],"url":"https:\/\/www.visit-ulcinj.com\/blog\/author\/admin\/"}]}},"jetpack_featured_media_url":"","jetpack_sharing_enabled":true,"jetpack_shortlink":"https:\/\/wp.me\/pe6lTn-6S","_links":{"self":[{"href":"https:\/\/www.visit-ulcinj.com\/blog\/wp-json\/wp\/v2\/posts\/426"}],"collection":[{"href":"https:\/\/www.visit-ulcinj.com\/blog\/wp-json\/wp\/v2\/posts"}],"about":[{"href":"https:\/\/www.visit-ulcinj.com\/blog\/wp-json\/wp\/v2\/types\/post"}],"author":[{"embeddable":true,"href":"https:\/\/www.visit-ulcinj.com\/blog\/wp-json\/wp\/v2\/users\/1"}],"replies":[{"embeddable":true,"href":"https:\/\/www.visit-ulcinj.com\/blog\/wp-json\/wp\/v2\/comments?post=426"}],"version-history":[{"count":0,"href":"https:\/\/www.visit-ulcinj.com\/blog\/wp-json\/wp\/v2\/posts\/426\/revisions"}],"wp:attachment":[{"href":"https:\/\/www.visit-ulcinj.com\/blog\/wp-json\/wp\/v2\/media?parent=426"}],"wp:term":[{"taxonomy":"category","embeddable":true,"href":"https:\/\/www.visit-ulcinj.com\/blog\/wp-json\/wp\/v2\/categories?post=426"},{"taxonomy":"post_tag","embeddable":true,"href":"https:\/\/www.visit-ulcinj.com\/blog\/wp-json\/wp\/v2\/tags?post=426"}],"curies":[{"name":"wp","href":"https:\/\/api.w.org\/{rel}","templated":true}]}}