{"id":42609,"date":"2011-01-21T13:15:26","date_gmt":"2011-01-21T12:15:26","guid":{"rendered":"http:\/\/www.visit-ulcinj.com\/blog\/?p=42609"},"modified":"2011-01-21T13:16:23","modified_gmt":"2011-01-21T12:16:23","slug":"kosovarja-melinda-pjese-e-american-idol","status":"publish","type":"post","link":"https:\/\/www.visit-ulcinj.com\/blog\/2011\/01\/21\/kosovarja-melinda-pjese-e-american-idol\/","title":{"rendered":"Kosovarja Melinda Ademi , pjes\u00eb e American Idol"},"content":{"rendered":"<p><strong><a href=\"http:\/\/www.visit-ulcinj.com\/blog\/wp-content\/uploads\/2011\/01\/Melinda-Ademi.jpg\"><img loading=\"lazy\" class=\"alignleft size-full wp-image-42610\" title=\"Melinda Ademi\" src=\"http:\/\/www.visit-ulcinj.com\/blog\/wp-content\/uploads\/2011\/01\/Melinda-Ademi.jpg\" alt=\"\" width=\"401\" height=\"604\" \/><\/a>Koh\u00ebve t\u00eb fundit nuk kan\u00eb t\u00eb ndalur talentet shqiptar\u00eb t\u00eb cil\u00ebt jan\u00eb pjes\u00eb e spektakleve bot\u00ebror\u00eb. Melinda Ademi (16) me origjin\u00eb nga Kosova, do t\u00eb garoj\u00eb n\u00eb nj\u00eb nga spektaklet m\u00eb prestigjioze dhe m\u00eb t\u00eb shikuara n\u00eb Amerik\u00eb, i quajtur \u2018Amerikan Idol\u2019.<\/strong><\/p>\n<p>Bashk\u00eb me familjen e saj, ajo iku gjat\u00eb koh\u00ebs s\u00eb luft\u00ebs prej represionit serb.<\/p>\n<p>\u201cViti i tmerrsh\u00ebm i nj\u00eb gjenocidi t\u00eb papar\u00eb, kur rrezikohej deri n\u00eb shfarosje populli shqiptar\u00eb\u201d, kan\u00eb p\u00ebrkujtuar n\u00eb edicionin e n\u00ebnt\u00eb t\u00eb k\u00ebtij spektakli prind\u00ebrit e Melind\u00ebs skenat e vitit 1999. Rr\u00ebfimi i tyre, shoq\u00ebrohej me sekuenca televizive, p\u00ebrmes t\u00eb cilave, miliona shikues amerikan kan\u00eb par\u00eb pamjet tragjike, t\u00eb shqiptar\u00ebve q\u00eb largoheshin me dhun\u00eb dhe forc\u00ebn e ushtris\u00eb e policis\u00eb serbe.<\/p>\n<p>Disa vjet m\u00eb von\u00eb, ajo \u00ebsht\u00eb b\u00ebr\u00eb pjes\u00eb e spektaklit m\u00eb t\u00eb madh p\u00ebr talent n\u00eb bot\u00eb, \u2018American Idol\u2019.<\/p>\n<p>Vajza e \u00e7iftit Ademi, tani ka fituar shansin e par\u00eb, q\u00eb nj\u00eb dit\u00eb &#8220;mund t\u00eb hidhet nga \u2018trapolina\u2019 e yjeve t\u00eb k\u00ebng\u00ebs amerikane, p\u00ebr suksese. N\u00eb facebook -un e saj Melinda Ademi shkruan &#8220;Un\u00eb jam Melinda dhe un\u00eb jam 16 vje\u00e7are. Un\u00eb dua t\u00eb k\u00ebndoj! Gj\u00ebja m\u00eb e dashur gjith\u00eb jet\u00ebn time, \u00ebsht\u00eb ve\u00e7se t\u00eb k\u00ebndoj\u00eb dhe k\u00ebt\u00eb e kam nis\u00eb q\u00eb un\u00eb kur isha vajz\u00eb e vog\u00ebl. \u00cbndrra ime \u00ebsht\u00eb q\u00eb t\u00eb b\u00ebhem nj\u00eb artiste e madhe. Un\u00eb e di se \u00ebndrrat e mia jan\u00eb t\u00eb m\u00ebdha, por un\u00eb do t\u00eb jap gjith\u00eb at\u00eb talentin tim p\u00ebr t\u00eb arritur at\u00eb, megjith\u00ebse sfida q\u00eb kam p\u00ebrpara \u00ebsht\u00eb e madhe\u201d.<\/p>\n<p>Para juris\u00eb, pjes\u00eb e s\u00eb cil\u00ebs ishte edhe Jennifer Lopez, Melinda ka k\u00ebnduar k\u00ebng\u00ebn \u201cIf I Aint Got You\u201d t\u00eb Alicia Keys. Performanca e ka bindur jurin\u00eb, q\u00eb i ka dh\u00ebn\u00eb PO-n\u00eb p\u00ebr t\u00eb vazhduar drejt Hollywood-it.<\/p>\n<p><strong>Telegrafi<\/strong><br \/>\n<!--YouTube Error: bad URL entered--><\/p>\n","protected":false},"excerpt":{"rendered":"<p>Koh\u00ebve t\u00eb fundit nuk kan\u00eb t\u00eb ndalur talentet shqiptar\u00eb t\u00eb cil\u00ebt jan\u00eb pjes\u00eb e spektakleve bot\u00ebror\u00eb. Melinda Ademi (16) me origjin\u00eb nga Kosova, do t\u00eb garoj\u00eb n\u00eb nj\u00eb nga spektaklet m\u00eb prestigjioze dhe m\u00eb t\u00eb shikuara n\u00eb Amerik\u00eb, i quajtur \u2018Amerikan Idol\u2019. Bashk\u00eb me familjen e saj, ajo iku gjat\u00eb koh\u00ebs s\u00eb luft\u00ebs prej represionit [&hellip;]<\/p>\n","protected":false},"author":1,"featured_media":0,"comment_status":"open","ping_status":"closed","sticky":false,"template":"","format":"standard","meta":{"spay_email":"","jetpack_publicize_message":"","jetpack_is_tweetstorm":false,"jetpack_publicize_feature_enabled":true},"categories":[1],"tags":[17090,17089],"jetpack_publicize_connections":[],"yoast_head":"<!-- This site is optimized with the Yoast SEO plugin v19.1 - https:\/\/yoast.com\/wordpress\/plugins\/seo\/ -->\n<title>Kosovarja Melinda Ademi , pjes\u00eb e American Idol - Lajme nga Ulqini<\/title>\n<meta name=\"description\" content=\"Koh\u00ebve t\u00eb fundit nuk kan\u00eb t\u00eb ndalur talentet shqiptar\u00eb t\u00eb cil\u00ebt jan\u00eb pjes\u00eb e spektakleve bot\u00ebror\u00eb. Melinda Ademi (16) me origjin\u00eb nga Kosova, do t\u00eb garoj\u00eb\" \/>\n<meta name=\"robots\" content=\"index, follow, max-snippet:-1, max-image-preview:large, max-video-preview:-1\" \/>\n<link rel=\"canonical\" href=\"https:\/\/www.visit-ulcinj.com\/blog\/2011\/01\/21\/kosovarja-melinda-pjese-e-american-idol\/\" \/>\n<meta property=\"og:locale\" content=\"en_US\" \/>\n<meta property=\"og:type\" content=\"article\" \/>\n<meta property=\"og:title\" content=\"Kosovarja Melinda Ademi , pjes\u00eb e American Idol - Lajme nga Ulqini\" \/>\n<meta property=\"og:description\" content=\"Koh\u00ebve t\u00eb fundit nuk kan\u00eb t\u00eb ndalur talentet shqiptar\u00eb t\u00eb cil\u00ebt jan\u00eb pjes\u00eb e spektakleve bot\u00ebror\u00eb. Melinda Ademi (16) me origjin\u00eb nga Kosova, do t\u00eb garoj\u00eb\" \/>\n<meta property=\"og:url\" content=\"https:\/\/www.visit-ulcinj.com\/blog\/2011\/01\/21\/kosovarja-melinda-pjese-e-american-idol\/\" \/>\n<meta property=\"og:site_name\" content=\"Lajme nga Ulqini\" \/>\n<meta property=\"article:published_time\" content=\"2011-01-21T12:15:26+00:00\" \/>\n<meta property=\"article:modified_time\" content=\"2011-01-21T12:16:23+00:00\" \/>\n<meta property=\"og:image\" content=\"http:\/\/www.visit-ulcinj.com\/blog\/wp-content\/uploads\/2011\/01\/Melinda-Ademi.jpg\" \/>\n<meta name=\"twitter:label1\" content=\"Written by\" \/>\n\t<meta name=\"twitter:data1\" content=\"ulqini\" \/>\n\t<meta name=\"twitter:label2\" content=\"Est. reading time\" \/>\n\t<meta name=\"twitter:data2\" content=\"2 minutes\" \/>\n<script type=\"application\/ld+json\" class=\"yoast-schema-graph\">{\"@context\":\"https:\/\/schema.org\",\"@graph\":[{\"@type\":\"WebSite\",\"@id\":\"https:\/\/www.visit-ulcinj.com\/blog\/#website\",\"url\":\"https:\/\/www.visit-ulcinj.com\/blog\/\",\"name\":\"Lajme nga Ulqini\",\"description\":\"Lajme,Vijesti,Ulqini,Ulqin,Crna Gora,Mali i Zi\",\"potentialAction\":[{\"@type\":\"SearchAction\",\"target\":{\"@type\":\"EntryPoint\",\"urlTemplate\":\"https:\/\/www.visit-ulcinj.com\/blog\/?s={search_term_string}\"},\"query-input\":\"required name=search_term_string\"}],\"inLanguage\":\"en-US\"},{\"@type\":\"ImageObject\",\"inLanguage\":\"en-US\",\"@id\":\"https:\/\/www.visit-ulcinj.com\/blog\/2011\/01\/21\/kosovarja-melinda-pjese-e-american-idol\/#primaryimage\",\"url\":\"http:\/\/www.visit-ulcinj.com\/blog\/wp-content\/uploads\/2011\/01\/Melinda-Ademi.jpg\",\"contentUrl\":\"http:\/\/www.visit-ulcinj.com\/blog\/wp-content\/uploads\/2011\/01\/Melinda-Ademi.jpg\"},{\"@type\":\"WebPage\",\"@id\":\"https:\/\/www.visit-ulcinj.com\/blog\/2011\/01\/21\/kosovarja-melinda-pjese-e-american-idol\/#webpage\",\"url\":\"https:\/\/www.visit-ulcinj.com\/blog\/2011\/01\/21\/kosovarja-melinda-pjese-e-american-idol\/\",\"name\":\"Kosovarja Melinda Ademi , pjes\u00eb e American Idol - Lajme nga Ulqini\",\"isPartOf\":{\"@id\":\"https:\/\/www.visit-ulcinj.com\/blog\/#website\"},\"primaryImageOfPage\":{\"@id\":\"https:\/\/www.visit-ulcinj.com\/blog\/2011\/01\/21\/kosovarja-melinda-pjese-e-american-idol\/#primaryimage\"},\"datePublished\":\"2011-01-21T12:15:26+00:00\",\"dateModified\":\"2011-01-21T12:16:23+00:00\",\"author\":{\"@id\":\"https:\/\/www.visit-ulcinj.com\/blog\/#\/schema\/person\/dcab619c614d3038751c63bc2aadc06d\"},\"description\":\"Koh\u00ebve t\u00eb fundit nuk kan\u00eb t\u00eb ndalur talentet shqiptar\u00eb t\u00eb cil\u00ebt jan\u00eb pjes\u00eb e spektakleve bot\u00ebror\u00eb. Melinda Ademi (16) me origjin\u00eb nga Kosova, do t\u00eb garoj\u00eb\",\"breadcrumb\":{\"@id\":\"https:\/\/www.visit-ulcinj.com\/blog\/2011\/01\/21\/kosovarja-melinda-pjese-e-american-idol\/#breadcrumb\"},\"inLanguage\":\"en-US\",\"potentialAction\":[{\"@type\":\"ReadAction\",\"target\":[\"https:\/\/www.visit-ulcinj.com\/blog\/2011\/01\/21\/kosovarja-melinda-pjese-e-american-idol\/\"]}]},{\"@type\":\"BreadcrumbList\",\"@id\":\"https:\/\/www.visit-ulcinj.com\/blog\/2011\/01\/21\/kosovarja-melinda-pjese-e-american-idol\/#breadcrumb\",\"itemListElement\":[{\"@type\":\"ListItem\",\"position\":1,\"name\":\"Kosovarja Melinda Ademi , pjes\u00eb e American Idol\"}]},{\"@type\":\"Person\",\"@id\":\"https:\/\/www.visit-ulcinj.com\/blog\/#\/schema\/person\/dcab619c614d3038751c63bc2aadc06d\",\"name\":\"ulqini\",\"sameAs\":[\"http:\/\/www.visit-ulcinj.com\"],\"url\":\"https:\/\/www.visit-ulcinj.com\/blog\/author\/admin\/\"}]}<\/script>\n<!-- \/ Yoast SEO plugin. -->","yoast_head_json":{"title":"Kosovarja Melinda Ademi , pjes\u00eb e American Idol - Lajme nga Ulqini","description":"Koh\u00ebve t\u00eb fundit nuk kan\u00eb t\u00eb ndalur talentet shqiptar\u00eb t\u00eb cil\u00ebt jan\u00eb pjes\u00eb e spektakleve bot\u00ebror\u00eb. Melinda Ademi (16) me origjin\u00eb nga Kosova, do t\u00eb garoj\u00eb","robots":{"index":"index","follow":"follow","max-snippet":"max-snippet:-1","max-image-preview":"max-image-preview:large","max-video-preview":"max-video-preview:-1"},"canonical":"https:\/\/www.visit-ulcinj.com\/blog\/2011\/01\/21\/kosovarja-melinda-pjese-e-american-idol\/","og_locale":"en_US","og_type":"article","og_title":"Kosovarja Melinda Ademi , pjes\u00eb e American Idol - Lajme nga Ulqini","og_description":"Koh\u00ebve t\u00eb fundit nuk kan\u00eb t\u00eb ndalur talentet shqiptar\u00eb t\u00eb cil\u00ebt jan\u00eb pjes\u00eb e spektakleve bot\u00ebror\u00eb. Melinda Ademi (16) me origjin\u00eb nga Kosova, do t\u00eb garoj\u00eb","og_url":"https:\/\/www.visit-ulcinj.com\/blog\/2011\/01\/21\/kosovarja-melinda-pjese-e-american-idol\/","og_site_name":"Lajme nga Ulqini","article_published_time":"2011-01-21T12:15:26+00:00","article_modified_time":"2011-01-21T12:16:23+00:00","og_image":[{"url":"http:\/\/www.visit-ulcinj.com\/blog\/wp-content\/uploads\/2011\/01\/Melinda-Ademi.jpg"}],"twitter_misc":{"Written by":"ulqini","Est. reading time":"2 minutes"},"schema":{"@context":"https:\/\/schema.org","@graph":[{"@type":"WebSite","@id":"https:\/\/www.visit-ulcinj.com\/blog\/#website","url":"https:\/\/www.visit-ulcinj.com\/blog\/","name":"Lajme nga Ulqini","description":"Lajme,Vijesti,Ulqini,Ulqin,Crna Gora,Mali i Zi","potentialAction":[{"@type":"SearchAction","target":{"@type":"EntryPoint","urlTemplate":"https:\/\/www.visit-ulcinj.com\/blog\/?s={search_term_string}"},"query-input":"required name=search_term_string"}],"inLanguage":"en-US"},{"@type":"ImageObject","inLanguage":"en-US","@id":"https:\/\/www.visit-ulcinj.com\/blog\/2011\/01\/21\/kosovarja-melinda-pjese-e-american-idol\/#primaryimage","url":"http:\/\/www.visit-ulcinj.com\/blog\/wp-content\/uploads\/2011\/01\/Melinda-Ademi.jpg","contentUrl":"http:\/\/www.visit-ulcinj.com\/blog\/wp-content\/uploads\/2011\/01\/Melinda-Ademi.jpg"},{"@type":"WebPage","@id":"https:\/\/www.visit-ulcinj.com\/blog\/2011\/01\/21\/kosovarja-melinda-pjese-e-american-idol\/#webpage","url":"https:\/\/www.visit-ulcinj.com\/blog\/2011\/01\/21\/kosovarja-melinda-pjese-e-american-idol\/","name":"Kosovarja Melinda Ademi , pjes\u00eb e American Idol - Lajme nga Ulqini","isPartOf":{"@id":"https:\/\/www.visit-ulcinj.com\/blog\/#website"},"primaryImageOfPage":{"@id":"https:\/\/www.visit-ulcinj.com\/blog\/2011\/01\/21\/kosovarja-melinda-pjese-e-american-idol\/#primaryimage"},"datePublished":"2011-01-21T12:15:26+00:00","dateModified":"2011-01-21T12:16:23+00:00","author":{"@id":"https:\/\/www.visit-ulcinj.com\/blog\/#\/schema\/person\/dcab619c614d3038751c63bc2aadc06d"},"description":"Koh\u00ebve t\u00eb fundit nuk kan\u00eb t\u00eb ndalur talentet shqiptar\u00eb t\u00eb cil\u00ebt jan\u00eb pjes\u00eb e spektakleve bot\u00ebror\u00eb. Melinda Ademi (16) me origjin\u00eb nga Kosova, do t\u00eb garoj\u00eb","breadcrumb":{"@id":"https:\/\/www.visit-ulcinj.com\/blog\/2011\/01\/21\/kosovarja-melinda-pjese-e-american-idol\/#breadcrumb"},"inLanguage":"en-US","potentialAction":[{"@type":"ReadAction","target":["https:\/\/www.visit-ulcinj.com\/blog\/2011\/01\/21\/kosovarja-melinda-pjese-e-american-idol\/"]}]},{"@type":"BreadcrumbList","@id":"https:\/\/www.visit-ulcinj.com\/blog\/2011\/01\/21\/kosovarja-melinda-pjese-e-american-idol\/#breadcrumb","itemListElement":[{"@type":"ListItem","position":1,"name":"Kosovarja Melinda Ademi , pjes\u00eb e American Idol"}]},{"@type":"Person","@id":"https:\/\/www.visit-ulcinj.com\/blog\/#\/schema\/person\/dcab619c614d3038751c63bc2aadc06d","name":"ulqini","sameAs":["http:\/\/www.visit-ulcinj.com"],"url":"https:\/\/www.visit-ulcinj.com\/blog\/author\/admin\/"}]}},"jetpack_featured_media_url":"","jetpack_sharing_enabled":true,"jetpack_shortlink":"https:\/\/wp.me\/pe6lTn-b5f","_links":{"self":[{"href":"https:\/\/www.visit-ulcinj.com\/blog\/wp-json\/wp\/v2\/posts\/42609"}],"collection":[{"href":"https:\/\/www.visit-ulcinj.com\/blog\/wp-json\/wp\/v2\/posts"}],"about":[{"href":"https:\/\/www.visit-ulcinj.com\/blog\/wp-json\/wp\/v2\/types\/post"}],"author":[{"embeddable":true,"href":"https:\/\/www.visit-ulcinj.com\/blog\/wp-json\/wp\/v2\/users\/1"}],"replies":[{"embeddable":true,"href":"https:\/\/www.visit-ulcinj.com\/blog\/wp-json\/wp\/v2\/comments?post=42609"}],"version-history":[{"count":0,"href":"https:\/\/www.visit-ulcinj.com\/blog\/wp-json\/wp\/v2\/posts\/42609\/revisions"}],"wp:attachment":[{"href":"https:\/\/www.visit-ulcinj.com\/blog\/wp-json\/wp\/v2\/media?parent=42609"}],"wp:term":[{"taxonomy":"category","embeddable":true,"href":"https:\/\/www.visit-ulcinj.com\/blog\/wp-json\/wp\/v2\/categories?post=42609"},{"taxonomy":"post_tag","embeddable":true,"href":"https:\/\/www.visit-ulcinj.com\/blog\/wp-json\/wp\/v2\/tags?post=42609"}],"curies":[{"name":"wp","href":"https:\/\/api.w.org\/{rel}","templated":true}]}}