{"id":42617,"date":"2011-01-21T15:51:37","date_gmt":"2011-01-21T14:51:37","guid":{"rendered":"http:\/\/www.visit-ulcinj.com\/blog\/?p=42617"},"modified":"2011-01-21T16:23:18","modified_gmt":"2011-01-21T15:23:18","slug":"mali-zi-prezanton-ulqinin-per-her-te-par-ne-emitt-ne-turki","status":"publish","type":"post","link":"https:\/\/www.visit-ulcinj.com\/blog\/2011\/01\/21\/mali-zi-prezanton-ulqinin-per-her-te-par-ne-emitt-ne-turki\/","title":{"rendered":"Mali Zi prezanton Ulqinin per her te par ne EMITT ne Turqi"},"content":{"rendered":"<p><strong><a href=\"http:\/\/www.emittistanbul.com\/index_en.asp\" target=\"_blank\"><\/a><a href=\"http:\/\/www.visit-ulcinj.com\/blog\/wp-content\/uploads\/2011\/01\/East-Mediterranean-International-Travel-Tourism-Exhibition-Turkey-2011.jpg\"><img loading=\"lazy\" class=\"alignleft size-full wp-image-42618\" title=\"East Mediterranean International Travel &amp; Tourism Exhibition, Turkey 2011\" src=\"http:\/\/www.visit-ulcinj.com\/blog\/wp-content\/uploads\/2011\/01\/East-Mediterranean-International-Travel-Tourism-Exhibition-Turkey-2011.jpg\" alt=\"\" width=\"490\" height=\"335\" \/><\/a>EMITT &#8211; East Mediterranean International Travel and Tourism Exhibition<\/strong><\/p>\n<p><strong>Mali i Zi merr pjes p\u00ebr her t\u00eb par prezantimin e turizmit internacional n\u00eb Turqi.Ktu n\u00eb k\u00ebt panair me te madhe n\u00eb bot\u00eb do prezantohet nga Ministria e turizmit t\u00eb Malit t\u00eb Zi,ku Ulqinit do i paraqitet interes i va\u00e7ant.<\/strong><\/p>\n<p><strong>Do ju prezantoj lajmin original n\u00eb gjuh\u00ebn turke dhe ju laj juve ta p\u00ebrktheni tekstin\u00a0 me <\/strong><strong><a href=\"http:\/\/www.google.ch\/url?sa=t&amp;source=web&amp;cd=1&amp;ved=0CCAQFjAA&amp;url=http%3A%2F%2Ftranslate.google.com%2F&amp;rct=j&amp;q=google%20traduction&amp;ei=VaA5TYPQJIjDswbR3LXzBg&amp;usg=AFQjCNE99tadGxIEInQNtsRxb9hXXcN57A&amp;sig2=VBGFxsYEns3HCfNFH0Lh8g&amp;cad=rja\"><em>Google<\/em> Translate<\/a>.<\/strong><\/p>\n<p><strong>Lexim t\u00eb k\u00ebnsh\u00ebm:<\/strong><\/p>\n<p><strong>TUR\u0130ZM CENNET\u0130 KARADA\u011e \u0130LK KEZ EM\u0130TT&#8217;TE..<\/strong><\/p>\n<p><strong><a href=\"http:\/\/www.visit-ulcinj.com\/blog\/wp-content\/uploads\/2011\/01\/EMITT_Logo.jpg\"><img loading=\"lazy\" class=\"alignleft size-full wp-image-42619\" title=\"EMITT_Logo\" src=\"http:\/\/www.visit-ulcinj.com\/blog\/wp-content\/uploads\/2011\/01\/EMITT_Logo.jpg\" alt=\"\" width=\"200\" height=\"158\" \/><\/a>Daha fazla T\u00fcrk turisti \u00fclkesinde a\u011f\u0131rlamak isteyen Karada\u011f tan\u0131t\u0131m i\u00e7in kollar\u0131 s\u0131vad\u0131.<\/strong><\/p>\n<p>18\u00a0Ocak\u00a02011 Sal\u0131 &#8211; Karada\u011f bu y\u0131l ilk defa EMITT Fuar\u0131 na kat\u0131larak T\u00fcrk turizm profesyonelleri ve d\u00fcnyan\u0131n d\u00f6rt bir yan\u0131ndan gelen ziyaret\u00e7ilerle bulu\u015facak. Karada\u011f muhte\u015fem koylar\u0131, uzun kumsallar\u0131, tarihe tan\u0131kl\u0131k eden k\u00fc\u00e7\u00fck kentleri, g\u00f6rkemli da\u011flar\u0131 ve milli parklar\u0131yla turistlere unutulamayacak bir tatil vaat ediyor.<\/p>\n<p>Karada\u011f ya da di\u011fer ad\u0131yla Montenegro aralar\u0131nda Avrupa n\u0131n en g\u00fcney fiyortlar\u0131 olan Kotor K\u00f6rfezi de dahil olmak \u00fczere inan\u0131lmaz g\u00fczellikteki koylar, adalar ve kaya\u00e7 formlar\u0131 bar\u0131nd\u0131ran 293 kilometrelik bir k\u0131y\u0131 \u015feridine sahip. Bu g\u00fczel sahilde ise darac\u0131k sokaklar\u0131 ve enfes lezzetler sunan k\u00fc\u00e7\u00fck lokantalar\u0131yla ke\u015ffedilmeyi bekleyen Kotor, Budva ve Perast gibi g\u00f6z al\u0131c\u0131 ve tarihe tan\u0131kl\u0131k etmi\u015f kentler yer al\u0131yor. D\u00fcnyan\u0131n en b\u00fcy\u00fck 6. turizm fuar\u0131 olan EMITT te stant a\u00e7acak olan Karada\u011f, ziyaret\u00e7iler taraf\u0131ndan ke\u015ffedilmeye de\u011fer pek \u00e7ok \u00f6zellik bar\u0131nd\u0131r\u0131yor.<\/p>\n<p>EMITT te tan\u0131t\u0131m \u00e7al\u0131\u015fmalar\u0131 yapacak olan Karada\u011f, tatilseverlerin b\u00fcy\u00fck keyif alaca\u011f\u0131 turistik Herceg- Novi, Tivat, Budva, Bar ve Ulcinj gibi b\u00f6lgelerindeki m\u00fckemmel otellerin yan\u0131 s\u0131ra pek \u00e7ok e\u011flenceli etkinli\u011fe de ev sahipli\u011fi yap\u0131yor.<\/p>\n<p>EMITT te Karada\u011f \u0131n vah\u015fi do\u011fas\u0131, Bat\u0131 ve do\u011fu etkileriyle harmanlanm\u0131\u015f k\u00fclt\u00fcr ve sanat\u0131 da ziyaret\u00e7ilerin hayli ilgisini \u00e7ekece\u011fe benziyor. Karada\u011f da 120 yi a\u015fk\u0131n kumsal bulunuyor. Bu kumsallar\u0131n en uzunu ise Ulcinj kentinde ve 12 kilometre uzunlu\u011funda. Akdeniz iklimine sahip bir b\u00f6lgede yer alan Karada\u011f, g\u00fcne\u015f ve plaj\u0131 tercih eden turistler i\u00e7in bir cennet. Tabiat a\u015f\u0131klar\u0131 i\u00e7in son derece uygun bir yer olan Karada\u011f da 5 tane milli park, etkileyici da\u011f s\u0131ralar\u0131, dinginlik veren g\u00f6l manzaralar\u0131 ve sevimli geleneksel k\u00f6yler bulunuyor. Bisiklet ve motosiklet gezileri i\u00e7in ideal olan b\u00f6lgede 1300 metre derinli\u011fi ile Grand Kanyon dan sonra d\u00fcnyan\u0131n en derin kanyonu olan Tara Kanyon ise b\u00fcy\u00fcleyici bir manzara \u00e7iziyor.<\/p>\n<p>Karada\u011f \u0131n eski ba\u015fkenti Cetine de bulunan ve eski kraliyet saray\u0131ndan d\u00f6n\u00fc\u015f\u00fcr\u00fclen m\u00fczede H\u0131ristiyanl\u0131k k\u00fclt\u00fcr\u00fcne ait g\u00f6r\u00fclmeye de\u011fer eserler yer al\u0131yor. Bir hisar- kent olan Koto rise 1979 dan bu yana d\u00fcnya miraslar\u0131 listesinde. Budya kasabas\u0131ndan farkl\u0131 tarih d\u00f6nemlerinden ve k\u00fclt\u00fcrlerinden surlar, kap\u0131lar ve kuleler ziyaret\u00e7ileri b\u00fcy\u00fcl\u00fcyor. Karada\u011f \u0131n i\u00e7 b\u00f6lgelerindeki Ostrog ve Moraca gibi manast\u0131rlar ve k\u0131y\u0131ya yak\u0131n bir adaya kurulmu\u015f olan Sveti Stefan kasabas\u0131 da g\u00f6r\u00fclmeye de\u011fer ilgin\u00e7 yerler aras\u0131nda.<\/p>\n<p>Bu y\u0131l EMITT fuar\u0131nda ilk kez yer alacak Karada\u011f \u0131n olduk\u00e7a konuksever bir halk\u0131 oldu\u011fu biliniyor ve ziyaret\u00e7ileri tad\u0131 dama\u011f\u0131nda kalacak lezzetler sunmadan da b\u0131rakm\u0131yorlar. Karada\u011f daki yiyeceklerin hemen hepsi organik ve geleneksel usullerle haz\u0131rlan\u0131yor. Karada\u011f en \u00e7ok kuzu etiyle, bal\u0131klar\u0131yla, f\u00fcme jambonuyla ve lahana sarmas\u0131yla \u00fcnl\u00fc. Vrranac \u015faraplar\u0131 ve Nicksicko biras\u0131 da denemeye de\u011fer. Yaz aylar\u0131nda Karada\u011f pek \u00e7ok festivale de ev sahipli\u011fi yap\u0131yor. Bokeljska Noc (Boka Gecesi), Kotorski Karnaval\u0131 (Kotor un yaz karnaval\u0131) ve Budvanski Festivali (Budva n\u0131n m\u00fczik festivali mutlaka izlenmesi gereken renkli etkinliklerden.<\/p>\n<p>EMITT, 10- 13 \u015eubat 2011 tarihleri aras\u0131nda, T\u00dcYAP Beylikd\u00fcz\u00fc Fuar ve Kongre Merkezi nde 10 salonda birden ger\u00e7ekle\u015fecek. Ekin ve ITE Group taraf\u0131ndan d\u00fczenlenen EMITT e b\u00f6lge kalk\u0131nma ajanslar\u0131n\u0131n yan\u0131 s\u0131ra T\u00fcrkiye nin belli ba\u015fl\u0131 t\u00fcm seyahat acenteleri, tur operat\u00f6rleri, otelleri, havayolu \u015firketleri, \u0130l K\u00fclt\u00fcr ve Turizm M\u00fcd\u00fcrl\u00fckleri, beldeler ve 60 \u00fclkenin Turizm Bakanl\u0131klar\u0131 ve temsilcilikleriyle birlikte tur operat\u00f6rleri, otelleri, havayolu ve kruvaziyer \u015firketleri ile turizme y\u00f6nelik \u00fcr\u00fcn ve hizmetleri olan t\u00fcm kurulu\u015flar kat\u0131l\u0131yor. EMITT ile daha ayr\u0131nt\u0131l\u0131 bilgiyi <strong><a href=\"http:\/\/www.emittistanbul.com\/\" target=\"_blank\">www.emittistanbul.com&#8211;<\/a><\/strong> adresinden bulabilirsiniz.<\/p>\n<p><strong>Kaynak:<a href=\"http:\/\/www.turizmhaberleri.com\/HaberAyrinti.asp?ID=18184\" target=\"_blank\"> turizmhaberleri.com<\/a><\/strong><br \/>\n[flv]http:\/\/emittistanbul.com\/statik\/EmittPresentation\/Video\/e2010roportaj.flv[\/flv]<\/p>\n","protected":false},"excerpt":{"rendered":"<p>EMITT &#8211; East Mediterranean International Travel and Tourism Exhibition Mali i Zi merr pjes p\u00ebr her t\u00eb par prezantimin e turizmit internacional n\u00eb Turqi.Ktu n\u00eb k\u00ebt panair me te madhe n\u00eb bot\u00eb do prezantohet nga Ministria e turizmit t\u00eb Malit t\u00eb Zi,ku Ulqinit do i paraqitet interes i va\u00e7ant. Do ju prezantoj lajmin original n\u00eb [&hellip;]<\/p>\n","protected":false},"author":1,"featured_media":0,"comment_status":"open","ping_status":"closed","sticky":false,"template":"","format":"standard","meta":{"spay_email":"","jetpack_publicize_message":"","jetpack_is_tweetstorm":false,"jetpack_publicize_feature_enabled":true},"categories":[1],"tags":[17092,17091,79,19],"jetpack_publicize_connections":[],"yoast_head":"<!-- This site is optimized with the Yoast SEO plugin v19.1 - https:\/\/yoast.com\/wordpress\/plugins\/seo\/ -->\n<title>Mali Zi prezanton Ulqinin per her te par ne EMITT ne Turqi - Lajme nga Ulqini<\/title>\n<meta name=\"description\" content=\"EMITT - East Mediterranean International Travel and Tourism Exhibition Mali i Zi merr pjes p\u00ebr her t\u00eb par prezantimin e turizmit internacional n\u00eb\" \/>\n<meta name=\"robots\" content=\"index, follow, max-snippet:-1, max-image-preview:large, max-video-preview:-1\" \/>\n<link rel=\"canonical\" href=\"https:\/\/www.visit-ulcinj.com\/blog\/2011\/01\/21\/mali-zi-prezanton-ulqinin-per-her-te-par-ne-emitt-ne-turki\/\" \/>\n<meta property=\"og:locale\" content=\"en_US\" \/>\n<meta property=\"og:type\" content=\"article\" \/>\n<meta property=\"og:title\" content=\"Mali Zi prezanton Ulqinin per her te par ne EMITT ne Turqi - Lajme nga Ulqini\" \/>\n<meta property=\"og:description\" content=\"EMITT - East Mediterranean International Travel and Tourism Exhibition Mali i Zi merr pjes p\u00ebr her t\u00eb par prezantimin e turizmit internacional n\u00eb\" \/>\n<meta property=\"og:url\" content=\"https:\/\/www.visit-ulcinj.com\/blog\/2011\/01\/21\/mali-zi-prezanton-ulqinin-per-her-te-par-ne-emitt-ne-turki\/\" \/>\n<meta property=\"og:site_name\" content=\"Lajme nga Ulqini\" \/>\n<meta property=\"article:published_time\" content=\"2011-01-21T14:51:37+00:00\" \/>\n<meta property=\"article:modified_time\" content=\"2011-01-21T15:23:18+00:00\" \/>\n<meta property=\"og:image\" content=\"http:\/\/www.visit-ulcinj.com\/blog\/wp-content\/uploads\/2011\/01\/East-Mediterranean-International-Travel-Tourism-Exhibition-Turkey-2011.jpg\" \/>\n<meta name=\"twitter:label1\" content=\"Written by\" \/>\n\t<meta name=\"twitter:data1\" content=\"ulqini\" \/>\n\t<meta name=\"twitter:label2\" content=\"Est. reading time\" \/>\n\t<meta name=\"twitter:data2\" content=\"4 minutes\" \/>\n<script type=\"application\/ld+json\" class=\"yoast-schema-graph\">{\"@context\":\"https:\/\/schema.org\",\"@graph\":[{\"@type\":\"WebSite\",\"@id\":\"https:\/\/www.visit-ulcinj.com\/blog\/#website\",\"url\":\"https:\/\/www.visit-ulcinj.com\/blog\/\",\"name\":\"Lajme nga Ulqini\",\"description\":\"Lajme,Vijesti,Ulqini,Ulqin,Crna Gora,Mali i Zi\",\"potentialAction\":[{\"@type\":\"SearchAction\",\"target\":{\"@type\":\"EntryPoint\",\"urlTemplate\":\"https:\/\/www.visit-ulcinj.com\/blog\/?s={search_term_string}\"},\"query-input\":\"required name=search_term_string\"}],\"inLanguage\":\"en-US\"},{\"@type\":\"ImageObject\",\"inLanguage\":\"en-US\",\"@id\":\"https:\/\/www.visit-ulcinj.com\/blog\/2011\/01\/21\/mali-zi-prezanton-ulqinin-per-her-te-par-ne-emitt-ne-turki\/#primaryimage\",\"url\":\"https:\/\/www.visit-ulcinj.com\/blog\/wp-content\/uploads\/2011\/01\/East-Mediterranean-International-Travel-Tourism-Exhibition-Turkey-2011.jpg\",\"contentUrl\":\"https:\/\/www.visit-ulcinj.com\/blog\/wp-content\/uploads\/2011\/01\/East-Mediterranean-International-Travel-Tourism-Exhibition-Turkey-2011.jpg\",\"width\":\"500\",\"height\":\"335\"},{\"@type\":\"WebPage\",\"@id\":\"https:\/\/www.visit-ulcinj.com\/blog\/2011\/01\/21\/mali-zi-prezanton-ulqinin-per-her-te-par-ne-emitt-ne-turki\/#webpage\",\"url\":\"https:\/\/www.visit-ulcinj.com\/blog\/2011\/01\/21\/mali-zi-prezanton-ulqinin-per-her-te-par-ne-emitt-ne-turki\/\",\"name\":\"Mali Zi prezanton Ulqinin per her te par ne EMITT ne Turqi - Lajme nga Ulqini\",\"isPartOf\":{\"@id\":\"https:\/\/www.visit-ulcinj.com\/blog\/#website\"},\"primaryImageOfPage\":{\"@id\":\"https:\/\/www.visit-ulcinj.com\/blog\/2011\/01\/21\/mali-zi-prezanton-ulqinin-per-her-te-par-ne-emitt-ne-turki\/#primaryimage\"},\"datePublished\":\"2011-01-21T14:51:37+00:00\",\"dateModified\":\"2011-01-21T15:23:18+00:00\",\"author\":{\"@id\":\"https:\/\/www.visit-ulcinj.com\/blog\/#\/schema\/person\/dcab619c614d3038751c63bc2aadc06d\"},\"description\":\"EMITT - East Mediterranean International Travel and Tourism Exhibition Mali i Zi merr pjes p\u00ebr her t\u00eb par prezantimin e turizmit internacional n\u00eb\",\"breadcrumb\":{\"@id\":\"https:\/\/www.visit-ulcinj.com\/blog\/2011\/01\/21\/mali-zi-prezanton-ulqinin-per-her-te-par-ne-emitt-ne-turki\/#breadcrumb\"},\"inLanguage\":\"en-US\",\"potentialAction\":[{\"@type\":\"ReadAction\",\"target\":[\"https:\/\/www.visit-ulcinj.com\/blog\/2011\/01\/21\/mali-zi-prezanton-ulqinin-per-her-te-par-ne-emitt-ne-turki\/\"]}]},{\"@type\":\"BreadcrumbList\",\"@id\":\"https:\/\/www.visit-ulcinj.com\/blog\/2011\/01\/21\/mali-zi-prezanton-ulqinin-per-her-te-par-ne-emitt-ne-turki\/#breadcrumb\",\"itemListElement\":[{\"@type\":\"ListItem\",\"position\":1,\"name\":\"Mali Zi prezanton Ulqinin per her te par ne EMITT ne Turqi\"}]},{\"@type\":\"Person\",\"@id\":\"https:\/\/www.visit-ulcinj.com\/blog\/#\/schema\/person\/dcab619c614d3038751c63bc2aadc06d\",\"name\":\"ulqini\",\"sameAs\":[\"http:\/\/www.visit-ulcinj.com\"],\"url\":\"https:\/\/www.visit-ulcinj.com\/blog\/author\/admin\/\"}]}<\/script>\n<!-- \/ Yoast SEO plugin. -->","yoast_head_json":{"title":"Mali Zi prezanton Ulqinin per her te par ne EMITT ne Turqi - Lajme nga Ulqini","description":"EMITT - East Mediterranean International Travel and Tourism Exhibition Mali i Zi merr pjes p\u00ebr her t\u00eb par prezantimin e turizmit internacional n\u00eb","robots":{"index":"index","follow":"follow","max-snippet":"max-snippet:-1","max-image-preview":"max-image-preview:large","max-video-preview":"max-video-preview:-1"},"canonical":"https:\/\/www.visit-ulcinj.com\/blog\/2011\/01\/21\/mali-zi-prezanton-ulqinin-per-her-te-par-ne-emitt-ne-turki\/","og_locale":"en_US","og_type":"article","og_title":"Mali Zi prezanton Ulqinin per her te par ne EMITT ne Turqi - Lajme nga Ulqini","og_description":"EMITT - East Mediterranean International Travel and Tourism Exhibition Mali i Zi merr pjes p\u00ebr her t\u00eb par prezantimin e turizmit internacional n\u00eb","og_url":"https:\/\/www.visit-ulcinj.com\/blog\/2011\/01\/21\/mali-zi-prezanton-ulqinin-per-her-te-par-ne-emitt-ne-turki\/","og_site_name":"Lajme nga Ulqini","article_published_time":"2011-01-21T14:51:37+00:00","article_modified_time":"2011-01-21T15:23:18+00:00","og_image":[{"url":"http:\/\/www.visit-ulcinj.com\/blog\/wp-content\/uploads\/2011\/01\/East-Mediterranean-International-Travel-Tourism-Exhibition-Turkey-2011.jpg"}],"twitter_misc":{"Written by":"ulqini","Est. reading time":"4 minutes"},"schema":{"@context":"https:\/\/schema.org","@graph":[{"@type":"WebSite","@id":"https:\/\/www.visit-ulcinj.com\/blog\/#website","url":"https:\/\/www.visit-ulcinj.com\/blog\/","name":"Lajme nga Ulqini","description":"Lajme,Vijesti,Ulqini,Ulqin,Crna Gora,Mali i Zi","potentialAction":[{"@type":"SearchAction","target":{"@type":"EntryPoint","urlTemplate":"https:\/\/www.visit-ulcinj.com\/blog\/?s={search_term_string}"},"query-input":"required name=search_term_string"}],"inLanguage":"en-US"},{"@type":"ImageObject","inLanguage":"en-US","@id":"https:\/\/www.visit-ulcinj.com\/blog\/2011\/01\/21\/mali-zi-prezanton-ulqinin-per-her-te-par-ne-emitt-ne-turki\/#primaryimage","url":"https:\/\/www.visit-ulcinj.com\/blog\/wp-content\/uploads\/2011\/01\/East-Mediterranean-International-Travel-Tourism-Exhibition-Turkey-2011.jpg","contentUrl":"https:\/\/www.visit-ulcinj.com\/blog\/wp-content\/uploads\/2011\/01\/East-Mediterranean-International-Travel-Tourism-Exhibition-Turkey-2011.jpg","width":"500","height":"335"},{"@type":"WebPage","@id":"https:\/\/www.visit-ulcinj.com\/blog\/2011\/01\/21\/mali-zi-prezanton-ulqinin-per-her-te-par-ne-emitt-ne-turki\/#webpage","url":"https:\/\/www.visit-ulcinj.com\/blog\/2011\/01\/21\/mali-zi-prezanton-ulqinin-per-her-te-par-ne-emitt-ne-turki\/","name":"Mali Zi prezanton Ulqinin per her te par ne EMITT ne Turqi - Lajme nga Ulqini","isPartOf":{"@id":"https:\/\/www.visit-ulcinj.com\/blog\/#website"},"primaryImageOfPage":{"@id":"https:\/\/www.visit-ulcinj.com\/blog\/2011\/01\/21\/mali-zi-prezanton-ulqinin-per-her-te-par-ne-emitt-ne-turki\/#primaryimage"},"datePublished":"2011-01-21T14:51:37+00:00","dateModified":"2011-01-21T15:23:18+00:00","author":{"@id":"https:\/\/www.visit-ulcinj.com\/blog\/#\/schema\/person\/dcab619c614d3038751c63bc2aadc06d"},"description":"EMITT - East Mediterranean International Travel and Tourism Exhibition Mali i Zi merr pjes p\u00ebr her t\u00eb par prezantimin e turizmit internacional n\u00eb","breadcrumb":{"@id":"https:\/\/www.visit-ulcinj.com\/blog\/2011\/01\/21\/mali-zi-prezanton-ulqinin-per-her-te-par-ne-emitt-ne-turki\/#breadcrumb"},"inLanguage":"en-US","potentialAction":[{"@type":"ReadAction","target":["https:\/\/www.visit-ulcinj.com\/blog\/2011\/01\/21\/mali-zi-prezanton-ulqinin-per-her-te-par-ne-emitt-ne-turki\/"]}]},{"@type":"BreadcrumbList","@id":"https:\/\/www.visit-ulcinj.com\/blog\/2011\/01\/21\/mali-zi-prezanton-ulqinin-per-her-te-par-ne-emitt-ne-turki\/#breadcrumb","itemListElement":[{"@type":"ListItem","position":1,"name":"Mali Zi prezanton Ulqinin per her te par ne EMITT ne Turqi"}]},{"@type":"Person","@id":"https:\/\/www.visit-ulcinj.com\/blog\/#\/schema\/person\/dcab619c614d3038751c63bc2aadc06d","name":"ulqini","sameAs":["http:\/\/www.visit-ulcinj.com"],"url":"https:\/\/www.visit-ulcinj.com\/blog\/author\/admin\/"}]}},"jetpack_featured_media_url":"","jetpack_sharing_enabled":true,"jetpack_shortlink":"https:\/\/wp.me\/pe6lTn-b5n","_links":{"self":[{"href":"https:\/\/www.visit-ulcinj.com\/blog\/wp-json\/wp\/v2\/posts\/42617"}],"collection":[{"href":"https:\/\/www.visit-ulcinj.com\/blog\/wp-json\/wp\/v2\/posts"}],"about":[{"href":"https:\/\/www.visit-ulcinj.com\/blog\/wp-json\/wp\/v2\/types\/post"}],"author":[{"embeddable":true,"href":"https:\/\/www.visit-ulcinj.com\/blog\/wp-json\/wp\/v2\/users\/1"}],"replies":[{"embeddable":true,"href":"https:\/\/www.visit-ulcinj.com\/blog\/wp-json\/wp\/v2\/comments?post=42617"}],"version-history":[{"count":0,"href":"https:\/\/www.visit-ulcinj.com\/blog\/wp-json\/wp\/v2\/posts\/42617\/revisions"}],"wp:attachment":[{"href":"https:\/\/www.visit-ulcinj.com\/blog\/wp-json\/wp\/v2\/media?parent=42617"}],"wp:term":[{"taxonomy":"category","embeddable":true,"href":"https:\/\/www.visit-ulcinj.com\/blog\/wp-json\/wp\/v2\/categories?post=42617"},{"taxonomy":"post_tag","embeddable":true,"href":"https:\/\/www.visit-ulcinj.com\/blog\/wp-json\/wp\/v2\/tags?post=42617"}],"curies":[{"name":"wp","href":"https:\/\/api.w.org\/{rel}","templated":true}]}}