{"id":42646,"date":"2011-01-21T17:53:58","date_gmt":"2011-01-21T16:53:58","guid":{"rendered":"http:\/\/www.visit-ulcinj.com\/blog\/?p=42646"},"modified":"2011-01-22T22:33:59","modified_gmt":"2011-01-22T21:33:59","slug":"policia-heton-zyrtare-te-ulqinit-per-krim-ekonomik","status":"publish","type":"post","link":"https:\/\/www.visit-ulcinj.com\/blog\/2011\/01\/21\/policia-heton-zyrtare-te-ulqinit-per-krim-ekonomik\/","title":{"rendered":"Policia heton zyrtar\u00eb t\u00eb Ulqinit p\u00ebr krim ekonomik"},"content":{"rendered":"<p><a href=\"http:\/\/www.visit-ulcinj.com\/blog\/wp-content\/uploads\/2011\/01\/Komuna-e-Ulqinit_Opstina-Ulcinj.1.jpg\"><img loading=\"lazy\" class=\"alignleft size-full wp-image-42647\" title=\"Ulcinj, opstina\" src=\"http:\/\/www.visit-ulcinj.com\/blog\/wp-content\/uploads\/2011\/01\/Komuna-e-Ulqinit_Opstina-Ulcinj.1.jpg\" alt=\"\" width=\"490\" height=\"380\" \/><\/a>Ulqin\u00a0: 21 janar &#8211; Tash disa dit\u00eb inspektor\u00ebt kund\u00ebr krimit ekonomik kan\u00eb hyr\u00eb n\u00eb nd\u00ebrtes\u00ebn e Komun\u00ebs s\u00eb Ulqinit dhe jan\u00eb duke kontrolluar n\u00eb holl\u00ebsira Sekretariatin p\u00ebr Buxhet dhe Financa, dikasterin e Urbanizmit dhe Kadastrin, njofton KosovaLive.<br \/>\nKryetari i Komun\u00ebs, G\u00ebzim Hajdinaga mbr\u00ebmjen e kaluar \u00ebsht\u00eb kthyer n\u00eb Ulqin nga nj\u00eb udh\u00ebtim jasht\u00eb vendit.<br \/>\n\u201cM\u00eb kan\u00eb informuar bashk\u00ebpun\u00ebtor\u00ebt e mi se n\u00eb komun\u00eb ka nisur nj\u00eb kontroll dhe se k\u00ebrkohen t\u00eb dh\u00ebna nga sekretariati i Financave dhe Buxhetit, Turizmit, atij p\u00ebr \u00e7\u00ebshtje komunale dhe Kadastrit. P\u00ebrher\u00eb jan\u00eb t\u00eb mir\u00ebseardhur kontrollimet nga cilido organ kompetent. Ne do t\u00eb jemi plot\u00ebsisht n\u00eb sh\u00ebrbimin e tyre,\u201c shprehet Hajdinaga.<br \/>\nOpozita plot\u00ebsisht ka heshtur p\u00ebr k\u00ebt\u00eb aksion t\u00eb policis\u00eb n\u00eb ekzekutivin e Ulqinit. Qytetar\u00ebt nuk jan\u00eb t\u00eb disponuar t\u00eb thon\u00eb asnj\u00eb fjal\u00eb, por \u201ckaher\u00eb flitet se n\u00eb administrat\u00ebn komunale ka korrupsion, keqp\u00ebrdorim t\u00eb buxhetit.\u201d Organet shtet\u00ebrore t\u00eb b\u00ebjn\u00eb pun\u00ebn e tyre profesionale.<br \/>\nN\u00eb nj\u00eb deklarat\u00eb p\u00ebr KosovaLive, dh\u00ebn\u00eb dy dit\u00eb m\u00eb par\u00eb, kryeparlamentari i ri i Ulqinit, Luigj Shkreli tha se nuk do t\u00eb ket\u00eb em\u00ebrim t\u00eb shefit t\u00eb ri t\u00eb Sekretariatit t\u00eb Financave dhe Buxhetit, pa u konstatuar gjendja e ecuris\u00eb s\u00eb mandatit t\u00eb kaluar.<br \/>\nSekretari i deritash\u00ebm i k\u00ebtij resori, Fatmir Gjeka thot\u00eb se n\u00eb Komun\u00ebn e Ulqinit nuk \u00ebsht\u00eb duke ndodhur asgj\u00eb spektakulare.<br \/>\n\u201cKemi t\u00eb b\u00ebjm\u00eb vet\u00ebm me nj\u00eb kontroll t\u00eb rregullt. Nuk ka asgj\u00eb shqet\u00ebsuese\u201d, \u00ebsht\u00eb shprehur Gjeka duke i ka quajtur spekulime z\u00ebrat se gjoja inspektor\u00ebt po p\u00ebrpushin n\u00ebp\u00ebr Kabinetin e kryetarit t\u00eb Komun\u00ebs, si dhe n\u00eb llogarin\u00eb rrjedh\u00ebse t\u00eb komun\u00ebs.<br \/>\nGjeka n\u00ebnvizon se \u00ebsht\u00eb e v\u00ebrtet\u00eb se nuk kemi para sikur n\u00eb ver\u00eb, por kemi p\u00ebr nevojat e momentit.<br \/>\nKryeprokurorja shtet\u00ebror malazeze, Ranka Carapic konfirmon se \u00ebsht\u00eb e informuar me hetimet q\u00eb po b\u00ebhen n\u00eb Komun\u00ebn e Ulqinit, por \u201ch\u00eb p\u00ebr h\u00eb \u00ebsht\u00eb heret t\u00eb thuhet di\u00e7ka m\u00eb shum\u00eb\u201d, u p\u00ebrgjigj ajo n\u00eb nj\u00eb konferenc\u00eb p\u00ebr media t\u00eb mbajtur mbr\u00ebm\u00eb.<br \/>\nPas Budv\u00ebs e Tivarit, Ulqini \u00ebsht\u00eb komuna e tret\u00eb n\u00eb bregdetin e Malit t\u00eb Zi ku policia heton pun\u00ebn e administrat\u00ebs vendore.<\/p>\n<p><strong>KOHA NET<\/strong><\/p>\n","protected":false},"excerpt":{"rendered":"<p>Ulqin\u00a0: 21 janar &#8211; Tash disa dit\u00eb inspektor\u00ebt kund\u00ebr krimit ekonomik kan\u00eb hyr\u00eb n\u00eb nd\u00ebrtes\u00ebn e Komun\u00ebs s\u00eb Ulqinit dhe jan\u00eb duke kontrolluar n\u00eb holl\u00ebsira Sekretariatin p\u00ebr Buxhet dhe Financa, dikasterin e Urbanizmit dhe Kadastrin, njofton KosovaLive. Kryetari i Komun\u00ebs, G\u00ebzim Hajdinaga mbr\u00ebmjen e kaluar \u00ebsht\u00eb kthyer n\u00eb Ulqin nga nj\u00eb udh\u00ebtim jasht\u00eb vendit. \u201cM\u00eb [&hellip;]<\/p>\n","protected":false},"author":1,"featured_media":0,"comment_status":"open","ping_status":"closed","sticky":false,"template":"","format":"standard","meta":{"spay_email":"","jetpack_publicize_message":"","jetpack_is_tweetstorm":false,"jetpack_publicize_feature_enabled":true},"categories":[8],"tags":[297],"jetpack_publicize_connections":[],"yoast_head":"<!-- This site is optimized with the Yoast SEO plugin v19.1 - https:\/\/yoast.com\/wordpress\/plugins\/seo\/ -->\n<title>Policia heton zyrtar\u00eb t\u00eb Ulqinit p\u00ebr krim ekonomik - Lajme nga Ulqini<\/title>\n<meta name=\"description\" content=\"Ulqin\u00a0: 21 janar - Tash disa dit\u00eb inspektor\u00ebt kund\u00ebr krimit ekonomik kan\u00eb hyr\u00eb n\u00eb nd\u00ebrtes\u00ebn e Komun\u00ebs s\u00eb Ulqinit dhe jan\u00eb duke kontrolluar n\u00eb holl\u00ebsira\" \/>\n<meta name=\"robots\" content=\"index, follow, max-snippet:-1, max-image-preview:large, max-video-preview:-1\" \/>\n<link rel=\"canonical\" href=\"https:\/\/www.visit-ulcinj.com\/blog\/2011\/01\/21\/policia-heton-zyrtare-te-ulqinit-per-krim-ekonomik\/\" \/>\n<meta property=\"og:locale\" content=\"en_US\" \/>\n<meta property=\"og:type\" content=\"article\" \/>\n<meta property=\"og:title\" content=\"Policia heton zyrtar\u00eb t\u00eb Ulqinit p\u00ebr krim ekonomik - Lajme nga Ulqini\" \/>\n<meta property=\"og:description\" content=\"Ulqin\u00a0: 21 janar - Tash disa dit\u00eb inspektor\u00ebt kund\u00ebr krimit ekonomik kan\u00eb hyr\u00eb n\u00eb nd\u00ebrtes\u00ebn e Komun\u00ebs s\u00eb Ulqinit dhe jan\u00eb duke kontrolluar n\u00eb holl\u00ebsira\" \/>\n<meta property=\"og:url\" content=\"https:\/\/www.visit-ulcinj.com\/blog\/2011\/01\/21\/policia-heton-zyrtare-te-ulqinit-per-krim-ekonomik\/\" \/>\n<meta property=\"og:site_name\" content=\"Lajme nga Ulqini\" \/>\n<meta property=\"article:published_time\" content=\"2011-01-21T16:53:58+00:00\" \/>\n<meta property=\"article:modified_time\" content=\"2011-01-22T21:33:59+00:00\" \/>\n<meta property=\"og:image\" content=\"http:\/\/www.visit-ulcinj.com\/blog\/wp-content\/uploads\/2011\/01\/Komuna-e-Ulqinit_Opstina-Ulcinj.1.jpg\" \/>\n<meta name=\"twitter:label1\" content=\"Written by\" \/>\n\t<meta name=\"twitter:data1\" content=\"ulqini\" \/>\n\t<meta name=\"twitter:label2\" content=\"Est. reading time\" \/>\n\t<meta name=\"twitter:data2\" content=\"2 minutes\" \/>\n<script type=\"application\/ld+json\" class=\"yoast-schema-graph\">{\"@context\":\"https:\/\/schema.org\",\"@graph\":[{\"@type\":\"WebSite\",\"@id\":\"https:\/\/www.visit-ulcinj.com\/blog\/#website\",\"url\":\"https:\/\/www.visit-ulcinj.com\/blog\/\",\"name\":\"Lajme nga Ulqini\",\"description\":\"Lajme,Vijesti,Ulqini,Ulqin,Crna Gora,Mali i Zi\",\"potentialAction\":[{\"@type\":\"SearchAction\",\"target\":{\"@type\":\"EntryPoint\",\"urlTemplate\":\"https:\/\/www.visit-ulcinj.com\/blog\/?s={search_term_string}\"},\"query-input\":\"required name=search_term_string\"}],\"inLanguage\":\"en-US\"},{\"@type\":\"ImageObject\",\"inLanguage\":\"en-US\",\"@id\":\"https:\/\/www.visit-ulcinj.com\/blog\/2011\/01\/21\/policia-heton-zyrtare-te-ulqinit-per-krim-ekonomik\/#primaryimage\",\"url\":\"https:\/\/www.visit-ulcinj.com\/blog\/wp-content\/uploads\/2011\/01\/Komuna-e-Ulqinit_Opstina-Ulcinj.1.jpg\",\"contentUrl\":\"https:\/\/www.visit-ulcinj.com\/blog\/wp-content\/uploads\/2011\/01\/Komuna-e-Ulqinit_Opstina-Ulcinj.1.jpg\",\"width\":\"1280\",\"height\":\"960\"},{\"@type\":\"WebPage\",\"@id\":\"https:\/\/www.visit-ulcinj.com\/blog\/2011\/01\/21\/policia-heton-zyrtare-te-ulqinit-per-krim-ekonomik\/#webpage\",\"url\":\"https:\/\/www.visit-ulcinj.com\/blog\/2011\/01\/21\/policia-heton-zyrtare-te-ulqinit-per-krim-ekonomik\/\",\"name\":\"Policia heton zyrtar\u00eb t\u00eb Ulqinit p\u00ebr krim ekonomik - Lajme nga Ulqini\",\"isPartOf\":{\"@id\":\"https:\/\/www.visit-ulcinj.com\/blog\/#website\"},\"primaryImageOfPage\":{\"@id\":\"https:\/\/www.visit-ulcinj.com\/blog\/2011\/01\/21\/policia-heton-zyrtare-te-ulqinit-per-krim-ekonomik\/#primaryimage\"},\"datePublished\":\"2011-01-21T16:53:58+00:00\",\"dateModified\":\"2011-01-22T21:33:59+00:00\",\"author\":{\"@id\":\"https:\/\/www.visit-ulcinj.com\/blog\/#\/schema\/person\/dcab619c614d3038751c63bc2aadc06d\"},\"description\":\"Ulqin\u00a0: 21 janar - Tash disa dit\u00eb inspektor\u00ebt kund\u00ebr krimit ekonomik kan\u00eb hyr\u00eb n\u00eb nd\u00ebrtes\u00ebn e Komun\u00ebs s\u00eb Ulqinit dhe jan\u00eb duke kontrolluar n\u00eb holl\u00ebsira\",\"breadcrumb\":{\"@id\":\"https:\/\/www.visit-ulcinj.com\/blog\/2011\/01\/21\/policia-heton-zyrtare-te-ulqinit-per-krim-ekonomik\/#breadcrumb\"},\"inLanguage\":\"en-US\",\"potentialAction\":[{\"@type\":\"ReadAction\",\"target\":[\"https:\/\/www.visit-ulcinj.com\/blog\/2011\/01\/21\/policia-heton-zyrtare-te-ulqinit-per-krim-ekonomik\/\"]}]},{\"@type\":\"BreadcrumbList\",\"@id\":\"https:\/\/www.visit-ulcinj.com\/blog\/2011\/01\/21\/policia-heton-zyrtare-te-ulqinit-per-krim-ekonomik\/#breadcrumb\",\"itemListElement\":[{\"@type\":\"ListItem\",\"position\":1,\"name\":\"Policia heton zyrtar\u00eb t\u00eb Ulqinit p\u00ebr krim ekonomik\"}]},{\"@type\":\"Person\",\"@id\":\"https:\/\/www.visit-ulcinj.com\/blog\/#\/schema\/person\/dcab619c614d3038751c63bc2aadc06d\",\"name\":\"ulqini\",\"sameAs\":[\"http:\/\/www.visit-ulcinj.com\"],\"url\":\"https:\/\/www.visit-ulcinj.com\/blog\/author\/admin\/\"}]}<\/script>\n<!-- \/ Yoast SEO plugin. -->","yoast_head_json":{"title":"Policia heton zyrtar\u00eb t\u00eb Ulqinit p\u00ebr krim ekonomik - Lajme nga Ulqini","description":"Ulqin\u00a0: 21 janar - Tash disa dit\u00eb inspektor\u00ebt kund\u00ebr krimit ekonomik kan\u00eb hyr\u00eb n\u00eb nd\u00ebrtes\u00ebn e Komun\u00ebs s\u00eb Ulqinit dhe jan\u00eb duke kontrolluar n\u00eb holl\u00ebsira","robots":{"index":"index","follow":"follow","max-snippet":"max-snippet:-1","max-image-preview":"max-image-preview:large","max-video-preview":"max-video-preview:-1"},"canonical":"https:\/\/www.visit-ulcinj.com\/blog\/2011\/01\/21\/policia-heton-zyrtare-te-ulqinit-per-krim-ekonomik\/","og_locale":"en_US","og_type":"article","og_title":"Policia heton zyrtar\u00eb t\u00eb Ulqinit p\u00ebr krim ekonomik - Lajme nga Ulqini","og_description":"Ulqin\u00a0: 21 janar - Tash disa dit\u00eb inspektor\u00ebt kund\u00ebr krimit ekonomik kan\u00eb hyr\u00eb n\u00eb nd\u00ebrtes\u00ebn e Komun\u00ebs s\u00eb Ulqinit dhe jan\u00eb duke kontrolluar n\u00eb holl\u00ebsira","og_url":"https:\/\/www.visit-ulcinj.com\/blog\/2011\/01\/21\/policia-heton-zyrtare-te-ulqinit-per-krim-ekonomik\/","og_site_name":"Lajme nga Ulqini","article_published_time":"2011-01-21T16:53:58+00:00","article_modified_time":"2011-01-22T21:33:59+00:00","og_image":[{"url":"http:\/\/www.visit-ulcinj.com\/blog\/wp-content\/uploads\/2011\/01\/Komuna-e-Ulqinit_Opstina-Ulcinj.1.jpg"}],"twitter_misc":{"Written by":"ulqini","Est. reading time":"2 minutes"},"schema":{"@context":"https:\/\/schema.org","@graph":[{"@type":"WebSite","@id":"https:\/\/www.visit-ulcinj.com\/blog\/#website","url":"https:\/\/www.visit-ulcinj.com\/blog\/","name":"Lajme nga Ulqini","description":"Lajme,Vijesti,Ulqini,Ulqin,Crna Gora,Mali i Zi","potentialAction":[{"@type":"SearchAction","target":{"@type":"EntryPoint","urlTemplate":"https:\/\/www.visit-ulcinj.com\/blog\/?s={search_term_string}"},"query-input":"required name=search_term_string"}],"inLanguage":"en-US"},{"@type":"ImageObject","inLanguage":"en-US","@id":"https:\/\/www.visit-ulcinj.com\/blog\/2011\/01\/21\/policia-heton-zyrtare-te-ulqinit-per-krim-ekonomik\/#primaryimage","url":"https:\/\/www.visit-ulcinj.com\/blog\/wp-content\/uploads\/2011\/01\/Komuna-e-Ulqinit_Opstina-Ulcinj.1.jpg","contentUrl":"https:\/\/www.visit-ulcinj.com\/blog\/wp-content\/uploads\/2011\/01\/Komuna-e-Ulqinit_Opstina-Ulcinj.1.jpg","width":"1280","height":"960"},{"@type":"WebPage","@id":"https:\/\/www.visit-ulcinj.com\/blog\/2011\/01\/21\/policia-heton-zyrtare-te-ulqinit-per-krim-ekonomik\/#webpage","url":"https:\/\/www.visit-ulcinj.com\/blog\/2011\/01\/21\/policia-heton-zyrtare-te-ulqinit-per-krim-ekonomik\/","name":"Policia heton zyrtar\u00eb t\u00eb Ulqinit p\u00ebr krim ekonomik - Lajme nga Ulqini","isPartOf":{"@id":"https:\/\/www.visit-ulcinj.com\/blog\/#website"},"primaryImageOfPage":{"@id":"https:\/\/www.visit-ulcinj.com\/blog\/2011\/01\/21\/policia-heton-zyrtare-te-ulqinit-per-krim-ekonomik\/#primaryimage"},"datePublished":"2011-01-21T16:53:58+00:00","dateModified":"2011-01-22T21:33:59+00:00","author":{"@id":"https:\/\/www.visit-ulcinj.com\/blog\/#\/schema\/person\/dcab619c614d3038751c63bc2aadc06d"},"description":"Ulqin\u00a0: 21 janar - Tash disa dit\u00eb inspektor\u00ebt kund\u00ebr krimit ekonomik kan\u00eb hyr\u00eb n\u00eb nd\u00ebrtes\u00ebn e Komun\u00ebs s\u00eb Ulqinit dhe jan\u00eb duke kontrolluar n\u00eb holl\u00ebsira","breadcrumb":{"@id":"https:\/\/www.visit-ulcinj.com\/blog\/2011\/01\/21\/policia-heton-zyrtare-te-ulqinit-per-krim-ekonomik\/#breadcrumb"},"inLanguage":"en-US","potentialAction":[{"@type":"ReadAction","target":["https:\/\/www.visit-ulcinj.com\/blog\/2011\/01\/21\/policia-heton-zyrtare-te-ulqinit-per-krim-ekonomik\/"]}]},{"@type":"BreadcrumbList","@id":"https:\/\/www.visit-ulcinj.com\/blog\/2011\/01\/21\/policia-heton-zyrtare-te-ulqinit-per-krim-ekonomik\/#breadcrumb","itemListElement":[{"@type":"ListItem","position":1,"name":"Policia heton zyrtar\u00eb t\u00eb Ulqinit p\u00ebr krim ekonomik"}]},{"@type":"Person","@id":"https:\/\/www.visit-ulcinj.com\/blog\/#\/schema\/person\/dcab619c614d3038751c63bc2aadc06d","name":"ulqini","sameAs":["http:\/\/www.visit-ulcinj.com"],"url":"https:\/\/www.visit-ulcinj.com\/blog\/author\/admin\/"}]}},"jetpack_featured_media_url":"","jetpack_sharing_enabled":true,"jetpack_shortlink":"https:\/\/wp.me\/pe6lTn-b5Q","_links":{"self":[{"href":"https:\/\/www.visit-ulcinj.com\/blog\/wp-json\/wp\/v2\/posts\/42646"}],"collection":[{"href":"https:\/\/www.visit-ulcinj.com\/blog\/wp-json\/wp\/v2\/posts"}],"about":[{"href":"https:\/\/www.visit-ulcinj.com\/blog\/wp-json\/wp\/v2\/types\/post"}],"author":[{"embeddable":true,"href":"https:\/\/www.visit-ulcinj.com\/blog\/wp-json\/wp\/v2\/users\/1"}],"replies":[{"embeddable":true,"href":"https:\/\/www.visit-ulcinj.com\/blog\/wp-json\/wp\/v2\/comments?post=42646"}],"version-history":[{"count":0,"href":"https:\/\/www.visit-ulcinj.com\/blog\/wp-json\/wp\/v2\/posts\/42646\/revisions"}],"wp:attachment":[{"href":"https:\/\/www.visit-ulcinj.com\/blog\/wp-json\/wp\/v2\/media?parent=42646"}],"wp:term":[{"taxonomy":"category","embeddable":true,"href":"https:\/\/www.visit-ulcinj.com\/blog\/wp-json\/wp\/v2\/categories?post=42646"},{"taxonomy":"post_tag","embeddable":true,"href":"https:\/\/www.visit-ulcinj.com\/blog\/wp-json\/wp\/v2\/tags?post=42646"}],"curies":[{"name":"wp","href":"https:\/\/api.w.org\/{rel}","templated":true}]}}