{"id":42656,"date":"2011-01-22T02:12:13","date_gmt":"2011-01-22T01:12:13","guid":{"rendered":"http:\/\/www.visit-ulcinj.com\/blog\/?p=42656"},"modified":"2011-01-22T02:27:45","modified_gmt":"2011-01-22T01:27:45","slug":"grad-srusenih-hotela","status":"publish","type":"post","link":"https:\/\/www.visit-ulcinj.com\/blog\/2011\/01\/22\/grad-srusenih-hotela\/","title":{"rendered":"Grad sru\u0161enih hotela"},"content":{"rendered":"<p><a href=\"http:\/\/www.visit-ulcinj.com\/blog\/wp-content\/uploads\/2011\/01\/Hotel-Jadran-Ulcinj-Crna-Gora.6.jpg\"><img loading=\"lazy\" class=\"alignleft size-full wp-image-42662\" title=\"Hotel-Jadran-Ulcinj-Crna-Gora.6\" src=\"http:\/\/www.visit-ulcinj.com\/blog\/wp-content\/uploads\/2011\/01\/Hotel-Jadran-Ulcinj-Crna-Gora.6.jpg\" alt=\"\" width=\"490\" height=\"391\" \/><\/a>Kada bi se novi crnogorski ministar odr\u017eivog razvoja i turizma Predrag Sekuli\u0107, kao \u0161to je to obe\u0107ao pro\u0161le sedmice, bavio samo problemima ruinirane ,,ulcinjske turisti\u010dke industrije&#8221; mogao bi da u tome potro\u0161i cijeli mandat. Jer, grad sa najve\u0107im turisti\u010dkim potencijalom u dr\u017eavi, na \u010dijoj se rivijeri do prije dvije decenije ostvarivalo vi\u0161e od tre\u0107ine turisti\u010dkog prometa Crne Gore danas je jedina nerazvijena op\u0161tina na Crnogorskom primorju. Grad sru\u0161enih hotela.<\/p>\n<p>STE\u010cAJ: To se mo\u017eda najbolje vidi sa Pristana, \u0111e obavezno mora do\u0107i svaki turista ili posjetilac. Jer, vi\u0161e nema one prepoznatljive panorama, one slike Ulcinja sa razglednica. Vi\u0161e nema hotela Galeb, Jadran i Republika, koji su bili izgra\u0111eni sredinom 30-tih godina 20. stolje\u0107a!<br \/>\n<a href=\"http:\/\/www.visit-ulcinj.com\/blog\/wp-content\/uploads\/2011\/01\/hotel-Republika-ulcinj.jpg\"><img loading=\"lazy\" class=\"alignleft size-full wp-image-42664\" title=\"hotel Republika ulcinj\" src=\"http:\/\/www.visit-ulcinj.com\/blog\/wp-content\/uploads\/2011\/01\/hotel-Republika-ulcinj.jpg\" alt=\"\" width=\"490\" height=\"380\" \/><\/a><\/p>\n<p>Ulcinj je po tome zaista fenomen: vi\u0161e je kvalitetnih smje\u0161tajnih kapaciteta u hotelima imao prije 75 godina nego danas! Da se ne govori o onome \u0161to je bilo sredinom 80-tih, kada je Hotelsko-turisti\u010dko preduze\u0107e Ulcinjska rivijera, sa oko 4,5 hiljada le\u017eaja u svojim objektima, bilo privredni gigant i u okvirima SFRJ. To preduze\u0107e zapo\u0161ljavalo je preko 1100 stalnih radnika i oko 800 sezonaca, koji su radili od aprila do oktobra, jer je sezona u ulcinjskim hotelima tada trajala sedam mjeseci. Upravo \u0107eranje u ste\u010daj te kompanije u januaru 2004. godine, zbog duga Elektroprivredi od 231 hiljadu eura, iako je njena imovina vrijedila preko 80 miliona eura, bio je znak da po\u010dinje \u010dere\u010denje preduze\u0107a koje je izgradilo moderni Ulcinj. Pune \u010detiri godine odvijao se ste\u010daj, ta\u010dnije proces umiru\u0107eg holdinga, \u0161to zna\u010di da se malo-pomalo prodaju njegovi objekti i imovina, dok na kraju ne ostane ni\u0161ta, dok Ulcinjska rivijera ne umre kao privredni subjekt. Tako ne\u0161to nije se desilo ni u jednoj drugoj sli\u010dnoj firmi na Crnogorskom primorju, iako su one imale mnogo ve\u0107e dugove od Ulcinjske rivijere.<\/p>\n<p>Neopravdano dugo trajanje ste\u010daja gotovo je izbrisalo Ulcinj sa turisti\u010dke mape Crne Gore, o Evropi da se ne govori. Grad je propadao, radnici ostajali bez posla (danas ih ima tek 210, a polovina su prekobrojni i mora\u0107e da idu iz firme), dok je javnost bila gotovo dnevno bombardovana najavama sa najvi\u0161eg nivoa da \u0107e se tu sliti milijarde eura, da \u0107e to biti novi Dubai ili Monte Karlo.<\/p>\n<p><a href=\"http:\/\/www.visit-ulcinj.com\/blog\/wp-content\/uploads\/2011\/01\/hotel-otrant-ulcinj1.jpg\"><img loading=\"lazy\" class=\"alignleft size-full wp-image-42665\" title=\"hotel-otrant-ulcinj\" src=\"http:\/\/www.visit-ulcinj.com\/blog\/wp-content\/uploads\/2011\/01\/hotel-otrant-ulcinj1.jpg\" alt=\"\" width=\"490\" height=\"380\" \/><\/a>OTRANT: Nijedna privatizacija ulcinjskih hotela nije valjano ura\u0111ena, u interesu zapo\u0161ljenih i lokalne zajednice. Agonija je po\u010dela 2004. godine sa prodajom hotela Otrant, na po\u010detku Velike pla\u017ee, u krajnje sumnjivoj proceduri, do tada nepoznatoj kompaniji Barkli Montenegro, koja je registrovana 1999. godine u Moskvi sa osniva\u010dkim kapitalom od 200 eura! Ta firma se nikada nije bavila turizmom, a kupila je Otrant za 2,5 miliona eura, novcem koji je stigao iz Bugarske i Latvije, iako Barkli nije imao filijale u stranim zemljama!<\/p>\n<p>Toj kompaniji koja, prema registru, nije imala ni evidencije o porezu ni podataka o bankovnom ra\u010dunu, tek dvije ku\u0107e i dvije gra\u0111evine (!), biv\u0161i ministar turizma Predrag Nenezi\u0107 i ste\u010dajni upravnik Ulcinjske rivijere Miomir Jak\u0161i\u0107 su kao \u010dlanovi Tenderske komisije za prodaju Otranta, dali najvi\u0161e bodova za finansijsku snagu?! Bio je to, kako su ocijenili u opoziciji, \u201eklasi\u010dan primjer privrednog kriminala za koji neko treba da odgovara&#8221;. Niko, naravno, nije odgovarao niti je iko od dr\u017eavnih organa ispitivao poslovanje te kompanije, barem iz Uprave za sprje\u010davanje pranja novca. Da paradoks bude ve\u0107i, Vlada je uvjeravala javnost da su Rusi, koji su 2008. godine renovirali hotel, ulo\u017eili vi\u0161e nego \u0161to je bilo predvi\u0111eno kupoprodajnim ugovorom. A od Rusa vi\u0161e ni traga ni glasa. Tek dva radnika privatnog obezbje\u0111enja na kapiji Otranta. Radnici ve\u0107 \u0161est mjeseci bez zarada.<\/p>\n<p><a href=\"http:\/\/www.visit-ulcinj.com\/blog\/wp-content\/uploads\/2011\/01\/HOTEL-GALEB-ULCINJ.jpg\"><img loading=\"lazy\" class=\"alignleft size-full wp-image-42661\" title=\"HOTEL GALEB ULCINJ\" src=\"http:\/\/www.visit-ulcinj.com\/blog\/wp-content\/uploads\/2011\/01\/HOTEL-GALEB-ULCINJ.jpg\" alt=\"\" width=\"490\" height=\"390\" \/><\/a>GALEB: Za Ulcinjane je jo\u0161 tragi\u010dnija i bolnija pri\u010da o hotelu Galeb. Jer, sru\u0161iti hotel koji je decenijama bio simbol grada, a ne sagraditi novi, kako je bilo predvi\u0111eno, uz obavezu investicija od 15 miliona eura, ostaviti rupu u \u201esrcu Ulcinja&#8221;, na\u010diniti od kvalifikovanih radnika prodavce u trafikama, ne mo\u017ee se druga\u010dije nazvati nego kolektivno poni\u017eenje.<\/p>\n<p>Ponovo je biv\u0161i ministar imao razumijevanje za odga\u0111anje izgradnje hotela koji je prve goste trebalo da primi u 2009. godini.<\/p>\n<p>,,Prostorno-planska dokumentacija u Ulcinju je limitirana i zbog toga Rok\u0161ped nije bio u mogu\u0107nosti da na vrijeme realizuje ugovorom preuzetu obavezu&#8221;, govorio je Nenezi\u0107.<\/p>\n<p>,,Kao i u slu\u010daju Otranta, siguran sam da i oko privatizacije Galeba postoje koruptivni elementi&#8221;, ka\u017ee za Monitor poslanik u crnogorskom parlamentu Genci Nimanbegu. On pozdravlja namjeru novog ministra da Vlada preispita kupoprodajne i privatizacione ugovore u Ulcinju, ali dodaje da je i njegov prethodnik znao \u010desto da se ,,zabrine&#8221; zbog tu\u017enog stanja u ulcinjskom turizmu. Novih obe\u0107anih investicija nema ni u hotelima Lido i Albatros, gradnja hotela zastala je i u Starom gradu, na njegovim bedemima. Istovremeno, zbog nepostojanja prostorno-planske dokumentacije u gradu ameri\u010dka kompanija Be\u0107ovi\u0107 ve\u0107 godinama bezuspje\u0161no poku\u0161ava da dobije dozvole i obnovi hotel Mediteran. Analiti\u010dari su uvjereni da bi izgradnja samo jednog dobrog hotela, sa \u010detiri ili pet zvjezdica, bio impuls da se u roku od deset godina na ulcinjskoj rivijeri izgradi bar jo\u0161 pet takvih hotela.<\/p>\n<p>Novi ministar, dakle, u Ulcinju ima previ\u0161e posla, ali i veliku \u0161ansu za dokazivanje. Jer, samo ukoliko Ulcinj i Herceg-Novi budu obnovili nekada\u0161nje smje\u0161tajne kapacitete, turisti\u010dka Crna Gora \u0107e imati oba ,,plu\u0107na krila&#8221;. Tek tada \u0107e kona\u010dno ova zemlja turisti\u010dki disati, a turizam \u0107e ponovo biti najva\u017enija privredna grana.<\/p>\n<p><a href=\"http:\/\/www.monitor.co.me\/index.php?option=com_content&amp;view=article&amp;id=1285:grad-sruenih-hotela&amp;catid=133:novi-broj-tekstovi&amp;Itemid=1267\" target=\"_blank\"><strong>Mustafa CANKA<\/strong><\/a><a href=\"http:\/\/www.monitor.co.me\/index.php?option=com_content&amp;view=article&amp;id=1285:grad-sruenih-hotela&amp;catid=133:novi-broj-tekstovi&amp;Itemid=1267\" target=\"_blank\"><strong><br \/>\nMONITOR<\/strong><\/a><br \/>\n<!--YouTube Error: bad URL entered--><\/p>\n","protected":false},"excerpt":{"rendered":"<p>Kada bi se novi crnogorski ministar odr\u017eivog razvoja i turizma Predrag Sekuli\u0107, kao \u0161to je to obe\u0107ao pro\u0161le sedmice, bavio samo problemima ruinirane ,,ulcinjske turisti\u010dke industrije&#8221; mogao bi da u tome potro\u0161i cijeli mandat. Jer, grad sa najve\u0107im turisti\u010dkim potencijalom u dr\u017eavi, na \u010dijoj se rivijeri do prije dvije decenije ostvarivalo vi\u0161e od tre\u0107ine turisti\u010dkog [&hellip;]<\/p>\n","protected":false},"author":1,"featured_media":0,"comment_status":"open","ping_status":"closed","sticky":false,"template":"","format":"standard","meta":{"spay_email":"","jetpack_publicize_message":"","jetpack_is_tweetstorm":false,"jetpack_publicize_feature_enabled":true},"categories":[8337],"tags":[12769,13981,17094,4649,17095,6483,19],"jetpack_publicize_connections":[],"yoast_head":"<!-- This site is optimized with the Yoast SEO plugin v19.1 - https:\/\/yoast.com\/wordpress\/plugins\/seo\/ -->\n<title>Grad sru\u0161enih hotela - Lajme nga Ulqini<\/title>\n<meta name=\"description\" content=\"Kada bi se novi crnogorski ministar odr\u017eivog razvoja i turizma Predrag Sekuli\u0107, kao \u0161to je to obe\u0107ao pro\u0161le sedmice, bavio samo problemima ruinirane\" \/>\n<meta name=\"robots\" content=\"index, follow, max-snippet:-1, max-image-preview:large, max-video-preview:-1\" \/>\n<link rel=\"canonical\" href=\"https:\/\/www.visit-ulcinj.com\/blog\/2011\/01\/22\/grad-srusenih-hotela\/\" \/>\n<meta property=\"og:locale\" content=\"en_US\" \/>\n<meta property=\"og:type\" content=\"article\" \/>\n<meta property=\"og:title\" content=\"Grad sru\u0161enih hotela - Lajme nga Ulqini\" \/>\n<meta property=\"og:description\" content=\"Kada bi se novi crnogorski ministar odr\u017eivog razvoja i turizma Predrag Sekuli\u0107, kao \u0161to je to obe\u0107ao pro\u0161le sedmice, bavio samo problemima ruinirane\" \/>\n<meta property=\"og:url\" content=\"https:\/\/www.visit-ulcinj.com\/blog\/2011\/01\/22\/grad-srusenih-hotela\/\" \/>\n<meta property=\"og:site_name\" content=\"Lajme nga Ulqini\" \/>\n<meta property=\"article:published_time\" content=\"2011-01-22T01:12:13+00:00\" \/>\n<meta property=\"article:modified_time\" content=\"2011-01-22T01:27:45+00:00\" \/>\n<meta property=\"og:image\" content=\"http:\/\/www.visit-ulcinj.com\/blog\/wp-content\/uploads\/2011\/01\/Hotel-Jadran-Ulcinj-Crna-Gora.6.jpg\" \/>\n<meta name=\"twitter:label1\" content=\"Written by\" \/>\n\t<meta name=\"twitter:data1\" content=\"ulqini\" \/>\n\t<meta name=\"twitter:label2\" content=\"Est. reading time\" \/>\n\t<meta name=\"twitter:data2\" content=\"5 minutes\" \/>\n<script type=\"application\/ld+json\" class=\"yoast-schema-graph\">{\"@context\":\"https:\/\/schema.org\",\"@graph\":[{\"@type\":\"WebSite\",\"@id\":\"https:\/\/www.visit-ulcinj.com\/blog\/#website\",\"url\":\"https:\/\/www.visit-ulcinj.com\/blog\/\",\"name\":\"Lajme nga Ulqini\",\"description\":\"Lajme,Vijesti,Ulqini,Ulqin,Crna Gora,Mali i Zi\",\"potentialAction\":[{\"@type\":\"SearchAction\",\"target\":{\"@type\":\"EntryPoint\",\"urlTemplate\":\"https:\/\/www.visit-ulcinj.com\/blog\/?s={search_term_string}\"},\"query-input\":\"required name=search_term_string\"}],\"inLanguage\":\"en-US\"},{\"@type\":\"ImageObject\",\"inLanguage\":\"en-US\",\"@id\":\"https:\/\/www.visit-ulcinj.com\/blog\/2011\/01\/22\/grad-srusenih-hotela\/#primaryimage\",\"url\":\"https:\/\/www.visit-ulcinj.com\/blog\/wp-content\/uploads\/2011\/01\/Hotel-Jadran-Ulcinj-Crna-Gora.6.jpg\",\"contentUrl\":\"https:\/\/www.visit-ulcinj.com\/blog\/wp-content\/uploads\/2011\/01\/Hotel-Jadran-Ulcinj-Crna-Gora.6.jpg\",\"width\":\"604\",\"height\":\"391\"},{\"@type\":\"WebPage\",\"@id\":\"https:\/\/www.visit-ulcinj.com\/blog\/2011\/01\/22\/grad-srusenih-hotela\/#webpage\",\"url\":\"https:\/\/www.visit-ulcinj.com\/blog\/2011\/01\/22\/grad-srusenih-hotela\/\",\"name\":\"Grad sru\u0161enih hotela - Lajme nga Ulqini\",\"isPartOf\":{\"@id\":\"https:\/\/www.visit-ulcinj.com\/blog\/#website\"},\"primaryImageOfPage\":{\"@id\":\"https:\/\/www.visit-ulcinj.com\/blog\/2011\/01\/22\/grad-srusenih-hotela\/#primaryimage\"},\"datePublished\":\"2011-01-22T01:12:13+00:00\",\"dateModified\":\"2011-01-22T01:27:45+00:00\",\"author\":{\"@id\":\"https:\/\/www.visit-ulcinj.com\/blog\/#\/schema\/person\/dcab619c614d3038751c63bc2aadc06d\"},\"description\":\"Kada bi se novi crnogorski ministar odr\u017eivog razvoja i turizma Predrag Sekuli\u0107, kao \u0161to je to obe\u0107ao pro\u0161le sedmice, bavio samo problemima ruinirane\",\"breadcrumb\":{\"@id\":\"https:\/\/www.visit-ulcinj.com\/blog\/2011\/01\/22\/grad-srusenih-hotela\/#breadcrumb\"},\"inLanguage\":\"en-US\",\"potentialAction\":[{\"@type\":\"ReadAction\",\"target\":[\"https:\/\/www.visit-ulcinj.com\/blog\/2011\/01\/22\/grad-srusenih-hotela\/\"]}]},{\"@type\":\"BreadcrumbList\",\"@id\":\"https:\/\/www.visit-ulcinj.com\/blog\/2011\/01\/22\/grad-srusenih-hotela\/#breadcrumb\",\"itemListElement\":[{\"@type\":\"ListItem\",\"position\":1,\"name\":\"Grad sru\u0161enih hotela\"}]},{\"@type\":\"Person\",\"@id\":\"https:\/\/www.visit-ulcinj.com\/blog\/#\/schema\/person\/dcab619c614d3038751c63bc2aadc06d\",\"name\":\"ulqini\",\"sameAs\":[\"http:\/\/www.visit-ulcinj.com\"],\"url\":\"https:\/\/www.visit-ulcinj.com\/blog\/author\/admin\/\"}]}<\/script>\n<!-- \/ Yoast SEO plugin. -->","yoast_head_json":{"title":"Grad sru\u0161enih hotela - Lajme nga Ulqini","description":"Kada bi se novi crnogorski ministar odr\u017eivog razvoja i turizma Predrag Sekuli\u0107, kao \u0161to je to obe\u0107ao pro\u0161le sedmice, bavio samo problemima ruinirane","robots":{"index":"index","follow":"follow","max-snippet":"max-snippet:-1","max-image-preview":"max-image-preview:large","max-video-preview":"max-video-preview:-1"},"canonical":"https:\/\/www.visit-ulcinj.com\/blog\/2011\/01\/22\/grad-srusenih-hotela\/","og_locale":"en_US","og_type":"article","og_title":"Grad sru\u0161enih hotela - Lajme nga Ulqini","og_description":"Kada bi se novi crnogorski ministar odr\u017eivog razvoja i turizma Predrag Sekuli\u0107, kao \u0161to je to obe\u0107ao pro\u0161le sedmice, bavio samo problemima ruinirane","og_url":"https:\/\/www.visit-ulcinj.com\/blog\/2011\/01\/22\/grad-srusenih-hotela\/","og_site_name":"Lajme nga Ulqini","article_published_time":"2011-01-22T01:12:13+00:00","article_modified_time":"2011-01-22T01:27:45+00:00","og_image":[{"url":"http:\/\/www.visit-ulcinj.com\/blog\/wp-content\/uploads\/2011\/01\/Hotel-Jadran-Ulcinj-Crna-Gora.6.jpg"}],"twitter_misc":{"Written by":"ulqini","Est. reading time":"5 minutes"},"schema":{"@context":"https:\/\/schema.org","@graph":[{"@type":"WebSite","@id":"https:\/\/www.visit-ulcinj.com\/blog\/#website","url":"https:\/\/www.visit-ulcinj.com\/blog\/","name":"Lajme nga Ulqini","description":"Lajme,Vijesti,Ulqini,Ulqin,Crna Gora,Mali i Zi","potentialAction":[{"@type":"SearchAction","target":{"@type":"EntryPoint","urlTemplate":"https:\/\/www.visit-ulcinj.com\/blog\/?s={search_term_string}"},"query-input":"required name=search_term_string"}],"inLanguage":"en-US"},{"@type":"ImageObject","inLanguage":"en-US","@id":"https:\/\/www.visit-ulcinj.com\/blog\/2011\/01\/22\/grad-srusenih-hotela\/#primaryimage","url":"https:\/\/www.visit-ulcinj.com\/blog\/wp-content\/uploads\/2011\/01\/Hotel-Jadran-Ulcinj-Crna-Gora.6.jpg","contentUrl":"https:\/\/www.visit-ulcinj.com\/blog\/wp-content\/uploads\/2011\/01\/Hotel-Jadran-Ulcinj-Crna-Gora.6.jpg","width":"604","height":"391"},{"@type":"WebPage","@id":"https:\/\/www.visit-ulcinj.com\/blog\/2011\/01\/22\/grad-srusenih-hotela\/#webpage","url":"https:\/\/www.visit-ulcinj.com\/blog\/2011\/01\/22\/grad-srusenih-hotela\/","name":"Grad sru\u0161enih hotela - Lajme nga Ulqini","isPartOf":{"@id":"https:\/\/www.visit-ulcinj.com\/blog\/#website"},"primaryImageOfPage":{"@id":"https:\/\/www.visit-ulcinj.com\/blog\/2011\/01\/22\/grad-srusenih-hotela\/#primaryimage"},"datePublished":"2011-01-22T01:12:13+00:00","dateModified":"2011-01-22T01:27:45+00:00","author":{"@id":"https:\/\/www.visit-ulcinj.com\/blog\/#\/schema\/person\/dcab619c614d3038751c63bc2aadc06d"},"description":"Kada bi se novi crnogorski ministar odr\u017eivog razvoja i turizma Predrag Sekuli\u0107, kao \u0161to je to obe\u0107ao pro\u0161le sedmice, bavio samo problemima ruinirane","breadcrumb":{"@id":"https:\/\/www.visit-ulcinj.com\/blog\/2011\/01\/22\/grad-srusenih-hotela\/#breadcrumb"},"inLanguage":"en-US","potentialAction":[{"@type":"ReadAction","target":["https:\/\/www.visit-ulcinj.com\/blog\/2011\/01\/22\/grad-srusenih-hotela\/"]}]},{"@type":"BreadcrumbList","@id":"https:\/\/www.visit-ulcinj.com\/blog\/2011\/01\/22\/grad-srusenih-hotela\/#breadcrumb","itemListElement":[{"@type":"ListItem","position":1,"name":"Grad sru\u0161enih hotela"}]},{"@type":"Person","@id":"https:\/\/www.visit-ulcinj.com\/blog\/#\/schema\/person\/dcab619c614d3038751c63bc2aadc06d","name":"ulqini","sameAs":["http:\/\/www.visit-ulcinj.com"],"url":"https:\/\/www.visit-ulcinj.com\/blog\/author\/admin\/"}]}},"jetpack_featured_media_url":"","jetpack_sharing_enabled":true,"jetpack_shortlink":"https:\/\/wp.me\/pe6lTn-b60","_links":{"self":[{"href":"https:\/\/www.visit-ulcinj.com\/blog\/wp-json\/wp\/v2\/posts\/42656"}],"collection":[{"href":"https:\/\/www.visit-ulcinj.com\/blog\/wp-json\/wp\/v2\/posts"}],"about":[{"href":"https:\/\/www.visit-ulcinj.com\/blog\/wp-json\/wp\/v2\/types\/post"}],"author":[{"embeddable":true,"href":"https:\/\/www.visit-ulcinj.com\/blog\/wp-json\/wp\/v2\/users\/1"}],"replies":[{"embeddable":true,"href":"https:\/\/www.visit-ulcinj.com\/blog\/wp-json\/wp\/v2\/comments?post=42656"}],"version-history":[{"count":0,"href":"https:\/\/www.visit-ulcinj.com\/blog\/wp-json\/wp\/v2\/posts\/42656\/revisions"}],"wp:attachment":[{"href":"https:\/\/www.visit-ulcinj.com\/blog\/wp-json\/wp\/v2\/media?parent=42656"}],"wp:term":[{"taxonomy":"category","embeddable":true,"href":"https:\/\/www.visit-ulcinj.com\/blog\/wp-json\/wp\/v2\/categories?post=42656"},{"taxonomy":"post_tag","embeddable":true,"href":"https:\/\/www.visit-ulcinj.com\/blog\/wp-json\/wp\/v2\/tags?post=42656"}],"curies":[{"name":"wp","href":"https:\/\/api.w.org\/{rel}","templated":true}]}}