{"id":42698,"date":"2011-01-23T17:02:49","date_gmt":"2011-01-23T16:02:49","guid":{"rendered":"http:\/\/www.visit-ulcinj.com\/blog\/?p=42698"},"modified":"2022-06-13T12:58:37","modified_gmt":"2022-06-13T11:58:37","slug":"ulcinj-vacances-%e2%80%93-montenegro-video","status":"publish","type":"post","link":"https:\/\/www.visit-ulcinj.com\/blog\/2011\/01\/23\/ulcinj-vacances-%e2%80%93-montenegro-video\/","title":{"rendered":"Ulcinj Vacances \u2013 Mont\u00e9n\u00e9gro &#8211; Video"},"content":{"rendered":"<p><a href=\"http:\/\/www.visit-ulcinj.com\/blog\/wp-content\/uploads\/2011\/01\/Ulcinj-Vacances-\u2013-Mont\u00e9n\u00e9gro_maps.jpg\"><img loading=\"lazy\" class=\"alignleft size-full wp-image-42699\" title=\"Ulcinj Vacances \u2013 Mont\u00e9n\u00e9gro_maps\" src=\"http:\/\/www.visit-ulcinj.com\/blog\/wp-content\/uploads\/2011\/01\/Ulcinj-Vacances-\u2013-Mont\u00e9n\u00e9gro_maps.jpg\" alt=\"\" width=\"490\" height=\"380\" \/><\/a>Le Mont\u00e9n\u00e9gro est un pays, souvent oubli\u00e9, mais il vaut pourtant le d\u00e9tour! Il y en a pour chaque touriste: le soleil, la mer, la plage et de superbes montagnes!<\/p>\n<p><a href=\"skype:ulqinaku1?call\"><img loading=\"lazy\" class=\"alignleft size-full wp-image-3933\" src=\"http:\/\/www.visit-ulcinj.com\/blog\/wp-content\/uploads\/2013\/07\/c70e_skype.jpg\" alt=\"skype\" width=\"121\" height=\"91\" \/><\/a><\/p>\n<p><strong><br \/>\n<\/strong><\/p>\n<p><strong>Email: Holiday House@gmail.com<\/strong><\/p>\n<p>Le Mont\u00e9n\u00e9gro est un pays souvent oubli\u00e9, il m\u00e9rite toutefois toute notre attention. Avec sa culture, son climat subtropical et sa riche histoire ce pays d\u00e9ploie tous ses charmes.<\/p>\n<p>Le paysage du Mont\u00e9n\u00e9gro a \u00e9t\u00e9 ajout\u00e9 \u00e0 la liste du &#8216;World Natural H\u00e9ritage&#8217; de l&#8217;UNESCO. Le pays, situ\u00e9 sur la c\u00f4te Adriatique, est parsem\u00e9 de rochers et de hautes montagnes. La population, tr\u00e8s amicale, est fi\u00e8re de ses origines qu&#8217;elle est toujours ravie de commenter.<\/p>\n<p>Que vous choisissiez des vacances au soleil, ou de sports d&#8217;hiver, de plong\u00e9e ou de randonn\u00e9e, vous \u00eates \u00e0 la bonne adresse au Mont\u00e9n\u00e9gro. La rivi\u00e8re Tara est l\u00e0 pour les fans de rafting, le paysage est aussi adapt\u00e9 \u00e0 la pratique du VTT, du cheval et de la p\u00eache. Go\u00fbtez \u00e0 la beaut\u00e9 des lacs, des gorges et des canyons.<\/p>\n<p>Le pays offre de nombreuses possibilit\u00e9s touristiques et culturelles. Il y a du soleil, la mer, la plage mais aussi d&#8217;imposantes montagnes tr\u00e8s importantes pour le tourisme. Les petites villes historiques avec leurs charmantes places, leurs boutiques et de nombreuses possibilit\u00e9s de sorties permettent des vacances &#8216;d\u00e9tente&#8217; empreintes de convivialit\u00e9.<\/p>\n<p>La c\u00f4te est caract\u00e9ris\u00e9e par de petites villes authentiques comme Kotor et Budva, o\u00f9 se trouvent la plupart des h\u00f4tels. Podgorica, avec ses grands boulevards et ses lieux typiques est la capitale du Mont\u00e9n\u00e9gro.<\/p>\n<p>L&#8217;Euro est la monnaie du Mont\u00e9n\u00e9gro bien que ce pays ne soit pas membre de l&#8217;Union Europ\u00e9enne. La cuisine du Mont\u00e9n\u00e9gro est influenc\u00e9e par la cuisine Europ\u00e9enne o\u00f9 la viande tient une grande place. La Plejskavica et le Raznjii sont des plats connus. La Plejskavica est un gros steak \u00e9pic\u00e9 et le Raznjii un kebab de porc ou d&#8217;agneau avec des oignons et des piments.<\/p>\n<p><strong><a href=\"http:\/\/www.visit-ulcinj.com\/blog\/wp-content\/uploads\/2011\/01\/Ulcinj-Vacances-\u2013-Mont\u00e9n\u00e9gro.jpg\"><img loading=\"lazy\" class=\"alignleft size-full wp-image-42700\" title=\"Ulcinj Vacances \u2013 Mont\u00e9n\u00e9gro\" src=\"http:\/\/www.visit-ulcinj.com\/blog\/wp-content\/uploads\/2011\/01\/Ulcinj-Vacances-\u2013-Mont\u00e9n\u00e9gro.jpg\" alt=\"\" width=\"350\" height=\"550\" \/><\/a>Ulcinj Ville<\/strong><\/p>\n<p>Savez-vous quelle est la ville la plus ensoleill\u00e9e de l\u2019Adriatique? Il ne s\u2019agit ni d\u2019une ville italienne, ni d\u2019une ville croate, mais de ULCINJ, une ville baln\u00e9aire situ\u00e9e au sud du Mont\u00e9n\u00e9gro. En \u00e9t\u00e9, le soleil brille pr\u00e8s de 12 heures par jour! Le soleil ne semble d\u2019ailleurs jamais quitter ce petit coin de paradis. En effet, il est pr\u00e9sent plus de 2700 heures par an, soit une moyenne de 7h30 par jour. La baignade est garantie de mai \u00e0 octobre. Alors, si vous ne trouvez pas le soleil, sachez qu\u2019il se trouve toujours quelque part et qu\u2019il vous attend avec impatience, \u00e0 ULCINJ, au sud de l\u2019Europe.<\/p>\n<p>Ulcinj se trouve au sud de la mer Adriatique entre 19o 22 \u2018 30 \u201d de la latitude est g\u00e9ographique et 41o 5 \u2018 6 \u201d de la longitude nord g\u00e9ographique. La municipalit\u00e9 a 25.000 habitants, et caract\u00e9ris\u00e9e par la plus grand nombre de jours ensoleill\u00e9s \u00e0 Adriatique ( moyenne annuelle de 218 jours ou 2706 heures).<\/p>\n<p>Avec environ de 20 km de plages, dont 15 km du sable, avec plus de 6.000 h de champs, le jardins d\u2019oliviers de 88.000 d\u2019arbres, les propri\u00e9t\u00e9s m\u00e9dicinales du sable, de la boue et l\u2019eau min\u00e9rale sulfurique, avec une vingtaine d\u2019h\u00f4tels et environ de 6.000 lits dans eux, avec le paradis unique pour les nudistes \u2013 \u00cele Bojana, avec plusieurs maisons de repos et auto-camps de grande capacit\u00e9,<\/p>\n<p>Avec environ de quinze d\u2019agences de voyage, avec plus de 80 restaurants et autres objets d\u2019h\u00f4tellerie, avec quatre discos, deux clubs de nuit et un casino, avec plus de 30 plages organis\u00e9es et les sites de bain, avec la variante Adriatique du climat m\u00e9diterran\u00e9en et la v\u00e9g\u00e9tation sub-tropique, avec la temp\u00e9rature moyenne annuelle de 16,5o C et la temp\u00e9rature moyenne estivale de 24,4o C, avec l\u2019histoire riche (la ville a \u00e9t\u00e9 fond\u00e9e en 5 \u00e8me si\u00e8cle av. J-C.), avec la Ville vieille et ses forteresses belles surgies de la mer, avec plus de 30 \u00e9glises et mosqu\u00e9es, avec le lac de Sas, un lac de la beaut\u00e9 vierge et la ville m\u00e9di\u00e9vale exactement au-dessus du lac, avec quelques manifestations estivales traditionnelles touristiques et culturelles, Ulcinj est un grand potentiel touristique pour le d\u00e9veloppement de tous les types du tourisme.<\/p>\n<p>Situ\u00e9e tout au Sud du Mont\u00e9n\u00e9gro, Ulcinj est la derni\u00e8re grande ville c\u00f4ti\u00e8re avant la fronti\u00e8re albanaise. Elle est d\u2019ailleurs la plus grande ville albanophone du pays. Cette proximit\u00e9 explique une histoire tr\u00e8s complexe qui a laiss\u00e9 de nombreux vestiges, notamment la vieille ville qui est en fait un ch\u00e2teau fort en haut d\u2019une falaise plongeant dans la mer. L\u2019autre attrait de Ulcinj, c\u2019est ses plages, la plus grande velika plaza\u201d fait 13 km de long et s\u2019\u00e9tent jusqu\u2019\u00e0 l\u2019Albanie. Une promenade appel\u00e9e \u201cKorzo\u201d et longeant une plus petite plage \u201cMala plaza\u201d devient la nuit l\u2019un des lieux les plus anim\u00e9s de la c\u00f4te, avec la r\u00e9putation d\u2019attirer les plus belles femmes de la r\u00e9gion. C\u2019est dans cette ville que Miguel de Servantes, auteur de Don Quichote, a \u00e9t\u00e9 retenu en otage par les Ottomans et qu\u2019il aurait trouv\u00e9 l\u2019inspiration pour cr\u00e9er son personnage de Dulcin\u00e9e. \u201c<\/p>\n<p><strong>Bienvenue<br \/>\nVisite du Mont\u00e9n\u00e9gro en video<\/strong><br \/>\n<strong><!--YouTube Error: bad URL entered--><\/strong><\/p>\n","protected":false},"excerpt":{"rendered":"<p>Le Mont\u00e9n\u00e9gro est un pays, souvent oubli\u00e9, mais il vaut pourtant le d\u00e9tour! Il y en a pour chaque touriste: le soleil, la mer, la plage et de superbes montagnes! Email: Holiday House@gmail.com Le Mont\u00e9n\u00e9gro est un pays souvent oubli\u00e9, il m\u00e9rite toutefois toute notre attention. Avec sa culture, son climat subtropical et sa riche [&hellip;]<\/p>\n","protected":false},"author":1,"featured_media":0,"comment_status":"open","ping_status":"closed","sticky":false,"template":"","format":"standard","meta":{"spay_email":"","jetpack_publicize_message":"","jetpack_is_tweetstorm":false,"jetpack_publicize_feature_enabled":true},"categories":[7679],"tags":[8804,8811,11329,8809,4056,4050,4061,4046,4053,4047,4054,4055,8808,8805,4058,4049,8801,4052,4059,4048,8803,8800,1096,17100,19,14852,8802,4060,17099,8807,8806],"jetpack_publicize_connections":[],"yoast_head":"<!-- This site is optimized with the Yoast SEO plugin v19.1 - https:\/\/yoast.com\/wordpress\/plugins\/seo\/ -->\n<title>Ulcinj Vacances \u2013 Mont\u00e9n\u00e9gro - Video - Lajme nga Ulqini<\/title>\n<meta name=\"description\" content=\"Le Mont\u00e9n\u00e9gro est un pays, souvent oubli\u00e9, mais il vaut pourtant le d\u00e9tour! Il y en a pour chaque touriste: le soleil, la mer, la plage et de superbes\" \/>\n<meta name=\"robots\" content=\"index, follow, max-snippet:-1, max-image-preview:large, max-video-preview:-1\" \/>\n<link rel=\"canonical\" href=\"https:\/\/www.visit-ulcinj.com\/blog\/2011\/01\/23\/ulcinj-vacances-\u2013-montenegro-video\/\" \/>\n<meta property=\"og:locale\" content=\"en_US\" \/>\n<meta property=\"og:type\" content=\"article\" \/>\n<meta property=\"og:title\" content=\"Ulcinj Vacances \u2013 Mont\u00e9n\u00e9gro - Video - Lajme nga Ulqini\" \/>\n<meta property=\"og:description\" content=\"Le Mont\u00e9n\u00e9gro est un pays, souvent oubli\u00e9, mais il vaut pourtant le d\u00e9tour! Il y en a pour chaque touriste: le soleil, la mer, la plage et de superbes\" \/>\n<meta property=\"og:url\" content=\"https:\/\/www.visit-ulcinj.com\/blog\/2011\/01\/23\/ulcinj-vacances-\u2013-montenegro-video\/\" \/>\n<meta property=\"og:site_name\" content=\"Lajme nga Ulqini\" \/>\n<meta property=\"article:published_time\" content=\"2011-01-23T16:02:49+00:00\" \/>\n<meta property=\"article:modified_time\" content=\"2022-06-13T11:58:37+00:00\" \/>\n<meta property=\"og:image\" content=\"http:\/\/www.visit-ulcinj.com\/blog\/wp-content\/uploads\/2013\/07\/c70e_skype.jpg\" \/>\n<meta name=\"twitter:label1\" content=\"Written by\" \/>\n\t<meta name=\"twitter:data1\" content=\"ulqini\" \/>\n\t<meta name=\"twitter:label2\" content=\"Est. reading time\" \/>\n\t<meta name=\"twitter:data2\" content=\"5 minutes\" \/>\n<script type=\"application\/ld+json\" class=\"yoast-schema-graph\">{\"@context\":\"https:\/\/schema.org\",\"@graph\":[{\"@type\":\"WebSite\",\"@id\":\"https:\/\/www.visit-ulcinj.com\/blog\/#website\",\"url\":\"https:\/\/www.visit-ulcinj.com\/blog\/\",\"name\":\"Lajme nga Ulqini\",\"description\":\"Lajme,Vijesti,Ulqini,Ulqin,Crna Gora,Mali i Zi\",\"potentialAction\":[{\"@type\":\"SearchAction\",\"target\":{\"@type\":\"EntryPoint\",\"urlTemplate\":\"https:\/\/www.visit-ulcinj.com\/blog\/?s={search_term_string}\"},\"query-input\":\"required name=search_term_string\"}],\"inLanguage\":\"en-US\"},{\"@type\":\"ImageObject\",\"inLanguage\":\"en-US\",\"@id\":\"https:\/\/www.visit-ulcinj.com\/blog\/2011\/01\/23\/ulcinj-vacances-%e2%80%93-montenegro-video\/#primaryimage\",\"url\":\"https:\/\/www.visit-ulcinj.com\/blog\/wp-content\/uploads\/2013\/07\/c70e_skype.jpg\",\"contentUrl\":\"https:\/\/www.visit-ulcinj.com\/blog\/wp-content\/uploads\/2013\/07\/c70e_skype.jpg\",\"width\":121,\"height\":91},{\"@type\":\"WebPage\",\"@id\":\"https:\/\/www.visit-ulcinj.com\/blog\/2011\/01\/23\/ulcinj-vacances-%e2%80%93-montenegro-video\/#webpage\",\"url\":\"https:\/\/www.visit-ulcinj.com\/blog\/2011\/01\/23\/ulcinj-vacances-%e2%80%93-montenegro-video\/\",\"name\":\"Ulcinj Vacances \u2013 Mont\u00e9n\u00e9gro - Video - Lajme nga Ulqini\",\"isPartOf\":{\"@id\":\"https:\/\/www.visit-ulcinj.com\/blog\/#website\"},\"primaryImageOfPage\":{\"@id\":\"https:\/\/www.visit-ulcinj.com\/blog\/2011\/01\/23\/ulcinj-vacances-%e2%80%93-montenegro-video\/#primaryimage\"},\"datePublished\":\"2011-01-23T16:02:49+00:00\",\"dateModified\":\"2022-06-13T11:58:37+00:00\",\"author\":{\"@id\":\"https:\/\/www.visit-ulcinj.com\/blog\/#\/schema\/person\/dcab619c614d3038751c63bc2aadc06d\"},\"description\":\"Le Mont\u00e9n\u00e9gro est un pays, souvent oubli\u00e9, mais il vaut pourtant le d\u00e9tour! Il y en a pour chaque touriste: le soleil, la mer, la plage et de superbes\",\"breadcrumb\":{\"@id\":\"https:\/\/www.visit-ulcinj.com\/blog\/2011\/01\/23\/ulcinj-vacances-%e2%80%93-montenegro-video\/#breadcrumb\"},\"inLanguage\":\"en-US\",\"potentialAction\":[{\"@type\":\"ReadAction\",\"target\":[\"https:\/\/www.visit-ulcinj.com\/blog\/2011\/01\/23\/ulcinj-vacances-%e2%80%93-montenegro-video\/\"]}]},{\"@type\":\"BreadcrumbList\",\"@id\":\"https:\/\/www.visit-ulcinj.com\/blog\/2011\/01\/23\/ulcinj-vacances-%e2%80%93-montenegro-video\/#breadcrumb\",\"itemListElement\":[{\"@type\":\"ListItem\",\"position\":1,\"name\":\"Ulcinj Vacances \u2013 Mont\u00e9n\u00e9gro &#8211; Video\"}]},{\"@type\":\"Person\",\"@id\":\"https:\/\/www.visit-ulcinj.com\/blog\/#\/schema\/person\/dcab619c614d3038751c63bc2aadc06d\",\"name\":\"ulqini\",\"sameAs\":[\"http:\/\/www.visit-ulcinj.com\"],\"url\":\"https:\/\/www.visit-ulcinj.com\/blog\/author\/admin\/\"}]}<\/script>\n<!-- \/ Yoast SEO plugin. -->","yoast_head_json":{"title":"Ulcinj Vacances \u2013 Mont\u00e9n\u00e9gro - Video - Lajme nga Ulqini","description":"Le Mont\u00e9n\u00e9gro est un pays, souvent oubli\u00e9, mais il vaut pourtant le d\u00e9tour! Il y en a pour chaque touriste: le soleil, la mer, la plage et de superbes","robots":{"index":"index","follow":"follow","max-snippet":"max-snippet:-1","max-image-preview":"max-image-preview:large","max-video-preview":"max-video-preview:-1"},"canonical":"https:\/\/www.visit-ulcinj.com\/blog\/2011\/01\/23\/ulcinj-vacances-\u2013-montenegro-video\/","og_locale":"en_US","og_type":"article","og_title":"Ulcinj Vacances \u2013 Mont\u00e9n\u00e9gro - Video - Lajme nga Ulqini","og_description":"Le Mont\u00e9n\u00e9gro est un pays, souvent oubli\u00e9, mais il vaut pourtant le d\u00e9tour! Il y en a pour chaque touriste: le soleil, la mer, la plage et de superbes","og_url":"https:\/\/www.visit-ulcinj.com\/blog\/2011\/01\/23\/ulcinj-vacances-\u2013-montenegro-video\/","og_site_name":"Lajme nga Ulqini","article_published_time":"2011-01-23T16:02:49+00:00","article_modified_time":"2022-06-13T11:58:37+00:00","og_image":[{"url":"http:\/\/www.visit-ulcinj.com\/blog\/wp-content\/uploads\/2013\/07\/c70e_skype.jpg"}],"twitter_misc":{"Written by":"ulqini","Est. reading time":"5 minutes"},"schema":{"@context":"https:\/\/schema.org","@graph":[{"@type":"WebSite","@id":"https:\/\/www.visit-ulcinj.com\/blog\/#website","url":"https:\/\/www.visit-ulcinj.com\/blog\/","name":"Lajme nga Ulqini","description":"Lajme,Vijesti,Ulqini,Ulqin,Crna Gora,Mali i Zi","potentialAction":[{"@type":"SearchAction","target":{"@type":"EntryPoint","urlTemplate":"https:\/\/www.visit-ulcinj.com\/blog\/?s={search_term_string}"},"query-input":"required name=search_term_string"}],"inLanguage":"en-US"},{"@type":"ImageObject","inLanguage":"en-US","@id":"https:\/\/www.visit-ulcinj.com\/blog\/2011\/01\/23\/ulcinj-vacances-%e2%80%93-montenegro-video\/#primaryimage","url":"https:\/\/www.visit-ulcinj.com\/blog\/wp-content\/uploads\/2013\/07\/c70e_skype.jpg","contentUrl":"https:\/\/www.visit-ulcinj.com\/blog\/wp-content\/uploads\/2013\/07\/c70e_skype.jpg","width":121,"height":91},{"@type":"WebPage","@id":"https:\/\/www.visit-ulcinj.com\/blog\/2011\/01\/23\/ulcinj-vacances-%e2%80%93-montenegro-video\/#webpage","url":"https:\/\/www.visit-ulcinj.com\/blog\/2011\/01\/23\/ulcinj-vacances-%e2%80%93-montenegro-video\/","name":"Ulcinj Vacances \u2013 Mont\u00e9n\u00e9gro - Video - Lajme nga Ulqini","isPartOf":{"@id":"https:\/\/www.visit-ulcinj.com\/blog\/#website"},"primaryImageOfPage":{"@id":"https:\/\/www.visit-ulcinj.com\/blog\/2011\/01\/23\/ulcinj-vacances-%e2%80%93-montenegro-video\/#primaryimage"},"datePublished":"2011-01-23T16:02:49+00:00","dateModified":"2022-06-13T11:58:37+00:00","author":{"@id":"https:\/\/www.visit-ulcinj.com\/blog\/#\/schema\/person\/dcab619c614d3038751c63bc2aadc06d"},"description":"Le Mont\u00e9n\u00e9gro est un pays, souvent oubli\u00e9, mais il vaut pourtant le d\u00e9tour! Il y en a pour chaque touriste: le soleil, la mer, la plage et de superbes","breadcrumb":{"@id":"https:\/\/www.visit-ulcinj.com\/blog\/2011\/01\/23\/ulcinj-vacances-%e2%80%93-montenegro-video\/#breadcrumb"},"inLanguage":"en-US","potentialAction":[{"@type":"ReadAction","target":["https:\/\/www.visit-ulcinj.com\/blog\/2011\/01\/23\/ulcinj-vacances-%e2%80%93-montenegro-video\/"]}]},{"@type":"BreadcrumbList","@id":"https:\/\/www.visit-ulcinj.com\/blog\/2011\/01\/23\/ulcinj-vacances-%e2%80%93-montenegro-video\/#breadcrumb","itemListElement":[{"@type":"ListItem","position":1,"name":"Ulcinj Vacances \u2013 Mont\u00e9n\u00e9gro &#8211; Video"}]},{"@type":"Person","@id":"https:\/\/www.visit-ulcinj.com\/blog\/#\/schema\/person\/dcab619c614d3038751c63bc2aadc06d","name":"ulqini","sameAs":["http:\/\/www.visit-ulcinj.com"],"url":"https:\/\/www.visit-ulcinj.com\/blog\/author\/admin\/"}]}},"jetpack_featured_media_url":"","jetpack_sharing_enabled":true,"jetpack_shortlink":"https:\/\/wp.me\/pe6lTn-b6G","_links":{"self":[{"href":"https:\/\/www.visit-ulcinj.com\/blog\/wp-json\/wp\/v2\/posts\/42698"}],"collection":[{"href":"https:\/\/www.visit-ulcinj.com\/blog\/wp-json\/wp\/v2\/posts"}],"about":[{"href":"https:\/\/www.visit-ulcinj.com\/blog\/wp-json\/wp\/v2\/types\/post"}],"author":[{"embeddable":true,"href":"https:\/\/www.visit-ulcinj.com\/blog\/wp-json\/wp\/v2\/users\/1"}],"replies":[{"embeddable":true,"href":"https:\/\/www.visit-ulcinj.com\/blog\/wp-json\/wp\/v2\/comments?post=42698"}],"version-history":[{"count":6,"href":"https:\/\/www.visit-ulcinj.com\/blog\/wp-json\/wp\/v2\/posts\/42698\/revisions"}],"predecessor-version":[{"id":106690,"href":"https:\/\/www.visit-ulcinj.com\/blog\/wp-json\/wp\/v2\/posts\/42698\/revisions\/106690"}],"wp:attachment":[{"href":"https:\/\/www.visit-ulcinj.com\/blog\/wp-json\/wp\/v2\/media?parent=42698"}],"wp:term":[{"taxonomy":"category","embeddable":true,"href":"https:\/\/www.visit-ulcinj.com\/blog\/wp-json\/wp\/v2\/categories?post=42698"},{"taxonomy":"post_tag","embeddable":true,"href":"https:\/\/www.visit-ulcinj.com\/blog\/wp-json\/wp\/v2\/tags?post=42698"}],"curies":[{"name":"wp","href":"https:\/\/api.w.org\/{rel}","templated":true}]}}