{"id":42705,"date":"2011-01-23T18:07:49","date_gmt":"2011-01-23T17:07:49","guid":{"rendered":"http:\/\/www.visit-ulcinj.com\/blog\/?p=42705"},"modified":"2023-04-01T13:56:44","modified_gmt":"2023-04-01T12:56:44","slug":"czarnogora-wakacje-wyjazdy-ulcinj-wczasy","status":"publish","type":"post","link":"https:\/\/www.visit-ulcinj.com\/blog\/2011\/01\/23\/czarnogora-wakacje-wyjazdy-ulcinj-wczasy\/","title":{"rendered":"Czarnog\u00f3ra &#8211; wakacje, wyjazdy, Ulcinj, wczasy &#8211; Video"},"content":{"rendered":"<p><strong><a href=\"http:\/\/www.visit-ulcinj.com\/blog\/wp-content\/uploads\/2011\/01\/Czarnogora-wakacje-wyjazdy-Ulcinj-wczasy.jpg\"><img loading=\"lazy\" class=\"alignleft size-full wp-image-42706\" title=\"Czarnogora - wakacje, wyjazdy, Ulcinj, wczasy,Accommodation Czarnog\u00f3ra w Ulciniu na Wielkiej Pla\u017cy, AKOMODACJA NOCLEG Ulcinj, Apartamenty, bezpo?red, Bosnia i Hercegowina, Budva. Wczasy Czarnog\u00f3ra autokarem oraz, Bukurija e Ulqinit, Copacabana, Czarnog\u00f3ra, Czarnog\u00f3ra Wynajem na wakacje, Czarnogora last minute, dom, domy prywatne, hotele, imprez rekreacyjnych, kwatery prywatne, Last minute, Lato 2009 - Czarnog\u00f3ra Ulcinj, Letni wypoczynek w Czarnog\u00f3rze, MCM Itd, mieszkania, na Wielkiej Pla\u017cy Ceny 7\u20ac, noclegi, odnowa biologiczna, oferty specjalne, Parking dla samochod\u00f3w, pensjonat, Piaszczysta pla\u017ca, podr\u00f3ce, Pokoje, Pokoje prywatne, program\u00f3w, rekreacja, restauracje, rezerwacja, Safari, tanie noclegi, Taras Pokoje,, Tropicana, turystyka, ulcinj, Ulcinj Riwiera, Ulcinj na Wielkiej Pla\u017cy, Ulcinj panorama miasta, Ulcinj Riwiera przewodnik, Ulcinj w Czarnog\u00f3rze, w ka\u017cdym pokoju kuchnia, Wakacje, Wakacje Czarnog\u00f3ra, wakacje Ulcinj, Wellness, Wielka plaza&quot; 13km dlugosci, zakwaterowanie\" src=\"http:\/\/www.visit-ulcinj.com\/blog\/wp-content\/uploads\/2011\/01\/Czarnogora-wakacje-wyjazdy-Ulcinj-wczasy.jpg\" alt=\"\" width=\"490\" height=\"390\" \/><\/a>Mobil: Viber + Whatsapp: +382 69 335 534\u00a0 : +382 69 335 512<\/strong><\/p>\n<p><strong>\u00a0<\/strong><\/p>\n<p><strong>Email: Holiday House@gmail.com<\/strong><\/p>\n<p><strong>Czarnog\u00f3ra\u00a0 &#8211; wakacje, wyjazdy, Ulcinj, wczasy,witamy<\/strong><a href=\"http:\/\/www.visit-ulcinj.com\/\" target=\"_blank\" rel=\"noopener\"><br \/>\n<strong>Ulcinj<\/strong> <\/a><a href=\"http:\/\/www.visit-ulcinj.com\/\" target=\"_blank\" rel=\"noopener\"><br \/>\nUlcinj to najstarsze miasto na czarnog\u00f3rskim wybrze\u017cu, kt\u00f3re s\u0142ynie z najpi\u0119kniejszych pla\u017c piaszczystych nad TOiem, a pod wzgl\u0119dem ilo\u015bci dni s\u0142onecznych w roku jest na pierwszym miejscu w tej cz\u0119\u015bci basenu Morza \u015ar\u00f3dziemnego. Turyst\u00f3w szczeg\u00f3lnie przyci\u0105ga tu 13-kilometrowa piaszczysta Wielka Pla\u017ca, liczne regionalne restauracje, dyskoteki i serdeczno\u015b\u0107 mieszka\u0144c\u00f3w. Panie ch\u0119tnie korzystaj\u0105 ze s\u0142ynnej leczniczej i upi\u0119kszaj\u0105cej Pla\u017cy dla Kobiet. To miasto o wyj\u0105tkowej atmosferze, kt\u00f3r\u0105 tworzy jego burzliwa historia,a zabytki pami\u0119taj\u0105 czasy Rzymian, Turk\u00f3w, Mongo\u0142\u00f3w, Grek\u00f3w i Bizantyjczyk\u00f3w. Ulcinj warto tak\u017ce odwiedzi\u0107 ze wzgl\u0119du na jego orientaln\u0105 atmosfer\u0119. Nawo\u0142ywanie z minaretu, kobiety w kolorowych strojach narodowych handluj\u0105ce egzotycznymi owocami, wyj\u0105tkowa star\u00f3wka, do kt\u00f3rej prowadz\u0105 w\u0105skie i kr\u0119te uliczki, ma\u0142e sklepiki, stragany, kafejki, liczne tawerny i dwa targi tworz\u0105 niepowtarzalny, zupe\u0142nie odmienny w por\u00f3wnaniu z innymi miasteczkami Czarnog\u00f3ry charakter. Ulcinj jest jakby miniTO\u0105 Stambu\u0142u. Pi\u0119kna przyroda, czyste morze, piaszczysta pla\u017ca i umiarkowane ceny &#8211; to wszystko sprawia, \u017ce wypoczynek w tej miejscowo\u015bci jest niezapomnianym prze\u017cyciem. To prawdziwy raj na ziemi. W po\u0142o\u017conym na p\u00f3\u0142wyspie starym mie\u015bcie Ulcinj, do kt\u00f3rego wiod\u0105 dwie bramy miejskie, znajduje si\u0119 wiele zabytkowych dom\u00f3w oraz wspania\u0142ych, kamiennych budowli gotyckich, renesansowych i orientalnych. W\u015br\u00f3d nich liczne cerkwie, charakterystyczne pa\u0142ace, interesuj\u0105ca Wie\u017ca Balsica z XIV w., pozosta\u0142o\u015bci tureckiej fortecy, liczne meczety np. Meczet Paszy (1719), G\u0142\u00f3wny Meczet (1720), G\u00f3rski Meczet (1783), renesansowy ko\u015bci\u00f3\u0142-meczet (siedziba muzeum miejskiego), Stary Rynek, gdzie mie\u015bci\u0142 si\u0119 dawniej targ niewolnik\u00f3w oraz wiele \u0142a\u017ani tureckich. Szczeg\u00f3lnie ciekawa jest Wie\u017ca Zegarowa (1754).<br \/>\n<img loading=\"lazy\" class=\"alignleft size-full wp-image-42707\" title=\"Hotel Mediteran - Ulcinj - Czarnogora,Accommodation Czarnog\u00f3ra w Ulciniu na Wielkiej Pla\u017cy, AKOMODACJA NOCLEG Ulcinj, Apartamenty, bezpo?red, Bosnia i Hercegowina, Budva. Wczasy Czarnog\u00f3ra autokarem oraz, Bukurija e Ulqinit, Copacabana, Czarnog\u00f3ra, Czarnog\u00f3ra Wynajem na wakacje, Czarnogora last minute, dom, domy prywatne, hotele, imprez rekreacyjnych, kwatery prywatne, Last minute, Lato 2009 - Czarnog\u00f3ra Ulcinj, Letni wypoczynek w Czarnog\u00f3rze, MCM Itd, mieszkania, na Wielkiej Pla\u017cy Ceny 7\u20ac, noclegi, odnowa biologiczna, oferty specjalne, Parking dla samochod\u00f3w, pensjonat, Piaszczysta pla\u017ca, podr\u00f3ce, Pokoje, Pokoje prywatne, program\u00f3w, rekreacja, restauracje, rezerwacja, Safari, tanie noclegi, Taras Pokoje,, Tropicana, turystyka, ulcinj, Ulcinj Riwiera, Ulcinj na Wielkiej Pla\u017cy, Ulcinj panorama miasta, Ulcinj Riwiera przewodnik, Ulcinj w Czarnog\u00f3rze, w ka\u017cdym pokoju kuchnia, Wakacje, Wakacje Czarnog\u00f3ra, wakacje Ulcinj, Wellness, Wielka plaza&quot; 13km dlugosci, zakwaterowanie\" src=\"http:\/\/www.visit-ulcinj.com\/blog\/wp-content\/uploads\/2011\/01\/Hotel-Mediteran-Ulcinj-Czarnogora.jpg\" alt=\"\" width=\"490\" height=\"380\" \/> <\/a><\/p>\n<p><a href=\"http:\/\/www.visit-ulcinj.com\/\" target=\"_blank\" rel=\"noopener\"><strong>Hotel Mediteran &#8211; Ulcinj &#8211; Czarnog\u00f3ra<\/strong><\/a><\/p>\n<p><a href=\"http:\/\/www.visit-ulcinj.com\/\" target=\"_blank\" rel=\"noopener\"><strong>Po\u0142o\u017cenie:<\/strong><br \/>\nNa wzniesieniu, w malowniczym otoczeniu lasu sosnowego, ok. 250 m od piaszczystej pla\u017cy (tzw. Ma\u0142ej Pla\u017cy). Do centrum Ulcinja ok. 600 m.<\/a><\/p>\n<p><a href=\"http:\/\/www.visit-ulcinj.com\/\" target=\"_blank\" rel=\"noopener\"><strong>Wyposa\u017cenie:<\/strong><br \/>\nDo dyspozycji go\u015bci w budynku g\u0142\u00f3wnym resortu du\u017cy hall z recepcj\u0105, jadalnia, sala telewizyjna z TV-satelitarn\u0105, panoramiczny taras zewn\u0119trzny, cafe-bar, dost\u0119p do internetu WiFi (za op\u0142at\u0105). Basen zewn\u0119trzny (parasole i le\u017caki na basenie bezp\u0142atne). P\u0142atny parking przy hotelu (1 eur\/dzie\u0144).<br \/>\n<img loading=\"lazy\" class=\"alignleft size-full wp-image-42708\" title=\"Hotel Mediteran - Ulcinj - Czarnog\u00f3ra.1,Accommodation Czarnog\u00f3ra w Ulciniu na Wielkiej Pla\u017cy, AKOMODACJA NOCLEG Ulcinj, Apartamenty, bezpo?red, Bosnia i Hercegowina, Budva. Wczasy Czarnog\u00f3ra autokarem oraz, Bukurija e Ulqinit, Copacabana, Czarnog\u00f3ra, Czarnog\u00f3ra Wynajem na wakacje, Czarnogora last minute, dom, domy prywatne, hotele, imprez rekreacyjnych, kwatery prywatne, Last minute, Lato 2009 - Czarnog\u00f3ra Ulcinj, Letni wypoczynek w Czarnog\u00f3rze, MCM Itd, mieszkania, na Wielkiej Pla\u017cy Ceny 7\u20ac, noclegi, odnowa biologiczna, oferty specjalne, Parking dla samochod\u00f3w, pensjonat, Piaszczysta pla\u017ca, podr\u00f3ce, Pokoje, Pokoje prywatne, program\u00f3w, rekreacja, restauracje, rezerwacja, Safari, tanie noclegi, Taras Pokoje,, Tropicana, turystyka, ulcinj, Ulcinj Riwiera, Ulcinj na Wielkiej Pla\u017cy, Ulcinj panorama miasta, Ulcinj Riwiera przewodnik, Ulcinj w Czarnog\u00f3rze, w ka\u017cdym pokoju kuchnia, Wakacje, Wakacje Czarnog\u00f3ra, wakacje Ulcinj, Wellness, Wielka plaza&quot; 13km dlugosci, zakwaterowanie\" src=\"http:\/\/www.visit-ulcinj.com\/blog\/wp-content\/uploads\/2011\/01\/Hotel-Mediteran-Ulcinj-Czarnog\u00f3ra.1.jpg\" alt=\"\" width=\"490\" height=\"380\" \/> <\/a><\/p>\n<p><a href=\"http:\/\/www.visit-ulcinj.com\/\" target=\"_blank\" rel=\"noopener\"><strong>Zakwaterowanie:<\/strong><br \/>\nW po\u0142o\u017conych obok budynku g\u0142\u00f3wnego (50-100 m) przytulnych i \u015blicznie wkomponowanych w teren pawilonach. Pokoje 2-, 3- i 4-osobowe z klimatyzacj\u0105, \u0142azienk\u0105 z WC i prysznicem, lod\u00f3wk\u0105, telewizorem i balkonem z widokiem na morze.<\/a><\/p>\n<p><a href=\"http:\/\/www.visit-ulcinj.com\/\" target=\"_blank\" rel=\"noopener\"><strong>Wy\u017cywienie:<\/strong><br \/>\n3 posi\u0142ki dziennie. Kuchnia polska z elementami kuchni regionalnej. Posi\u0142ki przygotowane przez polskiego kucharza. \u015aniadania w formie bufetu; obiady i kolacje &#8211; dwudaniowe, z wyborem z dw\u00f3ch zestaw\u00f3w, z deserem, bufet sa\u0142atkowy do kolacji.<br \/>\n<img loading=\"lazy\" class=\"alignleft size-full wp-image-42709\" title=\"Hotel Mediteran - Ulcinj - Czarnog\u00f3ra.2,Accommodation Czarnog\u00f3ra w Ulciniu na Wielkiej Pla\u017cy, AKOMODACJA NOCLEG Ulcinj, Apartamenty, bezpo?red, Bosnia i Hercegowina, Budva. Wczasy Czarnog\u00f3ra autokarem oraz, Bukurija e Ulqinit, Copacabana, Czarnog\u00f3ra, Czarnog\u00f3ra Wynajem na wakacje, Czarnogora last minute, dom, domy prywatne, hotele, imprez rekreacyjnych, kwatery prywatne, Last minute, Lato 2009 - Czarnog\u00f3ra Ulcinj, Letni wypoczynek w Czarnog\u00f3rze, MCM Itd, mieszkania, na Wielkiej Pla\u017cy Ceny 7\u20ac, noclegi, odnowa biologiczna, oferty specjalne, Parking dla samochod\u00f3w, pensjonat, Piaszczysta pla\u017ca, podr\u00f3ce, Pokoje, Pokoje prywatne, program\u00f3w, rekreacja, restauracje, rezerwacja, Safari, tanie noclegi, Taras Pokoje,, Tropicana, turystyka, ulcinj, Ulcinj Riwiera, Ulcinj na Wielkiej Pla\u017cy, Ulcinj panorama miasta, Ulcinj Riwiera przewodnik, Ulcinj w Czarnog\u00f3rze, w ka\u017cdym pokoju kuchnia, Wakacje, Wakacje Czarnog\u00f3ra, wakacje Ulcinj, Wellness, Wielka plaza&quot; 13km dlugosci, zakwaterowanie\" src=\"http:\/\/www.visit-ulcinj.com\/blog\/wp-content\/uploads\/2011\/01\/Hotel-Mediteran-Ulcinj-Czarnog\u00f3ra.2.jpg\" alt=\"\" width=\"490\" height=\"380\" \/> <\/a><\/p>\n<p><a href=\"http:\/\/www.visit-ulcinj.com\/\" target=\"_blank\" rel=\"noopener\"><strong>Wycieczki fakultatywne:<\/strong><br \/>\n<strong>MONTENEGRO TOUR <\/strong> <\/a><a href=\"http:\/\/www.visit-ulcinj.com\/\" target=\"_blank\" rel=\"noopener\"><br \/>\nWycieczka pozwalaj\u0105ca pozna\u0107 charakter Czarnog\u00f3ry, zar\u00f3wno jej fascynuj\u0105cej przyrody, jaki i historii walecznych i dumnych Czarnog\u00f3rc\u00f3w. Przejazd wzd\u0142u\u017c adriatyckiego wybrze\u017ca do Budwy i stamtad kr\u0119t\u0105 drog\u0105 do Cetinja, dawnej stolicy Czarnog\u00f3ry. Po drodze przerwa na zrobienie zdj\u0119\u0107. Na miejscu zwiedzanie muzeum w dawnym pa\u0142acu kr\u00f3la Miko\u0142aja oraz monasteru cetinjskiego, duchowego centrum Czarnog\u00f3rc\u00f3w. Przejazd do wioski Njegusi, b\u0119d\u0105cej kolebk\u0105 dynastii Petrovici\u00f3w, w\u0142adyk\u00f3w czarnog\u00f3rskich. Pocz\u0119stunek &#8211; mo\u017cliwo\u015b\u0107 degustacji regionalnych specjalno\u015bci kulinarnych, owczego sera i prsuta (szynka suszona na wietrze). Przejazd do Perastu i rejs statkiem na wysp\u0119 Gospa od Skrpelja. Przejazd do Kotoru i zwiedzanie star\u00f3wki. W drodze powrotnej przerwa na zdj\u0119cia przy wyspie Sveti Stefan. Cena* 50 EUR\/os. DUBROWNIK G\u0142\u00f3wny o\u015brodek turystyczny Dalmacji, nazywany &#8220;Per\u0142\u0105 TOu&#8221;. Zwiedzanie Starego Miasta wpisanego na list\u0119 \u015bwiatowego dziedzictwa kulturowego UNESCO. Przejazd wspania\u0142\u0105 tras\u0105 widokow\u0105 wzd\u0142u\u017c niemal\u017ce ca\u0142ego wybrze\u017ca Czarnog\u00f3ry. Przekroczenie granicy z Chorwacj\u0105 (Debeli Brijeg) i przejazd na punkt widokowy, z kt\u00f3rego rozpo\u015bciera si\u0119 wspania\u0142y widok na dubrownick\u0105 star\u00f3wk\u0119. Przyjazd do Dubrownika, jednego z najpi\u0119kniejszych i najbardziej malowniczych miast na wybrze\u017cu adriatyckim. Zwiedzanie Dubrownika z autoryzowanym polskim przewodnikiem, m.in. Brama Pile, Fontanna Onofrio, Stradun, Wie\u017ca Zegarowa, Kolumna Orlando, ko\u015bci\u00f3\u0142 \u015aw. B\u0142a\u017ceja, pa\u0142ac Sponza, katedra. Cena* 45 EUR\/os. ALBANIA TOUR Wycieczka do s\u0105siedniej Albanii, kt\u00f3ra przez wiele lat pozostawa\u0142a najbardziej nieznanym krajem w Europie. Otwieraj\u0105ca si\u0119 na \u015bwiat Albania obala wszelkie negatywne stereotypy. Przejazd do Szkodry i zwiedzanie twierdzy Rozafa. Odwiedziny Kruji &#8211; miejsca zwi\u0105zanego ze Skanderbegiem, najwi\u0119kszym alba\u0144skim bohaterem narodowym. Zwiedzanie muzeum, obiad i zakupy na orientalnym bazarze. Przejazd do stolicy Albanii, Tirany &#8211; spacer po mie\u015bcie i wizyta w meczecie. Cena* 50 EUR\/os. REJS PO JEZIORZE SZKODERSKIM Jezioro Szkoderskie to najwi\u0119kszy \u015br\u00f3dl\u0105dowy akwen wodny Ba\u0142kan\u00f3w i jedno z wi\u0119kszych jezior europejskich z ciekaw\u0105 flor\u0105 i faun\u0105 (m.in. ostatni\u0105 w Europie tak wielk\u0105 populacj\u0105 pelikan\u00f3w). Ma bardzo urozmaicon\u0105 lini\u0119 brzegow\u0105, z du\u017c\u0105 ilo\u015bci\u0105 zatok, wysp i p\u00f3\u0142wysp\u00f3w. Na niekt\u00f3rych z nich zachowa\u0142y si\u0119 stare mury, zrujnowane twierdze i \u015bwi\u0105tynie. Rejs po malowniczym, przepi\u0119knie po\u0142o\u017conym jeziorze dostarcza niezapomnianych wra\u017ce\u0144. Cena* 30 EUR\/os. RAFTING NA RZECE TARA Ca\u0142odzienna wycieczka do jednego z najwi\u0119kszych kanion\u00f3w Europy. Wyjazd z hotelu, przejazd tras\u0105 przez Bar, Sutomore (tunel Sozina), Podgorice -miasto 6 rzek. Przyjazd do Scepan Polje, \u015bniadanie i rafting w wybranym miejscu kanionu Tary. Obiad, powr\u00f3t do hotelu w porze kolacji. CENA* 65 EUR\/os. * Ceny wycieczek obowi\u0105zywa\u0142y w roku 2010 i mog\u0105 ulec zmianie.Wycieczki realizowane s\u0105 przez miejscowego touroperatora przy minimum 20 uczestnikach.<strong><br \/>\n<\/strong><\/a><\/p>\n<p><a href=\"http:\/\/www.visit-ulcinj.com\/\" target=\"_blank\" rel=\"noopener\"><strong>Rezerwacja<\/strong> Na nast\u0119pne Wakacje, urlop, Lub Ucieczka w <strong>Hotel Mediteran Ulcinj<\/strong> Moga byc dokonywane ZA po\u015brednictwem syst\u00e9mu naszego rezerwacji Linii Na co <strong>Venere.com<\/strong> Lub wysy\u0142aj\u0105c naszych Hodowla Biurko Us\u0142ug <strong>sales@hotel-mediteran.com<\/strong> . Ustalenia dotycz\u0105ce wycieczek, sportu i rekreacji w trakcie pobytu, mog\u0105 by\u0107 te\u017c sk\u0142adane przez naszych go\u015bci biurko us\u0142ug.wycieczek dotycz\u0105ce Ustalenia, Sportu i Rekreacji w trakcie pobytu, Moga byc Te\u017c sk\u0142adane przez naszych Hodowla Biurko Us\u0142ug.<\/a><\/p>\n<p><strong>Witamy<br \/>\n<!--YouTube Error: bad URL entered--><\/strong><\/p>\n","protected":false},"excerpt":{"rendered":"<p>Mobil: Viber + Whatsapp: +382 69 335 534\u00a0 : +382 69 335 512 \u00a0 Email: Holiday House@gmail.com Czarnog\u00f3ra\u00a0 &#8211; wakacje, wyjazdy, Ulcinj, wczasy,witamy Ulcinj Ulcinj to najstarsze miasto na czarnog\u00f3rskim wybrze\u017cu, kt\u00f3re s\u0142ynie z najpi\u0119kniejszych pla\u017c piaszczystych nad TOiem, a pod wzgl\u0119dem ilo\u015bci dni s\u0142onecznych w roku jest na pierwszym miejscu w tej cz\u0119\u015bci basenu [&hellip;]<\/p>\n","protected":false},"author":1,"featured_media":0,"comment_status":"open","ping_status":"closed","sticky":false,"template":"","format":"standard","meta":{"spay_email":"","jetpack_publicize_message":"","jetpack_is_tweetstorm":false,"jetpack_publicize_feature_enabled":true},"categories":[7679],"tags":[10689,10706,13628,15614,15613,13630,10698,2105,2381,13626,10707,15524,15627,15622,15626,15612,13834,10708,10705,10699,15616,10690,12003,15617,15620,10694,15618,10702,17102,10697,10691,15625,15624,15628,15615,2110,15619,17103,2104,15623,19,13624,10700,10701,13625,10704,10696,13623,13627,13629,4620,10703,15611,17101],"jetpack_publicize_connections":[],"yoast_head":"<!-- This site is optimized with the Yoast SEO plugin v19.1 - https:\/\/yoast.com\/wordpress\/plugins\/seo\/ -->\n<title>Czarnog\u00f3ra - wakacje, wyjazdy, Ulcinj, wczasy - Video - Lajme nga Ulqini<\/title>\n<meta name=\"description\" content=\"Mobil: Viber + Whatsapp: +382 69 335 534\u00a0 : +382 69 335 512 \u00a0 Email: Holiday House@gmail.com Czarnog\u00f3ra\u00a0 - wakacje, wyjazdy, Ulcinj, wczasy,witamy Ulcinj\" \/>\n<meta name=\"robots\" content=\"index, follow, max-snippet:-1, max-image-preview:large, max-video-preview:-1\" \/>\n<link rel=\"canonical\" href=\"https:\/\/www.visit-ulcinj.com\/blog\/2011\/01\/23\/czarnogora-wakacje-wyjazdy-ulcinj-wczasy\/\" \/>\n<meta property=\"og:locale\" content=\"en_US\" \/>\n<meta property=\"og:type\" content=\"article\" \/>\n<meta property=\"og:title\" content=\"Czarnog\u00f3ra - wakacje, wyjazdy, Ulcinj, wczasy - Video - Lajme nga Ulqini\" \/>\n<meta property=\"og:description\" content=\"Mobil: Viber + Whatsapp: +382 69 335 534\u00a0 : +382 69 335 512 \u00a0 Email: Holiday House@gmail.com Czarnog\u00f3ra\u00a0 - wakacje, wyjazdy, Ulcinj, wczasy,witamy Ulcinj\" \/>\n<meta property=\"og:url\" content=\"https:\/\/www.visit-ulcinj.com\/blog\/2011\/01\/23\/czarnogora-wakacje-wyjazdy-ulcinj-wczasy\/\" \/>\n<meta property=\"og:site_name\" content=\"Lajme nga Ulqini\" \/>\n<meta property=\"article:published_time\" content=\"2011-01-23T17:07:49+00:00\" \/>\n<meta property=\"article:modified_time\" content=\"2023-04-01T12:56:44+00:00\" \/>\n<meta property=\"og:image\" content=\"http:\/\/www.visit-ulcinj.com\/blog\/wp-content\/uploads\/2011\/01\/Czarnogora-wakacje-wyjazdy-Ulcinj-wczasy.jpg\" \/>\n<meta name=\"twitter:label1\" content=\"Written by\" \/>\n\t<meta name=\"twitter:data1\" content=\"ulqini\" \/>\n\t<meta name=\"twitter:label2\" content=\"Est. reading time\" \/>\n\t<meta name=\"twitter:data2\" content=\"5 minutes\" \/>\n<script type=\"application\/ld+json\" class=\"yoast-schema-graph\">{\"@context\":\"https:\/\/schema.org\",\"@graph\":[{\"@type\":\"WebSite\",\"@id\":\"https:\/\/www.visit-ulcinj.com\/blog\/#website\",\"url\":\"https:\/\/www.visit-ulcinj.com\/blog\/\",\"name\":\"Lajme nga Ulqini\",\"description\":\"Lajme,Vijesti,Ulqini,Ulqin,Crna Gora,Mali i Zi\",\"potentialAction\":[{\"@type\":\"SearchAction\",\"target\":{\"@type\":\"EntryPoint\",\"urlTemplate\":\"https:\/\/www.visit-ulcinj.com\/blog\/?s={search_term_string}\"},\"query-input\":\"required name=search_term_string\"}],\"inLanguage\":\"en-US\"},{\"@type\":\"ImageObject\",\"inLanguage\":\"en-US\",\"@id\":\"https:\/\/www.visit-ulcinj.com\/blog\/2011\/01\/23\/czarnogora-wakacje-wyjazdy-ulcinj-wczasy\/#primaryimage\",\"url\":\"https:\/\/www.visit-ulcinj.com\/blog\/wp-content\/uploads\/2011\/01\/Czarnogora-wakacje-wyjazdy-Ulcinj-wczasy.jpg\",\"contentUrl\":\"https:\/\/www.visit-ulcinj.com\/blog\/wp-content\/uploads\/2011\/01\/Czarnogora-wakacje-wyjazdy-Ulcinj-wczasy.jpg\",\"width\":\"800\",\"height\":\"600\"},{\"@type\":\"WebPage\",\"@id\":\"https:\/\/www.visit-ulcinj.com\/blog\/2011\/01\/23\/czarnogora-wakacje-wyjazdy-ulcinj-wczasy\/#webpage\",\"url\":\"https:\/\/www.visit-ulcinj.com\/blog\/2011\/01\/23\/czarnogora-wakacje-wyjazdy-ulcinj-wczasy\/\",\"name\":\"Czarnog\u00f3ra - wakacje, wyjazdy, Ulcinj, wczasy - Video - Lajme nga Ulqini\",\"isPartOf\":{\"@id\":\"https:\/\/www.visit-ulcinj.com\/blog\/#website\"},\"primaryImageOfPage\":{\"@id\":\"https:\/\/www.visit-ulcinj.com\/blog\/2011\/01\/23\/czarnogora-wakacje-wyjazdy-ulcinj-wczasy\/#primaryimage\"},\"datePublished\":\"2011-01-23T17:07:49+00:00\",\"dateModified\":\"2023-04-01T12:56:44+00:00\",\"author\":{\"@id\":\"https:\/\/www.visit-ulcinj.com\/blog\/#\/schema\/person\/dcab619c614d3038751c63bc2aadc06d\"},\"description\":\"Mobil: Viber + Whatsapp: +382 69 335 534\u00a0 : +382 69 335 512 \u00a0 Email: Holiday House@gmail.com Czarnog\u00f3ra\u00a0 - wakacje, wyjazdy, Ulcinj, wczasy,witamy Ulcinj\",\"breadcrumb\":{\"@id\":\"https:\/\/www.visit-ulcinj.com\/blog\/2011\/01\/23\/czarnogora-wakacje-wyjazdy-ulcinj-wczasy\/#breadcrumb\"},\"inLanguage\":\"en-US\",\"potentialAction\":[{\"@type\":\"ReadAction\",\"target\":[\"https:\/\/www.visit-ulcinj.com\/blog\/2011\/01\/23\/czarnogora-wakacje-wyjazdy-ulcinj-wczasy\/\"]}]},{\"@type\":\"BreadcrumbList\",\"@id\":\"https:\/\/www.visit-ulcinj.com\/blog\/2011\/01\/23\/czarnogora-wakacje-wyjazdy-ulcinj-wczasy\/#breadcrumb\",\"itemListElement\":[{\"@type\":\"ListItem\",\"position\":1,\"name\":\"Czarnog\u00f3ra &#8211; wakacje, wyjazdy, Ulcinj, wczasy &#8211; Video\"}]},{\"@type\":\"Person\",\"@id\":\"https:\/\/www.visit-ulcinj.com\/blog\/#\/schema\/person\/dcab619c614d3038751c63bc2aadc06d\",\"name\":\"ulqini\",\"sameAs\":[\"http:\/\/www.visit-ulcinj.com\"],\"url\":\"https:\/\/www.visit-ulcinj.com\/blog\/author\/admin\/\"}]}<\/script>\n<!-- \/ Yoast SEO plugin. -->","yoast_head_json":{"title":"Czarnog\u00f3ra - wakacje, wyjazdy, Ulcinj, wczasy - Video - Lajme nga Ulqini","description":"Mobil: Viber + Whatsapp: +382 69 335 534\u00a0 : +382 69 335 512 \u00a0 Email: Holiday House@gmail.com Czarnog\u00f3ra\u00a0 - wakacje, wyjazdy, Ulcinj, wczasy,witamy Ulcinj","robots":{"index":"index","follow":"follow","max-snippet":"max-snippet:-1","max-image-preview":"max-image-preview:large","max-video-preview":"max-video-preview:-1"},"canonical":"https:\/\/www.visit-ulcinj.com\/blog\/2011\/01\/23\/czarnogora-wakacje-wyjazdy-ulcinj-wczasy\/","og_locale":"en_US","og_type":"article","og_title":"Czarnog\u00f3ra - wakacje, wyjazdy, Ulcinj, wczasy - Video - Lajme nga Ulqini","og_description":"Mobil: Viber + Whatsapp: +382 69 335 534\u00a0 : +382 69 335 512 \u00a0 Email: Holiday House@gmail.com Czarnog\u00f3ra\u00a0 - wakacje, wyjazdy, Ulcinj, wczasy,witamy Ulcinj","og_url":"https:\/\/www.visit-ulcinj.com\/blog\/2011\/01\/23\/czarnogora-wakacje-wyjazdy-ulcinj-wczasy\/","og_site_name":"Lajme nga Ulqini","article_published_time":"2011-01-23T17:07:49+00:00","article_modified_time":"2023-04-01T12:56:44+00:00","og_image":[{"url":"http:\/\/www.visit-ulcinj.com\/blog\/wp-content\/uploads\/2011\/01\/Czarnogora-wakacje-wyjazdy-Ulcinj-wczasy.jpg"}],"twitter_misc":{"Written by":"ulqini","Est. reading time":"5 minutes"},"schema":{"@context":"https:\/\/schema.org","@graph":[{"@type":"WebSite","@id":"https:\/\/www.visit-ulcinj.com\/blog\/#website","url":"https:\/\/www.visit-ulcinj.com\/blog\/","name":"Lajme nga Ulqini","description":"Lajme,Vijesti,Ulqini,Ulqin,Crna Gora,Mali i Zi","potentialAction":[{"@type":"SearchAction","target":{"@type":"EntryPoint","urlTemplate":"https:\/\/www.visit-ulcinj.com\/blog\/?s={search_term_string}"},"query-input":"required name=search_term_string"}],"inLanguage":"en-US"},{"@type":"ImageObject","inLanguage":"en-US","@id":"https:\/\/www.visit-ulcinj.com\/blog\/2011\/01\/23\/czarnogora-wakacje-wyjazdy-ulcinj-wczasy\/#primaryimage","url":"https:\/\/www.visit-ulcinj.com\/blog\/wp-content\/uploads\/2011\/01\/Czarnogora-wakacje-wyjazdy-Ulcinj-wczasy.jpg","contentUrl":"https:\/\/www.visit-ulcinj.com\/blog\/wp-content\/uploads\/2011\/01\/Czarnogora-wakacje-wyjazdy-Ulcinj-wczasy.jpg","width":"800","height":"600"},{"@type":"WebPage","@id":"https:\/\/www.visit-ulcinj.com\/blog\/2011\/01\/23\/czarnogora-wakacje-wyjazdy-ulcinj-wczasy\/#webpage","url":"https:\/\/www.visit-ulcinj.com\/blog\/2011\/01\/23\/czarnogora-wakacje-wyjazdy-ulcinj-wczasy\/","name":"Czarnog\u00f3ra - wakacje, wyjazdy, Ulcinj, wczasy - Video - Lajme nga Ulqini","isPartOf":{"@id":"https:\/\/www.visit-ulcinj.com\/blog\/#website"},"primaryImageOfPage":{"@id":"https:\/\/www.visit-ulcinj.com\/blog\/2011\/01\/23\/czarnogora-wakacje-wyjazdy-ulcinj-wczasy\/#primaryimage"},"datePublished":"2011-01-23T17:07:49+00:00","dateModified":"2023-04-01T12:56:44+00:00","author":{"@id":"https:\/\/www.visit-ulcinj.com\/blog\/#\/schema\/person\/dcab619c614d3038751c63bc2aadc06d"},"description":"Mobil: Viber + Whatsapp: +382 69 335 534\u00a0 : +382 69 335 512 \u00a0 Email: Holiday House@gmail.com Czarnog\u00f3ra\u00a0 - wakacje, wyjazdy, Ulcinj, wczasy,witamy Ulcinj","breadcrumb":{"@id":"https:\/\/www.visit-ulcinj.com\/blog\/2011\/01\/23\/czarnogora-wakacje-wyjazdy-ulcinj-wczasy\/#breadcrumb"},"inLanguage":"en-US","potentialAction":[{"@type":"ReadAction","target":["https:\/\/www.visit-ulcinj.com\/blog\/2011\/01\/23\/czarnogora-wakacje-wyjazdy-ulcinj-wczasy\/"]}]},{"@type":"BreadcrumbList","@id":"https:\/\/www.visit-ulcinj.com\/blog\/2011\/01\/23\/czarnogora-wakacje-wyjazdy-ulcinj-wczasy\/#breadcrumb","itemListElement":[{"@type":"ListItem","position":1,"name":"Czarnog\u00f3ra &#8211; wakacje, wyjazdy, Ulcinj, wczasy &#8211; Video"}]},{"@type":"Person","@id":"https:\/\/www.visit-ulcinj.com\/blog\/#\/schema\/person\/dcab619c614d3038751c63bc2aadc06d","name":"ulqini","sameAs":["http:\/\/www.visit-ulcinj.com"],"url":"https:\/\/www.visit-ulcinj.com\/blog\/author\/admin\/"}]}},"jetpack_featured_media_url":"","jetpack_sharing_enabled":true,"jetpack_shortlink":"https:\/\/wp.me\/pe6lTn-b6N","_links":{"self":[{"href":"https:\/\/www.visit-ulcinj.com\/blog\/wp-json\/wp\/v2\/posts\/42705"}],"collection":[{"href":"https:\/\/www.visit-ulcinj.com\/blog\/wp-json\/wp\/v2\/posts"}],"about":[{"href":"https:\/\/www.visit-ulcinj.com\/blog\/wp-json\/wp\/v2\/types\/post"}],"author":[{"embeddable":true,"href":"https:\/\/www.visit-ulcinj.com\/blog\/wp-json\/wp\/v2\/users\/1"}],"replies":[{"embeddable":true,"href":"https:\/\/www.visit-ulcinj.com\/blog\/wp-json\/wp\/v2\/comments?post=42705"}],"version-history":[{"count":8,"href":"https:\/\/www.visit-ulcinj.com\/blog\/wp-json\/wp\/v2\/posts\/42705\/revisions"}],"predecessor-version":[{"id":106927,"href":"https:\/\/www.visit-ulcinj.com\/blog\/wp-json\/wp\/v2\/posts\/42705\/revisions\/106927"}],"wp:attachment":[{"href":"https:\/\/www.visit-ulcinj.com\/blog\/wp-json\/wp\/v2\/media?parent=42705"}],"wp:term":[{"taxonomy":"category","embeddable":true,"href":"https:\/\/www.visit-ulcinj.com\/blog\/wp-json\/wp\/v2\/categories?post=42705"},{"taxonomy":"post_tag","embeddable":true,"href":"https:\/\/www.visit-ulcinj.com\/blog\/wp-json\/wp\/v2\/tags?post=42705"}],"curies":[{"name":"wp","href":"https:\/\/api.w.org\/{rel}","templated":true}]}}