{"id":4274,"date":"2008-10-16T10:08:30","date_gmt":"2008-10-16T15:08:30","guid":{"rendered":"http:\/\/www.visit-ulcinj.com\/blog\/?p=4274"},"modified":"2008-10-17T13:18:41","modified_gmt":"2008-10-17T18:18:41","slug":"zmurili-pred-divljom-gradnjom-na-bojani","status":"publish","type":"post","link":"https:\/\/www.visit-ulcinj.com\/blog\/2008\/10\/16\/zmurili-pred-divljom-gradnjom-na-bojani\/","title":{"rendered":"\u017dmurili pred divljom gradnjom na Bojani"},"content":{"rendered":"<p><a href=\"http:\/\/www.visit-ulcinj.com\/blog\/wp-content\/uploads\/2008\/10\/dejan-milovac.jpg\"><img loading=\"lazy\" class=\"alignleft size-medium wp-image-4275\" title=\"Drustvo\" src=\"http:\/\/www.visit-ulcinj.com\/blog\/wp-content\/uploads\/2008\/10\/dejan-milovac.jpg\" alt=\"\" width=\"290\" height=\"190\" \/><\/a><strong>Mans podnio krivi?ne prijave protiv dva biv\u0161a ?elnika ulcinjske policije<\/strong><br \/>\nPodgorica &#8211; Mre\u017ea za afirmaciju nevladinog sektora ju?e je dr\u017eavnom tu\u017eila\u0161tvu i Upravi policije dostavila krivi?ne prijave protiv Vladana Lakovi?a i Sabra Buzukovi?a biv\u0161ih na?elnika podru?ne jedinice Uprave policije Ulcinj, zbog sumnje da su dok su bili na?elnici policije po?inili krivi?na djela zloupotrebe slu\u017ebenog polo\u017eaja i nesavjesnog rada u slu\u017ebi u slu?aju uzurpacije dr\u017eavnog zemlji\u0161ta na rijeci Bojani.<br \/>\n&#8211; Podaci do kojih je MANS do\u0161ao ukazuju na ?injenicu da je na podru?ju lijeve i desne obale rijeke Bojane, u posljednjih nekoliko godina uzurpirano vi\u0161e od 30.000 kvadrata dr\u017eavnog zemlji\u0161ta u zoni morskog dobra, \u0161to upu?uje na zaklju?ak da je policijski nadzor nad ovom imovinom bio gotovo nepostoje?i, te da lokalni investitori i preprodavci dr\u017eavnih placeva nijesu u velikoj mjeri ometani od strane ulcinjske policije prilikom vr\u0161enja ovog krivi?nog djela &#8211; ka\u017ee se u saop\u0161tenju koje je potpisao Dejan Milovac, koordinator MANS-a za prostorno planiranje i izgradnja objekata.<br \/>\nOn je podsjetio da, prema ?lanu 2 Zakona o policiji, policijski poslovi, izme?u ostalog, obuhvataju i \u201eza\u0161titu imovine, spre?avanje vr\u0161enja i otkrivanje krivi?nih djela i prekr\u0161aja, kao i pronala\u017eenje i hvatanje u?inilaca krivi?nih djela i prekr\u0161aja i njihovo dovo?enje nadle\u017enim organima\u201c.<br \/>\n&#8211; Protivpravno zauzimanje zemlji\u0161ta je ?lanom 254 Krivi?nog zakonika definisano kao krivi?no djelo ka\u017enjivo zatvorom u trajanju do tri godine. Iz toga proizilazi da su i Lakovi? i Buzukovi?, u vrijeme vr\u0161enja du\u017enosti na?elnika PJ Ulcinj, imali du\u017enost i ovla\u0161?enja da procesuiraju sva lica koja su nezakonito uzurpirala placeve na Bojani, kao i ogroman broj preprodavaca placeva koje je na Bojanu privukao ovaj, o?igledno veoma unosan biznis. Ako imamo u vidu povr\u0161inu uzurpiranog zemlji\u0161ta i broj objekata koji je kao rezultat toga podignut na Bojani, postoji sumnja da su Lakovi? i Buzukovi? zloupotrijebili slu\u017ebeni polo\u017eaj, odnosno da su neizvr\u0161enjem slu\u017ebene du\u017enosti omogu?ili odre?enom broju lica da steknu nezakonitu koristi ?ime je nastala ogromna \u0161teta po dr\u017eavni bud\u017eet, \u0161to je navedeno i u krivi?noj prijavi &#8211; saop\u0161tio je Milovac.<br \/>\nOn je rekao da \u201cposeban problem predstavlja neprocesuiranje prodavaca i preprodavaca dr\u017eavnih placeva na Bojani, ?iji kontakt brojevi telefona su bili dostupni, ne samo policiji, ve? svakome ko je makar jednom posjetio Adu Bojanu\u201d.<a href=\"http:\/\/www.visit-ulcinj.com\/blog\/wp-content\/uploads\/2008\/10\/ada-bojana_01.jpg\"><img loading=\"lazy\" class=\"alignright size-medium wp-image-3825\" title=\"ada-bojana_01\" src=\"http:\/\/www.visit-ulcinj.com\/blog\/wp-content\/uploads\/2008\/10\/ada-bojana_01.jpg\" alt=\"\" width=\"290\" height=\"190\" \/><\/a><br \/>\n&#8211; I pored vidno istaknutih brojeva telefona putem kojih je mogu?e kupiti uzurpirane placeve na Bojani, do sada nema informacija da je ulcinjska policija preduzela bilo kakve mjere kako bi utvrdila ko stoji iza ovih telefonskih brojeva. U vezi sa tim, MANS je zatra\u017eio da Uprava policije i dr\u017eavno tu\u017eila\u0161tvo izvr\u0161e uvid u sve krivi?ne prijave koje je ulcinjska ispostava policije tokom mandata Lakovi?a i Buzukovi?a, podnijela protiv osoba koje su uzurpirala dr\u017eavnu imovinu na Bojani &#8211; saop\u0161tio je Milovac.<br \/>\nMANS je po?etkom septembra od direktora Uprave policije, Veselina Veljovi?a zatra\u017eio da detaljno ispita sve pojedinosti u vezi sa nepostupanjem slu\u017ebenika PJ Ulcinj po pitanju prijava na nelegalnu gradnju u toj op\u0161tini, ali i pojedinosti koje mogu ukazivati da su neki od tih slu\u017ebenika direktno umije\u0161ani u pomenuta krivi?na djela. MANS je, tako?e, zatra\u017eio i informaciju o tome \u0161ta je u okviru PJ Ulcinj do sada preduzeto na primjeni onog dijela KZ-a koji se odnosi na hvatanje i procesuiranje po?inilaca krivi?nog djela nelegalne gradnje.<br \/>\n&#8211; Iako je od tada proteklo gotovo mjesec dana, od Uprave policije nijesmo dobili nikakav odgovor. Jedino \u0161to se u PJ Ucinj primijenilo od po?etka akcije na Adi Bojani, je da je na?elnik Lakovi? premje\u0161ten na novu du\u017enost u PJ Bar, a na njegovo mjesto postavljen Rudolf Elezovi? iz PJ Bar, koji je u Ulcinju ve? obavljao du\u017enost na?elnika kriminalisti?ke slu\u017ebe u vrijeme dok je Sabro Buzukovi? bio na ?elu ulcinjske policije.<br \/>\n<strong><\/strong><\/p>\n<p><a href=\"http:\/\/www.visit-ulcinj.com\/blog\/wp-content\/uploads\/2008\/03\/ljoro-nrekic.jpg\"><img loading=\"lazy\" class=\"alignleft size-medium wp-image-1081\" title=\"ljoro-nrekic_DPS\" src=\"http:\/\/www.visit-ulcinj.com\/blog\/wp-content\/uploads\/2008\/03\/ljoro-nrekic.jpg\" alt=\"\" width=\"119\" height=\"150\" \/><\/a><strong>Spremaju nove prijave<\/strong><br \/>\nNakon podno\u0161enja krivi?ne prijave protiv direktora ulcinjske Elektrodistribucije Ljora Nreki?a pro\u0161le nedjelje, i krivi?nih prijava protiv policijskih slu\u017ebenika Ulcinja, MANS ?e nastaviti da prikuplja informacije koje mogu ukazati na odgovornost i drugih lokalnih i republi?kih funkcionera za stanje u kakvom se Ada Bojana danas nalazi.<br \/>\n&#8211; Tako?e, o?ekujemo da ?e pripadnici Uprave policije prona?i na?ina i motivacije da kona?no po?nu da se bave svojim poslom koji ?e rezultirati, ne novom devastacijom i daljim uzurpiranjem dr\u017eavne imovine, ve? za\u0161titom javnog interesa i procesuiranjem po?inilaca krivi?nih djela, pa makar oni bili i iz redova policije.<br \/>\n<strong><\/strong><\/p>\n<p><strong>Buzukovi?: Radio sam ?asno i po\u0161teno<\/strong><a href=\"http:\/\/www.visit-ulcinj.com\/blog\/wp-content\/uploads\/2008\/10\/sabro-buzuku-2.jpg\"><img loading=\"lazy\" class=\"alignright size-medium wp-image-4276\" title=\"sabro-buzuku-2\" src=\"http:\/\/www.visit-ulcinj.com\/blog\/wp-content\/uploads\/2008\/10\/sabro-buzuku-2-300x263.jpg\" alt=\"\" width=\"300\" height=\"263\" srcset=\"https:\/\/www.visit-ulcinj.com\/blog\/wp-content\/uploads\/2008\/10\/sabro-buzuku-2-300x263.jpg 300w, https:\/\/www.visit-ulcinj.com\/blog\/wp-content\/uploads\/2008\/10\/sabro-buzuku-2.jpg 601w\" sizes=\"(max-width: 300px) 100vw, 300px\" \/><\/a><br \/>\nBiv\u0161i na?elnik ulcinjske policije Sabro Buzukovi? odbacio je ju?e optu\u017ebe MANS-a i kazao da je svoj posao radio \u201c?asno i po\u0161teno\u201d.<br \/>\nUz konstataciju da nije upoznat sa detaljima krivi?ne prijave, Buzukovi? je \u201cVijestima\u201d kazao nema \u201cnikakve veze sa krivi?nim djelima koji se gone po krivi?noj du\u017enosti, a posebno ne za zloupotrebu slu\u017ebenog polo\u017eaja\u201d.<br \/>\n&#8211; U vrijeme dok sam bio na?elnik Odjeljenja bezbjednosti, od 1. oktobra 2001. do 3. novembra 2006. godine, nije bilo uzurpacije, ili je nije bilo da ja znam. Bilo je ru\u0161enja nekih desetak objekata 2004. godine uz asistenciju policije. Radio sam poslove iz svoje nadle\u017enosti i smatram da nemam nikakve veze sa tim krivi?nim djelom koje mi se pripisuje. Uzurpacija dru\u0161tvene imovine na Bojani nije po?ela sa Sabrom Buzukovi?em i Vladanom Lakovi?em, nego od 1979. godine, mo\u017eda i prije. U svakom slu?aju, dok sam ja bio na?elnik nije bilo ekspanzije gradnje objekata na Bojani &#8211; kazao je Buzukovi?.<br \/>\nLakovi? se ju?e nije javljao na pozive dopisnika \u201cVijesti\u201d.<br \/>\n<strong>D.PERUNI?I?<br \/>\nIzvor \/ Vijesti<\/strong><\/p>\n","protected":false},"excerpt":{"rendered":"<p>Mans podnio krivi?ne prijave protiv dva biv\u0161a ?elnika ulcinjske policije Podgorica &#8211; Mre\u017ea za afirmaciju nevladinog sektora ju?e je dr\u017eavnom tu\u017eila\u0161tvu i Upravi policije dostavila krivi?ne prijave protiv Vladana Lakovi?a i Sabra Buzukovi?a biv\u0161ih na?elnika podru?ne jedinice Uprave policije Ulcinj, zbog sumnje da su dok su bili na?elnici policije po?inili krivi?na djela zloupotrebe slu\u017ebenog polo\u017eaja [&hellip;]<\/p>\n","protected":false},"author":1,"featured_media":0,"comment_status":"open","ping_status":"closed","sticky":false,"template":"","format":"standard","meta":{"spay_email":"","jetpack_publicize_message":"","jetpack_is_tweetstorm":false,"jetpack_publicize_feature_enabled":true},"categories":[12],"tags":[138,4661,19],"jetpack_publicize_connections":[],"yoast_head":"<!-- This site is optimized with the Yoast SEO plugin v19.1 - https:\/\/yoast.com\/wordpress\/plugins\/seo\/ -->\n<title>\u017dmurili pred divljom gradnjom na Bojani - Lajme nga Ulqini<\/title>\n<meta name=\"description\" content=\"Mans podnio krivi?ne prijave protiv dva biv\u0161a ?elnika ulcinjske policije Podgorica - Mre\u017ea za afirmaciju nevladinog sektora ju?e je dr\u017eavnom tu\u017eila\u0161tvu i\" \/>\n<meta name=\"robots\" content=\"index, follow, max-snippet:-1, max-image-preview:large, max-video-preview:-1\" \/>\n<link rel=\"canonical\" href=\"https:\/\/www.visit-ulcinj.com\/blog\/2008\/10\/16\/zmurili-pred-divljom-gradnjom-na-bojani\/\" \/>\n<meta property=\"og:locale\" content=\"en_US\" \/>\n<meta property=\"og:type\" content=\"article\" \/>\n<meta property=\"og:title\" content=\"\u017dmurili pred divljom gradnjom na Bojani - Lajme nga Ulqini\" \/>\n<meta property=\"og:description\" content=\"Mans podnio krivi?ne prijave protiv dva biv\u0161a ?elnika ulcinjske policije Podgorica - Mre\u017ea za afirmaciju nevladinog sektora ju?e je dr\u017eavnom tu\u017eila\u0161tvu i\" \/>\n<meta property=\"og:url\" content=\"https:\/\/www.visit-ulcinj.com\/blog\/2008\/10\/16\/zmurili-pred-divljom-gradnjom-na-bojani\/\" \/>\n<meta property=\"og:site_name\" content=\"Lajme nga Ulqini\" \/>\n<meta property=\"article:published_time\" content=\"2008-10-16T15:08:30+00:00\" \/>\n<meta property=\"article:modified_time\" content=\"2008-10-17T18:18:41+00:00\" \/>\n<meta property=\"og:image\" content=\"http:\/\/www.visit-ulcinj.com\/blog\/wp-content\/uploads\/2008\/10\/dejan-milovac.jpg\" \/>\n<meta name=\"twitter:label1\" content=\"Written by\" \/>\n\t<meta name=\"twitter:data1\" content=\"ulqini\" \/>\n\t<meta name=\"twitter:label2\" content=\"Est. reading time\" \/>\n\t<meta name=\"twitter:data2\" content=\"5 minutes\" \/>\n<script type=\"application\/ld+json\" class=\"yoast-schema-graph\">{\"@context\":\"https:\/\/schema.org\",\"@graph\":[{\"@type\":\"WebSite\",\"@id\":\"https:\/\/www.visit-ulcinj.com\/blog\/#website\",\"url\":\"https:\/\/www.visit-ulcinj.com\/blog\/\",\"name\":\"Lajme nga Ulqini\",\"description\":\"Lajme,Vijesti,Ulqini,Ulqin,Crna Gora,Mali i Zi\",\"potentialAction\":[{\"@type\":\"SearchAction\",\"target\":{\"@type\":\"EntryPoint\",\"urlTemplate\":\"https:\/\/www.visit-ulcinj.com\/blog\/?s={search_term_string}\"},\"query-input\":\"required name=search_term_string\"}],\"inLanguage\":\"en-US\"},{\"@type\":\"ImageObject\",\"inLanguage\":\"en-US\",\"@id\":\"https:\/\/www.visit-ulcinj.com\/blog\/2008\/10\/16\/zmurili-pred-divljom-gradnjom-na-bojani\/#primaryimage\",\"url\":\"http:\/\/www.visit-ulcinj.com\/blog\/wp-content\/uploads\/2008\/10\/dejan-milovac.jpg\",\"contentUrl\":\"http:\/\/www.visit-ulcinj.com\/blog\/wp-content\/uploads\/2008\/10\/dejan-milovac.jpg\"},{\"@type\":\"WebPage\",\"@id\":\"https:\/\/www.visit-ulcinj.com\/blog\/2008\/10\/16\/zmurili-pred-divljom-gradnjom-na-bojani\/#webpage\",\"url\":\"https:\/\/www.visit-ulcinj.com\/blog\/2008\/10\/16\/zmurili-pred-divljom-gradnjom-na-bojani\/\",\"name\":\"\u017dmurili pred divljom gradnjom na Bojani - Lajme nga Ulqini\",\"isPartOf\":{\"@id\":\"https:\/\/www.visit-ulcinj.com\/blog\/#website\"},\"primaryImageOfPage\":{\"@id\":\"https:\/\/www.visit-ulcinj.com\/blog\/2008\/10\/16\/zmurili-pred-divljom-gradnjom-na-bojani\/#primaryimage\"},\"datePublished\":\"2008-10-16T15:08:30+00:00\",\"dateModified\":\"2008-10-17T18:18:41+00:00\",\"author\":{\"@id\":\"https:\/\/www.visit-ulcinj.com\/blog\/#\/schema\/person\/dcab619c614d3038751c63bc2aadc06d\"},\"description\":\"Mans podnio krivi?ne prijave protiv dva biv\u0161a ?elnika ulcinjske policije Podgorica - Mre\u017ea za afirmaciju nevladinog sektora ju?e je dr\u017eavnom tu\u017eila\u0161tvu i\",\"breadcrumb\":{\"@id\":\"https:\/\/www.visit-ulcinj.com\/blog\/2008\/10\/16\/zmurili-pred-divljom-gradnjom-na-bojani\/#breadcrumb\"},\"inLanguage\":\"en-US\",\"potentialAction\":[{\"@type\":\"ReadAction\",\"target\":[\"https:\/\/www.visit-ulcinj.com\/blog\/2008\/10\/16\/zmurili-pred-divljom-gradnjom-na-bojani\/\"]}]},{\"@type\":\"BreadcrumbList\",\"@id\":\"https:\/\/www.visit-ulcinj.com\/blog\/2008\/10\/16\/zmurili-pred-divljom-gradnjom-na-bojani\/#breadcrumb\",\"itemListElement\":[{\"@type\":\"ListItem\",\"position\":1,\"name\":\"\u017dmurili pred divljom gradnjom na Bojani\"}]},{\"@type\":\"Person\",\"@id\":\"https:\/\/www.visit-ulcinj.com\/blog\/#\/schema\/person\/dcab619c614d3038751c63bc2aadc06d\",\"name\":\"ulqini\",\"sameAs\":[\"http:\/\/www.visit-ulcinj.com\"],\"url\":\"https:\/\/www.visit-ulcinj.com\/blog\/author\/admin\/\"}]}<\/script>\n<!-- \/ Yoast SEO plugin. -->","yoast_head_json":{"title":"\u017dmurili pred divljom gradnjom na Bojani - Lajme nga Ulqini","description":"Mans podnio krivi?ne prijave protiv dva biv\u0161a ?elnika ulcinjske policije Podgorica - Mre\u017ea za afirmaciju nevladinog sektora ju?e je dr\u017eavnom tu\u017eila\u0161tvu i","robots":{"index":"index","follow":"follow","max-snippet":"max-snippet:-1","max-image-preview":"max-image-preview:large","max-video-preview":"max-video-preview:-1"},"canonical":"https:\/\/www.visit-ulcinj.com\/blog\/2008\/10\/16\/zmurili-pred-divljom-gradnjom-na-bojani\/","og_locale":"en_US","og_type":"article","og_title":"\u017dmurili pred divljom gradnjom na Bojani - Lajme nga Ulqini","og_description":"Mans podnio krivi?ne prijave protiv dva biv\u0161a ?elnika ulcinjske policije Podgorica - Mre\u017ea za afirmaciju nevladinog sektora ju?e je dr\u017eavnom tu\u017eila\u0161tvu i","og_url":"https:\/\/www.visit-ulcinj.com\/blog\/2008\/10\/16\/zmurili-pred-divljom-gradnjom-na-bojani\/","og_site_name":"Lajme nga Ulqini","article_published_time":"2008-10-16T15:08:30+00:00","article_modified_time":"2008-10-17T18:18:41+00:00","og_image":[{"url":"http:\/\/www.visit-ulcinj.com\/blog\/wp-content\/uploads\/2008\/10\/dejan-milovac.jpg"}],"twitter_misc":{"Written by":"ulqini","Est. reading time":"5 minutes"},"schema":{"@context":"https:\/\/schema.org","@graph":[{"@type":"WebSite","@id":"https:\/\/www.visit-ulcinj.com\/blog\/#website","url":"https:\/\/www.visit-ulcinj.com\/blog\/","name":"Lajme nga Ulqini","description":"Lajme,Vijesti,Ulqini,Ulqin,Crna Gora,Mali i Zi","potentialAction":[{"@type":"SearchAction","target":{"@type":"EntryPoint","urlTemplate":"https:\/\/www.visit-ulcinj.com\/blog\/?s={search_term_string}"},"query-input":"required name=search_term_string"}],"inLanguage":"en-US"},{"@type":"ImageObject","inLanguage":"en-US","@id":"https:\/\/www.visit-ulcinj.com\/blog\/2008\/10\/16\/zmurili-pred-divljom-gradnjom-na-bojani\/#primaryimage","url":"http:\/\/www.visit-ulcinj.com\/blog\/wp-content\/uploads\/2008\/10\/dejan-milovac.jpg","contentUrl":"http:\/\/www.visit-ulcinj.com\/blog\/wp-content\/uploads\/2008\/10\/dejan-milovac.jpg"},{"@type":"WebPage","@id":"https:\/\/www.visit-ulcinj.com\/blog\/2008\/10\/16\/zmurili-pred-divljom-gradnjom-na-bojani\/#webpage","url":"https:\/\/www.visit-ulcinj.com\/blog\/2008\/10\/16\/zmurili-pred-divljom-gradnjom-na-bojani\/","name":"\u017dmurili pred divljom gradnjom na Bojani - Lajme nga Ulqini","isPartOf":{"@id":"https:\/\/www.visit-ulcinj.com\/blog\/#website"},"primaryImageOfPage":{"@id":"https:\/\/www.visit-ulcinj.com\/blog\/2008\/10\/16\/zmurili-pred-divljom-gradnjom-na-bojani\/#primaryimage"},"datePublished":"2008-10-16T15:08:30+00:00","dateModified":"2008-10-17T18:18:41+00:00","author":{"@id":"https:\/\/www.visit-ulcinj.com\/blog\/#\/schema\/person\/dcab619c614d3038751c63bc2aadc06d"},"description":"Mans podnio krivi?ne prijave protiv dva biv\u0161a ?elnika ulcinjske policije Podgorica - Mre\u017ea za afirmaciju nevladinog sektora ju?e je dr\u017eavnom tu\u017eila\u0161tvu i","breadcrumb":{"@id":"https:\/\/www.visit-ulcinj.com\/blog\/2008\/10\/16\/zmurili-pred-divljom-gradnjom-na-bojani\/#breadcrumb"},"inLanguage":"en-US","potentialAction":[{"@type":"ReadAction","target":["https:\/\/www.visit-ulcinj.com\/blog\/2008\/10\/16\/zmurili-pred-divljom-gradnjom-na-bojani\/"]}]},{"@type":"BreadcrumbList","@id":"https:\/\/www.visit-ulcinj.com\/blog\/2008\/10\/16\/zmurili-pred-divljom-gradnjom-na-bojani\/#breadcrumb","itemListElement":[{"@type":"ListItem","position":1,"name":"\u017dmurili pred divljom gradnjom na Bojani"}]},{"@type":"Person","@id":"https:\/\/www.visit-ulcinj.com\/blog\/#\/schema\/person\/dcab619c614d3038751c63bc2aadc06d","name":"ulqini","sameAs":["http:\/\/www.visit-ulcinj.com"],"url":"https:\/\/www.visit-ulcinj.com\/blog\/author\/admin\/"}]}},"jetpack_featured_media_url":"","jetpack_sharing_enabled":true,"jetpack_shortlink":"https:\/\/wp.me\/pe6lTn-16W","_links":{"self":[{"href":"https:\/\/www.visit-ulcinj.com\/blog\/wp-json\/wp\/v2\/posts\/4274"}],"collection":[{"href":"https:\/\/www.visit-ulcinj.com\/blog\/wp-json\/wp\/v2\/posts"}],"about":[{"href":"https:\/\/www.visit-ulcinj.com\/blog\/wp-json\/wp\/v2\/types\/post"}],"author":[{"embeddable":true,"href":"https:\/\/www.visit-ulcinj.com\/blog\/wp-json\/wp\/v2\/users\/1"}],"replies":[{"embeddable":true,"href":"https:\/\/www.visit-ulcinj.com\/blog\/wp-json\/wp\/v2\/comments?post=4274"}],"version-history":[{"count":0,"href":"https:\/\/www.visit-ulcinj.com\/blog\/wp-json\/wp\/v2\/posts\/4274\/revisions"}],"wp:attachment":[{"href":"https:\/\/www.visit-ulcinj.com\/blog\/wp-json\/wp\/v2\/media?parent=4274"}],"wp:term":[{"taxonomy":"category","embeddable":true,"href":"https:\/\/www.visit-ulcinj.com\/blog\/wp-json\/wp\/v2\/categories?post=4274"},{"taxonomy":"post_tag","embeddable":true,"href":"https:\/\/www.visit-ulcinj.com\/blog\/wp-json\/wp\/v2\/tags?post=4274"}],"curies":[{"name":"wp","href":"https:\/\/api.w.org\/{rel}","templated":true}]}}