{"id":42744,"date":"2011-01-24T19:02:25","date_gmt":"2011-01-24T18:02:25","guid":{"rendered":"http:\/\/www.visit-ulcinj.com\/blog\/?p=42744"},"modified":"2011-01-24T19:06:07","modified_gmt":"2011-01-24T18:06:07","slug":"cungu-da-vidimo-ko-su-manjine","status":"publish","type":"post","link":"https:\/\/www.visit-ulcinj.com\/blog\/2011\/01\/24\/cungu-da-vidimo-ko-su-manjine\/","title":{"rendered":"Cungu: Da vidimo ko su manjine"},"content":{"rendered":"<p><strong><a href=\"http:\/\/www.visit-ulcinj.com\/blog\/wp-content\/uploads\/2011\/01\/Nazif_Cungu_Forca_Ulcinj.jpg\"><img loading=\"lazy\" class=\"alignleft size-full wp-image-42745\" title=\"Nazif_Cungu_Forca_Ulcinj\" src=\"http:\/\/www.visit-ulcinj.com\/blog\/wp-content\/uploads\/2011\/01\/Nazif_Cungu_Forca_Ulcinj.jpg\" alt=\"\" width=\"490\" height=\"380\" \/><\/a>Novi zahtjevi da se precizira kome pripada pravo na afirmativnu akciju<\/strong><br \/>\n<strong>Samo treba ispo\u0161tovati Ustav. Kod nas nema nekih posebnih priprema za popis, tvrdi Cungu.<\/strong><br \/>\nU Crnoj Gori treba donijeti zakon koji \u0107e definisati ko su manjine, da bi se mogla po\u0161tovati afirmativna akcija, saop\u0161tio je ju\u010de &#8220;Danu&#8221; predsjednik Nove demokratske snage FORCA Nazif Cungu.<br \/>\nOn je rekao da su Albanci u Crnoj Gori autohton narod, svoji na svome, u odnosu na ostale manjine imaju specifi\u010dnosti, jer se razlikuju po jeziku i kulturi.<br \/>\n&#8211; Mi\u0161ljenja smo da treba da postoji zakon koji \u0107e definisati ko su manjine, i po tome treba po\u0161tovati i princip afirmativne akcije. Jedna od preporuka koju smo imali na nacionalnom savjetu Albanaca jeste i da politi\u010dke organizacije zauzmu stav povodom ovih pitanja &#8211; kazao nam je Cungu.<br \/>\nOn nije \u017eelio da posebno isti\u010de pitanje popisa u svjetlu izrade novog zakona o izboru odbornika i poslanika.<br \/>\n&#8211; Samo treba ispo\u0161tovati Ustav. Kod nas nema nekih posebnih priprema za popis, vidje\u0107emo kako \u0107e to te\u0107i, ako ne bude moglo da se ispo\u0161tuje \u0161to su standardi, ako ne budu po\u0161tovani interesi Albanaca, mo\u017eda \u0107emo to pratiti anga\u017eovanije. Zasad, nemamo potrebu da se se posebno anga\u017eujemo na tome da ubje\u0111ujemo ljude da se izjasne kao Albanci. \u017delimo da se svako izjasni kako \u017eeli i da niko ne treba da bude pod bilo kakvim pritiskom &#8211; ukazao je Cungu, podvla\u010de\u0107i i da stranka koju vodi ostaje pri ranije izre\u010denim stavovima u vezi izrade novog izbornog zakonodavstva, koje nije uskla\u0111eno sa Ustavom od 2007. godine.<br \/>\n&#8211; Ste\u010dena prava su prioritet, pravni okvir ih \u0161titi, i mislimo da to ne treba ukidati &#8211; rekao je Cungu.<br \/>\nS druge strane, Sabrija Vuli\u0107, predsjednik Savjeta muslimanskog naroda Crne Gore, ka\u017ee za &#8220;Slobodnu Evropu&#8221; da su oni uo\u010di popisa ve\u0107 izlo\u017eeni pritiscima i Crnogoraca i Bo\u0161njaka.<br \/>\n&#8211; Ti pritisci se ve\u0107 ogledaju, prema, naravno, nekim nezvani\u010dnim informacijama do kojih dolazimo, najvi\u0161e sa bo\u0161nja\u010dke strane, putem obe\u0107anja davanja posla, sitnih usluga u kontekstu &#8220;pi\u0161ite se Bo\u0161njacima, a mi \u0107emo sve to zavr\u0161iti&#8221;. Toga se i bojim pred popis u aprilu, ali vjerujem da ovaj narod ima snage i mo\u0107i, uostalom to i pokazuju posljednja istra\u017eivanja, da se vrate tamo gdje su bili i budu ono \u0161to jesu, a to su Muslimani Crne Gore &#8211; rekao je Vuli\u0107 za &#8220;Slobodnu Evropu&#8221;.<br \/>\nMe\u0111utim, potpredsjednik Bo\u0161nja\u010dkog savjeta u Crnoj Gori i \u010dlan SDP-a Ervin Spahi\u0107 o\u010dekuje da \u0107e biti politizacije predstoje\u0107eg popisa ali ne pritisaka na one koji \u0107e se izja\u0161njavati. Spahi\u0107 o\u010dekuje i pove\u0107anje broja Bo\u0161njaka u odnosu na popis iz 2003. godine.<br \/>\n&#8211; Logi\u010dno je da \u0107e se nakon ove vremenske distance i ona jedna tre\u0107ina onih koji se izja\u0161njavaju kao Muslimani, bez ikakvih pritisaka, ili bilo \u010dega, izjasniti sada kao Bo\u0161njaci jer to je nacionalno ime, a muslimani, to je vjerski naziv. U tom smislu, ne vjerujem da \u0107e bilo kakvih pritisaka biti. Iako do\u0111e do pove\u0107anja broja Bo\u0161njaka u Crnoj Gori to ne\u0107e biti posljedica pritisaka ve\u0107 sazrijevanja svijesti kod odre\u0111enog broja ljudi da se svuda u okru\u017eenju svi pripadnici muslimanske nacije izja\u0161njavaju kao Bo\u0161njaci &#8211; predo\u010dio je Spahi\u0107.<br \/>\nPo njegovoj ocjeni, ne treba bje\u017eati od javnih rasprava na ovu temu, i poruka da ljudi treba samostalno da odlu\u010de o tome a ne ucjenama i novcem.<\/p>\n<p><a href=\"http:\/\/www.dan.co.me\/?nivo=3&amp;rubrika=Politika&amp;clanak=265075&amp;datum=2011-01-24\" target=\"_blank\"><strong>M.V.<br \/>\nDAN<\/strong><\/a><\/p>\n","protected":false},"excerpt":{"rendered":"<p>Novi zahtjevi da se precizira kome pripada pravo na afirmativnu akciju Samo treba ispo\u0161tovati Ustav. Kod nas nema nekih posebnih priprema za popis, tvrdi Cungu. U Crnoj Gori treba donijeti zakon koji \u0107e definisati ko su manjine, da bi se mogla po\u0161tovati afirmativna akcija, saop\u0161tio je ju\u010de &#8220;Danu&#8221; predsjednik Nove demokratske snage FORCA Nazif Cungu. [&hellip;]<\/p>\n","protected":false},"author":1,"featured_media":0,"comment_status":"open","ping_status":"closed","sticky":false,"template":"","format":"standard","meta":{"spay_email":"","jetpack_publicize_message":"","jetpack_is_tweetstorm":false,"jetpack_publicize_feature_enabled":true},"categories":[8337],"tags":[117,118,4666,19],"jetpack_publicize_connections":[],"yoast_head":"<!-- This site is optimized with the Yoast SEO plugin v19.1 - https:\/\/yoast.com\/wordpress\/plugins\/seo\/ -->\n<title>Cungu: Da vidimo ko su manjine - Lajme nga Ulqini<\/title>\n<meta name=\"description\" content=\"Novi zahtjevi da se precizira kome pripada pravo na afirmativnu akciju Samo treba ispo\u0161tovati Ustav. Kod nas nema nekih posebnih priprema za popis, tvrdi\" \/>\n<meta name=\"robots\" content=\"index, follow, max-snippet:-1, max-image-preview:large, max-video-preview:-1\" \/>\n<link rel=\"canonical\" href=\"https:\/\/www.visit-ulcinj.com\/blog\/2011\/01\/24\/cungu-da-vidimo-ko-su-manjine\/\" \/>\n<meta property=\"og:locale\" content=\"en_US\" \/>\n<meta property=\"og:type\" content=\"article\" \/>\n<meta property=\"og:title\" content=\"Cungu: Da vidimo ko su manjine - Lajme nga Ulqini\" \/>\n<meta property=\"og:description\" content=\"Novi zahtjevi da se precizira kome pripada pravo na afirmativnu akciju Samo treba ispo\u0161tovati Ustav. Kod nas nema nekih posebnih priprema za popis, tvrdi\" \/>\n<meta property=\"og:url\" content=\"https:\/\/www.visit-ulcinj.com\/blog\/2011\/01\/24\/cungu-da-vidimo-ko-su-manjine\/\" \/>\n<meta property=\"og:site_name\" content=\"Lajme nga Ulqini\" \/>\n<meta property=\"article:published_time\" content=\"2011-01-24T18:02:25+00:00\" \/>\n<meta property=\"article:modified_time\" content=\"2011-01-24T18:06:07+00:00\" \/>\n<meta property=\"og:image\" content=\"http:\/\/www.visit-ulcinj.com\/blog\/wp-content\/uploads\/2011\/01\/Nazif_Cungu_Forca_Ulcinj.jpg\" \/>\n<meta name=\"twitter:label1\" content=\"Written by\" \/>\n\t<meta name=\"twitter:data1\" content=\"ulqini\" \/>\n\t<meta name=\"twitter:label2\" content=\"Est. reading time\" \/>\n\t<meta name=\"twitter:data2\" content=\"3 minutes\" \/>\n<script type=\"application\/ld+json\" class=\"yoast-schema-graph\">{\"@context\":\"https:\/\/schema.org\",\"@graph\":[{\"@type\":\"WebSite\",\"@id\":\"https:\/\/www.visit-ulcinj.com\/blog\/#website\",\"url\":\"https:\/\/www.visit-ulcinj.com\/blog\/\",\"name\":\"Lajme nga Ulqini\",\"description\":\"Lajme,Vijesti,Ulqini,Ulqin,Crna Gora,Mali i Zi\",\"potentialAction\":[{\"@type\":\"SearchAction\",\"target\":{\"@type\":\"EntryPoint\",\"urlTemplate\":\"https:\/\/www.visit-ulcinj.com\/blog\/?s={search_term_string}\"},\"query-input\":\"required name=search_term_string\"}],\"inLanguage\":\"en-US\"},{\"@type\":\"ImageObject\",\"inLanguage\":\"en-US\",\"@id\":\"https:\/\/www.visit-ulcinj.com\/blog\/2011\/01\/24\/cungu-da-vidimo-ko-su-manjine\/#primaryimage\",\"url\":\"https:\/\/www.visit-ulcinj.com\/blog\/wp-content\/uploads\/2011\/01\/Nazif_Cungu_Forca_Ulcinj.jpg\",\"contentUrl\":\"https:\/\/www.visit-ulcinj.com\/blog\/wp-content\/uploads\/2011\/01\/Nazif_Cungu_Forca_Ulcinj.jpg\",\"width\":\"701\",\"height\":\"680\"},{\"@type\":\"WebPage\",\"@id\":\"https:\/\/www.visit-ulcinj.com\/blog\/2011\/01\/24\/cungu-da-vidimo-ko-su-manjine\/#webpage\",\"url\":\"https:\/\/www.visit-ulcinj.com\/blog\/2011\/01\/24\/cungu-da-vidimo-ko-su-manjine\/\",\"name\":\"Cungu: Da vidimo ko su manjine - Lajme nga Ulqini\",\"isPartOf\":{\"@id\":\"https:\/\/www.visit-ulcinj.com\/blog\/#website\"},\"primaryImageOfPage\":{\"@id\":\"https:\/\/www.visit-ulcinj.com\/blog\/2011\/01\/24\/cungu-da-vidimo-ko-su-manjine\/#primaryimage\"},\"datePublished\":\"2011-01-24T18:02:25+00:00\",\"dateModified\":\"2011-01-24T18:06:07+00:00\",\"author\":{\"@id\":\"https:\/\/www.visit-ulcinj.com\/blog\/#\/schema\/person\/dcab619c614d3038751c63bc2aadc06d\"},\"description\":\"Novi zahtjevi da se precizira kome pripada pravo na afirmativnu akciju Samo treba ispo\u0161tovati Ustav. Kod nas nema nekih posebnih priprema za popis, tvrdi\",\"breadcrumb\":{\"@id\":\"https:\/\/www.visit-ulcinj.com\/blog\/2011\/01\/24\/cungu-da-vidimo-ko-su-manjine\/#breadcrumb\"},\"inLanguage\":\"en-US\",\"potentialAction\":[{\"@type\":\"ReadAction\",\"target\":[\"https:\/\/www.visit-ulcinj.com\/blog\/2011\/01\/24\/cungu-da-vidimo-ko-su-manjine\/\"]}]},{\"@type\":\"BreadcrumbList\",\"@id\":\"https:\/\/www.visit-ulcinj.com\/blog\/2011\/01\/24\/cungu-da-vidimo-ko-su-manjine\/#breadcrumb\",\"itemListElement\":[{\"@type\":\"ListItem\",\"position\":1,\"name\":\"Cungu: Da vidimo ko su manjine\"}]},{\"@type\":\"Person\",\"@id\":\"https:\/\/www.visit-ulcinj.com\/blog\/#\/schema\/person\/dcab619c614d3038751c63bc2aadc06d\",\"name\":\"ulqini\",\"sameAs\":[\"http:\/\/www.visit-ulcinj.com\"],\"url\":\"https:\/\/www.visit-ulcinj.com\/blog\/author\/admin\/\"}]}<\/script>\n<!-- \/ Yoast SEO plugin. -->","yoast_head_json":{"title":"Cungu: Da vidimo ko su manjine - Lajme nga Ulqini","description":"Novi zahtjevi da se precizira kome pripada pravo na afirmativnu akciju Samo treba ispo\u0161tovati Ustav. Kod nas nema nekih posebnih priprema za popis, tvrdi","robots":{"index":"index","follow":"follow","max-snippet":"max-snippet:-1","max-image-preview":"max-image-preview:large","max-video-preview":"max-video-preview:-1"},"canonical":"https:\/\/www.visit-ulcinj.com\/blog\/2011\/01\/24\/cungu-da-vidimo-ko-su-manjine\/","og_locale":"en_US","og_type":"article","og_title":"Cungu: Da vidimo ko su manjine - Lajme nga Ulqini","og_description":"Novi zahtjevi da se precizira kome pripada pravo na afirmativnu akciju Samo treba ispo\u0161tovati Ustav. Kod nas nema nekih posebnih priprema za popis, tvrdi","og_url":"https:\/\/www.visit-ulcinj.com\/blog\/2011\/01\/24\/cungu-da-vidimo-ko-su-manjine\/","og_site_name":"Lajme nga Ulqini","article_published_time":"2011-01-24T18:02:25+00:00","article_modified_time":"2011-01-24T18:06:07+00:00","og_image":[{"url":"http:\/\/www.visit-ulcinj.com\/blog\/wp-content\/uploads\/2011\/01\/Nazif_Cungu_Forca_Ulcinj.jpg"}],"twitter_misc":{"Written by":"ulqini","Est. reading time":"3 minutes"},"schema":{"@context":"https:\/\/schema.org","@graph":[{"@type":"WebSite","@id":"https:\/\/www.visit-ulcinj.com\/blog\/#website","url":"https:\/\/www.visit-ulcinj.com\/blog\/","name":"Lajme nga Ulqini","description":"Lajme,Vijesti,Ulqini,Ulqin,Crna Gora,Mali i Zi","potentialAction":[{"@type":"SearchAction","target":{"@type":"EntryPoint","urlTemplate":"https:\/\/www.visit-ulcinj.com\/blog\/?s={search_term_string}"},"query-input":"required name=search_term_string"}],"inLanguage":"en-US"},{"@type":"ImageObject","inLanguage":"en-US","@id":"https:\/\/www.visit-ulcinj.com\/blog\/2011\/01\/24\/cungu-da-vidimo-ko-su-manjine\/#primaryimage","url":"https:\/\/www.visit-ulcinj.com\/blog\/wp-content\/uploads\/2011\/01\/Nazif_Cungu_Forca_Ulcinj.jpg","contentUrl":"https:\/\/www.visit-ulcinj.com\/blog\/wp-content\/uploads\/2011\/01\/Nazif_Cungu_Forca_Ulcinj.jpg","width":"701","height":"680"},{"@type":"WebPage","@id":"https:\/\/www.visit-ulcinj.com\/blog\/2011\/01\/24\/cungu-da-vidimo-ko-su-manjine\/#webpage","url":"https:\/\/www.visit-ulcinj.com\/blog\/2011\/01\/24\/cungu-da-vidimo-ko-su-manjine\/","name":"Cungu: Da vidimo ko su manjine - Lajme nga Ulqini","isPartOf":{"@id":"https:\/\/www.visit-ulcinj.com\/blog\/#website"},"primaryImageOfPage":{"@id":"https:\/\/www.visit-ulcinj.com\/blog\/2011\/01\/24\/cungu-da-vidimo-ko-su-manjine\/#primaryimage"},"datePublished":"2011-01-24T18:02:25+00:00","dateModified":"2011-01-24T18:06:07+00:00","author":{"@id":"https:\/\/www.visit-ulcinj.com\/blog\/#\/schema\/person\/dcab619c614d3038751c63bc2aadc06d"},"description":"Novi zahtjevi da se precizira kome pripada pravo na afirmativnu akciju Samo treba ispo\u0161tovati Ustav. Kod nas nema nekih posebnih priprema za popis, tvrdi","breadcrumb":{"@id":"https:\/\/www.visit-ulcinj.com\/blog\/2011\/01\/24\/cungu-da-vidimo-ko-su-manjine\/#breadcrumb"},"inLanguage":"en-US","potentialAction":[{"@type":"ReadAction","target":["https:\/\/www.visit-ulcinj.com\/blog\/2011\/01\/24\/cungu-da-vidimo-ko-su-manjine\/"]}]},{"@type":"BreadcrumbList","@id":"https:\/\/www.visit-ulcinj.com\/blog\/2011\/01\/24\/cungu-da-vidimo-ko-su-manjine\/#breadcrumb","itemListElement":[{"@type":"ListItem","position":1,"name":"Cungu: Da vidimo ko su manjine"}]},{"@type":"Person","@id":"https:\/\/www.visit-ulcinj.com\/blog\/#\/schema\/person\/dcab619c614d3038751c63bc2aadc06d","name":"ulqini","sameAs":["http:\/\/www.visit-ulcinj.com"],"url":"https:\/\/www.visit-ulcinj.com\/blog\/author\/admin\/"}]}},"jetpack_featured_media_url":"","jetpack_sharing_enabled":true,"jetpack_shortlink":"https:\/\/wp.me\/pe6lTn-b7q","_links":{"self":[{"href":"https:\/\/www.visit-ulcinj.com\/blog\/wp-json\/wp\/v2\/posts\/42744"}],"collection":[{"href":"https:\/\/www.visit-ulcinj.com\/blog\/wp-json\/wp\/v2\/posts"}],"about":[{"href":"https:\/\/www.visit-ulcinj.com\/blog\/wp-json\/wp\/v2\/types\/post"}],"author":[{"embeddable":true,"href":"https:\/\/www.visit-ulcinj.com\/blog\/wp-json\/wp\/v2\/users\/1"}],"replies":[{"embeddable":true,"href":"https:\/\/www.visit-ulcinj.com\/blog\/wp-json\/wp\/v2\/comments?post=42744"}],"version-history":[{"count":0,"href":"https:\/\/www.visit-ulcinj.com\/blog\/wp-json\/wp\/v2\/posts\/42744\/revisions"}],"wp:attachment":[{"href":"https:\/\/www.visit-ulcinj.com\/blog\/wp-json\/wp\/v2\/media?parent=42744"}],"wp:term":[{"taxonomy":"category","embeddable":true,"href":"https:\/\/www.visit-ulcinj.com\/blog\/wp-json\/wp\/v2\/categories?post=42744"},{"taxonomy":"post_tag","embeddable":true,"href":"https:\/\/www.visit-ulcinj.com\/blog\/wp-json\/wp\/v2\/tags?post=42744"}],"curies":[{"name":"wp","href":"https:\/\/api.w.org\/{rel}","templated":true}]}}