{"id":42775,"date":"2011-01-26T00:01:15","date_gmt":"2011-01-25T23:01:15","guid":{"rendered":"http:\/\/www.visit-ulcinj.com\/blog\/?p=42775"},"modified":"2011-01-26T08:38:50","modified_gmt":"2011-01-26T07:38:50","slug":"teatri-profesionist-aleksander-moisiu-me-4-shkurt-ne-ulqin","status":"publish","type":"post","link":"https:\/\/www.visit-ulcinj.com\/blog\/2011\/01\/26\/teatri-profesionist-aleksander-moisiu-me-4-shkurt-ne-ulqin\/","title":{"rendered":"Teatri profesionist  Aleksand\u00ebr Moisiu m\u00eb 4 shkurt n\u00eb Ulqin"},"content":{"rendered":"<p><strong><a href=\"http:\/\/www.visit-ulcinj.com\/blog\/wp-content\/uploads\/2011\/01\/Teatri-Aleksander-Moisiu.jpg\"><img loading=\"lazy\" class=\"alignleft size-full wp-image-42776\" title=\"Teatri Aleksander Moisiu\" src=\"http:\/\/www.visit-ulcinj.com\/blog\/wp-content\/uploads\/2011\/01\/Teatri-Aleksander-Moisiu.jpg\" alt=\"\" width=\"490\" height=\"380\" \/><\/a>M\u00eb 4 shkurt 2011, ora 19.00 n\u00eb Qend\u00ebr p\u00ebr Kultur\u00eb<\/strong><\/p>\n<p><strong>Teatri profesionist \u201cAleksand\u00ebr Moisiu\u2019\u2019 nga Durr\u00ebsi do t\u00eb shfaq komedin\u00eb \u2018\u2019Pas vdekjes\u2019\u2019 n\u00eb Ulqin<\/p>\n<p>Municipality of Ulcinj \/ Ulqin<br \/>\nArsllan Hajdinaga<\/strong><\/p>\n<p><strong>Nga Bashkim Hoxha <\/strong><\/p>\n<p>N\u00eb spektaklin m\u00eb t\u00eb ri, duke u mb\u00ebshtetur n\u00eb tekstin e mir\u00ebnjohur t\u00eb komedis\u00eb \u201cPas vdekjes\u201d t\u00eb Cajupit, regjisori Hervin Culi \u00ebsht\u00eb fokusuar n\u00eb stigmatizimin e r\u00ebnd\u00ebsish\u00ebm t\u00eb patriotizmit fals<\/p>\n<p>Sa her\u00eb q\u00eb bie fjala p\u00ebr tradit\u00ebn ton\u00eb dramaturgjike, nd\u00ebr titujt e pak\u00ebt q\u00eb p\u00ebrm\u00ebnden \u00ebsht\u00eb komedia \u201cPas vdekjes\u201d e Andon Zako Cajupit. Por k\u00ebsaj radhe, n\u00eb v\u00ebshtrimin e regjisorit Hervin Culi dhe n\u00eb interpretimin e aktor\u00ebve t\u00eb teatrit \u201cAleksander Moisiu\u201d Sanie Hoti, Eralda Caushi, Marvin Tafaj dhe Mimoza Marjanaku, kjo vep\u00ebr e madhe e dramaurgjis\u00eb shqiptare nuk duket aspak si nj\u00eb gj\u00eb e vjet\u00ebr e nxjerr\u00eb nga s\u00ebnduku i koh\u00ebs. Ajo ka ardhur sikur sapo \u00ebsht\u00eb shkruar, me t\u00ebr\u00eb shk\u00eblqimin e nj\u00eb vepre t\u00eb re q\u00eb i flet jo vet\u00ebm p\u00ebrjet\u00ebsis\u00eb por edhe koh\u00ebs s\u00eb sotme. Regjisori i mir\u00ebnjohur Hervin Culi, q\u00eb n\u00eb sken\u00ebn e k\u00ebtij teatri ka njohur suksesin e me komedin\u00eb \u201cNe t\u00eb gjith\u00eb k\u00ebndonim Margarit\u00ebn\u201d dhe \u201cUdh\u00ebtimi pa viz\u00eb i nj\u00eb alieni\u201d t\u00eb dyja shkruar nga Bashkim Hoxha, tashm\u00eb p\u00ebrgatitet t\u00eb pres\u00eb duartrokitjete e publikut durrsak q\u00eb duket sikur e ka \u201cbir\u00ebsuar\u201d at\u00eb p\u00ebrmes emocioneve q\u00eb i ofron ndjesive t\u00eb holla t\u00eb k\u00ebtij publiku. N\u00eb spektaklin m\u00eb t\u00eb ri, duke u mb\u00ebshtetur n\u00eb tekstin e mir\u00ebnjohur t\u00eb komedis\u00eb \u201cPas vdekjes\u201d t\u00eb Cajupit, regjisori \u00ebsht\u00eb fokusuar n\u00eb stigmatizimin e r\u00ebnd\u00ebsish\u00ebm t\u00eb patriotizmit fals, duke n\u00ebnvizuar at\u00eb q\u00eb thuhet shpesh \u201c se nacionalizmi i rrem\u00eb \u00ebsht\u00eb streha e fundit e maskarenjve\u201d; edhe n\u00eb k\u00ebt\u00eb shfaqje, Doktor Adham-uti, patriotizmin nuk e ka gj\u00eb tjet\u00ebr vecse nj\u00eb kopertur\u00eb p\u00ebr t\u00eb ushyer egoizmin dhe narcisizmin e tij. Naiviteti dhe butaforia e mondanitetit t\u00eb jasht\u00ebm n\u00eb kontrast me llumin shpirt\u00ebror t\u00eb t\u00eb asht\u00ebquajturave elita komb\u00ebtare, n\u00eb \u00ebkt\u00eb shfaqje vijn\u00eb n\u00eb t\u00ebr\u00eb p\u00ebrmas\u00ebn e tyre tragjikomike, deri n\u00eb p\u00ebrqeshje.<br \/>\nJo m\u00eb kot regjisori ka p\u00ebrzgjedhur stilin e Commedia del Arte n\u00eb k\u00ebt\u00eb spektak\u00ebl. Kllounada e politik\u00ebs dhe e pseudoelitave gj\u00ebn k\u00ebshtu pasqyrimin e merituar. Po brenda k\u00ebtij stili vjen edhe nj\u00eb n\u00ebnvizim i r\u00ebnd\u00ebsish\u00ebmi falsitetit dhe teatralitetetit: personazhet femra luhen nga meshkuj dhe personazhet meshkuj luhen nga femra. Sanie Hoti ( n\u00eb rolin e doktor Adham-utit), Eralda Caushi (n\u00eb rolin e Zenelit t\u00eb trajtuar si nj\u00eb arlekin shpotit\u00ebs q\u00eb shp\u00ebrfaq dhe v\u00eb n\u00eb loj\u00eb hipokrizit\u00eb), Marvin Tafaj ( n\u00eb rolin e Lulushes) dhe Mimoza Marjanaku ( n\u00eb rolin e Vurkos) jan\u00eb nj\u00eb ansamb\u00ebl i mrekulluesh\u00ebm q\u00eb ofrojn\u00eb nj\u00eb spektak\u00ebl t\u00eb rrall\u00eb jo p\u00ebr hir t\u00eb spektaklit, por p\u00ebr hir t\u00eb p\u00ebrballjes me spektaklet butaforik\u00eb q\u00eb ofron vet jeta, politike, shoq\u00ebria dhe historia e jon\u00eb, sjell\u00eb mjesht\u00ebrisht nga Cajupi n\u00eb vepr\u00ebn e mir\u00ebnjohur. Skenografia dhe kostumet e Albana Rexh\u00ebs krijojn\u00eb mund\u00ebsin\u00eb e shpalosjes s\u00eb natyrshme t\u00eb l\u00ebnd\u00ebs teatrore me nj\u00eb gjuh\u00eb t\u00eb past\u00ebr skenike.<br \/>\nKomedia do t\u00eb filloj\u00eb t\u00eb shfaqet t\u00eb shtun\u00ebn dhe t\u00eb diel\u00ebn, n\u00eb dat\u00ebn 4 dhe 5 dhjetor n\u00eb teatrin Aleksand\u00ebr Moisiu.<br \/>\n<a href=\"http:\/\/www.visit-ulcinj.com\/blog\/wp-content\/uploads\/2011\/01\/Teatri-profesionist-Aleksand\u00ebr-Moisiu.2.jpg\"><img loading=\"lazy\" class=\"alignleft size-full wp-image-42777\" title=\"Teatri profesionist  Aleksand\u00ebr Moisiu.2\" src=\"http:\/\/www.visit-ulcinj.com\/blog\/wp-content\/uploads\/2011\/01\/Teatri-profesionist-Aleksand\u00ebr-Moisiu.2.jpg\" alt=\"\" width=\"490\" height=\"380\" \/><\/a><br \/>\n\u201cBallkanika 2010\u201d, triumfojn\u00eb Kadare dhe turkja Kaugusuz<br \/>\nShkrimtarja turke Sema Kaugusuz dhe Ismail Kadare, jan\u00eb fituesit e \u00e7mimit n\u00eb let\u00ebrsi &#8220;Balkanika&#8221; p\u00ebr vitin 2008 dhe 2009, p\u00ebrkat\u00ebsisht n\u00eb edicionet e 12-t\u00eb dhe 13-t\u00eb t\u00eb k\u00ebtij eventi letrar, t\u00eb cil\u00ebt u shpall\u00ebn mbr\u00ebm\u00eb n\u00eb nj\u00eb ceremoni n\u00eb qytetin e Vlor\u00ebs. \u00c7mimet u ndan\u00eb nga nj\u00eb juri nd\u00ebrkomb\u00ebtare e p\u00ebrb\u00ebr\u00eb nga 8 personalitete t\u00eb njohura n\u00eb fushat p\u00ebrkat\u00ebse n\u00eb vendet pjes\u00ebmarr\u00ebse. Dy fituesit u p\u00ebrzgjodh\u00ebn mes 14 konkurrent\u00ebve t\u00eb seleksionuar m\u00eb par\u00eb, nga jurit\u00eb respektive t\u00eb secilit vend pjes\u00ebmarr\u00ebs. N\u00eb edicionin e 12-t\u00eb, Shqip\u00ebria u p\u00ebrfaq\u00ebsua nga shkrimtari Ben Blushi me romanin e tij, &#8220;T\u00eb jetosh n\u00eb ishull&#8221;, nd\u00ebrkoh\u00eb q\u00eb p\u00ebr edicionin pasaardh\u00ebs, let\u00ebrsin\u00eb shqiptare e p\u00ebrfaq\u00ebsoi Ismail Kadare, me romanin e vet &#8220;E penguara&#8221;, q\u00eb ishte edhe fitues i vendit t\u00eb par\u00eb. N\u00eb ceremonin\u00eb q\u00eb ishte konceptuar n\u00eb form\u00ebn e nj\u00eb mbr\u00ebmjeje me sfond muzikor nga vepra t\u00eb njohura t\u00eb muzik\u00ebs klasike, kryetari i Fondacionit &#8220;Balkanika&#8221;, Nikolaj Stojanov, theksoi se ky aktivitet p\u00ebrkon me Fest\u00ebn Komb\u00ebtare t\u00eb Shqip\u00ebris\u00eb, Shpalljen e Pavar\u00ebsis\u00eb, gj\u00eb q\u00eb e b\u00ebn at\u00eb edhe m\u00eb t\u00eb ve\u00e7ant\u00eb. Por, ve\u00e7 k\u00ebsaj, ai shtoi se, k\u00ebto dy edicione zhvillohen n\u00eb nj\u00eb vend si Shqip\u00ebria, me nj\u00eb let\u00ebrsi t\u00eb fort\u00eb dhe t\u00eb njohur n\u00eb t\u00eb gjith\u00eb bot\u00ebn, gj\u00eb q\u00eb reflektohet edhe n\u00eb faktin tjet\u00ebr q\u00eb, fitues n\u00eb nj\u00eb nga edicionet paraardh\u00ebse \u00ebsht\u00eb nj\u00eb shkrimtar shqiptar, Fatos Kongoli. Ai tha se, Vlora \u00ebsht\u00eb nj\u00eb qytet i jasht\u00ebzakonsh\u00ebm q\u00eb nj\u00eb dit\u00eb me siguri do t\u00eb vler\u00ebsohet me titullin &#8220;Qytet i Librit&#8221;. Kryetari i juris\u00eb, ku Shqip\u00ebria p\u00ebrfaq\u00ebsohej nga Diana \u00c7uli, Andre\u00eb \u00cbahtel, b\u00ebri nj\u00eb vler\u00ebsim t\u00eb veprave konkurruese, nd\u00ebrkoh\u00eb q\u00eb, theksoi se, &#8220;libri i shkrimtares turke Sema Kaygusuz, &#8220;R\u00ebnia e namazit&#8221;, u ve\u00e7ua m\u00eb i miri p\u00ebr edicionin e vitit 2008.&#8221; Nd\u00ebrkoh\u00eb, duke ju referuar edicionit t\u00eb vitit 2009, ai theksoi se, romani i Kadarese &#8220;E penguara&#8221;, ishte m\u00eb i vler\u00ebsuari nga juria. &#8220;Vepra letrare e Kadares\u00eb \u00ebsht\u00eb e njhur dhe e vler\u00ebsuar n\u00eb shum\u00eb vende, por \u00e7mimi Balkanika nuk \u00ebsht\u00eb nj\u00eb \u00e7mim karriere&#8221;, theksoi \u00cbahtel. Ai tha se, romani &#8220;E penguara&#8221;, ngjarjet e t\u00eb cilit zhvillohen n\u00eb Shqip\u00ebrin\u00eb e Hoxh\u00ebs, \u00ebsht\u00eb i ndrysh\u00ebm nga veprat e tjera t\u00eb Kadares\u00eb. &#8220;Ai \u00ebsht\u00eb shkruar me nj\u00eb eleganc\u00eb t\u00eb skajshme n\u00eb stil dhe struktur\u00eb&#8221;, theksoi kryetari juris\u00eb s\u00eb \u00e7mimit n\u00eb let\u00ebrsi &#8220;Balkanika&#8221;. Mes auto\u00ebve shqiptar\u00eb q\u00eb kan\u00eb qen\u00eb pjes\u00eb e 11 edicioneve paraardh\u00ebse &#8220;Balkanika&#8221;, p\u00ebrfshihen Fatos Kongoli, Ismail Kadare, Besnik Mustafaj, Mimoza Ahmeti, Diana \u00c7uli, Aurel Plasari, Ylljet Ali\u00e7kaj, Bashkim Shehu.<\/p>\n<p><strong>Gazeta Albania Online<br \/>\n<!--YouTube Error: bad URL entered--><br \/>\n<\/strong><\/p>\n","protected":false},"excerpt":{"rendered":"<p>M\u00eb 4 shkurt 2011, ora 19.00 n\u00eb Qend\u00ebr p\u00ebr Kultur\u00eb Teatri profesionist \u201cAleksand\u00ebr Moisiu\u2019\u2019 nga Durr\u00ebsi do t\u00eb shfaq komedin\u00eb \u2018\u2019Pas vdekjes\u2019\u2019 n\u00eb Ulqin Municipality of Ulcinj \/ Ulqin Arsllan Hajdinaga Nga Bashkim Hoxha N\u00eb spektaklin m\u00eb t\u00eb ri, duke u mb\u00ebshtetur n\u00eb tekstin e mir\u00ebnjohur t\u00eb komedis\u00eb \u201cPas vdekjes\u201d t\u00eb Cajupit, regjisori Hervin Culi [&hellip;]<\/p>\n","protected":false},"author":1,"featured_media":0,"comment_status":"open","ping_status":"closed","sticky":false,"template":"","format":"standard","meta":{"spay_email":"","jetpack_publicize_message":"","jetpack_is_tweetstorm":false,"jetpack_publicize_feature_enabled":true},"categories":[4],"tags":[17113,17114,17116,17112,200,18,17115],"jetpack_publicize_connections":[],"yoast_head":"<!-- This site is optimized with the Yoast SEO plugin v19.1 - https:\/\/yoast.com\/wordpress\/plugins\/seo\/ -->\n<title>Teatri profesionist Aleksand\u00ebr Moisiu m\u00eb 4 shkurt n\u00eb Ulqin - Lajme nga Ulqini<\/title>\n<meta name=\"description\" content=\"M\u00eb 4 shkurt 2011, ora 19.00 n\u00eb Qend\u00ebr p\u00ebr Kultur\u00eb Teatri profesionist \u201cAleksand\u00ebr Moisiu\u2019\u2019 nga Durr\u00ebsi do t\u00eb shfaq komedin\u00eb \u2018\u2019Pas vdekjes\u2019\u2019 n\u00eb Ulqin\" \/>\n<meta name=\"robots\" content=\"index, follow, max-snippet:-1, max-image-preview:large, max-video-preview:-1\" \/>\n<link rel=\"canonical\" href=\"https:\/\/www.visit-ulcinj.com\/blog\/2011\/01\/26\/teatri-profesionist-aleksander-moisiu-me-4-shkurt-ne-ulqin\/\" \/>\n<meta property=\"og:locale\" content=\"en_US\" \/>\n<meta property=\"og:type\" content=\"article\" \/>\n<meta property=\"og:title\" content=\"Teatri profesionist Aleksand\u00ebr Moisiu m\u00eb 4 shkurt n\u00eb Ulqin - Lajme nga Ulqini\" \/>\n<meta property=\"og:description\" content=\"M\u00eb 4 shkurt 2011, ora 19.00 n\u00eb Qend\u00ebr p\u00ebr Kultur\u00eb Teatri profesionist \u201cAleksand\u00ebr Moisiu\u2019\u2019 nga Durr\u00ebsi do t\u00eb shfaq komedin\u00eb \u2018\u2019Pas vdekjes\u2019\u2019 n\u00eb Ulqin\" \/>\n<meta property=\"og:url\" content=\"https:\/\/www.visit-ulcinj.com\/blog\/2011\/01\/26\/teatri-profesionist-aleksander-moisiu-me-4-shkurt-ne-ulqin\/\" \/>\n<meta property=\"og:site_name\" content=\"Lajme nga Ulqini\" \/>\n<meta property=\"article:published_time\" content=\"2011-01-25T23:01:15+00:00\" \/>\n<meta property=\"article:modified_time\" content=\"2011-01-26T07:38:50+00:00\" \/>\n<meta property=\"og:image\" content=\"http:\/\/www.visit-ulcinj.com\/blog\/wp-content\/uploads\/2011\/01\/Teatri-Aleksander-Moisiu.jpg\" \/>\n<meta name=\"twitter:label1\" content=\"Written by\" \/>\n\t<meta name=\"twitter:data1\" content=\"ulqini\" \/>\n\t<meta name=\"twitter:label2\" content=\"Est. reading time\" \/>\n\t<meta name=\"twitter:data2\" content=\"5 minutes\" \/>\n<script type=\"application\/ld+json\" class=\"yoast-schema-graph\">{\"@context\":\"https:\/\/schema.org\",\"@graph\":[{\"@type\":\"WebSite\",\"@id\":\"https:\/\/www.visit-ulcinj.com\/blog\/#website\",\"url\":\"https:\/\/www.visit-ulcinj.com\/blog\/\",\"name\":\"Lajme nga Ulqini\",\"description\":\"Lajme,Vijesti,Ulqini,Ulqin,Crna Gora,Mali i Zi\",\"potentialAction\":[{\"@type\":\"SearchAction\",\"target\":{\"@type\":\"EntryPoint\",\"urlTemplate\":\"https:\/\/www.visit-ulcinj.com\/blog\/?s={search_term_string}\"},\"query-input\":\"required name=search_term_string\"}],\"inLanguage\":\"en-US\"},{\"@type\":\"ImageObject\",\"inLanguage\":\"en-US\",\"@id\":\"https:\/\/www.visit-ulcinj.com\/blog\/2011\/01\/26\/teatri-profesionist-aleksander-moisiu-me-4-shkurt-ne-ulqin\/#primaryimage\",\"url\":\"http:\/\/www.visit-ulcinj.com\/blog\/wp-content\/uploads\/2011\/01\/Teatri-Aleksander-Moisiu.jpg\",\"contentUrl\":\"http:\/\/www.visit-ulcinj.com\/blog\/wp-content\/uploads\/2011\/01\/Teatri-Aleksander-Moisiu.jpg\"},{\"@type\":\"WebPage\",\"@id\":\"https:\/\/www.visit-ulcinj.com\/blog\/2011\/01\/26\/teatri-profesionist-aleksander-moisiu-me-4-shkurt-ne-ulqin\/#webpage\",\"url\":\"https:\/\/www.visit-ulcinj.com\/blog\/2011\/01\/26\/teatri-profesionist-aleksander-moisiu-me-4-shkurt-ne-ulqin\/\",\"name\":\"Teatri profesionist Aleksand\u00ebr Moisiu m\u00eb 4 shkurt n\u00eb Ulqin - Lajme nga Ulqini\",\"isPartOf\":{\"@id\":\"https:\/\/www.visit-ulcinj.com\/blog\/#website\"},\"primaryImageOfPage\":{\"@id\":\"https:\/\/www.visit-ulcinj.com\/blog\/2011\/01\/26\/teatri-profesionist-aleksander-moisiu-me-4-shkurt-ne-ulqin\/#primaryimage\"},\"datePublished\":\"2011-01-25T23:01:15+00:00\",\"dateModified\":\"2011-01-26T07:38:50+00:00\",\"author\":{\"@id\":\"https:\/\/www.visit-ulcinj.com\/blog\/#\/schema\/person\/dcab619c614d3038751c63bc2aadc06d\"},\"description\":\"M\u00eb 4 shkurt 2011, ora 19.00 n\u00eb Qend\u00ebr p\u00ebr Kultur\u00eb Teatri profesionist \u201cAleksand\u00ebr Moisiu\u2019\u2019 nga Durr\u00ebsi do t\u00eb shfaq komedin\u00eb \u2018\u2019Pas vdekjes\u2019\u2019 n\u00eb Ulqin\",\"breadcrumb\":{\"@id\":\"https:\/\/www.visit-ulcinj.com\/blog\/2011\/01\/26\/teatri-profesionist-aleksander-moisiu-me-4-shkurt-ne-ulqin\/#breadcrumb\"},\"inLanguage\":\"en-US\",\"potentialAction\":[{\"@type\":\"ReadAction\",\"target\":[\"https:\/\/www.visit-ulcinj.com\/blog\/2011\/01\/26\/teatri-profesionist-aleksander-moisiu-me-4-shkurt-ne-ulqin\/\"]}]},{\"@type\":\"BreadcrumbList\",\"@id\":\"https:\/\/www.visit-ulcinj.com\/blog\/2011\/01\/26\/teatri-profesionist-aleksander-moisiu-me-4-shkurt-ne-ulqin\/#breadcrumb\",\"itemListElement\":[{\"@type\":\"ListItem\",\"position\":1,\"name\":\"Teatri profesionist Aleksand\u00ebr Moisiu m\u00eb 4 shkurt n\u00eb Ulqin\"}]},{\"@type\":\"Person\",\"@id\":\"https:\/\/www.visit-ulcinj.com\/blog\/#\/schema\/person\/dcab619c614d3038751c63bc2aadc06d\",\"name\":\"ulqini\",\"sameAs\":[\"http:\/\/www.visit-ulcinj.com\"],\"url\":\"https:\/\/www.visit-ulcinj.com\/blog\/author\/admin\/\"}]}<\/script>\n<!-- \/ Yoast SEO plugin. -->","yoast_head_json":{"title":"Teatri profesionist Aleksand\u00ebr Moisiu m\u00eb 4 shkurt n\u00eb Ulqin - Lajme nga Ulqini","description":"M\u00eb 4 shkurt 2011, ora 19.00 n\u00eb Qend\u00ebr p\u00ebr Kultur\u00eb Teatri profesionist \u201cAleksand\u00ebr Moisiu\u2019\u2019 nga Durr\u00ebsi do t\u00eb shfaq komedin\u00eb \u2018\u2019Pas vdekjes\u2019\u2019 n\u00eb Ulqin","robots":{"index":"index","follow":"follow","max-snippet":"max-snippet:-1","max-image-preview":"max-image-preview:large","max-video-preview":"max-video-preview:-1"},"canonical":"https:\/\/www.visit-ulcinj.com\/blog\/2011\/01\/26\/teatri-profesionist-aleksander-moisiu-me-4-shkurt-ne-ulqin\/","og_locale":"en_US","og_type":"article","og_title":"Teatri profesionist Aleksand\u00ebr Moisiu m\u00eb 4 shkurt n\u00eb Ulqin - Lajme nga Ulqini","og_description":"M\u00eb 4 shkurt 2011, ora 19.00 n\u00eb Qend\u00ebr p\u00ebr Kultur\u00eb Teatri profesionist \u201cAleksand\u00ebr Moisiu\u2019\u2019 nga Durr\u00ebsi do t\u00eb shfaq komedin\u00eb \u2018\u2019Pas vdekjes\u2019\u2019 n\u00eb Ulqin","og_url":"https:\/\/www.visit-ulcinj.com\/blog\/2011\/01\/26\/teatri-profesionist-aleksander-moisiu-me-4-shkurt-ne-ulqin\/","og_site_name":"Lajme nga Ulqini","article_published_time":"2011-01-25T23:01:15+00:00","article_modified_time":"2011-01-26T07:38:50+00:00","og_image":[{"url":"http:\/\/www.visit-ulcinj.com\/blog\/wp-content\/uploads\/2011\/01\/Teatri-Aleksander-Moisiu.jpg"}],"twitter_misc":{"Written by":"ulqini","Est. reading time":"5 minutes"},"schema":{"@context":"https:\/\/schema.org","@graph":[{"@type":"WebSite","@id":"https:\/\/www.visit-ulcinj.com\/blog\/#website","url":"https:\/\/www.visit-ulcinj.com\/blog\/","name":"Lajme nga Ulqini","description":"Lajme,Vijesti,Ulqini,Ulqin,Crna Gora,Mali i Zi","potentialAction":[{"@type":"SearchAction","target":{"@type":"EntryPoint","urlTemplate":"https:\/\/www.visit-ulcinj.com\/blog\/?s={search_term_string}"},"query-input":"required name=search_term_string"}],"inLanguage":"en-US"},{"@type":"ImageObject","inLanguage":"en-US","@id":"https:\/\/www.visit-ulcinj.com\/blog\/2011\/01\/26\/teatri-profesionist-aleksander-moisiu-me-4-shkurt-ne-ulqin\/#primaryimage","url":"http:\/\/www.visit-ulcinj.com\/blog\/wp-content\/uploads\/2011\/01\/Teatri-Aleksander-Moisiu.jpg","contentUrl":"http:\/\/www.visit-ulcinj.com\/blog\/wp-content\/uploads\/2011\/01\/Teatri-Aleksander-Moisiu.jpg"},{"@type":"WebPage","@id":"https:\/\/www.visit-ulcinj.com\/blog\/2011\/01\/26\/teatri-profesionist-aleksander-moisiu-me-4-shkurt-ne-ulqin\/#webpage","url":"https:\/\/www.visit-ulcinj.com\/blog\/2011\/01\/26\/teatri-profesionist-aleksander-moisiu-me-4-shkurt-ne-ulqin\/","name":"Teatri profesionist Aleksand\u00ebr Moisiu m\u00eb 4 shkurt n\u00eb Ulqin - Lajme nga Ulqini","isPartOf":{"@id":"https:\/\/www.visit-ulcinj.com\/blog\/#website"},"primaryImageOfPage":{"@id":"https:\/\/www.visit-ulcinj.com\/blog\/2011\/01\/26\/teatri-profesionist-aleksander-moisiu-me-4-shkurt-ne-ulqin\/#primaryimage"},"datePublished":"2011-01-25T23:01:15+00:00","dateModified":"2011-01-26T07:38:50+00:00","author":{"@id":"https:\/\/www.visit-ulcinj.com\/blog\/#\/schema\/person\/dcab619c614d3038751c63bc2aadc06d"},"description":"M\u00eb 4 shkurt 2011, ora 19.00 n\u00eb Qend\u00ebr p\u00ebr Kultur\u00eb Teatri profesionist \u201cAleksand\u00ebr Moisiu\u2019\u2019 nga Durr\u00ebsi do t\u00eb shfaq komedin\u00eb \u2018\u2019Pas vdekjes\u2019\u2019 n\u00eb Ulqin","breadcrumb":{"@id":"https:\/\/www.visit-ulcinj.com\/blog\/2011\/01\/26\/teatri-profesionist-aleksander-moisiu-me-4-shkurt-ne-ulqin\/#breadcrumb"},"inLanguage":"en-US","potentialAction":[{"@type":"ReadAction","target":["https:\/\/www.visit-ulcinj.com\/blog\/2011\/01\/26\/teatri-profesionist-aleksander-moisiu-me-4-shkurt-ne-ulqin\/"]}]},{"@type":"BreadcrumbList","@id":"https:\/\/www.visit-ulcinj.com\/blog\/2011\/01\/26\/teatri-profesionist-aleksander-moisiu-me-4-shkurt-ne-ulqin\/#breadcrumb","itemListElement":[{"@type":"ListItem","position":1,"name":"Teatri profesionist Aleksand\u00ebr Moisiu m\u00eb 4 shkurt n\u00eb Ulqin"}]},{"@type":"Person","@id":"https:\/\/www.visit-ulcinj.com\/blog\/#\/schema\/person\/dcab619c614d3038751c63bc2aadc06d","name":"ulqini","sameAs":["http:\/\/www.visit-ulcinj.com"],"url":"https:\/\/www.visit-ulcinj.com\/blog\/author\/admin\/"}]}},"jetpack_featured_media_url":"","jetpack_sharing_enabled":true,"jetpack_shortlink":"https:\/\/wp.me\/pe6lTn-b7V","_links":{"self":[{"href":"https:\/\/www.visit-ulcinj.com\/blog\/wp-json\/wp\/v2\/posts\/42775"}],"collection":[{"href":"https:\/\/www.visit-ulcinj.com\/blog\/wp-json\/wp\/v2\/posts"}],"about":[{"href":"https:\/\/www.visit-ulcinj.com\/blog\/wp-json\/wp\/v2\/types\/post"}],"author":[{"embeddable":true,"href":"https:\/\/www.visit-ulcinj.com\/blog\/wp-json\/wp\/v2\/users\/1"}],"replies":[{"embeddable":true,"href":"https:\/\/www.visit-ulcinj.com\/blog\/wp-json\/wp\/v2\/comments?post=42775"}],"version-history":[{"count":0,"href":"https:\/\/www.visit-ulcinj.com\/blog\/wp-json\/wp\/v2\/posts\/42775\/revisions"}],"wp:attachment":[{"href":"https:\/\/www.visit-ulcinj.com\/blog\/wp-json\/wp\/v2\/media?parent=42775"}],"wp:term":[{"taxonomy":"category","embeddable":true,"href":"https:\/\/www.visit-ulcinj.com\/blog\/wp-json\/wp\/v2\/categories?post=42775"},{"taxonomy":"post_tag","embeddable":true,"href":"https:\/\/www.visit-ulcinj.com\/blog\/wp-json\/wp\/v2\/tags?post=42775"}],"curies":[{"name":"wp","href":"https:\/\/api.w.org\/{rel}","templated":true}]}}