{"id":4278,"date":"2008-10-16T10:48:43","date_gmt":"2008-10-16T15:48:43","guid":{"rendered":"http:\/\/www.visit-ulcinj.com\/blog\/?p=4278"},"modified":"2008-10-17T13:17:05","modified_gmt":"2008-10-17T18:17:05","slug":"kumtese-e-perbashket-e-klubeve-forca-ldnemz-dhe-bdshnemz","status":"publish","type":"post","link":"https:\/\/www.visit-ulcinj.com\/blog\/2008\/10\/16\/kumtese-e-perbashket-e-klubeve-forca-ldnemz-dhe-bdshnemz\/","title":{"rendered":"Kumtes\u00eb e p\u00ebrbashk\u00ebt e Klubeve FORCA, LD n\u00eb MZ dhe BDSH n\u00eb MZ"},"content":{"rendered":"<p><a href=\"http:\/\/www.visit-ulcinj.com\/blog\/wp-content\/uploads\/2008\/10\/koalicioni-ne-ulqin-2.jpg\"><img loading=\"lazy\" class=\"alignleft size-medium wp-image-4279\" title=\"koalicioni-ne-ulqin-2\" src=\"http:\/\/www.visit-ulcinj.com\/blog\/wp-content\/uploads\/2008\/10\/koalicioni-ne-ulqin-2.jpg\" alt=\"\" width=\"219\" height=\"205\" \/><\/a><strong>Kumtes\u00eb p\u00ebr Opinjon<\/strong><br \/>\nMbledhja e fundit  t\u00eb Kuvendit Komunal i Ulqinit \u00ebsht\u00eb  thirr\u00eb n\u00eb m\u00ebnyr\u00eb joligjore,e mbajtur n\u00eb m\u00ebnyr\u00eb joligjore dhe n\u00eb fund nuk \u00ebsht\u00eb vendos asgj\u00eb.<br \/>\nDeri kur organet Republikane do t\u00eb tolerojn\u00eb k\u00ebt\u00eb sjellje t\u00eb organeve komunale dhe t\u00eb Kuvendit t\u00eb komun\u00ebs s\u00eb Ulqinit.<br \/>\nKryetarii Kuvendit t\u00eb Ulqinit,kund\u00ebr Kushtetut\u00ebs s\u00eb Malit t\u00eb Zi dhe n\u00eb m\u00ebnyr\u00eb t\u00eb pa ligjshme,pas gati tre muajsh ftoi n\u00eb vazhdimin e mbledhjes s\u00eb filluar n\u00eb korrik t\u00eb k\u00ebtij viti. Kuvendi \u00ebsht\u00eb tharur pa mbledhje  paraprake t\u00eb kolegjiumit dhe konsultime me kryetar\u00ebt e klubeve. P\u00ebr ndryshe, me nenin 90 t\u00eb Kushtetut\u00ebs s\u00eb Malit t\u00eb Zi\u00ebsht\u00eb e precizuar qart\u00eb se seanca e par\u00eb mbaron deri n\u00eb fund t\u00eb muajit korrik, dhe me te,normalisht,mbaron edhe mbledhja e fundit e asaj s\u00e9ance.<br \/>\nEdhe pse kund\u00ebr Kushtetut\u00ebs dhe p\u00ebrs\u00ebri pa marr\u00ebveshje, Kryetari i Kuvendit nd\u00ebrron dat\u00ebn,cakton dhe e mban mbledhjen nj\u00eb dit\u00eb m\u00eb her\u00ebt dhe nuk e shtyn p\u00ebr ndonj\u00eb dit\u00eb tjet\u00ebr n\u00ebse ka pas arsye.<br \/>\nN\u00ebr end t\u00eb dit\u00ebs ishin raportet e nd\u00ebrmarrjeve publike,p\u00ebr t\u00eb cilat Kuvendi,n\u00eb propozim t\u00eb Komisionit p\u00ebr ekonomi dhe financa, ka k\u00ebrkuar t\u00eb b\u00ebhet revidimi prej revizor\u00ebve dhe ato t\u00eb i d\u00ebrgohen k\u00ebshilltar\u00ebve.<br \/>\nAsnj\u00ebfar\u00ebmateriali nuk \u00ebsht\u00eb d\u00ebrguar k\u00ebshilltar\u00ebve.<br \/>\nGjithashtun\u00eb rend dite \u00ebsht\u00eb dashur q\u00eb t\u00eb jet\u00eb edhe Raporti i realizimit t\u00eb buxhetit komunal p\u00ebr 6 muajt e pare,por p\u00ebrs\u00ebri k\u00ebshilltar\u00ebve nuk I d\u00ebrgohet asnj\u00eb material.<br \/>\nMbledhja \u00ebsht\u00eb mbajtur, normalisht pa pjes\u00ebmarrjen e opozit\u00ebs,se ai ishte edhe q\u00ebllimi kryesor q\u00eb t\u00eb mos ndigjohen kritikat p\u00ebr pun\u00ebn e organeve komunale dhe nd\u00ebrmarrjeve publike, mos respektimi i ligjeve, p\u00ebr malverizmet e ndryshme dhe shpenzimin e paligjsh\u00ebm t\u00eb mjeteve buxhetore.<br \/>\nMbledhjae Kuvendit ka p\u00ebrfunduar pa aprovimin e asnj\u00eb dokumenti pasi q\u00eb k\u00ebshilltar\u00ebt e DPS-it d\u00ebshirojn\u00eb q\u00eb qytetar\u00ebt t\u00eb fitojn\u00eb p\u00ebrshtypje se ato nuk jan\u00eb pjes\u00ebmarr\u00ebs n\u00eb k\u00ebt\u00eb papun\u00ebsi dhe mosrespektim t\u00eb ligjeve,por at\u00eb e b\u00ebjn\u00eb partner\u00ebt e koalicionit t\u00eb tyre.<a href=\"http:\/\/www.visit-ulcinj.com\/blog\/wp-content\/uploads\/2008\/10\/kuvendi-i-ulqinit.jpg\"><img loading=\"lazy\" class=\"alignright size-medium wp-image-4280\" title=\"kuvendi-i-ulqinit\" src=\"http:\/\/www.visit-ulcinj.com\/blog\/wp-content\/uploads\/2008\/10\/kuvendi-i-ulqinit-300x196.jpg\" alt=\"\" width=\"300\" height=\"196\" srcset=\"https:\/\/www.visit-ulcinj.com\/blog\/wp-content\/uploads\/2008\/10\/kuvendi-i-ulqinit-300x196.jpg 300w, https:\/\/www.visit-ulcinj.com\/blog\/wp-content\/uploads\/2008\/10\/kuvendi-i-ulqinit.jpg 415w\" sizes=\"(max-width: 300px) 100vw, 300px\" \/><\/a><br \/>\nPrej sjelljeve t\u00eb k\u00ebtilla hupim t\u00eb gjith\u00eb por m\u00eb s\u00eb shumti qytetar\u00ebt.<br \/>\nPushteti lokal i Ulqinit vazhdon me mashtrime qytetar\u00ebve me t\u00eb gjitha ato premtime q\u00eb i kan\u00eb dhan\u00eb.<br \/>\nDo t\u00eb ishte mir\u00eb q\u00eb qytetar\u00ebve t\u00eb ia kthejn\u00eb mandatin dhe t\u00eb ia mund\u00ebsojn\u00eb edhe Ulqinit t\u00eb inkuadrohet n\u00eb proceset e zhvillimit.<br \/>\nManipulimeve dal ngadal\u00eb po i vjen fundi dhe \u00e7do gj\u00eb do t\u00eb b\u00ebhet e qart\u00eb se kur nuk aprovohen raportet e nd\u00ebrmarrjeve publike at\u00ebher\u00eb pasojn\u00eb masat ligjore.<\/p>\n<p>Klubi i k\u00ebshilltar\u00ebve : Forca e ReDemokratike  &#8211; Genc Nimanbegu<br \/>\nKlubi i k\u00ebshilltar\u00ebve : Lidhjademokratike e Malit t\u00eb Zi \u2013 Kadri Sinani<br \/>\nKlubi i k\u00ebshilltar\u00ebve : BashkimiDemokratik i Shqiptar\u00ebve n\u00eb Mal t\u00eb Zi \u2013 Ali Doda<br \/>\n<strong>Sh\u00ebrbimi informativ i Forc\u00ebs<\/strong><\/p>\n<p><strong>Ktu asht dhe publikimi i Ftes\u00ebs s\u00eb kryetarit t\u00eb kuvendit t\u00eb Ulqinit z.Muhamet Nika<\/strong>.<\/p>\n<p><a href=\"http:\/\/www.visit-ulcinj.com\/blog\/wp-content\/uploads\/2008\/10\/ftesa-e-kryetarit-te-kuvendit-te-ulqinit1.jpg\"><img loading=\"lazy\" class=\"alignnone size-full wp-image-4282\" title=\"ftesa-e-kryetarit-te-kuvendit-te-ulqinit1\" src=\"http:\/\/www.visit-ulcinj.com\/blog\/wp-content\/uploads\/2008\/10\/ftesa-e-kryetarit-te-kuvendit-te-ulqinit1.jpg\" alt=\"\" width=\"500\" height=\"372\" srcset=\"https:\/\/www.visit-ulcinj.com\/blog\/wp-content\/uploads\/2008\/10\/ftesa-e-kryetarit-te-kuvendit-te-ulqinit1.jpg 614w, https:\/\/www.visit-ulcinj.com\/blog\/wp-content\/uploads\/2008\/10\/ftesa-e-kryetarit-te-kuvendit-te-ulqinit1-300x223.jpg 300w\" sizes=\"(max-width: 500px) 100vw, 500px\" \/><\/a><\/p>\n","protected":false},"excerpt":{"rendered":"<p>Kumtes\u00eb p\u00ebr Opinjon Mbledhja e fundit t\u00eb Kuvendit Komunal i Ulqinit \u00ebsht\u00eb thirr\u00eb n\u00eb m\u00ebnyr\u00eb joligjore,e mbajtur n\u00eb m\u00ebnyr\u00eb joligjore dhe n\u00eb fund nuk \u00ebsht\u00eb vendos asgj\u00eb. Deri kur organet Republikane do t\u00eb tolerojn\u00eb k\u00ebt\u00eb sjellje t\u00eb organeve komunale dhe t\u00eb Kuvendit t\u00eb komun\u00ebs s\u00eb Ulqinit. Kryetarii Kuvendit t\u00eb Ulqinit,kund\u00ebr Kushtetut\u00ebs s\u00eb Malit t\u00eb Zi [&hellip;]<\/p>\n","protected":false},"author":1,"featured_media":0,"comment_status":"open","ping_status":"closed","sticky":false,"template":"","format":"standard","meta":{"spay_email":"","jetpack_publicize_message":"","jetpack_is_tweetstorm":false,"jetpack_publicize_feature_enabled":true},"categories":[1,12],"tags":[4662,4663,4664],"jetpack_publicize_connections":[],"yoast_head":"<!-- This site is optimized with the Yoast SEO plugin v19.1 - https:\/\/yoast.com\/wordpress\/plugins\/seo\/ -->\n<title>Kumtes\u00eb e p\u00ebrbashk\u00ebt e Klubeve FORCA, LD n\u00eb MZ dhe BDSH n\u00eb MZ - Lajme nga Ulqini<\/title>\n<meta name=\"description\" content=\"Kumtes\u00eb p\u00ebr Opinjon Mbledhja e fundit t\u00eb Kuvendit Komunal i Ulqinit \u00ebsht\u00eb thirr\u00eb n\u00eb m\u00ebnyr\u00eb joligjore,e mbajtur n\u00eb m\u00ebnyr\u00eb joligjore dhe n\u00eb fund nuk \u00ebsht\u00eb\" \/>\n<meta name=\"robots\" content=\"index, follow, max-snippet:-1, max-image-preview:large, max-video-preview:-1\" \/>\n<link rel=\"canonical\" href=\"https:\/\/www.visit-ulcinj.com\/blog\/2008\/10\/16\/kumtese-e-perbashket-e-klubeve-forca-ldnemz-dhe-bdshnemz\/\" \/>\n<meta property=\"og:locale\" content=\"en_US\" \/>\n<meta property=\"og:type\" content=\"article\" \/>\n<meta property=\"og:title\" content=\"Kumtes\u00eb e p\u00ebrbashk\u00ebt e Klubeve FORCA, LD n\u00eb MZ dhe BDSH n\u00eb MZ - Lajme nga Ulqini\" \/>\n<meta property=\"og:description\" content=\"Kumtes\u00eb p\u00ebr Opinjon Mbledhja e fundit t\u00eb Kuvendit Komunal i Ulqinit \u00ebsht\u00eb thirr\u00eb n\u00eb m\u00ebnyr\u00eb joligjore,e mbajtur n\u00eb m\u00ebnyr\u00eb joligjore dhe n\u00eb fund nuk \u00ebsht\u00eb\" \/>\n<meta property=\"og:url\" content=\"https:\/\/www.visit-ulcinj.com\/blog\/2008\/10\/16\/kumtese-e-perbashket-e-klubeve-forca-ldnemz-dhe-bdshnemz\/\" \/>\n<meta property=\"og:site_name\" content=\"Lajme nga Ulqini\" \/>\n<meta property=\"article:published_time\" content=\"2008-10-16T15:48:43+00:00\" \/>\n<meta property=\"article:modified_time\" content=\"2008-10-17T18:17:05+00:00\" \/>\n<meta property=\"og:image\" content=\"http:\/\/www.visit-ulcinj.com\/blog\/wp-content\/uploads\/2008\/10\/koalicioni-ne-ulqin-2.jpg\" \/>\n<meta name=\"twitter:label1\" content=\"Written by\" \/>\n\t<meta name=\"twitter:data1\" content=\"ulqini\" \/>\n\t<meta name=\"twitter:label2\" content=\"Est. reading time\" \/>\n\t<meta name=\"twitter:data2\" content=\"3 minutes\" \/>\n<script type=\"application\/ld+json\" class=\"yoast-schema-graph\">{\"@context\":\"https:\/\/schema.org\",\"@graph\":[{\"@type\":\"WebSite\",\"@id\":\"https:\/\/www.visit-ulcinj.com\/blog\/#website\",\"url\":\"https:\/\/www.visit-ulcinj.com\/blog\/\",\"name\":\"Lajme nga Ulqini\",\"description\":\"Lajme,Vijesti,Ulqini,Ulqin,Crna Gora,Mali i Zi\",\"potentialAction\":[{\"@type\":\"SearchAction\",\"target\":{\"@type\":\"EntryPoint\",\"urlTemplate\":\"https:\/\/www.visit-ulcinj.com\/blog\/?s={search_term_string}\"},\"query-input\":\"required name=search_term_string\"}],\"inLanguage\":\"en-US\"},{\"@type\":\"ImageObject\",\"inLanguage\":\"en-US\",\"@id\":\"https:\/\/www.visit-ulcinj.com\/blog\/2008\/10\/16\/kumtese-e-perbashket-e-klubeve-forca-ldnemz-dhe-bdshnemz\/#primaryimage\",\"url\":\"http:\/\/www.visit-ulcinj.com\/blog\/wp-content\/uploads\/2008\/10\/koalicioni-ne-ulqin-2.jpg\",\"contentUrl\":\"http:\/\/www.visit-ulcinj.com\/blog\/wp-content\/uploads\/2008\/10\/koalicioni-ne-ulqin-2.jpg\"},{\"@type\":\"WebPage\",\"@id\":\"https:\/\/www.visit-ulcinj.com\/blog\/2008\/10\/16\/kumtese-e-perbashket-e-klubeve-forca-ldnemz-dhe-bdshnemz\/#webpage\",\"url\":\"https:\/\/www.visit-ulcinj.com\/blog\/2008\/10\/16\/kumtese-e-perbashket-e-klubeve-forca-ldnemz-dhe-bdshnemz\/\",\"name\":\"Kumtes\u00eb e p\u00ebrbashk\u00ebt e Klubeve FORCA, LD n\u00eb MZ dhe BDSH n\u00eb MZ - Lajme nga Ulqini\",\"isPartOf\":{\"@id\":\"https:\/\/www.visit-ulcinj.com\/blog\/#website\"},\"primaryImageOfPage\":{\"@id\":\"https:\/\/www.visit-ulcinj.com\/blog\/2008\/10\/16\/kumtese-e-perbashket-e-klubeve-forca-ldnemz-dhe-bdshnemz\/#primaryimage\"},\"datePublished\":\"2008-10-16T15:48:43+00:00\",\"dateModified\":\"2008-10-17T18:17:05+00:00\",\"author\":{\"@id\":\"https:\/\/www.visit-ulcinj.com\/blog\/#\/schema\/person\/dcab619c614d3038751c63bc2aadc06d\"},\"description\":\"Kumtes\u00eb p\u00ebr Opinjon Mbledhja e fundit t\u00eb Kuvendit Komunal i Ulqinit \u00ebsht\u00eb thirr\u00eb n\u00eb m\u00ebnyr\u00eb joligjore,e mbajtur n\u00eb m\u00ebnyr\u00eb joligjore dhe n\u00eb fund nuk \u00ebsht\u00eb\",\"breadcrumb\":{\"@id\":\"https:\/\/www.visit-ulcinj.com\/blog\/2008\/10\/16\/kumtese-e-perbashket-e-klubeve-forca-ldnemz-dhe-bdshnemz\/#breadcrumb\"},\"inLanguage\":\"en-US\",\"potentialAction\":[{\"@type\":\"ReadAction\",\"target\":[\"https:\/\/www.visit-ulcinj.com\/blog\/2008\/10\/16\/kumtese-e-perbashket-e-klubeve-forca-ldnemz-dhe-bdshnemz\/\"]}]},{\"@type\":\"BreadcrumbList\",\"@id\":\"https:\/\/www.visit-ulcinj.com\/blog\/2008\/10\/16\/kumtese-e-perbashket-e-klubeve-forca-ldnemz-dhe-bdshnemz\/#breadcrumb\",\"itemListElement\":[{\"@type\":\"ListItem\",\"position\":1,\"name\":\"Kumtes\u00eb e p\u00ebrbashk\u00ebt e Klubeve FORCA, LD n\u00eb MZ dhe BDSH n\u00eb MZ\"}]},{\"@type\":\"Person\",\"@id\":\"https:\/\/www.visit-ulcinj.com\/blog\/#\/schema\/person\/dcab619c614d3038751c63bc2aadc06d\",\"name\":\"ulqini\",\"sameAs\":[\"http:\/\/www.visit-ulcinj.com\"],\"url\":\"https:\/\/www.visit-ulcinj.com\/blog\/author\/admin\/\"}]}<\/script>\n<!-- \/ Yoast SEO plugin. -->","yoast_head_json":{"title":"Kumtes\u00eb e p\u00ebrbashk\u00ebt e Klubeve FORCA, LD n\u00eb MZ dhe BDSH n\u00eb MZ - Lajme nga Ulqini","description":"Kumtes\u00eb p\u00ebr Opinjon Mbledhja e fundit t\u00eb Kuvendit Komunal i Ulqinit \u00ebsht\u00eb thirr\u00eb n\u00eb m\u00ebnyr\u00eb joligjore,e mbajtur n\u00eb m\u00ebnyr\u00eb joligjore dhe n\u00eb fund nuk \u00ebsht\u00eb","robots":{"index":"index","follow":"follow","max-snippet":"max-snippet:-1","max-image-preview":"max-image-preview:large","max-video-preview":"max-video-preview:-1"},"canonical":"https:\/\/www.visit-ulcinj.com\/blog\/2008\/10\/16\/kumtese-e-perbashket-e-klubeve-forca-ldnemz-dhe-bdshnemz\/","og_locale":"en_US","og_type":"article","og_title":"Kumtes\u00eb e p\u00ebrbashk\u00ebt e Klubeve FORCA, LD n\u00eb MZ dhe BDSH n\u00eb MZ - Lajme nga Ulqini","og_description":"Kumtes\u00eb p\u00ebr Opinjon Mbledhja e fundit t\u00eb Kuvendit Komunal i Ulqinit \u00ebsht\u00eb thirr\u00eb n\u00eb m\u00ebnyr\u00eb joligjore,e mbajtur n\u00eb m\u00ebnyr\u00eb joligjore dhe n\u00eb fund nuk \u00ebsht\u00eb","og_url":"https:\/\/www.visit-ulcinj.com\/blog\/2008\/10\/16\/kumtese-e-perbashket-e-klubeve-forca-ldnemz-dhe-bdshnemz\/","og_site_name":"Lajme nga Ulqini","article_published_time":"2008-10-16T15:48:43+00:00","article_modified_time":"2008-10-17T18:17:05+00:00","og_image":[{"url":"http:\/\/www.visit-ulcinj.com\/blog\/wp-content\/uploads\/2008\/10\/koalicioni-ne-ulqin-2.jpg"}],"twitter_misc":{"Written by":"ulqini","Est. reading time":"3 minutes"},"schema":{"@context":"https:\/\/schema.org","@graph":[{"@type":"WebSite","@id":"https:\/\/www.visit-ulcinj.com\/blog\/#website","url":"https:\/\/www.visit-ulcinj.com\/blog\/","name":"Lajme nga Ulqini","description":"Lajme,Vijesti,Ulqini,Ulqin,Crna Gora,Mali i Zi","potentialAction":[{"@type":"SearchAction","target":{"@type":"EntryPoint","urlTemplate":"https:\/\/www.visit-ulcinj.com\/blog\/?s={search_term_string}"},"query-input":"required name=search_term_string"}],"inLanguage":"en-US"},{"@type":"ImageObject","inLanguage":"en-US","@id":"https:\/\/www.visit-ulcinj.com\/blog\/2008\/10\/16\/kumtese-e-perbashket-e-klubeve-forca-ldnemz-dhe-bdshnemz\/#primaryimage","url":"http:\/\/www.visit-ulcinj.com\/blog\/wp-content\/uploads\/2008\/10\/koalicioni-ne-ulqin-2.jpg","contentUrl":"http:\/\/www.visit-ulcinj.com\/blog\/wp-content\/uploads\/2008\/10\/koalicioni-ne-ulqin-2.jpg"},{"@type":"WebPage","@id":"https:\/\/www.visit-ulcinj.com\/blog\/2008\/10\/16\/kumtese-e-perbashket-e-klubeve-forca-ldnemz-dhe-bdshnemz\/#webpage","url":"https:\/\/www.visit-ulcinj.com\/blog\/2008\/10\/16\/kumtese-e-perbashket-e-klubeve-forca-ldnemz-dhe-bdshnemz\/","name":"Kumtes\u00eb e p\u00ebrbashk\u00ebt e Klubeve FORCA, LD n\u00eb MZ dhe BDSH n\u00eb MZ - Lajme nga Ulqini","isPartOf":{"@id":"https:\/\/www.visit-ulcinj.com\/blog\/#website"},"primaryImageOfPage":{"@id":"https:\/\/www.visit-ulcinj.com\/blog\/2008\/10\/16\/kumtese-e-perbashket-e-klubeve-forca-ldnemz-dhe-bdshnemz\/#primaryimage"},"datePublished":"2008-10-16T15:48:43+00:00","dateModified":"2008-10-17T18:17:05+00:00","author":{"@id":"https:\/\/www.visit-ulcinj.com\/blog\/#\/schema\/person\/dcab619c614d3038751c63bc2aadc06d"},"description":"Kumtes\u00eb p\u00ebr Opinjon Mbledhja e fundit t\u00eb Kuvendit Komunal i Ulqinit \u00ebsht\u00eb thirr\u00eb n\u00eb m\u00ebnyr\u00eb joligjore,e mbajtur n\u00eb m\u00ebnyr\u00eb joligjore dhe n\u00eb fund nuk \u00ebsht\u00eb","breadcrumb":{"@id":"https:\/\/www.visit-ulcinj.com\/blog\/2008\/10\/16\/kumtese-e-perbashket-e-klubeve-forca-ldnemz-dhe-bdshnemz\/#breadcrumb"},"inLanguage":"en-US","potentialAction":[{"@type":"ReadAction","target":["https:\/\/www.visit-ulcinj.com\/blog\/2008\/10\/16\/kumtese-e-perbashket-e-klubeve-forca-ldnemz-dhe-bdshnemz\/"]}]},{"@type":"BreadcrumbList","@id":"https:\/\/www.visit-ulcinj.com\/blog\/2008\/10\/16\/kumtese-e-perbashket-e-klubeve-forca-ldnemz-dhe-bdshnemz\/#breadcrumb","itemListElement":[{"@type":"ListItem","position":1,"name":"Kumtes\u00eb e p\u00ebrbashk\u00ebt e Klubeve FORCA, LD n\u00eb MZ dhe BDSH n\u00eb MZ"}]},{"@type":"Person","@id":"https:\/\/www.visit-ulcinj.com\/blog\/#\/schema\/person\/dcab619c614d3038751c63bc2aadc06d","name":"ulqini","sameAs":["http:\/\/www.visit-ulcinj.com"],"url":"https:\/\/www.visit-ulcinj.com\/blog\/author\/admin\/"}]}},"jetpack_featured_media_url":"","jetpack_sharing_enabled":true,"jetpack_shortlink":"https:\/\/wp.me\/pe6lTn-170","_links":{"self":[{"href":"https:\/\/www.visit-ulcinj.com\/blog\/wp-json\/wp\/v2\/posts\/4278"}],"collection":[{"href":"https:\/\/www.visit-ulcinj.com\/blog\/wp-json\/wp\/v2\/posts"}],"about":[{"href":"https:\/\/www.visit-ulcinj.com\/blog\/wp-json\/wp\/v2\/types\/post"}],"author":[{"embeddable":true,"href":"https:\/\/www.visit-ulcinj.com\/blog\/wp-json\/wp\/v2\/users\/1"}],"replies":[{"embeddable":true,"href":"https:\/\/www.visit-ulcinj.com\/blog\/wp-json\/wp\/v2\/comments?post=4278"}],"version-history":[{"count":0,"href":"https:\/\/www.visit-ulcinj.com\/blog\/wp-json\/wp\/v2\/posts\/4278\/revisions"}],"wp:attachment":[{"href":"https:\/\/www.visit-ulcinj.com\/blog\/wp-json\/wp\/v2\/media?parent=4278"}],"wp:term":[{"taxonomy":"category","embeddable":true,"href":"https:\/\/www.visit-ulcinj.com\/blog\/wp-json\/wp\/v2\/categories?post=4278"},{"taxonomy":"post_tag","embeddable":true,"href":"https:\/\/www.visit-ulcinj.com\/blog\/wp-json\/wp\/v2\/tags?post=4278"}],"curies":[{"name":"wp","href":"https:\/\/api.w.org\/{rel}","templated":true}]}}