{"id":42788,"date":"2011-01-26T09:24:33","date_gmt":"2011-01-26T08:24:33","guid":{"rendered":"http:\/\/www.visit-ulcinj.com\/blog\/?p=42788"},"modified":"2011-01-26T09:30:21","modified_gmt":"2011-01-26T08:30:21","slug":"leonora-jakupi-u-blen-shtepi-te-re-gjysherve","status":"publish","type":"post","link":"https:\/\/www.visit-ulcinj.com\/blog\/2011\/01\/26\/leonora-jakupi-u-blen-shtepi-te-re-gjysherve\/","title":{"rendered":"Leonora Jakupi u blen sht\u00ebpi t\u00eb re gjysh\u00ebrve"},"content":{"rendered":"<p><a href=\"http:\/\/www.visit-ulcinj.com\/blog\/wp-content\/uploads\/2011\/01\/Leonora-Jakupi.jpg\"><img loading=\"lazy\" class=\"alignleft size-full wp-image-42793\" title=\"Leonora Jakupi\" src=\"http:\/\/www.visit-ulcinj.com\/blog\/wp-content\/uploads\/2011\/01\/Leonora-Jakupi.jpg\" alt=\"\" width=\"490\" height=\"588\" \/><\/a>Gjysh\u00ebrit e Leonor\u00ebs deri m\u00eb tani kan\u00eb jetuar n\u00eb nj\u00eb sht\u00ebpi private, por k\u00ebng\u00ebtarja ka vendosur q\u00eb pleq\u00ebrin\u00eb t\u2019ua b\u00ebj m\u00eb t\u00eb leht\u00eb, duke u bler\u00eb nj\u00eb banes\u00eb t\u00eb re. Sht\u00ebpia ku deri tani kan\u00eb jetuar gjysh\u00ebrit, do t\u00eb sh\u00ebrbej\u00eb p\u00ebr Leonor\u00ebn si mund\u00ebsi q\u00eb ajo aty t\u00eb nd\u00ebrtoj\u00eb nj\u00eb vil\u00eb.<br \/>\nK\u00ebng\u00ebtarja Leonora Jakupi shpesh n\u00ebp\u00ebr intervista ka treguar dashurin\u00eb q\u00eb ndjen p\u00ebr gjysh\u00ebrit e saj q\u00eb jetojn\u00eb n\u00eb Sk\u00ebnderaj.<\/p>\n<p>Gjysh\u00ebrit e Leonor\u00ebs deri m\u00eb tani kan\u00eb jetuar n\u00eb nj\u00eb sht\u00ebpi private, por k\u00ebng\u00ebtarja ka vendosur q\u00eb pleq\u00ebrin\u00eb t\u2019ua b\u00ebj m\u00eb t\u00eb leht\u00eb, duke u bler\u00eb nj\u00eb banes\u00eb t\u00eb re. Sht\u00ebpia ku deri tani kan\u00eb jetuar gjysh\u00ebrit, do t\u00eb sh\u00ebrbej\u00eb p\u00ebr Leonor\u00ebn si mund\u00ebsi q\u00eb ajo aty t\u00eb nd\u00ebrtoj\u00eb nj\u00eb vil\u00eb.<\/p>\n<p>K\u00ebng\u00ebtarja, gjithmon\u00eb ka folur me admirim p\u00ebr vendin e saj t\u00eb lindjes, k\u00ebshtu q\u00eb investimi n\u00eb Sk\u00ebnderaj duket m\u00ebse i arsyesh\u00ebm. K\u00ebt\u00eb lajm e ka konfirmuar edhe vet\u00eb k\u00ebng\u00ebtarja n\u00eb mediat kosovare.<\/p>\n<p><strong>Bluetooth<br \/>\n<!--YouTube Error: bad URL entered--><\/strong><\/p>\n","protected":false},"excerpt":{"rendered":"<p>Gjysh\u00ebrit e Leonor\u00ebs deri m\u00eb tani kan\u00eb jetuar n\u00eb nj\u00eb sht\u00ebpi private, por k\u00ebng\u00ebtarja ka vendosur q\u00eb pleq\u00ebrin\u00eb t\u2019ua b\u00ebj m\u00eb t\u00eb leht\u00eb, duke u bler\u00eb nj\u00eb banes\u00eb t\u00eb re. Sht\u00ebpia ku deri tani kan\u00eb jetuar gjysh\u00ebrit, do t\u00eb sh\u00ebrbej\u00eb p\u00ebr Leonor\u00ebn si mund\u00ebsi q\u00eb ajo aty t\u00eb nd\u00ebrtoj\u00eb nj\u00eb vil\u00eb. K\u00ebng\u00ebtarja Leonora Jakupi shpesh [&hellip;]<\/p>\n","protected":false},"author":1,"featured_media":0,"comment_status":"open","ping_status":"closed","sticky":false,"template":"","format":"standard","meta":{"spay_email":"","jetpack_publicize_message":"","jetpack_is_tweetstorm":false,"jetpack_publicize_feature_enabled":true},"categories":[1],"tags":[5051],"jetpack_publicize_connections":[],"yoast_head":"<!-- This site is optimized with the Yoast SEO plugin v19.1 - https:\/\/yoast.com\/wordpress\/plugins\/seo\/ -->\n<title>Leonora Jakupi u blen sht\u00ebpi t\u00eb re gjysh\u00ebrve - Lajme nga Ulqini<\/title>\n<meta name=\"description\" content=\"Gjysh\u00ebrit e Leonor\u00ebs deri m\u00eb tani kan\u00eb jetuar n\u00eb nj\u00eb sht\u00ebpi private, por k\u00ebng\u00ebtarja ka vendosur q\u00eb pleq\u00ebrin\u00eb t\u2019ua b\u00ebj m\u00eb t\u00eb leht\u00eb, duke u bler\u00eb nj\u00eb banes\u00eb\" \/>\n<meta name=\"robots\" content=\"index, follow, max-snippet:-1, max-image-preview:large, max-video-preview:-1\" \/>\n<link rel=\"canonical\" href=\"https:\/\/www.visit-ulcinj.com\/blog\/2011\/01\/26\/leonora-jakupi-u-blen-shtepi-te-re-gjysherve\/\" \/>\n<meta property=\"og:locale\" content=\"en_US\" \/>\n<meta property=\"og:type\" content=\"article\" \/>\n<meta property=\"og:title\" content=\"Leonora Jakupi u blen sht\u00ebpi t\u00eb re gjysh\u00ebrve - Lajme nga Ulqini\" \/>\n<meta property=\"og:description\" content=\"Gjysh\u00ebrit e Leonor\u00ebs deri m\u00eb tani kan\u00eb jetuar n\u00eb nj\u00eb sht\u00ebpi private, por k\u00ebng\u00ebtarja ka vendosur q\u00eb pleq\u00ebrin\u00eb t\u2019ua b\u00ebj m\u00eb t\u00eb leht\u00eb, duke u bler\u00eb nj\u00eb banes\u00eb\" \/>\n<meta property=\"og:url\" content=\"https:\/\/www.visit-ulcinj.com\/blog\/2011\/01\/26\/leonora-jakupi-u-blen-shtepi-te-re-gjysherve\/\" \/>\n<meta property=\"og:site_name\" content=\"Lajme nga Ulqini\" \/>\n<meta property=\"article:published_time\" content=\"2011-01-26T08:24:33+00:00\" \/>\n<meta property=\"article:modified_time\" content=\"2011-01-26T08:30:21+00:00\" \/>\n<meta property=\"og:image\" content=\"http:\/\/www.visit-ulcinj.com\/blog\/wp-content\/uploads\/2011\/01\/Leonora-Jakupi.jpg\" \/>\n<meta name=\"twitter:label1\" content=\"Written by\" \/>\n\t<meta name=\"twitter:data1\" content=\"ulqini\" \/>\n\t<meta name=\"twitter:label2\" content=\"Est. reading time\" \/>\n\t<meta name=\"twitter:data2\" content=\"1 minute\" \/>\n<script type=\"application\/ld+json\" class=\"yoast-schema-graph\">{\"@context\":\"https:\/\/schema.org\",\"@graph\":[{\"@type\":\"WebSite\",\"@id\":\"https:\/\/www.visit-ulcinj.com\/blog\/#website\",\"url\":\"https:\/\/www.visit-ulcinj.com\/blog\/\",\"name\":\"Lajme nga Ulqini\",\"description\":\"Lajme,Vijesti,Ulqini,Ulqin,Crna Gora,Mali i Zi\",\"potentialAction\":[{\"@type\":\"SearchAction\",\"target\":{\"@type\":\"EntryPoint\",\"urlTemplate\":\"https:\/\/www.visit-ulcinj.com\/blog\/?s={search_term_string}\"},\"query-input\":\"required name=search_term_string\"}],\"inLanguage\":\"en-US\"},{\"@type\":\"ImageObject\",\"inLanguage\":\"en-US\",\"@id\":\"https:\/\/www.visit-ulcinj.com\/blog\/2011\/01\/26\/leonora-jakupi-u-blen-shtepi-te-re-gjysherve\/#primaryimage\",\"url\":\"http:\/\/www.visit-ulcinj.com\/blog\/wp-content\/uploads\/2011\/01\/Leonora-Jakupi.jpg\",\"contentUrl\":\"http:\/\/www.visit-ulcinj.com\/blog\/wp-content\/uploads\/2011\/01\/Leonora-Jakupi.jpg\"},{\"@type\":\"WebPage\",\"@id\":\"https:\/\/www.visit-ulcinj.com\/blog\/2011\/01\/26\/leonora-jakupi-u-blen-shtepi-te-re-gjysherve\/#webpage\",\"url\":\"https:\/\/www.visit-ulcinj.com\/blog\/2011\/01\/26\/leonora-jakupi-u-blen-shtepi-te-re-gjysherve\/\",\"name\":\"Leonora Jakupi u blen sht\u00ebpi t\u00eb re gjysh\u00ebrve - Lajme nga Ulqini\",\"isPartOf\":{\"@id\":\"https:\/\/www.visit-ulcinj.com\/blog\/#website\"},\"primaryImageOfPage\":{\"@id\":\"https:\/\/www.visit-ulcinj.com\/blog\/2011\/01\/26\/leonora-jakupi-u-blen-shtepi-te-re-gjysherve\/#primaryimage\"},\"datePublished\":\"2011-01-26T08:24:33+00:00\",\"dateModified\":\"2011-01-26T08:30:21+00:00\",\"author\":{\"@id\":\"https:\/\/www.visit-ulcinj.com\/blog\/#\/schema\/person\/dcab619c614d3038751c63bc2aadc06d\"},\"description\":\"Gjysh\u00ebrit e Leonor\u00ebs deri m\u00eb tani kan\u00eb jetuar n\u00eb nj\u00eb sht\u00ebpi private, por k\u00ebng\u00ebtarja ka vendosur q\u00eb pleq\u00ebrin\u00eb t\u2019ua b\u00ebj m\u00eb t\u00eb leht\u00eb, duke u bler\u00eb nj\u00eb banes\u00eb\",\"breadcrumb\":{\"@id\":\"https:\/\/www.visit-ulcinj.com\/blog\/2011\/01\/26\/leonora-jakupi-u-blen-shtepi-te-re-gjysherve\/#breadcrumb\"},\"inLanguage\":\"en-US\",\"potentialAction\":[{\"@type\":\"ReadAction\",\"target\":[\"https:\/\/www.visit-ulcinj.com\/blog\/2011\/01\/26\/leonora-jakupi-u-blen-shtepi-te-re-gjysherve\/\"]}]},{\"@type\":\"BreadcrumbList\",\"@id\":\"https:\/\/www.visit-ulcinj.com\/blog\/2011\/01\/26\/leonora-jakupi-u-blen-shtepi-te-re-gjysherve\/#breadcrumb\",\"itemListElement\":[{\"@type\":\"ListItem\",\"position\":1,\"name\":\"Leonora Jakupi u blen sht\u00ebpi t\u00eb re gjysh\u00ebrve\"}]},{\"@type\":\"Person\",\"@id\":\"https:\/\/www.visit-ulcinj.com\/blog\/#\/schema\/person\/dcab619c614d3038751c63bc2aadc06d\",\"name\":\"ulqini\",\"sameAs\":[\"http:\/\/www.visit-ulcinj.com\"],\"url\":\"https:\/\/www.visit-ulcinj.com\/blog\/author\/admin\/\"}]}<\/script>\n<!-- \/ Yoast SEO plugin. -->","yoast_head_json":{"title":"Leonora Jakupi u blen sht\u00ebpi t\u00eb re gjysh\u00ebrve - Lajme nga Ulqini","description":"Gjysh\u00ebrit e Leonor\u00ebs deri m\u00eb tani kan\u00eb jetuar n\u00eb nj\u00eb sht\u00ebpi private, por k\u00ebng\u00ebtarja ka vendosur q\u00eb pleq\u00ebrin\u00eb t\u2019ua b\u00ebj m\u00eb t\u00eb leht\u00eb, duke u bler\u00eb nj\u00eb banes\u00eb","robots":{"index":"index","follow":"follow","max-snippet":"max-snippet:-1","max-image-preview":"max-image-preview:large","max-video-preview":"max-video-preview:-1"},"canonical":"https:\/\/www.visit-ulcinj.com\/blog\/2011\/01\/26\/leonora-jakupi-u-blen-shtepi-te-re-gjysherve\/","og_locale":"en_US","og_type":"article","og_title":"Leonora Jakupi u blen sht\u00ebpi t\u00eb re gjysh\u00ebrve - Lajme nga Ulqini","og_description":"Gjysh\u00ebrit e Leonor\u00ebs deri m\u00eb tani kan\u00eb jetuar n\u00eb nj\u00eb sht\u00ebpi private, por k\u00ebng\u00ebtarja ka vendosur q\u00eb pleq\u00ebrin\u00eb t\u2019ua b\u00ebj m\u00eb t\u00eb leht\u00eb, duke u bler\u00eb nj\u00eb banes\u00eb","og_url":"https:\/\/www.visit-ulcinj.com\/blog\/2011\/01\/26\/leonora-jakupi-u-blen-shtepi-te-re-gjysherve\/","og_site_name":"Lajme nga Ulqini","article_published_time":"2011-01-26T08:24:33+00:00","article_modified_time":"2011-01-26T08:30:21+00:00","og_image":[{"url":"http:\/\/www.visit-ulcinj.com\/blog\/wp-content\/uploads\/2011\/01\/Leonora-Jakupi.jpg"}],"twitter_misc":{"Written by":"ulqini","Est. reading time":"1 minute"},"schema":{"@context":"https:\/\/schema.org","@graph":[{"@type":"WebSite","@id":"https:\/\/www.visit-ulcinj.com\/blog\/#website","url":"https:\/\/www.visit-ulcinj.com\/blog\/","name":"Lajme nga Ulqini","description":"Lajme,Vijesti,Ulqini,Ulqin,Crna Gora,Mali i Zi","potentialAction":[{"@type":"SearchAction","target":{"@type":"EntryPoint","urlTemplate":"https:\/\/www.visit-ulcinj.com\/blog\/?s={search_term_string}"},"query-input":"required name=search_term_string"}],"inLanguage":"en-US"},{"@type":"ImageObject","inLanguage":"en-US","@id":"https:\/\/www.visit-ulcinj.com\/blog\/2011\/01\/26\/leonora-jakupi-u-blen-shtepi-te-re-gjysherve\/#primaryimage","url":"http:\/\/www.visit-ulcinj.com\/blog\/wp-content\/uploads\/2011\/01\/Leonora-Jakupi.jpg","contentUrl":"http:\/\/www.visit-ulcinj.com\/blog\/wp-content\/uploads\/2011\/01\/Leonora-Jakupi.jpg"},{"@type":"WebPage","@id":"https:\/\/www.visit-ulcinj.com\/blog\/2011\/01\/26\/leonora-jakupi-u-blen-shtepi-te-re-gjysherve\/#webpage","url":"https:\/\/www.visit-ulcinj.com\/blog\/2011\/01\/26\/leonora-jakupi-u-blen-shtepi-te-re-gjysherve\/","name":"Leonora Jakupi u blen sht\u00ebpi t\u00eb re gjysh\u00ebrve - Lajme nga Ulqini","isPartOf":{"@id":"https:\/\/www.visit-ulcinj.com\/blog\/#website"},"primaryImageOfPage":{"@id":"https:\/\/www.visit-ulcinj.com\/blog\/2011\/01\/26\/leonora-jakupi-u-blen-shtepi-te-re-gjysherve\/#primaryimage"},"datePublished":"2011-01-26T08:24:33+00:00","dateModified":"2011-01-26T08:30:21+00:00","author":{"@id":"https:\/\/www.visit-ulcinj.com\/blog\/#\/schema\/person\/dcab619c614d3038751c63bc2aadc06d"},"description":"Gjysh\u00ebrit e Leonor\u00ebs deri m\u00eb tani kan\u00eb jetuar n\u00eb nj\u00eb sht\u00ebpi private, por k\u00ebng\u00ebtarja ka vendosur q\u00eb pleq\u00ebrin\u00eb t\u2019ua b\u00ebj m\u00eb t\u00eb leht\u00eb, duke u bler\u00eb nj\u00eb banes\u00eb","breadcrumb":{"@id":"https:\/\/www.visit-ulcinj.com\/blog\/2011\/01\/26\/leonora-jakupi-u-blen-shtepi-te-re-gjysherve\/#breadcrumb"},"inLanguage":"en-US","potentialAction":[{"@type":"ReadAction","target":["https:\/\/www.visit-ulcinj.com\/blog\/2011\/01\/26\/leonora-jakupi-u-blen-shtepi-te-re-gjysherve\/"]}]},{"@type":"BreadcrumbList","@id":"https:\/\/www.visit-ulcinj.com\/blog\/2011\/01\/26\/leonora-jakupi-u-blen-shtepi-te-re-gjysherve\/#breadcrumb","itemListElement":[{"@type":"ListItem","position":1,"name":"Leonora Jakupi u blen sht\u00ebpi t\u00eb re gjysh\u00ebrve"}]},{"@type":"Person","@id":"https:\/\/www.visit-ulcinj.com\/blog\/#\/schema\/person\/dcab619c614d3038751c63bc2aadc06d","name":"ulqini","sameAs":["http:\/\/www.visit-ulcinj.com"],"url":"https:\/\/www.visit-ulcinj.com\/blog\/author\/admin\/"}]}},"jetpack_featured_media_url":"","jetpack_sharing_enabled":true,"jetpack_shortlink":"https:\/\/wp.me\/pe6lTn-b88","_links":{"self":[{"href":"https:\/\/www.visit-ulcinj.com\/blog\/wp-json\/wp\/v2\/posts\/42788"}],"collection":[{"href":"https:\/\/www.visit-ulcinj.com\/blog\/wp-json\/wp\/v2\/posts"}],"about":[{"href":"https:\/\/www.visit-ulcinj.com\/blog\/wp-json\/wp\/v2\/types\/post"}],"author":[{"embeddable":true,"href":"https:\/\/www.visit-ulcinj.com\/blog\/wp-json\/wp\/v2\/users\/1"}],"replies":[{"embeddable":true,"href":"https:\/\/www.visit-ulcinj.com\/blog\/wp-json\/wp\/v2\/comments?post=42788"}],"version-history":[{"count":0,"href":"https:\/\/www.visit-ulcinj.com\/blog\/wp-json\/wp\/v2\/posts\/42788\/revisions"}],"wp:attachment":[{"href":"https:\/\/www.visit-ulcinj.com\/blog\/wp-json\/wp\/v2\/media?parent=42788"}],"wp:term":[{"taxonomy":"category","embeddable":true,"href":"https:\/\/www.visit-ulcinj.com\/blog\/wp-json\/wp\/v2\/categories?post=42788"},{"taxonomy":"post_tag","embeddable":true,"href":"https:\/\/www.visit-ulcinj.com\/blog\/wp-json\/wp\/v2\/tags?post=42788"}],"curies":[{"name":"wp","href":"https:\/\/api.w.org\/{rel}","templated":true}]}}