{"id":42795,"date":"2011-01-26T09:40:18","date_gmt":"2011-01-26T08:40:18","guid":{"rendered":"http:\/\/www.visit-ulcinj.com\/blog\/?p=42795"},"modified":"2011-01-26T09:40:18","modified_gmt":"2011-01-26T08:40:18","slug":"eliza-hoxha-luan-per-dashurine","status":"publish","type":"post","link":"https:\/\/www.visit-ulcinj.com\/blog\/2011\/01\/26\/eliza-hoxha-luan-per-dashurine\/","title":{"rendered":"Eliza Hoxha luan p\u00ebr dashurin\u00eb"},"content":{"rendered":"<p><a href=\"http:\/\/www.visit-ulcinj.com\/blog\/wp-content\/uploads\/2011\/01\/Eliza-Hoxha.jpg\"><img loading=\"lazy\" class=\"alignleft size-full wp-image-42796\" title=\"Eliza Hoxha\" src=\"http:\/\/www.visit-ulcinj.com\/blog\/wp-content\/uploads\/2011\/01\/Eliza-Hoxha.jpg\" alt=\"\" width=\"397\" height=\"394\" \/><\/a>Ndryshe nga k\u00ebnga e kaluar q\u00eb b\u00ebnte thirrje \u2018ta duam Kosov\u00ebn\u2019 dhe jepte pamje prej saj, k\u00ebsaj rradhe Eliza Hoxha i k\u00ebndon dashuris\u00eb m\u00eb t\u00eb ngusht\u00eb, asaj q\u00eb mund t\u00eb jet\u00eb personale, e jo komb\u00ebtare. Ajo p\u00ebr k\u00ebt\u00eb balad\u00eb t\u00eb re, bashk\u00eb me njer\u00ebzit e produksionit realizues t\u00eb klipit, edhe ambientin e ka zgjedhur m\u00eb t\u00eb p\u00ebrmbledhur dhe t\u00eb mbyllur. K\u00ebshtu edhe duhet t\u00eb vizualizohen baladat, diku rreth nj\u00eb zjarri n\u00eb ndonj\u00eb dhom\u00eb, ose jasht\u00eb n\u00eb ndonj\u00eb ambient t\u00eb mbushur me gjethe vjeshte.<br \/>\nPor k\u00ebnga e Eliz\u00ebs \u201cT\u00eb dua ve\u00e7 ty\u201d nuk \u00ebsht\u00eb nga baladat e m\u00ebrzitshme q\u00eb ndjellin lot, ndarje mes t\u00eb dashuruarish e mallkim. \u00cbsht\u00eb e kund\u00ebrta e tyre. Nj\u00eb p\u00ebrkushtim p\u00ebr dashurin\u00eb ndaj personit t\u00eb dashur. Eliza k\u00ebt\u00eb k\u00ebng\u00eb e ka realizuar mbi d\u00ebrrasat e teatrit, aty ku luhen tragjedit\u00eb dhe komedit\u00eb e jet\u00ebs. Me drita t\u00eb sken\u00ebs dhe veshje skenike, her\u00eb e ngritur n\u00eb k\u00ebmb\u00eb pran\u00eb nj\u00eb mikrofoni, e her\u00eb e ulur n\u00eb nj\u00eb karrige, n\u00eb t\u00eb cil\u00ebn mund t\u00eb jen\u00eb ulur t\u00eb gjith\u00eb aktor\u00ebt q\u00eb ndonj\u00ebher\u00eb kan\u00eb luajtur role mbret\u00ebrish, Eliza Hoxha ngjan me ndonj\u00eb Ofeli a Desdemon\u00eb. Edhe pse i k\u00ebndon bindsh\u00ebm dashuris\u00eb ndaj dikujt, \u201ce shfaqur\u201d n\u00eb teat\u00ebr, kjo duket si loj\u00eb. Megjithat\u00eb, shum\u00eb njer\u00ebz i thon\u00eb k\u00ebshtu dashuris\u00eb dhe jet\u00ebs s\u00eb k\u00ebsaj bote.<\/p>\n<p><strong>KOHA E RE<br \/>\n<!--YouTube Error: bad URL entered--><\/strong><\/p>\n","protected":false},"excerpt":{"rendered":"<p>Ndryshe nga k\u00ebnga e kaluar q\u00eb b\u00ebnte thirrje \u2018ta duam Kosov\u00ebn\u2019 dhe jepte pamje prej saj, k\u00ebsaj rradhe Eliza Hoxha i k\u00ebndon dashuris\u00eb m\u00eb t\u00eb ngusht\u00eb, asaj q\u00eb mund t\u00eb jet\u00eb personale, e jo komb\u00ebtare. Ajo p\u00ebr k\u00ebt\u00eb balad\u00eb t\u00eb re, bashk\u00eb me njer\u00ebzit e produksionit realizues t\u00eb klipit, edhe ambientin e ka zgjedhur m\u00eb [&hellip;]<\/p>\n","protected":false},"author":1,"featured_media":0,"comment_status":"open","ping_status":"closed","sticky":false,"template":"","format":"standard","meta":{"spay_email":"","jetpack_publicize_message":"","jetpack_is_tweetstorm":false,"jetpack_publicize_feature_enabled":true},"categories":[1],"tags":[4906],"jetpack_publicize_connections":[],"yoast_head":"<!-- This site is optimized with the Yoast SEO plugin v19.1 - https:\/\/yoast.com\/wordpress\/plugins\/seo\/ -->\n<title>Eliza Hoxha luan p\u00ebr dashurin\u00eb - Lajme nga Ulqini<\/title>\n<meta name=\"description\" content=\"Ndryshe nga k\u00ebnga e kaluar q\u00eb b\u00ebnte thirrje \u2018ta duam Kosov\u00ebn\u2019 dhe jepte pamje prej saj, k\u00ebsaj rradhe Eliza Hoxha i k\u00ebndon dashuris\u00eb m\u00eb t\u00eb ngusht\u00eb, asaj q\u00eb\" \/>\n<meta name=\"robots\" content=\"index, follow, max-snippet:-1, max-image-preview:large, max-video-preview:-1\" \/>\n<link rel=\"canonical\" href=\"https:\/\/www.visit-ulcinj.com\/blog\/2011\/01\/26\/eliza-hoxha-luan-per-dashurine\/\" \/>\n<meta property=\"og:locale\" content=\"en_US\" \/>\n<meta property=\"og:type\" content=\"article\" \/>\n<meta property=\"og:title\" content=\"Eliza Hoxha luan p\u00ebr dashurin\u00eb - Lajme nga Ulqini\" \/>\n<meta property=\"og:description\" content=\"Ndryshe nga k\u00ebnga e kaluar q\u00eb b\u00ebnte thirrje \u2018ta duam Kosov\u00ebn\u2019 dhe jepte pamje prej saj, k\u00ebsaj rradhe Eliza Hoxha i k\u00ebndon dashuris\u00eb m\u00eb t\u00eb ngusht\u00eb, asaj q\u00eb\" \/>\n<meta property=\"og:url\" content=\"https:\/\/www.visit-ulcinj.com\/blog\/2011\/01\/26\/eliza-hoxha-luan-per-dashurine\/\" \/>\n<meta property=\"og:site_name\" content=\"Lajme nga Ulqini\" \/>\n<meta property=\"article:published_time\" content=\"2011-01-26T08:40:18+00:00\" \/>\n<meta property=\"og:image\" content=\"http:\/\/www.visit-ulcinj.com\/blog\/wp-content\/uploads\/2011\/01\/Eliza-Hoxha.jpg\" \/>\n<meta name=\"twitter:label1\" content=\"Written by\" \/>\n\t<meta name=\"twitter:data1\" content=\"ulqini\" \/>\n\t<meta name=\"twitter:label2\" content=\"Est. reading time\" \/>\n\t<meta name=\"twitter:data2\" content=\"1 minute\" \/>\n<script type=\"application\/ld+json\" class=\"yoast-schema-graph\">{\"@context\":\"https:\/\/schema.org\",\"@graph\":[{\"@type\":\"WebSite\",\"@id\":\"https:\/\/www.visit-ulcinj.com\/blog\/#website\",\"url\":\"https:\/\/www.visit-ulcinj.com\/blog\/\",\"name\":\"Lajme nga Ulqini\",\"description\":\"Lajme,Vijesti,Ulqini,Ulqin,Crna Gora,Mali i Zi\",\"potentialAction\":[{\"@type\":\"SearchAction\",\"target\":{\"@type\":\"EntryPoint\",\"urlTemplate\":\"https:\/\/www.visit-ulcinj.com\/blog\/?s={search_term_string}\"},\"query-input\":\"required name=search_term_string\"}],\"inLanguage\":\"en-US\"},{\"@type\":\"ImageObject\",\"inLanguage\":\"en-US\",\"@id\":\"https:\/\/www.visit-ulcinj.com\/blog\/2011\/01\/26\/eliza-hoxha-luan-per-dashurine\/#primaryimage\",\"url\":\"http:\/\/www.visit-ulcinj.com\/blog\/wp-content\/uploads\/2011\/01\/Eliza-Hoxha.jpg\",\"contentUrl\":\"http:\/\/www.visit-ulcinj.com\/blog\/wp-content\/uploads\/2011\/01\/Eliza-Hoxha.jpg\"},{\"@type\":\"WebPage\",\"@id\":\"https:\/\/www.visit-ulcinj.com\/blog\/2011\/01\/26\/eliza-hoxha-luan-per-dashurine\/#webpage\",\"url\":\"https:\/\/www.visit-ulcinj.com\/blog\/2011\/01\/26\/eliza-hoxha-luan-per-dashurine\/\",\"name\":\"Eliza Hoxha luan p\u00ebr dashurin\u00eb - Lajme nga Ulqini\",\"isPartOf\":{\"@id\":\"https:\/\/www.visit-ulcinj.com\/blog\/#website\"},\"primaryImageOfPage\":{\"@id\":\"https:\/\/www.visit-ulcinj.com\/blog\/2011\/01\/26\/eliza-hoxha-luan-per-dashurine\/#primaryimage\"},\"datePublished\":\"2011-01-26T08:40:18+00:00\",\"dateModified\":\"2011-01-26T08:40:18+00:00\",\"author\":{\"@id\":\"https:\/\/www.visit-ulcinj.com\/blog\/#\/schema\/person\/dcab619c614d3038751c63bc2aadc06d\"},\"description\":\"Ndryshe nga k\u00ebnga e kaluar q\u00eb b\u00ebnte thirrje \u2018ta duam Kosov\u00ebn\u2019 dhe jepte pamje prej saj, k\u00ebsaj rradhe Eliza Hoxha i k\u00ebndon dashuris\u00eb m\u00eb t\u00eb ngusht\u00eb, asaj q\u00eb\",\"breadcrumb\":{\"@id\":\"https:\/\/www.visit-ulcinj.com\/blog\/2011\/01\/26\/eliza-hoxha-luan-per-dashurine\/#breadcrumb\"},\"inLanguage\":\"en-US\",\"potentialAction\":[{\"@type\":\"ReadAction\",\"target\":[\"https:\/\/www.visit-ulcinj.com\/blog\/2011\/01\/26\/eliza-hoxha-luan-per-dashurine\/\"]}]},{\"@type\":\"BreadcrumbList\",\"@id\":\"https:\/\/www.visit-ulcinj.com\/blog\/2011\/01\/26\/eliza-hoxha-luan-per-dashurine\/#breadcrumb\",\"itemListElement\":[{\"@type\":\"ListItem\",\"position\":1,\"name\":\"Eliza Hoxha luan p\u00ebr dashurin\u00eb\"}]},{\"@type\":\"Person\",\"@id\":\"https:\/\/www.visit-ulcinj.com\/blog\/#\/schema\/person\/dcab619c614d3038751c63bc2aadc06d\",\"name\":\"ulqini\",\"sameAs\":[\"http:\/\/www.visit-ulcinj.com\"],\"url\":\"https:\/\/www.visit-ulcinj.com\/blog\/author\/admin\/\"}]}<\/script>\n<!-- \/ Yoast SEO plugin. -->","yoast_head_json":{"title":"Eliza Hoxha luan p\u00ebr dashurin\u00eb - Lajme nga Ulqini","description":"Ndryshe nga k\u00ebnga e kaluar q\u00eb b\u00ebnte thirrje \u2018ta duam Kosov\u00ebn\u2019 dhe jepte pamje prej saj, k\u00ebsaj rradhe Eliza Hoxha i k\u00ebndon dashuris\u00eb m\u00eb t\u00eb ngusht\u00eb, asaj q\u00eb","robots":{"index":"index","follow":"follow","max-snippet":"max-snippet:-1","max-image-preview":"max-image-preview:large","max-video-preview":"max-video-preview:-1"},"canonical":"https:\/\/www.visit-ulcinj.com\/blog\/2011\/01\/26\/eliza-hoxha-luan-per-dashurine\/","og_locale":"en_US","og_type":"article","og_title":"Eliza Hoxha luan p\u00ebr dashurin\u00eb - Lajme nga Ulqini","og_description":"Ndryshe nga k\u00ebnga e kaluar q\u00eb b\u00ebnte thirrje \u2018ta duam Kosov\u00ebn\u2019 dhe jepte pamje prej saj, k\u00ebsaj rradhe Eliza Hoxha i k\u00ebndon dashuris\u00eb m\u00eb t\u00eb ngusht\u00eb, asaj q\u00eb","og_url":"https:\/\/www.visit-ulcinj.com\/blog\/2011\/01\/26\/eliza-hoxha-luan-per-dashurine\/","og_site_name":"Lajme nga Ulqini","article_published_time":"2011-01-26T08:40:18+00:00","og_image":[{"url":"http:\/\/www.visit-ulcinj.com\/blog\/wp-content\/uploads\/2011\/01\/Eliza-Hoxha.jpg"}],"twitter_misc":{"Written by":"ulqini","Est. reading time":"1 minute"},"schema":{"@context":"https:\/\/schema.org","@graph":[{"@type":"WebSite","@id":"https:\/\/www.visit-ulcinj.com\/blog\/#website","url":"https:\/\/www.visit-ulcinj.com\/blog\/","name":"Lajme nga Ulqini","description":"Lajme,Vijesti,Ulqini,Ulqin,Crna Gora,Mali i Zi","potentialAction":[{"@type":"SearchAction","target":{"@type":"EntryPoint","urlTemplate":"https:\/\/www.visit-ulcinj.com\/blog\/?s={search_term_string}"},"query-input":"required name=search_term_string"}],"inLanguage":"en-US"},{"@type":"ImageObject","inLanguage":"en-US","@id":"https:\/\/www.visit-ulcinj.com\/blog\/2011\/01\/26\/eliza-hoxha-luan-per-dashurine\/#primaryimage","url":"http:\/\/www.visit-ulcinj.com\/blog\/wp-content\/uploads\/2011\/01\/Eliza-Hoxha.jpg","contentUrl":"http:\/\/www.visit-ulcinj.com\/blog\/wp-content\/uploads\/2011\/01\/Eliza-Hoxha.jpg"},{"@type":"WebPage","@id":"https:\/\/www.visit-ulcinj.com\/blog\/2011\/01\/26\/eliza-hoxha-luan-per-dashurine\/#webpage","url":"https:\/\/www.visit-ulcinj.com\/blog\/2011\/01\/26\/eliza-hoxha-luan-per-dashurine\/","name":"Eliza Hoxha luan p\u00ebr dashurin\u00eb - Lajme nga Ulqini","isPartOf":{"@id":"https:\/\/www.visit-ulcinj.com\/blog\/#website"},"primaryImageOfPage":{"@id":"https:\/\/www.visit-ulcinj.com\/blog\/2011\/01\/26\/eliza-hoxha-luan-per-dashurine\/#primaryimage"},"datePublished":"2011-01-26T08:40:18+00:00","dateModified":"2011-01-26T08:40:18+00:00","author":{"@id":"https:\/\/www.visit-ulcinj.com\/blog\/#\/schema\/person\/dcab619c614d3038751c63bc2aadc06d"},"description":"Ndryshe nga k\u00ebnga e kaluar q\u00eb b\u00ebnte thirrje \u2018ta duam Kosov\u00ebn\u2019 dhe jepte pamje prej saj, k\u00ebsaj rradhe Eliza Hoxha i k\u00ebndon dashuris\u00eb m\u00eb t\u00eb ngusht\u00eb, asaj q\u00eb","breadcrumb":{"@id":"https:\/\/www.visit-ulcinj.com\/blog\/2011\/01\/26\/eliza-hoxha-luan-per-dashurine\/#breadcrumb"},"inLanguage":"en-US","potentialAction":[{"@type":"ReadAction","target":["https:\/\/www.visit-ulcinj.com\/blog\/2011\/01\/26\/eliza-hoxha-luan-per-dashurine\/"]}]},{"@type":"BreadcrumbList","@id":"https:\/\/www.visit-ulcinj.com\/blog\/2011\/01\/26\/eliza-hoxha-luan-per-dashurine\/#breadcrumb","itemListElement":[{"@type":"ListItem","position":1,"name":"Eliza Hoxha luan p\u00ebr dashurin\u00eb"}]},{"@type":"Person","@id":"https:\/\/www.visit-ulcinj.com\/blog\/#\/schema\/person\/dcab619c614d3038751c63bc2aadc06d","name":"ulqini","sameAs":["http:\/\/www.visit-ulcinj.com"],"url":"https:\/\/www.visit-ulcinj.com\/blog\/author\/admin\/"}]}},"jetpack_featured_media_url":"","jetpack_sharing_enabled":true,"jetpack_shortlink":"https:\/\/wp.me\/pe6lTn-b8f","_links":{"self":[{"href":"https:\/\/www.visit-ulcinj.com\/blog\/wp-json\/wp\/v2\/posts\/42795"}],"collection":[{"href":"https:\/\/www.visit-ulcinj.com\/blog\/wp-json\/wp\/v2\/posts"}],"about":[{"href":"https:\/\/www.visit-ulcinj.com\/blog\/wp-json\/wp\/v2\/types\/post"}],"author":[{"embeddable":true,"href":"https:\/\/www.visit-ulcinj.com\/blog\/wp-json\/wp\/v2\/users\/1"}],"replies":[{"embeddable":true,"href":"https:\/\/www.visit-ulcinj.com\/blog\/wp-json\/wp\/v2\/comments?post=42795"}],"version-history":[{"count":0,"href":"https:\/\/www.visit-ulcinj.com\/blog\/wp-json\/wp\/v2\/posts\/42795\/revisions"}],"wp:attachment":[{"href":"https:\/\/www.visit-ulcinj.com\/blog\/wp-json\/wp\/v2\/media?parent=42795"}],"wp:term":[{"taxonomy":"category","embeddable":true,"href":"https:\/\/www.visit-ulcinj.com\/blog\/wp-json\/wp\/v2\/categories?post=42795"},{"taxonomy":"post_tag","embeddable":true,"href":"https:\/\/www.visit-ulcinj.com\/blog\/wp-json\/wp\/v2\/tags?post=42795"}],"curies":[{"name":"wp","href":"https:\/\/api.w.org\/{rel}","templated":true}]}}