{"id":42802,"date":"2011-01-26T10:08:34","date_gmt":"2011-01-26T09:08:34","guid":{"rendered":"http:\/\/www.visit-ulcinj.com\/blog\/?p=42802"},"modified":"2011-01-26T10:09:14","modified_gmt":"2011-01-26T09:09:14","slug":"edhe-nrg-ne-top-fest","status":"publish","type":"post","link":"https:\/\/www.visit-ulcinj.com\/blog\/2011\/01\/26\/edhe-nrg-ne-top-fest\/","title":{"rendered":"Edhe NRG n\u00eb Top Fest"},"content":{"rendered":"<p><a href=\"http:\/\/www.visit-ulcinj.com\/blog\/wp-content\/uploads\/2011\/01\/Grupi_NRG-Band.jpg\"><img loading=\"lazy\" class=\"alignleft size-full wp-image-42803\" title=\"Grupi_NRG Band\" src=\"http:\/\/www.visit-ulcinj.com\/blog\/wp-content\/uploads\/2011\/01\/Grupi_NRG-Band.jpg\" alt=\"\" width=\"490\" height=\"621\" \/><\/a>Grupi i njohur pejan &#8220;NRG Band&#8221;, n\u00eb nj\u00eb intervist\u00eb p\u00ebr Kosova Sot kan\u00eb th\u00ebn\u00eb se do t\u00eb marrin pjes\u00eb n\u00eb TOP &#8211; Fest. Ata kan\u00eb th\u00ebn\u00eb se k\u00ebnga m\u00eb t\u00eb cil\u00ebn do t\u00eb paraqiten titullohet &#8220;Rina&#8221;.<\/p>\n<p>&#8220;K\u00ebnga titullohet &#8220;Rina&#8221;, tekstin e s\u00eb cil\u00ebs e ka shkruar Mithat Sadiku, kurse kompozimin e kam b\u00ebr\u00eb un\u00eb. Ende nuk kemi vendosur se me cilin produksion do ta punojm\u00eb klipin. Kurse me k\u00ebt\u00eb k\u00ebng\u00eb, pra, &#8216;Rina&#8217;, do t\u00eb marrim pjes\u00eb n\u00eb festivalin &#8216;Top Fest&#8217;, q\u00eb pritet shum\u00eb shpejt t\u00eb nis\u00eb&#8221;, ka th\u00ebn\u00eb Besniku \u00c7aka p\u00ebr gazet\u00ebn Kosova Sot.<\/p>\n<p>\u00c7aka ka folur edhe p\u00ebr bashk\u00ebpunimin e mir\u00eb t\u00eb grupit ku ka th\u00ebn\u00eb se ai \u00ebsht\u00eb shum\u00eb i mir\u00eb. &#8220;Ne e duam dhe e respektojm\u00eb muzik\u00ebn, sepse e kemi profesion, por edhe pun\u00eb, sepse fitojm\u00eb prej saj. Shpresoj se kjo harmoni q\u00eb \u00ebsht\u00eb n\u00eb grup t\u00eb vazhdoj\u00eb edhe n\u00eb t\u00eb ardhmen&#8221;.<\/p>\n<p>Sipas tij k\u00ebng\u00ebt e tyre jan\u00eb t\u00eb ve\u00e7anta sepse ata kan\u00eb nj\u00eb rit\u00ebm t\u00eb till\u00eb, nd\u00ebrsa thot\u00eb se ata m\u00eb par\u00eb kan\u00eb hulumtuar n\u00eb shum\u00eb stile p\u00ebr t\u00eb arritur at\u00eb q\u00eb kan\u00eb dashur.<\/p>\n<p>&#8220;Ne shpeshher\u00eb kemi hulumtuar p\u00ebr stile t\u00eb ndryshme, por, prap\u00eb e kemi ruajtur elementin ton\u00eb dhe kjo na b\u00ebn\u00eb origjinal, ashtu si\u00e7 jemi. Dhe \u00e7do k\u00ebng\u00eb q\u00eb e b\u00ebjm\u00eb e b\u00ebjm\u00eb me stilin dhe ritmin ton\u00eb&#8221;, ka th\u00ebn\u00eb Besniku.<\/p>\n<p><strong>Shekulli<br \/>\n<!--YouTube Error: bad URL entered--><\/strong><\/p>\n","protected":false},"excerpt":{"rendered":"<p>Grupi i njohur pejan &#8220;NRG Band&#8221;, n\u00eb nj\u00eb intervist\u00eb p\u00ebr Kosova Sot kan\u00eb th\u00ebn\u00eb se do t\u00eb marrin pjes\u00eb n\u00eb TOP &#8211; Fest. Ata kan\u00eb th\u00ebn\u00eb se k\u00ebnga m\u00eb t\u00eb cil\u00ebn do t\u00eb paraqiten titullohet &#8220;Rina&#8221;. &#8220;K\u00ebnga titullohet &#8220;Rina&#8221;, tekstin e s\u00eb cil\u00ebs e ka shkruar Mithat Sadiku, kurse kompozimin e kam b\u00ebr\u00eb un\u00eb. Ende [&hellip;]<\/p>\n","protected":false},"author":1,"featured_media":0,"comment_status":"open","ping_status":"closed","sticky":false,"template":"","format":"standard","meta":{"spay_email":"","jetpack_publicize_message":"","jetpack_is_tweetstorm":false,"jetpack_publicize_feature_enabled":true},"categories":[1],"tags":[5206],"jetpack_publicize_connections":[],"yoast_head":"<!-- This site is optimized with the Yoast SEO plugin v19.1 - https:\/\/yoast.com\/wordpress\/plugins\/seo\/ -->\n<title>Edhe NRG n\u00eb Top Fest - Lajme nga Ulqini<\/title>\n<meta name=\"description\" content=\"Grupi i njohur pejan &quot;NRG Band&quot;, n\u00eb nj\u00eb intervist\u00eb p\u00ebr Kosova Sot kan\u00eb th\u00ebn\u00eb se do t\u00eb marrin pjes\u00eb n\u00eb TOP - Fest. Ata kan\u00eb th\u00ebn\u00eb se k\u00ebnga m\u00eb t\u00eb cil\u00ebn do\" \/>\n<meta name=\"robots\" content=\"index, follow, max-snippet:-1, max-image-preview:large, max-video-preview:-1\" \/>\n<link rel=\"canonical\" href=\"https:\/\/www.visit-ulcinj.com\/blog\/2011\/01\/26\/edhe-nrg-ne-top-fest\/\" \/>\n<meta property=\"og:locale\" content=\"en_US\" \/>\n<meta property=\"og:type\" content=\"article\" \/>\n<meta property=\"og:title\" content=\"Edhe NRG n\u00eb Top Fest - Lajme nga Ulqini\" \/>\n<meta property=\"og:description\" content=\"Grupi i njohur pejan &quot;NRG Band&quot;, n\u00eb nj\u00eb intervist\u00eb p\u00ebr Kosova Sot kan\u00eb th\u00ebn\u00eb se do t\u00eb marrin pjes\u00eb n\u00eb TOP - Fest. Ata kan\u00eb th\u00ebn\u00eb se k\u00ebnga m\u00eb t\u00eb cil\u00ebn do\" \/>\n<meta property=\"og:url\" content=\"https:\/\/www.visit-ulcinj.com\/blog\/2011\/01\/26\/edhe-nrg-ne-top-fest\/\" \/>\n<meta property=\"og:site_name\" content=\"Lajme nga Ulqini\" \/>\n<meta property=\"article:published_time\" content=\"2011-01-26T09:08:34+00:00\" \/>\n<meta property=\"article:modified_time\" content=\"2011-01-26T09:09:14+00:00\" \/>\n<meta property=\"og:image\" content=\"http:\/\/www.visit-ulcinj.com\/blog\/wp-content\/uploads\/2011\/01\/Grupi_NRG-Band.jpg\" \/>\n<meta name=\"twitter:label1\" content=\"Written by\" \/>\n\t<meta name=\"twitter:data1\" content=\"ulqini\" \/>\n\t<meta name=\"twitter:label2\" content=\"Est. reading time\" \/>\n\t<meta name=\"twitter:data2\" content=\"1 minute\" \/>\n<script type=\"application\/ld+json\" class=\"yoast-schema-graph\">{\"@context\":\"https:\/\/schema.org\",\"@graph\":[{\"@type\":\"WebSite\",\"@id\":\"https:\/\/www.visit-ulcinj.com\/blog\/#website\",\"url\":\"https:\/\/www.visit-ulcinj.com\/blog\/\",\"name\":\"Lajme nga Ulqini\",\"description\":\"Lajme,Vijesti,Ulqini,Ulqin,Crna Gora,Mali i Zi\",\"potentialAction\":[{\"@type\":\"SearchAction\",\"target\":{\"@type\":\"EntryPoint\",\"urlTemplate\":\"https:\/\/www.visit-ulcinj.com\/blog\/?s={search_term_string}\"},\"query-input\":\"required name=search_term_string\"}],\"inLanguage\":\"en-US\"},{\"@type\":\"ImageObject\",\"inLanguage\":\"en-US\",\"@id\":\"https:\/\/www.visit-ulcinj.com\/blog\/2011\/01\/26\/edhe-nrg-ne-top-fest\/#primaryimage\",\"url\":\"http:\/\/www.visit-ulcinj.com\/blog\/wp-content\/uploads\/2011\/01\/Grupi_NRG-Band.jpg\",\"contentUrl\":\"http:\/\/www.visit-ulcinj.com\/blog\/wp-content\/uploads\/2011\/01\/Grupi_NRG-Band.jpg\"},{\"@type\":\"WebPage\",\"@id\":\"https:\/\/www.visit-ulcinj.com\/blog\/2011\/01\/26\/edhe-nrg-ne-top-fest\/#webpage\",\"url\":\"https:\/\/www.visit-ulcinj.com\/blog\/2011\/01\/26\/edhe-nrg-ne-top-fest\/\",\"name\":\"Edhe NRG n\u00eb Top Fest - Lajme nga Ulqini\",\"isPartOf\":{\"@id\":\"https:\/\/www.visit-ulcinj.com\/blog\/#website\"},\"primaryImageOfPage\":{\"@id\":\"https:\/\/www.visit-ulcinj.com\/blog\/2011\/01\/26\/edhe-nrg-ne-top-fest\/#primaryimage\"},\"datePublished\":\"2011-01-26T09:08:34+00:00\",\"dateModified\":\"2011-01-26T09:09:14+00:00\",\"author\":{\"@id\":\"https:\/\/www.visit-ulcinj.com\/blog\/#\/schema\/person\/dcab619c614d3038751c63bc2aadc06d\"},\"description\":\"Grupi i njohur pejan \\\"NRG Band\\\", n\u00eb nj\u00eb intervist\u00eb p\u00ebr Kosova Sot kan\u00eb th\u00ebn\u00eb se do t\u00eb marrin pjes\u00eb n\u00eb TOP - Fest. Ata kan\u00eb th\u00ebn\u00eb se k\u00ebnga m\u00eb t\u00eb cil\u00ebn do\",\"breadcrumb\":{\"@id\":\"https:\/\/www.visit-ulcinj.com\/blog\/2011\/01\/26\/edhe-nrg-ne-top-fest\/#breadcrumb\"},\"inLanguage\":\"en-US\",\"potentialAction\":[{\"@type\":\"ReadAction\",\"target\":[\"https:\/\/www.visit-ulcinj.com\/blog\/2011\/01\/26\/edhe-nrg-ne-top-fest\/\"]}]},{\"@type\":\"BreadcrumbList\",\"@id\":\"https:\/\/www.visit-ulcinj.com\/blog\/2011\/01\/26\/edhe-nrg-ne-top-fest\/#breadcrumb\",\"itemListElement\":[{\"@type\":\"ListItem\",\"position\":1,\"name\":\"Edhe NRG n\u00eb Top Fest\"}]},{\"@type\":\"Person\",\"@id\":\"https:\/\/www.visit-ulcinj.com\/blog\/#\/schema\/person\/dcab619c614d3038751c63bc2aadc06d\",\"name\":\"ulqini\",\"sameAs\":[\"http:\/\/www.visit-ulcinj.com\"],\"url\":\"https:\/\/www.visit-ulcinj.com\/blog\/author\/admin\/\"}]}<\/script>\n<!-- \/ Yoast SEO plugin. -->","yoast_head_json":{"title":"Edhe NRG n\u00eb Top Fest - Lajme nga Ulqini","description":"Grupi i njohur pejan \"NRG Band\", n\u00eb nj\u00eb intervist\u00eb p\u00ebr Kosova Sot kan\u00eb th\u00ebn\u00eb se do t\u00eb marrin pjes\u00eb n\u00eb TOP - Fest. Ata kan\u00eb th\u00ebn\u00eb se k\u00ebnga m\u00eb t\u00eb cil\u00ebn do","robots":{"index":"index","follow":"follow","max-snippet":"max-snippet:-1","max-image-preview":"max-image-preview:large","max-video-preview":"max-video-preview:-1"},"canonical":"https:\/\/www.visit-ulcinj.com\/blog\/2011\/01\/26\/edhe-nrg-ne-top-fest\/","og_locale":"en_US","og_type":"article","og_title":"Edhe NRG n\u00eb Top Fest - Lajme nga Ulqini","og_description":"Grupi i njohur pejan \"NRG Band\", n\u00eb nj\u00eb intervist\u00eb p\u00ebr Kosova Sot kan\u00eb th\u00ebn\u00eb se do t\u00eb marrin pjes\u00eb n\u00eb TOP - Fest. Ata kan\u00eb th\u00ebn\u00eb se k\u00ebnga m\u00eb t\u00eb cil\u00ebn do","og_url":"https:\/\/www.visit-ulcinj.com\/blog\/2011\/01\/26\/edhe-nrg-ne-top-fest\/","og_site_name":"Lajme nga Ulqini","article_published_time":"2011-01-26T09:08:34+00:00","article_modified_time":"2011-01-26T09:09:14+00:00","og_image":[{"url":"http:\/\/www.visit-ulcinj.com\/blog\/wp-content\/uploads\/2011\/01\/Grupi_NRG-Band.jpg"}],"twitter_misc":{"Written by":"ulqini","Est. reading time":"1 minute"},"schema":{"@context":"https:\/\/schema.org","@graph":[{"@type":"WebSite","@id":"https:\/\/www.visit-ulcinj.com\/blog\/#website","url":"https:\/\/www.visit-ulcinj.com\/blog\/","name":"Lajme nga Ulqini","description":"Lajme,Vijesti,Ulqini,Ulqin,Crna Gora,Mali i Zi","potentialAction":[{"@type":"SearchAction","target":{"@type":"EntryPoint","urlTemplate":"https:\/\/www.visit-ulcinj.com\/blog\/?s={search_term_string}"},"query-input":"required name=search_term_string"}],"inLanguage":"en-US"},{"@type":"ImageObject","inLanguage":"en-US","@id":"https:\/\/www.visit-ulcinj.com\/blog\/2011\/01\/26\/edhe-nrg-ne-top-fest\/#primaryimage","url":"http:\/\/www.visit-ulcinj.com\/blog\/wp-content\/uploads\/2011\/01\/Grupi_NRG-Band.jpg","contentUrl":"http:\/\/www.visit-ulcinj.com\/blog\/wp-content\/uploads\/2011\/01\/Grupi_NRG-Band.jpg"},{"@type":"WebPage","@id":"https:\/\/www.visit-ulcinj.com\/blog\/2011\/01\/26\/edhe-nrg-ne-top-fest\/#webpage","url":"https:\/\/www.visit-ulcinj.com\/blog\/2011\/01\/26\/edhe-nrg-ne-top-fest\/","name":"Edhe NRG n\u00eb Top Fest - Lajme nga Ulqini","isPartOf":{"@id":"https:\/\/www.visit-ulcinj.com\/blog\/#website"},"primaryImageOfPage":{"@id":"https:\/\/www.visit-ulcinj.com\/blog\/2011\/01\/26\/edhe-nrg-ne-top-fest\/#primaryimage"},"datePublished":"2011-01-26T09:08:34+00:00","dateModified":"2011-01-26T09:09:14+00:00","author":{"@id":"https:\/\/www.visit-ulcinj.com\/blog\/#\/schema\/person\/dcab619c614d3038751c63bc2aadc06d"},"description":"Grupi i njohur pejan \"NRG Band\", n\u00eb nj\u00eb intervist\u00eb p\u00ebr Kosova Sot kan\u00eb th\u00ebn\u00eb se do t\u00eb marrin pjes\u00eb n\u00eb TOP - Fest. Ata kan\u00eb th\u00ebn\u00eb se k\u00ebnga m\u00eb t\u00eb cil\u00ebn do","breadcrumb":{"@id":"https:\/\/www.visit-ulcinj.com\/blog\/2011\/01\/26\/edhe-nrg-ne-top-fest\/#breadcrumb"},"inLanguage":"en-US","potentialAction":[{"@type":"ReadAction","target":["https:\/\/www.visit-ulcinj.com\/blog\/2011\/01\/26\/edhe-nrg-ne-top-fest\/"]}]},{"@type":"BreadcrumbList","@id":"https:\/\/www.visit-ulcinj.com\/blog\/2011\/01\/26\/edhe-nrg-ne-top-fest\/#breadcrumb","itemListElement":[{"@type":"ListItem","position":1,"name":"Edhe NRG n\u00eb Top Fest"}]},{"@type":"Person","@id":"https:\/\/www.visit-ulcinj.com\/blog\/#\/schema\/person\/dcab619c614d3038751c63bc2aadc06d","name":"ulqini","sameAs":["http:\/\/www.visit-ulcinj.com"],"url":"https:\/\/www.visit-ulcinj.com\/blog\/author\/admin\/"}]}},"jetpack_featured_media_url":"","jetpack_sharing_enabled":true,"jetpack_shortlink":"https:\/\/wp.me\/pe6lTn-b8m","_links":{"self":[{"href":"https:\/\/www.visit-ulcinj.com\/blog\/wp-json\/wp\/v2\/posts\/42802"}],"collection":[{"href":"https:\/\/www.visit-ulcinj.com\/blog\/wp-json\/wp\/v2\/posts"}],"about":[{"href":"https:\/\/www.visit-ulcinj.com\/blog\/wp-json\/wp\/v2\/types\/post"}],"author":[{"embeddable":true,"href":"https:\/\/www.visit-ulcinj.com\/blog\/wp-json\/wp\/v2\/users\/1"}],"replies":[{"embeddable":true,"href":"https:\/\/www.visit-ulcinj.com\/blog\/wp-json\/wp\/v2\/comments?post=42802"}],"version-history":[{"count":0,"href":"https:\/\/www.visit-ulcinj.com\/blog\/wp-json\/wp\/v2\/posts\/42802\/revisions"}],"wp:attachment":[{"href":"https:\/\/www.visit-ulcinj.com\/blog\/wp-json\/wp\/v2\/media?parent=42802"}],"wp:term":[{"taxonomy":"category","embeddable":true,"href":"https:\/\/www.visit-ulcinj.com\/blog\/wp-json\/wp\/v2\/categories?post=42802"},{"taxonomy":"post_tag","embeddable":true,"href":"https:\/\/www.visit-ulcinj.com\/blog\/wp-json\/wp\/v2\/tags?post=42802"}],"curies":[{"name":"wp","href":"https:\/\/api.w.org\/{rel}","templated":true}]}}