{"id":42811,"date":"2011-01-26T10:45:15","date_gmt":"2011-01-26T09:45:15","guid":{"rendered":"http:\/\/www.visit-ulcinj.com\/blog\/?p=42811"},"modified":"2011-01-26T10:51:10","modified_gmt":"2011-01-26T09:51:10","slug":"r-krivokapiq-duhet-hequr-kishen-nga-maja-e-rumise-video","status":"publish","type":"post","link":"https:\/\/www.visit-ulcinj.com\/blog\/2011\/01\/26\/r-krivokapiq-duhet-hequr-kishen-nga-maja-e-rumise-video\/","title":{"rendered":"R. Krivokapiq: Duhet hequr Kish\u00ebn nga maja e Rumis\u00eb &#8211; Video"},"content":{"rendered":"<p><a href=\"http:\/\/www.visit-ulcinj.com\/blog\/wp-content\/uploads\/2011\/01\/crkva-svete-trojice-na-rumiji.1.jpg\"><img loading=\"lazy\" class=\"alignleft size-full wp-image-42812\" title=\"crkva-svete-trojice-na-rumiji.1\" src=\"http:\/\/www.visit-ulcinj.com\/blog\/wp-content\/uploads\/2011\/01\/crkva-svete-trojice-na-rumiji.1.jpg\" alt=\"\" width=\"490\" height=\"380\" \/><\/a>Shteti duhet t\u00eb zbatoj\u00eb vendimin p\u00ebr heqjen e kish\u00ebs s\u00eb nd\u00ebrtuar n\u00eb m\u00ebnyr\u00eb jolegale n\u00eb malin e Rumis\u00eb dhe n\u00eb k\u00ebt\u00eb m\u00ebnyr\u00eb t\u00eb d\u00ebrgoj\u00eb mesazh t\u00eb qart\u00eb se askush nuk \u00ebsht\u00eb mbi ligjin, ka pohuar kryetari i Kuvendit t\u00eb Malit t\u00eb Zi Ranko Krivokapiq.<\/p>\n<p>N\u00ebse Mali i Zi ka vendosur t\u00eb jet\u00eb shtet qytetar\u00eb dhe multietnik , at\u00ebher\u00eb n\u00eb m\u00ebnyr\u00eb urgjente duhet ta mbroj\u00eb integritetin e vet dhe ta heqin k\u00ebt\u00eb objket, pasi q\u00eb fjala \u00ebsht\u00eb p\u00ebr agresion n\u00eb sistemin kushtetutes, ka th\u00ebn\u00eb Krivokapiq p\u00ebr Radion e Malit t\u00eb Zi.<\/p>\n<p>Kryetari i Kuvendit po ashtu ka theksuar q\u00eb t\u00eb gjith\u00eb ata q\u00eb propoagojn\u00eb mos toleranc\u00ebn dhe ekstremizmin duhet t\u00eb p\u00ebrballen me pasojat duke shtuar se ligji duhet t\u00eb jet\u00eb i nj\u00ebjt\u00eb p\u00ebr t\u00eb gjith\u00eb , po ashtu edhe p\u00ebr Kish\u00ebn dhe mitropolitin Amfillohije.<\/p>\n<p>Shteti q\u00eb d\u00ebshiron t\u00eb hyj\u00eb n\u00eb Evrop\u00eb e nuk mund t\u00eb zbatoj\u00eb vendimet e veta nuk mund t\u00eb fitoj\u00eb m\u00ebndimin pozitiv\u00eb p\u00ebr fillimin e bisedimeve p\u00ebr antar\u00ebsimin e plot\u00eb n\u00eb UE ka pohuar Krivokapiq.<\/p>\n<p><strong>RTCG<\/strong><\/p>\n<p><strong>VIDEO TV IN<br \/>\n[flv]http:\/\/www.rtvin.me\/inpuls\/inpuls_25_01_u_18I58.flv[\/flv]<br \/>\n<\/strong><\/p>\n","protected":false},"excerpt":{"rendered":"<p>Shteti duhet t\u00eb zbatoj\u00eb vendimin p\u00ebr heqjen e kish\u00ebs s\u00eb nd\u00ebrtuar n\u00eb m\u00ebnyr\u00eb jolegale n\u00eb malin e Rumis\u00eb dhe n\u00eb k\u00ebt\u00eb m\u00ebnyr\u00eb t\u00eb d\u00ebrgoj\u00eb mesazh t\u00eb qart\u00eb se askush nuk \u00ebsht\u00eb mbi ligjin, ka pohuar kryetari i Kuvendit t\u00eb Malit t\u00eb Zi Ranko Krivokapiq. N\u00ebse Mali i Zi ka vendosur t\u00eb jet\u00eb shtet qytetar\u00eb dhe [&hellip;]<\/p>\n","protected":false},"author":1,"featured_media":0,"comment_status":"open","ping_status":"closed","sticky":false,"template":"","format":"standard","meta":{"spay_email":"","jetpack_publicize_message":"","jetpack_is_tweetstorm":false,"jetpack_publicize_feature_enabled":true},"categories":[14249],"tags":[13649,4560],"jetpack_publicize_connections":[],"yoast_head":"<!-- This site is optimized with the Yoast SEO plugin v19.1 - https:\/\/yoast.com\/wordpress\/plugins\/seo\/ -->\n<title>R. Krivokapiq: Duhet hequr Kish\u00ebn nga maja e Rumis\u00eb - Video - Lajme nga Ulqini<\/title>\n<meta name=\"description\" content=\"Shteti duhet t\u00eb zbatoj\u00eb vendimin p\u00ebr heqjen e kish\u00ebs s\u00eb nd\u00ebrtuar n\u00eb m\u00ebnyr\u00eb jolegale n\u00eb malin e Rumis\u00eb dhe n\u00eb k\u00ebt\u00eb m\u00ebnyr\u00eb t\u00eb d\u00ebrgoj\u00eb mesazh t\u00eb qart\u00eb se\" \/>\n<meta name=\"robots\" content=\"index, follow, max-snippet:-1, max-image-preview:large, max-video-preview:-1\" \/>\n<link rel=\"canonical\" href=\"https:\/\/www.visit-ulcinj.com\/blog\/2011\/01\/26\/r-krivokapiq-duhet-hequr-kishen-nga-maja-e-rumise-video\/\" \/>\n<meta property=\"og:locale\" content=\"en_US\" \/>\n<meta property=\"og:type\" content=\"article\" \/>\n<meta property=\"og:title\" content=\"R. Krivokapiq: Duhet hequr Kish\u00ebn nga maja e Rumis\u00eb - Video - Lajme nga Ulqini\" \/>\n<meta property=\"og:description\" content=\"Shteti duhet t\u00eb zbatoj\u00eb vendimin p\u00ebr heqjen e kish\u00ebs s\u00eb nd\u00ebrtuar n\u00eb m\u00ebnyr\u00eb jolegale n\u00eb malin e Rumis\u00eb dhe n\u00eb k\u00ebt\u00eb m\u00ebnyr\u00eb t\u00eb d\u00ebrgoj\u00eb mesazh t\u00eb qart\u00eb se\" \/>\n<meta property=\"og:url\" content=\"https:\/\/www.visit-ulcinj.com\/blog\/2011\/01\/26\/r-krivokapiq-duhet-hequr-kishen-nga-maja-e-rumise-video\/\" \/>\n<meta property=\"og:site_name\" content=\"Lajme nga Ulqini\" \/>\n<meta property=\"article:published_time\" content=\"2011-01-26T09:45:15+00:00\" \/>\n<meta property=\"article:modified_time\" content=\"2011-01-26T09:51:10+00:00\" \/>\n<meta property=\"og:image\" content=\"http:\/\/www.visit-ulcinj.com\/blog\/wp-content\/uploads\/2011\/01\/crkva-svete-trojice-na-rumiji.1.jpg\" \/>\n<meta name=\"twitter:label1\" content=\"Written by\" \/>\n\t<meta name=\"twitter:data1\" content=\"ulqini\" \/>\n\t<meta name=\"twitter:label2\" content=\"Est. reading time\" \/>\n\t<meta name=\"twitter:data2\" content=\"1 minute\" \/>\n<script type=\"application\/ld+json\" class=\"yoast-schema-graph\">{\"@context\":\"https:\/\/schema.org\",\"@graph\":[{\"@type\":\"WebSite\",\"@id\":\"https:\/\/www.visit-ulcinj.com\/blog\/#website\",\"url\":\"https:\/\/www.visit-ulcinj.com\/blog\/\",\"name\":\"Lajme nga Ulqini\",\"description\":\"Lajme,Vijesti,Ulqini,Ulqin,Crna Gora,Mali i Zi\",\"potentialAction\":[{\"@type\":\"SearchAction\",\"target\":{\"@type\":\"EntryPoint\",\"urlTemplate\":\"https:\/\/www.visit-ulcinj.com\/blog\/?s={search_term_string}\"},\"query-input\":\"required name=search_term_string\"}],\"inLanguage\":\"en-US\"},{\"@type\":\"ImageObject\",\"inLanguage\":\"en-US\",\"@id\":\"https:\/\/www.visit-ulcinj.com\/blog\/2011\/01\/26\/r-krivokapiq-duhet-hequr-kishen-nga-maja-e-rumise-video\/#primaryimage\",\"url\":\"https:\/\/www.visit-ulcinj.com\/blog\/wp-content\/uploads\/2011\/01\/crkva-svete-trojice-na-rumiji.1.jpg\",\"contentUrl\":\"https:\/\/www.visit-ulcinj.com\/blog\/wp-content\/uploads\/2011\/01\/crkva-svete-trojice-na-rumiji.1.jpg\",\"width\":\"640\",\"height\":\"480\"},{\"@type\":\"WebPage\",\"@id\":\"https:\/\/www.visit-ulcinj.com\/blog\/2011\/01\/26\/r-krivokapiq-duhet-hequr-kishen-nga-maja-e-rumise-video\/#webpage\",\"url\":\"https:\/\/www.visit-ulcinj.com\/blog\/2011\/01\/26\/r-krivokapiq-duhet-hequr-kishen-nga-maja-e-rumise-video\/\",\"name\":\"R. Krivokapiq: Duhet hequr Kish\u00ebn nga maja e Rumis\u00eb - Video - Lajme nga Ulqini\",\"isPartOf\":{\"@id\":\"https:\/\/www.visit-ulcinj.com\/blog\/#website\"},\"primaryImageOfPage\":{\"@id\":\"https:\/\/www.visit-ulcinj.com\/blog\/2011\/01\/26\/r-krivokapiq-duhet-hequr-kishen-nga-maja-e-rumise-video\/#primaryimage\"},\"datePublished\":\"2011-01-26T09:45:15+00:00\",\"dateModified\":\"2011-01-26T09:51:10+00:00\",\"author\":{\"@id\":\"https:\/\/www.visit-ulcinj.com\/blog\/#\/schema\/person\/dcab619c614d3038751c63bc2aadc06d\"},\"description\":\"Shteti duhet t\u00eb zbatoj\u00eb vendimin p\u00ebr heqjen e kish\u00ebs s\u00eb nd\u00ebrtuar n\u00eb m\u00ebnyr\u00eb jolegale n\u00eb malin e Rumis\u00eb dhe n\u00eb k\u00ebt\u00eb m\u00ebnyr\u00eb t\u00eb d\u00ebrgoj\u00eb mesazh t\u00eb qart\u00eb se\",\"breadcrumb\":{\"@id\":\"https:\/\/www.visit-ulcinj.com\/blog\/2011\/01\/26\/r-krivokapiq-duhet-hequr-kishen-nga-maja-e-rumise-video\/#breadcrumb\"},\"inLanguage\":\"en-US\",\"potentialAction\":[{\"@type\":\"ReadAction\",\"target\":[\"https:\/\/www.visit-ulcinj.com\/blog\/2011\/01\/26\/r-krivokapiq-duhet-hequr-kishen-nga-maja-e-rumise-video\/\"]}]},{\"@type\":\"BreadcrumbList\",\"@id\":\"https:\/\/www.visit-ulcinj.com\/blog\/2011\/01\/26\/r-krivokapiq-duhet-hequr-kishen-nga-maja-e-rumise-video\/#breadcrumb\",\"itemListElement\":[{\"@type\":\"ListItem\",\"position\":1,\"name\":\"R. Krivokapiq: Duhet hequr Kish\u00ebn nga maja e Rumis\u00eb &#8211; Video\"}]},{\"@type\":\"Person\",\"@id\":\"https:\/\/www.visit-ulcinj.com\/blog\/#\/schema\/person\/dcab619c614d3038751c63bc2aadc06d\",\"name\":\"ulqini\",\"sameAs\":[\"http:\/\/www.visit-ulcinj.com\"],\"url\":\"https:\/\/www.visit-ulcinj.com\/blog\/author\/admin\/\"}]}<\/script>\n<!-- \/ Yoast SEO plugin. -->","yoast_head_json":{"title":"R. Krivokapiq: Duhet hequr Kish\u00ebn nga maja e Rumis\u00eb - Video - Lajme nga Ulqini","description":"Shteti duhet t\u00eb zbatoj\u00eb vendimin p\u00ebr heqjen e kish\u00ebs s\u00eb nd\u00ebrtuar n\u00eb m\u00ebnyr\u00eb jolegale n\u00eb malin e Rumis\u00eb dhe n\u00eb k\u00ebt\u00eb m\u00ebnyr\u00eb t\u00eb d\u00ebrgoj\u00eb mesazh t\u00eb qart\u00eb se","robots":{"index":"index","follow":"follow","max-snippet":"max-snippet:-1","max-image-preview":"max-image-preview:large","max-video-preview":"max-video-preview:-1"},"canonical":"https:\/\/www.visit-ulcinj.com\/blog\/2011\/01\/26\/r-krivokapiq-duhet-hequr-kishen-nga-maja-e-rumise-video\/","og_locale":"en_US","og_type":"article","og_title":"R. Krivokapiq: Duhet hequr Kish\u00ebn nga maja e Rumis\u00eb - Video - Lajme nga Ulqini","og_description":"Shteti duhet t\u00eb zbatoj\u00eb vendimin p\u00ebr heqjen e kish\u00ebs s\u00eb nd\u00ebrtuar n\u00eb m\u00ebnyr\u00eb jolegale n\u00eb malin e Rumis\u00eb dhe n\u00eb k\u00ebt\u00eb m\u00ebnyr\u00eb t\u00eb d\u00ebrgoj\u00eb mesazh t\u00eb qart\u00eb se","og_url":"https:\/\/www.visit-ulcinj.com\/blog\/2011\/01\/26\/r-krivokapiq-duhet-hequr-kishen-nga-maja-e-rumise-video\/","og_site_name":"Lajme nga Ulqini","article_published_time":"2011-01-26T09:45:15+00:00","article_modified_time":"2011-01-26T09:51:10+00:00","og_image":[{"url":"http:\/\/www.visit-ulcinj.com\/blog\/wp-content\/uploads\/2011\/01\/crkva-svete-trojice-na-rumiji.1.jpg"}],"twitter_misc":{"Written by":"ulqini","Est. reading time":"1 minute"},"schema":{"@context":"https:\/\/schema.org","@graph":[{"@type":"WebSite","@id":"https:\/\/www.visit-ulcinj.com\/blog\/#website","url":"https:\/\/www.visit-ulcinj.com\/blog\/","name":"Lajme nga Ulqini","description":"Lajme,Vijesti,Ulqini,Ulqin,Crna Gora,Mali i Zi","potentialAction":[{"@type":"SearchAction","target":{"@type":"EntryPoint","urlTemplate":"https:\/\/www.visit-ulcinj.com\/blog\/?s={search_term_string}"},"query-input":"required name=search_term_string"}],"inLanguage":"en-US"},{"@type":"ImageObject","inLanguage":"en-US","@id":"https:\/\/www.visit-ulcinj.com\/blog\/2011\/01\/26\/r-krivokapiq-duhet-hequr-kishen-nga-maja-e-rumise-video\/#primaryimage","url":"https:\/\/www.visit-ulcinj.com\/blog\/wp-content\/uploads\/2011\/01\/crkva-svete-trojice-na-rumiji.1.jpg","contentUrl":"https:\/\/www.visit-ulcinj.com\/blog\/wp-content\/uploads\/2011\/01\/crkva-svete-trojice-na-rumiji.1.jpg","width":"640","height":"480"},{"@type":"WebPage","@id":"https:\/\/www.visit-ulcinj.com\/blog\/2011\/01\/26\/r-krivokapiq-duhet-hequr-kishen-nga-maja-e-rumise-video\/#webpage","url":"https:\/\/www.visit-ulcinj.com\/blog\/2011\/01\/26\/r-krivokapiq-duhet-hequr-kishen-nga-maja-e-rumise-video\/","name":"R. Krivokapiq: Duhet hequr Kish\u00ebn nga maja e Rumis\u00eb - Video - Lajme nga Ulqini","isPartOf":{"@id":"https:\/\/www.visit-ulcinj.com\/blog\/#website"},"primaryImageOfPage":{"@id":"https:\/\/www.visit-ulcinj.com\/blog\/2011\/01\/26\/r-krivokapiq-duhet-hequr-kishen-nga-maja-e-rumise-video\/#primaryimage"},"datePublished":"2011-01-26T09:45:15+00:00","dateModified":"2011-01-26T09:51:10+00:00","author":{"@id":"https:\/\/www.visit-ulcinj.com\/blog\/#\/schema\/person\/dcab619c614d3038751c63bc2aadc06d"},"description":"Shteti duhet t\u00eb zbatoj\u00eb vendimin p\u00ebr heqjen e kish\u00ebs s\u00eb nd\u00ebrtuar n\u00eb m\u00ebnyr\u00eb jolegale n\u00eb malin e Rumis\u00eb dhe n\u00eb k\u00ebt\u00eb m\u00ebnyr\u00eb t\u00eb d\u00ebrgoj\u00eb mesazh t\u00eb qart\u00eb se","breadcrumb":{"@id":"https:\/\/www.visit-ulcinj.com\/blog\/2011\/01\/26\/r-krivokapiq-duhet-hequr-kishen-nga-maja-e-rumise-video\/#breadcrumb"},"inLanguage":"en-US","potentialAction":[{"@type":"ReadAction","target":["https:\/\/www.visit-ulcinj.com\/blog\/2011\/01\/26\/r-krivokapiq-duhet-hequr-kishen-nga-maja-e-rumise-video\/"]}]},{"@type":"BreadcrumbList","@id":"https:\/\/www.visit-ulcinj.com\/blog\/2011\/01\/26\/r-krivokapiq-duhet-hequr-kishen-nga-maja-e-rumise-video\/#breadcrumb","itemListElement":[{"@type":"ListItem","position":1,"name":"R. Krivokapiq: Duhet hequr Kish\u00ebn nga maja e Rumis\u00eb &#8211; Video"}]},{"@type":"Person","@id":"https:\/\/www.visit-ulcinj.com\/blog\/#\/schema\/person\/dcab619c614d3038751c63bc2aadc06d","name":"ulqini","sameAs":["http:\/\/www.visit-ulcinj.com"],"url":"https:\/\/www.visit-ulcinj.com\/blog\/author\/admin\/"}]}},"jetpack_featured_media_url":"","jetpack_sharing_enabled":true,"jetpack_shortlink":"https:\/\/wp.me\/pe6lTn-b8v","_links":{"self":[{"href":"https:\/\/www.visit-ulcinj.com\/blog\/wp-json\/wp\/v2\/posts\/42811"}],"collection":[{"href":"https:\/\/www.visit-ulcinj.com\/blog\/wp-json\/wp\/v2\/posts"}],"about":[{"href":"https:\/\/www.visit-ulcinj.com\/blog\/wp-json\/wp\/v2\/types\/post"}],"author":[{"embeddable":true,"href":"https:\/\/www.visit-ulcinj.com\/blog\/wp-json\/wp\/v2\/users\/1"}],"replies":[{"embeddable":true,"href":"https:\/\/www.visit-ulcinj.com\/blog\/wp-json\/wp\/v2\/comments?post=42811"}],"version-history":[{"count":0,"href":"https:\/\/www.visit-ulcinj.com\/blog\/wp-json\/wp\/v2\/posts\/42811\/revisions"}],"wp:attachment":[{"href":"https:\/\/www.visit-ulcinj.com\/blog\/wp-json\/wp\/v2\/media?parent=42811"}],"wp:term":[{"taxonomy":"category","embeddable":true,"href":"https:\/\/www.visit-ulcinj.com\/blog\/wp-json\/wp\/v2\/categories?post=42811"},{"taxonomy":"post_tag","embeddable":true,"href":"https:\/\/www.visit-ulcinj.com\/blog\/wp-json\/wp\/v2\/tags?post=42811"}],"curies":[{"name":"wp","href":"https:\/\/api.w.org\/{rel}","templated":true}]}}