{"id":42819,"date":"2011-01-26T11:33:51","date_gmt":"2011-01-26T10:33:51","guid":{"rendered":"http:\/\/www.visit-ulcinj.com\/blog\/?p=42819"},"modified":"2011-01-27T15:03:00","modified_gmt":"2011-01-27T14:03:00","slug":"mehmet-bardhi-bisedoi-me-denise-de-hauwere","status":"publish","type":"post","link":"https:\/\/www.visit-ulcinj.com\/blog\/2011\/01\/26\/mehmet-bardhi-bisedoi-me-denise-de-hauwere\/","title":{"rendered":"Mehmet Bardhi  bisedoi me Denise de Hauwere"},"content":{"rendered":"<p><a href=\"http:\/\/www.visit-ulcinj.com\/blog\/wp-content\/uploads\/2011\/01\/Bardhi-Ambasadorja-e-Mbreteris-se-Belgjikes-Denise-De-Hauwere.jpg\"><img loading=\"lazy\" class=\"alignleft size-full wp-image-42820\" title=\"Bardhi - Ambasadorja e Mbreteris se Belgjikes Denise De Hauwere\" src=\"http:\/\/www.visit-ulcinj.com\/blog\/wp-content\/uploads\/2011\/01\/Bardhi-Ambasadorja-e-Mbreteris-se-Belgjikes-Denise-De-Hauwere.jpg\" alt=\"\" width=\"490\" height=\"390\" \/><\/a>Gjat\u00eb jav\u00ebs q\u00eb shkoi ambasadorja e Mbret\u00ebris\u00eb s\u00eb Belgjik\u00ebs, zonja DENISE DE HAUWERE q\u00ebndroi n\u00eb Mal t\u00eb Zi n\u00eb vizit\u00eb lamtumir\u00ebse, me \u00e7 rast, n\u00eb Podgoric\u00eb, t\u00eb premt\u00ebn m\u00eb 21.01.20011, u takua edhe me Mehmet Bardhin, kryetar i Lidhjes demokratike n\u00eb Mal t\u00eb Zi dhe deputet n\u00eb Kuvendin e Malit t\u00eb Zi.<\/p>\n<p>Me k\u00ebt\u00eb rast kryetari Bardhi e njoftoi p\u00ebr situat\u00ebn aktuale politike n\u00eb Mal t\u00eb Zi me theks t\u00eb ve\u00e7ant\u00eb me pozit\u00ebn e shqiptar\u00ebve dhe aktivitetin e LD-s\u00eb dhe aktivitetin e tij n\u00eb Kuvendin e MZ-s\u00eb.<\/p>\n<p>K\u00ebto dit\u00eb, tha Bardhi, n\u00eb Kuvend pritet t\u00eb vazhdoj\u00eb pun\u00ebn Grupi Punues p\u00ebr harmonizimin e Ligjit p\u00ebr \u00a0Zgjedhjen e K\u00ebshilltar\u00ebve dhe Deputet\u00ebve, i cili Ligj \u00ebsht\u00eb dashur t\u00eb harmonizohej me Kushtetut\u00ebn n\u00eb afat prej tre muajve nga dita e shpallje saj.<\/p>\n<p>(T\u00eb p\u00ebrkujtojm\u00eb se Kushtetuta u pru m\u00eb 19. 10.2007 dhe u shpall m\u00eb 22. 10. 20007, pas Referendumit t\u00eb 21 majit 20006).<\/p>\n<p>Q\u00ebndrimi i LD n\u00eb MZ-s\u00eb dhe i deputet\u00ebve shqiptar\u00eb \u00ebsht\u00eb i qart\u00eb: shqiptar\u00ebt, si popull autokton, sot n\u00eb Mal t\u00eb Zi, t\u00eb zgjedhin p\u00ebrfaq\u00ebsuesit e vet politik\u00eb, numri i t\u00eb cil\u00ebve duhet t\u00eb jet\u00eb n\u00eb p\u00ebrpjes\u00ebtim me pjes\u00ebmarrjen e shqiptar\u00ebve n\u00eb numrin e p\u00ebrgjithsh\u00ebm t\u00eb popullsis\u00eb n\u00eb Mal t\u00eb Zi, \u00e7ka n\u00eb k\u00ebt\u00eb moment nga numri i p\u00ebrgjithsh\u00ebm i deputet\u00ebve n\u00eb Kuvendin e MZ, q\u00eb \u00ebsht\u00eb 81, i p\u00ebrcaktuar me Kushtetut\u00eb, shqiptar\u00ebt do t\u00eb duhej t\u00eb kishin 5 vende.<\/p>\n<p>Pastaj\u00a0 e njoftoi me aksionin e LD-s\u00eb p\u00ebr mbledhjen e n\u00ebnshkrimeve p\u00ebr Peticion kund\u00ebr Raportit t\u00eb Dick Martit, i cili Raport \u00ebsht\u00eb\u00a0 spekulativ dhe manipulues, me plot konstruksione \u00a0politike, dyshime pa fakte e\u00a0 shpifje t\u00eb papara, me q\u00ebllim t\u00eb diskreditimit t\u00eb popullit shqiptar n\u00eb p\u00ebrgjith\u00ebsi. N\u00eb Librin e Bardh\u00eb\u00a0 t\u00eb Peticionit, shqiptar\u00ebt n\u00eb MZ vun\u00eb m\u00eb tep\u00ebr se nj\u00eb mij\u00eb firma dhe bashk\u00eb me n\u00ebnshkrimet e tjera mbledhura n\u00eb t\u00eb gjitha trojet shqiptare, do t\u2019i dor\u00ebzohet Asambles\u00eb Parlamentare t\u00eb K\u00ebshillit t\u00eb Evrop\u00ebs.<\/p>\n<p>Pastaj e njoftoi me vazhdimin kamngul\u00ebs p\u00ebr realizimin e Komun\u00ebs s\u00eb Plot\u00eb t\u00eb Tuzit, t\u00eb Mal\u00ebsis\u00eb.<\/p>\n<p>Theks t\u00eb posa\u00e7\u00ebm Bardhi vuri n\u00eb k\u00ebrkes\u00ebn tone p\u00ebr heqjen e objektit nga metali, n\u00eb form\u00ebn e kish\u00ebs, nga maja e malit t\u00eb Rumis\u00eb, q\u00eb Kisha Pravosllave Serbe e vuri m\u00eb 18 qershor 2005 me ndihm\u00ebn e helikopter\u00ebve t\u00eb Ushtris\u00eb Serbo-Malazeze dhe n\u00eb p\u00ebrcjellje t\u00eb policis\u00eb malazeze, e q\u00eb \u00ebsht\u00eb provokimi m\u00eb i madh ndaj shqiptar\u00ebve\u00a0 n\u00eb 50 vjet\u00ebt e shkuara.<\/p>\n<p>Zonja De Hauwere fal\u00ebnderoj zot\u00ebri Bardhin p\u00ebr pritje, ashtu si edhe p\u00ebr komunikimet dhe marr\u00ebdh\u00ebniet e mira n\u00eb kat\u00ebr vitet e shkuara, sa ajo ishte ambasadore\u00a0 e Belgjik\u00ebs n\u00eb Beograd, e ngarkuar edhe p\u00ebr Malin e Zi dhe premtoi se edhe n\u00eb t\u00eb ardhshm\u00ebn , n\u00eb funksionin e ri t\u00eb Saj do t\u00eb vazhdoj\u00eb lidhjet miq\u00ebsore.<\/p>\n<p><strong>Mehmet Bardhi<\/strong><\/p>\n","protected":false},"excerpt":{"rendered":"<p>Gjat\u00eb jav\u00ebs q\u00eb shkoi ambasadorja e Mbret\u00ebris\u00eb s\u00eb Belgjik\u00ebs, zonja DENISE DE HAUWERE q\u00ebndroi n\u00eb Mal t\u00eb Zi n\u00eb vizit\u00eb lamtumir\u00ebse, me \u00e7 rast, n\u00eb Podgoric\u00eb, t\u00eb premt\u00ebn m\u00eb 21.01.20011, u takua edhe me Mehmet Bardhin, kryetar i Lidhjes demokratike n\u00eb Mal t\u00eb Zi dhe deputet n\u00eb Kuvendin e Malit t\u00eb Zi. Me k\u00ebt\u00eb rast [&hellip;]<\/p>\n","protected":false},"author":1,"featured_media":0,"comment_status":"open","ping_status":"closed","sticky":false,"template":"","format":"standard","meta":{"spay_email":"","jetpack_publicize_message":"","jetpack_is_tweetstorm":false,"jetpack_publicize_feature_enabled":true},"categories":[13],"tags":[17118,347],"jetpack_publicize_connections":[],"yoast_head":"<!-- This site is optimized with the Yoast SEO plugin v19.1 - https:\/\/yoast.com\/wordpress\/plugins\/seo\/ -->\n<title>Mehmet Bardhi bisedoi me Denise de Hauwere - Lajme nga Ulqini<\/title>\n<meta name=\"description\" content=\"Gjat\u00eb jav\u00ebs q\u00eb shkoi ambasadorja e Mbret\u00ebris\u00eb s\u00eb Belgjik\u00ebs, zonja DENISE DE HAUWERE q\u00ebndroi n\u00eb Mal t\u00eb Zi n\u00eb vizit\u00eb lamtumir\u00ebse, me \u00e7 rast, n\u00eb Podgoric\u00eb,\" \/>\n<meta name=\"robots\" content=\"index, follow, max-snippet:-1, max-image-preview:large, max-video-preview:-1\" \/>\n<link rel=\"canonical\" href=\"https:\/\/www.visit-ulcinj.com\/blog\/2011\/01\/26\/mehmet-bardhi-bisedoi-me-denise-de-hauwere\/\" \/>\n<meta property=\"og:locale\" content=\"en_US\" \/>\n<meta property=\"og:type\" content=\"article\" \/>\n<meta property=\"og:title\" content=\"Mehmet Bardhi bisedoi me Denise de Hauwere - Lajme nga Ulqini\" \/>\n<meta property=\"og:description\" content=\"Gjat\u00eb jav\u00ebs q\u00eb shkoi ambasadorja e Mbret\u00ebris\u00eb s\u00eb Belgjik\u00ebs, zonja DENISE DE HAUWERE q\u00ebndroi n\u00eb Mal t\u00eb Zi n\u00eb vizit\u00eb lamtumir\u00ebse, me \u00e7 rast, n\u00eb Podgoric\u00eb,\" \/>\n<meta property=\"og:url\" content=\"https:\/\/www.visit-ulcinj.com\/blog\/2011\/01\/26\/mehmet-bardhi-bisedoi-me-denise-de-hauwere\/\" \/>\n<meta property=\"og:site_name\" content=\"Lajme nga Ulqini\" \/>\n<meta property=\"article:published_time\" content=\"2011-01-26T10:33:51+00:00\" \/>\n<meta property=\"article:modified_time\" content=\"2011-01-27T14:03:00+00:00\" \/>\n<meta property=\"og:image\" content=\"http:\/\/www.visit-ulcinj.com\/blog\/wp-content\/uploads\/2011\/01\/Bardhi-Ambasadorja-e-Mbreteris-se-Belgjikes-Denise-De-Hauwere.jpg\" \/>\n<meta name=\"twitter:label1\" content=\"Written by\" \/>\n\t<meta name=\"twitter:data1\" content=\"ulqini\" \/>\n\t<meta name=\"twitter:label2\" content=\"Est. reading time\" \/>\n\t<meta name=\"twitter:data2\" content=\"3 minutes\" \/>\n<script type=\"application\/ld+json\" class=\"yoast-schema-graph\">{\"@context\":\"https:\/\/schema.org\",\"@graph\":[{\"@type\":\"WebSite\",\"@id\":\"https:\/\/www.visit-ulcinj.com\/blog\/#website\",\"url\":\"https:\/\/www.visit-ulcinj.com\/blog\/\",\"name\":\"Lajme nga Ulqini\",\"description\":\"Lajme,Vijesti,Ulqini,Ulqin,Crna Gora,Mali i Zi\",\"potentialAction\":[{\"@type\":\"SearchAction\",\"target\":{\"@type\":\"EntryPoint\",\"urlTemplate\":\"https:\/\/www.visit-ulcinj.com\/blog\/?s={search_term_string}\"},\"query-input\":\"required name=search_term_string\"}],\"inLanguage\":\"en-US\"},{\"@type\":\"ImageObject\",\"inLanguage\":\"en-US\",\"@id\":\"https:\/\/www.visit-ulcinj.com\/blog\/2011\/01\/26\/mehmet-bardhi-bisedoi-me-denise-de-hauwere\/#primaryimage\",\"url\":\"https:\/\/www.visit-ulcinj.com\/blog\/wp-content\/uploads\/2011\/01\/Bardhi-Ambasadorja-e-Mbreteris-se-Belgjikes-Denise-De-Hauwere.jpg\",\"contentUrl\":\"https:\/\/www.visit-ulcinj.com\/blog\/wp-content\/uploads\/2011\/01\/Bardhi-Ambasadorja-e-Mbreteris-se-Belgjikes-Denise-De-Hauwere.jpg\",\"width\":\"521\",\"height\":\"393\"},{\"@type\":\"WebPage\",\"@id\":\"https:\/\/www.visit-ulcinj.com\/blog\/2011\/01\/26\/mehmet-bardhi-bisedoi-me-denise-de-hauwere\/#webpage\",\"url\":\"https:\/\/www.visit-ulcinj.com\/blog\/2011\/01\/26\/mehmet-bardhi-bisedoi-me-denise-de-hauwere\/\",\"name\":\"Mehmet Bardhi bisedoi me Denise de Hauwere - Lajme nga Ulqini\",\"isPartOf\":{\"@id\":\"https:\/\/www.visit-ulcinj.com\/blog\/#website\"},\"primaryImageOfPage\":{\"@id\":\"https:\/\/www.visit-ulcinj.com\/blog\/2011\/01\/26\/mehmet-bardhi-bisedoi-me-denise-de-hauwere\/#primaryimage\"},\"datePublished\":\"2011-01-26T10:33:51+00:00\",\"dateModified\":\"2011-01-27T14:03:00+00:00\",\"author\":{\"@id\":\"https:\/\/www.visit-ulcinj.com\/blog\/#\/schema\/person\/dcab619c614d3038751c63bc2aadc06d\"},\"description\":\"Gjat\u00eb jav\u00ebs q\u00eb shkoi ambasadorja e Mbret\u00ebris\u00eb s\u00eb Belgjik\u00ebs, zonja DENISE DE HAUWERE q\u00ebndroi n\u00eb Mal t\u00eb Zi n\u00eb vizit\u00eb lamtumir\u00ebse, me \u00e7 rast, n\u00eb Podgoric\u00eb,\",\"breadcrumb\":{\"@id\":\"https:\/\/www.visit-ulcinj.com\/blog\/2011\/01\/26\/mehmet-bardhi-bisedoi-me-denise-de-hauwere\/#breadcrumb\"},\"inLanguage\":\"en-US\",\"potentialAction\":[{\"@type\":\"ReadAction\",\"target\":[\"https:\/\/www.visit-ulcinj.com\/blog\/2011\/01\/26\/mehmet-bardhi-bisedoi-me-denise-de-hauwere\/\"]}]},{\"@type\":\"BreadcrumbList\",\"@id\":\"https:\/\/www.visit-ulcinj.com\/blog\/2011\/01\/26\/mehmet-bardhi-bisedoi-me-denise-de-hauwere\/#breadcrumb\",\"itemListElement\":[{\"@type\":\"ListItem\",\"position\":1,\"name\":\"Mehmet Bardhi bisedoi me Denise de Hauwere\"}]},{\"@type\":\"Person\",\"@id\":\"https:\/\/www.visit-ulcinj.com\/blog\/#\/schema\/person\/dcab619c614d3038751c63bc2aadc06d\",\"name\":\"ulqini\",\"sameAs\":[\"http:\/\/www.visit-ulcinj.com\"],\"url\":\"https:\/\/www.visit-ulcinj.com\/blog\/author\/admin\/\"}]}<\/script>\n<!-- \/ Yoast SEO plugin. -->","yoast_head_json":{"title":"Mehmet Bardhi bisedoi me Denise de Hauwere - Lajme nga Ulqini","description":"Gjat\u00eb jav\u00ebs q\u00eb shkoi ambasadorja e Mbret\u00ebris\u00eb s\u00eb Belgjik\u00ebs, zonja DENISE DE HAUWERE q\u00ebndroi n\u00eb Mal t\u00eb Zi n\u00eb vizit\u00eb lamtumir\u00ebse, me \u00e7 rast, n\u00eb Podgoric\u00eb,","robots":{"index":"index","follow":"follow","max-snippet":"max-snippet:-1","max-image-preview":"max-image-preview:large","max-video-preview":"max-video-preview:-1"},"canonical":"https:\/\/www.visit-ulcinj.com\/blog\/2011\/01\/26\/mehmet-bardhi-bisedoi-me-denise-de-hauwere\/","og_locale":"en_US","og_type":"article","og_title":"Mehmet Bardhi bisedoi me Denise de Hauwere - Lajme nga Ulqini","og_description":"Gjat\u00eb jav\u00ebs q\u00eb shkoi ambasadorja e Mbret\u00ebris\u00eb s\u00eb Belgjik\u00ebs, zonja DENISE DE HAUWERE q\u00ebndroi n\u00eb Mal t\u00eb Zi n\u00eb vizit\u00eb lamtumir\u00ebse, me \u00e7 rast, n\u00eb Podgoric\u00eb,","og_url":"https:\/\/www.visit-ulcinj.com\/blog\/2011\/01\/26\/mehmet-bardhi-bisedoi-me-denise-de-hauwere\/","og_site_name":"Lajme nga Ulqini","article_published_time":"2011-01-26T10:33:51+00:00","article_modified_time":"2011-01-27T14:03:00+00:00","og_image":[{"url":"http:\/\/www.visit-ulcinj.com\/blog\/wp-content\/uploads\/2011\/01\/Bardhi-Ambasadorja-e-Mbreteris-se-Belgjikes-Denise-De-Hauwere.jpg"}],"twitter_misc":{"Written by":"ulqini","Est. reading time":"3 minutes"},"schema":{"@context":"https:\/\/schema.org","@graph":[{"@type":"WebSite","@id":"https:\/\/www.visit-ulcinj.com\/blog\/#website","url":"https:\/\/www.visit-ulcinj.com\/blog\/","name":"Lajme nga Ulqini","description":"Lajme,Vijesti,Ulqini,Ulqin,Crna Gora,Mali i Zi","potentialAction":[{"@type":"SearchAction","target":{"@type":"EntryPoint","urlTemplate":"https:\/\/www.visit-ulcinj.com\/blog\/?s={search_term_string}"},"query-input":"required name=search_term_string"}],"inLanguage":"en-US"},{"@type":"ImageObject","inLanguage":"en-US","@id":"https:\/\/www.visit-ulcinj.com\/blog\/2011\/01\/26\/mehmet-bardhi-bisedoi-me-denise-de-hauwere\/#primaryimage","url":"https:\/\/www.visit-ulcinj.com\/blog\/wp-content\/uploads\/2011\/01\/Bardhi-Ambasadorja-e-Mbreteris-se-Belgjikes-Denise-De-Hauwere.jpg","contentUrl":"https:\/\/www.visit-ulcinj.com\/blog\/wp-content\/uploads\/2011\/01\/Bardhi-Ambasadorja-e-Mbreteris-se-Belgjikes-Denise-De-Hauwere.jpg","width":"521","height":"393"},{"@type":"WebPage","@id":"https:\/\/www.visit-ulcinj.com\/blog\/2011\/01\/26\/mehmet-bardhi-bisedoi-me-denise-de-hauwere\/#webpage","url":"https:\/\/www.visit-ulcinj.com\/blog\/2011\/01\/26\/mehmet-bardhi-bisedoi-me-denise-de-hauwere\/","name":"Mehmet Bardhi bisedoi me Denise de Hauwere - Lajme nga Ulqini","isPartOf":{"@id":"https:\/\/www.visit-ulcinj.com\/blog\/#website"},"primaryImageOfPage":{"@id":"https:\/\/www.visit-ulcinj.com\/blog\/2011\/01\/26\/mehmet-bardhi-bisedoi-me-denise-de-hauwere\/#primaryimage"},"datePublished":"2011-01-26T10:33:51+00:00","dateModified":"2011-01-27T14:03:00+00:00","author":{"@id":"https:\/\/www.visit-ulcinj.com\/blog\/#\/schema\/person\/dcab619c614d3038751c63bc2aadc06d"},"description":"Gjat\u00eb jav\u00ebs q\u00eb shkoi ambasadorja e Mbret\u00ebris\u00eb s\u00eb Belgjik\u00ebs, zonja DENISE DE HAUWERE q\u00ebndroi n\u00eb Mal t\u00eb Zi n\u00eb vizit\u00eb lamtumir\u00ebse, me \u00e7 rast, n\u00eb Podgoric\u00eb,","breadcrumb":{"@id":"https:\/\/www.visit-ulcinj.com\/blog\/2011\/01\/26\/mehmet-bardhi-bisedoi-me-denise-de-hauwere\/#breadcrumb"},"inLanguage":"en-US","potentialAction":[{"@type":"ReadAction","target":["https:\/\/www.visit-ulcinj.com\/blog\/2011\/01\/26\/mehmet-bardhi-bisedoi-me-denise-de-hauwere\/"]}]},{"@type":"BreadcrumbList","@id":"https:\/\/www.visit-ulcinj.com\/blog\/2011\/01\/26\/mehmet-bardhi-bisedoi-me-denise-de-hauwere\/#breadcrumb","itemListElement":[{"@type":"ListItem","position":1,"name":"Mehmet Bardhi bisedoi me Denise de Hauwere"}]},{"@type":"Person","@id":"https:\/\/www.visit-ulcinj.com\/blog\/#\/schema\/person\/dcab619c614d3038751c63bc2aadc06d","name":"ulqini","sameAs":["http:\/\/www.visit-ulcinj.com"],"url":"https:\/\/www.visit-ulcinj.com\/blog\/author\/admin\/"}]}},"jetpack_featured_media_url":"","jetpack_sharing_enabled":true,"jetpack_shortlink":"https:\/\/wp.me\/pe6lTn-b8D","_links":{"self":[{"href":"https:\/\/www.visit-ulcinj.com\/blog\/wp-json\/wp\/v2\/posts\/42819"}],"collection":[{"href":"https:\/\/www.visit-ulcinj.com\/blog\/wp-json\/wp\/v2\/posts"}],"about":[{"href":"https:\/\/www.visit-ulcinj.com\/blog\/wp-json\/wp\/v2\/types\/post"}],"author":[{"embeddable":true,"href":"https:\/\/www.visit-ulcinj.com\/blog\/wp-json\/wp\/v2\/users\/1"}],"replies":[{"embeddable":true,"href":"https:\/\/www.visit-ulcinj.com\/blog\/wp-json\/wp\/v2\/comments?post=42819"}],"version-history":[{"count":0,"href":"https:\/\/www.visit-ulcinj.com\/blog\/wp-json\/wp\/v2\/posts\/42819\/revisions"}],"wp:attachment":[{"href":"https:\/\/www.visit-ulcinj.com\/blog\/wp-json\/wp\/v2\/media?parent=42819"}],"wp:term":[{"taxonomy":"category","embeddable":true,"href":"https:\/\/www.visit-ulcinj.com\/blog\/wp-json\/wp\/v2\/categories?post=42819"},{"taxonomy":"post_tag","embeddable":true,"href":"https:\/\/www.visit-ulcinj.com\/blog\/wp-json\/wp\/v2\/tags?post=42819"}],"curies":[{"name":"wp","href":"https:\/\/api.w.org\/{rel}","templated":true}]}}