{"id":42839,"date":"2011-01-26T18:43:50","date_gmt":"2011-01-26T17:43:50","guid":{"rendered":"http:\/\/www.visit-ulcinj.com\/blog\/?p=42839"},"modified":"2011-01-26T18:43:50","modified_gmt":"2011-01-26T17:43:50","slug":"cungu-shqiptaret-ne-mal-te-zi-nuk-jane-pakice","status":"publish","type":"post","link":"https:\/\/www.visit-ulcinj.com\/blog\/2011\/01\/26\/cungu-shqiptaret-ne-mal-te-zi-nuk-jane-pakice\/","title":{"rendered":"Cungu: Shqiptar\u00ebt n\u00eb Mal t\u00eb Zi nuk jan\u00eb pakic\u00eb"},"content":{"rendered":"<p><a href=\"http:\/\/www.visit-ulcinj.com\/blog\/wp-content\/uploads\/2011\/01\/nazif-cungu.jpg\"><img loading=\"lazy\" class=\"alignleft size-full wp-image-42840\" title=\"nazif-cungu\" src=\"http:\/\/www.visit-ulcinj.com\/blog\/wp-content\/uploads\/2011\/01\/nazif-cungu.jpg\" alt=\"\" width=\"490\" height=\"380\" \/><\/a>Podgoric\u00eb, 25 janar &#8211; Lideri i Forc\u00ebs s\u00eb Re Demokratike, Nazif Cungu, shtron nevoj\u00ebn e definimit me ligj se cilat jan\u00eb pakicat n\u00eb Malin e Zi, p\u00ebr t\u00eb p\u00ebrfillur mbi k\u00ebt\u00eb baz\u00eb edhe parimin e aksionit afirmativ p\u00ebr to.<\/p>\n<p>\u201cShqiptar\u00ebt n\u00eb Malin e Zi jan\u00eb popull autokton, krahasuar me pakicat e tjera. Ata kan\u00eb specifikat e veta gjuh\u00ebsore dhe kulturore. Mendoj se duhet nj\u00eb ligj, i cili do t\u00eb definonte cilat jan\u00eb pakicat n\u00eb Malin e Zi dhe mbi k\u00ebto baza duhet p\u00ebrfillur edhe parimin e aksionit afirmativ. Njeri nd\u00ebr rekomandimet q\u00eb kemi pasur n\u00eb K\u00ebshillin Nacional t\u00eb Shqiptar\u00ebve n\u00eb Mal t\u00eb Zi \u00ebsht\u00eb q\u00eb edhe organizatat politike t\u00eb marrin q\u00ebndrim rreth k\u00ebsaj \u00e7\u00ebshtjeje\u201d, citon KosovaLive Cungun.<\/p>\n<p>Lidhur me procesin e regjistrimit t\u00eb popullsis\u00eb, lideri i Forc\u00ebs thot\u00eb se duhet p\u00ebrfillur Kushtetut\u00ebn. \u00c7dokush le t\u00eb deklarohet ashtu si\u00e7 d\u00ebshiron.<\/p>\n<p>Sabrija Vuliq, kryetar i K\u00ebshillit Nacional Mysliman, mendon se ky komunitet para regjistrimit t\u00eb popullsis\u00eb n\u00eb Mal t\u00eb Zi, q\u00eb do t\u00eb zhvillohet n\u00eb muajin prill, ndodhet n\u00ebn nj\u00eb presion t\u00eb madh nga malaziasit dhe boshnjak\u00ebt, e sidomos nga k\u00ebto t\u00eb fundit, t\u00eb cil\u00ebt pjes\u00ebtar\u00ebve t\u00eb bashk\u00ebsis\u00eb myslimane u premtojn\u00eb vende pune n\u00ebse deklarohen boshnjak\u00eb.<\/p>\n<p>N\u00ebnkryetari i K\u00ebshillit Nacional Boshnjak n\u00eb Mal t\u00eb Zi dhe an\u00ebtar i Partis\u00eb Socialdemokrate n\u00eb pushtet, Ervin Spahiq, pret se do t\u00eb ket\u00eb politizime t\u00eb procesit t\u00eb regjistrimit t\u00eb popullsis\u00eb, por edhe presione rreth deklarimit t\u00eb p\u00ebrkat\u00ebsis\u00eb komb\u00ebtare t\u00eb qytetar\u00ebve. Ai shpreson se edhe ajo pjes\u00eb e besimit islam e deklaruar n\u00eb regjistrimin e fundit \/2003\/ si mysliman, do t\u00eb deklarohet boshnjak, sepse \u201cky \u00ebsht\u00eb emri i nocionit t\u00eb tyre\u201d.<\/p>\n<p>Spahiq mendon se nuk duhet ikur nga debatet publike rreth k\u00ebsaj teme dhe rekomandimi se \u201c\u00ebsht\u00eb e drejt\u00eb elementare e njer\u00ebzve q\u00eb t\u00eb deklarohen ashtu si\u00e7 d\u00ebshirojn\u00eb, jo me imponime &#8211; shp\u00ebrfillje dhe para\u201d.<\/p>\n<p><strong>KOHA NET<\/strong><\/p>\n","protected":false},"excerpt":{"rendered":"<p>Podgoric\u00eb, 25 janar &#8211; Lideri i Forc\u00ebs s\u00eb Re Demokratike, Nazif Cungu, shtron nevoj\u00ebn e definimit me ligj se cilat jan\u00eb pakicat n\u00eb Malin e Zi, p\u00ebr t\u00eb p\u00ebrfillur mbi k\u00ebt\u00eb baz\u00eb edhe parimin e aksionit afirmativ p\u00ebr to. \u201cShqiptar\u00ebt n\u00eb Malin e Zi jan\u00eb popull autokton, krahasuar me pakicat e tjera. Ata kan\u00eb specifikat [&hellip;]<\/p>\n","protected":false},"author":1,"featured_media":0,"comment_status":"open","ping_status":"closed","sticky":false,"template":"","format":"standard","meta":{"spay_email":"","jetpack_publicize_message":"","jetpack_is_tweetstorm":false,"jetpack_publicize_feature_enabled":true},"categories":[14249],"tags":[118,3722,200,18],"jetpack_publicize_connections":[],"yoast_head":"<!-- This site is optimized with the Yoast SEO plugin v19.1 - https:\/\/yoast.com\/wordpress\/plugins\/seo\/ -->\n<title>Cungu: Shqiptar\u00ebt n\u00eb Mal t\u00eb Zi nuk jan\u00eb pakic\u00eb - Lajme nga Ulqini<\/title>\n<meta name=\"description\" content=\"Podgoric\u00eb, 25 janar - Lideri i Forc\u00ebs s\u00eb Re Demokratike, Nazif Cungu, shtron nevoj\u00ebn e definimit me ligj se cilat jan\u00eb pakicat n\u00eb Malin e Zi, p\u00ebr t\u00eb\" \/>\n<meta name=\"robots\" content=\"index, follow, max-snippet:-1, max-image-preview:large, max-video-preview:-1\" \/>\n<link rel=\"canonical\" href=\"https:\/\/www.visit-ulcinj.com\/blog\/2011\/01\/26\/cungu-shqiptaret-ne-mal-te-zi-nuk-jane-pakice\/\" \/>\n<meta property=\"og:locale\" content=\"en_US\" \/>\n<meta property=\"og:type\" content=\"article\" \/>\n<meta property=\"og:title\" content=\"Cungu: Shqiptar\u00ebt n\u00eb Mal t\u00eb Zi nuk jan\u00eb pakic\u00eb - Lajme nga Ulqini\" \/>\n<meta property=\"og:description\" content=\"Podgoric\u00eb, 25 janar - Lideri i Forc\u00ebs s\u00eb Re Demokratike, Nazif Cungu, shtron nevoj\u00ebn e definimit me ligj se cilat jan\u00eb pakicat n\u00eb Malin e Zi, p\u00ebr t\u00eb\" \/>\n<meta property=\"og:url\" content=\"https:\/\/www.visit-ulcinj.com\/blog\/2011\/01\/26\/cungu-shqiptaret-ne-mal-te-zi-nuk-jane-pakice\/\" \/>\n<meta property=\"og:site_name\" content=\"Lajme nga Ulqini\" \/>\n<meta property=\"article:published_time\" content=\"2011-01-26T17:43:50+00:00\" \/>\n<meta property=\"og:image\" content=\"http:\/\/www.visit-ulcinj.com\/blog\/wp-content\/uploads\/2011\/01\/nazif-cungu.jpg\" \/>\n<meta name=\"twitter:label1\" content=\"Written by\" \/>\n\t<meta name=\"twitter:data1\" content=\"ulqini\" \/>\n\t<meta name=\"twitter:label2\" content=\"Est. reading time\" \/>\n\t<meta name=\"twitter:data2\" content=\"2 minutes\" \/>\n<script type=\"application\/ld+json\" class=\"yoast-schema-graph\">{\"@context\":\"https:\/\/schema.org\",\"@graph\":[{\"@type\":\"WebSite\",\"@id\":\"https:\/\/www.visit-ulcinj.com\/blog\/#website\",\"url\":\"https:\/\/www.visit-ulcinj.com\/blog\/\",\"name\":\"Lajme nga Ulqini\",\"description\":\"Lajme,Vijesti,Ulqini,Ulqin,Crna Gora,Mali i Zi\",\"potentialAction\":[{\"@type\":\"SearchAction\",\"target\":{\"@type\":\"EntryPoint\",\"urlTemplate\":\"https:\/\/www.visit-ulcinj.com\/blog\/?s={search_term_string}\"},\"query-input\":\"required name=search_term_string\"}],\"inLanguage\":\"en-US\"},{\"@type\":\"ImageObject\",\"inLanguage\":\"en-US\",\"@id\":\"https:\/\/www.visit-ulcinj.com\/blog\/2011\/01\/26\/cungu-shqiptaret-ne-mal-te-zi-nuk-jane-pakice\/#primaryimage\",\"url\":\"https:\/\/www.visit-ulcinj.com\/blog\/wp-content\/uploads\/2011\/01\/nazif-cungu.jpg\",\"contentUrl\":\"https:\/\/www.visit-ulcinj.com\/blog\/wp-content\/uploads\/2011\/01\/nazif-cungu.jpg\",\"width\":\"500\",\"height\":\"400\"},{\"@type\":\"WebPage\",\"@id\":\"https:\/\/www.visit-ulcinj.com\/blog\/2011\/01\/26\/cungu-shqiptaret-ne-mal-te-zi-nuk-jane-pakice\/#webpage\",\"url\":\"https:\/\/www.visit-ulcinj.com\/blog\/2011\/01\/26\/cungu-shqiptaret-ne-mal-te-zi-nuk-jane-pakice\/\",\"name\":\"Cungu: Shqiptar\u00ebt n\u00eb Mal t\u00eb Zi nuk jan\u00eb pakic\u00eb - Lajme nga Ulqini\",\"isPartOf\":{\"@id\":\"https:\/\/www.visit-ulcinj.com\/blog\/#website\"},\"primaryImageOfPage\":{\"@id\":\"https:\/\/www.visit-ulcinj.com\/blog\/2011\/01\/26\/cungu-shqiptaret-ne-mal-te-zi-nuk-jane-pakice\/#primaryimage\"},\"datePublished\":\"2011-01-26T17:43:50+00:00\",\"dateModified\":\"2011-01-26T17:43:50+00:00\",\"author\":{\"@id\":\"https:\/\/www.visit-ulcinj.com\/blog\/#\/schema\/person\/dcab619c614d3038751c63bc2aadc06d\"},\"description\":\"Podgoric\u00eb, 25 janar - Lideri i Forc\u00ebs s\u00eb Re Demokratike, Nazif Cungu, shtron nevoj\u00ebn e definimit me ligj se cilat jan\u00eb pakicat n\u00eb Malin e Zi, p\u00ebr t\u00eb\",\"breadcrumb\":{\"@id\":\"https:\/\/www.visit-ulcinj.com\/blog\/2011\/01\/26\/cungu-shqiptaret-ne-mal-te-zi-nuk-jane-pakice\/#breadcrumb\"},\"inLanguage\":\"en-US\",\"potentialAction\":[{\"@type\":\"ReadAction\",\"target\":[\"https:\/\/www.visit-ulcinj.com\/blog\/2011\/01\/26\/cungu-shqiptaret-ne-mal-te-zi-nuk-jane-pakice\/\"]}]},{\"@type\":\"BreadcrumbList\",\"@id\":\"https:\/\/www.visit-ulcinj.com\/blog\/2011\/01\/26\/cungu-shqiptaret-ne-mal-te-zi-nuk-jane-pakice\/#breadcrumb\",\"itemListElement\":[{\"@type\":\"ListItem\",\"position\":1,\"name\":\"Cungu: Shqiptar\u00ebt n\u00eb Mal t\u00eb Zi nuk jan\u00eb pakic\u00eb\"}]},{\"@type\":\"Person\",\"@id\":\"https:\/\/www.visit-ulcinj.com\/blog\/#\/schema\/person\/dcab619c614d3038751c63bc2aadc06d\",\"name\":\"ulqini\",\"sameAs\":[\"http:\/\/www.visit-ulcinj.com\"],\"url\":\"https:\/\/www.visit-ulcinj.com\/blog\/author\/admin\/\"}]}<\/script>\n<!-- \/ Yoast SEO plugin. -->","yoast_head_json":{"title":"Cungu: Shqiptar\u00ebt n\u00eb Mal t\u00eb Zi nuk jan\u00eb pakic\u00eb - Lajme nga Ulqini","description":"Podgoric\u00eb, 25 janar - Lideri i Forc\u00ebs s\u00eb Re Demokratike, Nazif Cungu, shtron nevoj\u00ebn e definimit me ligj se cilat jan\u00eb pakicat n\u00eb Malin e Zi, p\u00ebr t\u00eb","robots":{"index":"index","follow":"follow","max-snippet":"max-snippet:-1","max-image-preview":"max-image-preview:large","max-video-preview":"max-video-preview:-1"},"canonical":"https:\/\/www.visit-ulcinj.com\/blog\/2011\/01\/26\/cungu-shqiptaret-ne-mal-te-zi-nuk-jane-pakice\/","og_locale":"en_US","og_type":"article","og_title":"Cungu: Shqiptar\u00ebt n\u00eb Mal t\u00eb Zi nuk jan\u00eb pakic\u00eb - Lajme nga Ulqini","og_description":"Podgoric\u00eb, 25 janar - Lideri i Forc\u00ebs s\u00eb Re Demokratike, Nazif Cungu, shtron nevoj\u00ebn e definimit me ligj se cilat jan\u00eb pakicat n\u00eb Malin e Zi, p\u00ebr t\u00eb","og_url":"https:\/\/www.visit-ulcinj.com\/blog\/2011\/01\/26\/cungu-shqiptaret-ne-mal-te-zi-nuk-jane-pakice\/","og_site_name":"Lajme nga Ulqini","article_published_time":"2011-01-26T17:43:50+00:00","og_image":[{"url":"http:\/\/www.visit-ulcinj.com\/blog\/wp-content\/uploads\/2011\/01\/nazif-cungu.jpg"}],"twitter_misc":{"Written by":"ulqini","Est. reading time":"2 minutes"},"schema":{"@context":"https:\/\/schema.org","@graph":[{"@type":"WebSite","@id":"https:\/\/www.visit-ulcinj.com\/blog\/#website","url":"https:\/\/www.visit-ulcinj.com\/blog\/","name":"Lajme nga Ulqini","description":"Lajme,Vijesti,Ulqini,Ulqin,Crna Gora,Mali i Zi","potentialAction":[{"@type":"SearchAction","target":{"@type":"EntryPoint","urlTemplate":"https:\/\/www.visit-ulcinj.com\/blog\/?s={search_term_string}"},"query-input":"required name=search_term_string"}],"inLanguage":"en-US"},{"@type":"ImageObject","inLanguage":"en-US","@id":"https:\/\/www.visit-ulcinj.com\/blog\/2011\/01\/26\/cungu-shqiptaret-ne-mal-te-zi-nuk-jane-pakice\/#primaryimage","url":"https:\/\/www.visit-ulcinj.com\/blog\/wp-content\/uploads\/2011\/01\/nazif-cungu.jpg","contentUrl":"https:\/\/www.visit-ulcinj.com\/blog\/wp-content\/uploads\/2011\/01\/nazif-cungu.jpg","width":"500","height":"400"},{"@type":"WebPage","@id":"https:\/\/www.visit-ulcinj.com\/blog\/2011\/01\/26\/cungu-shqiptaret-ne-mal-te-zi-nuk-jane-pakice\/#webpage","url":"https:\/\/www.visit-ulcinj.com\/blog\/2011\/01\/26\/cungu-shqiptaret-ne-mal-te-zi-nuk-jane-pakice\/","name":"Cungu: Shqiptar\u00ebt n\u00eb Mal t\u00eb Zi nuk jan\u00eb pakic\u00eb - Lajme nga Ulqini","isPartOf":{"@id":"https:\/\/www.visit-ulcinj.com\/blog\/#website"},"primaryImageOfPage":{"@id":"https:\/\/www.visit-ulcinj.com\/blog\/2011\/01\/26\/cungu-shqiptaret-ne-mal-te-zi-nuk-jane-pakice\/#primaryimage"},"datePublished":"2011-01-26T17:43:50+00:00","dateModified":"2011-01-26T17:43:50+00:00","author":{"@id":"https:\/\/www.visit-ulcinj.com\/blog\/#\/schema\/person\/dcab619c614d3038751c63bc2aadc06d"},"description":"Podgoric\u00eb, 25 janar - Lideri i Forc\u00ebs s\u00eb Re Demokratike, Nazif Cungu, shtron nevoj\u00ebn e definimit me ligj se cilat jan\u00eb pakicat n\u00eb Malin e Zi, p\u00ebr t\u00eb","breadcrumb":{"@id":"https:\/\/www.visit-ulcinj.com\/blog\/2011\/01\/26\/cungu-shqiptaret-ne-mal-te-zi-nuk-jane-pakice\/#breadcrumb"},"inLanguage":"en-US","potentialAction":[{"@type":"ReadAction","target":["https:\/\/www.visit-ulcinj.com\/blog\/2011\/01\/26\/cungu-shqiptaret-ne-mal-te-zi-nuk-jane-pakice\/"]}]},{"@type":"BreadcrumbList","@id":"https:\/\/www.visit-ulcinj.com\/blog\/2011\/01\/26\/cungu-shqiptaret-ne-mal-te-zi-nuk-jane-pakice\/#breadcrumb","itemListElement":[{"@type":"ListItem","position":1,"name":"Cungu: Shqiptar\u00ebt n\u00eb Mal t\u00eb Zi nuk jan\u00eb pakic\u00eb"}]},{"@type":"Person","@id":"https:\/\/www.visit-ulcinj.com\/blog\/#\/schema\/person\/dcab619c614d3038751c63bc2aadc06d","name":"ulqini","sameAs":["http:\/\/www.visit-ulcinj.com"],"url":"https:\/\/www.visit-ulcinj.com\/blog\/author\/admin\/"}]}},"jetpack_featured_media_url":"","jetpack_sharing_enabled":true,"jetpack_shortlink":"https:\/\/wp.me\/pe6lTn-b8X","_links":{"self":[{"href":"https:\/\/www.visit-ulcinj.com\/blog\/wp-json\/wp\/v2\/posts\/42839"}],"collection":[{"href":"https:\/\/www.visit-ulcinj.com\/blog\/wp-json\/wp\/v2\/posts"}],"about":[{"href":"https:\/\/www.visit-ulcinj.com\/blog\/wp-json\/wp\/v2\/types\/post"}],"author":[{"embeddable":true,"href":"https:\/\/www.visit-ulcinj.com\/blog\/wp-json\/wp\/v2\/users\/1"}],"replies":[{"embeddable":true,"href":"https:\/\/www.visit-ulcinj.com\/blog\/wp-json\/wp\/v2\/comments?post=42839"}],"version-history":[{"count":0,"href":"https:\/\/www.visit-ulcinj.com\/blog\/wp-json\/wp\/v2\/posts\/42839\/revisions"}],"wp:attachment":[{"href":"https:\/\/www.visit-ulcinj.com\/blog\/wp-json\/wp\/v2\/media?parent=42839"}],"wp:term":[{"taxonomy":"category","embeddable":true,"href":"https:\/\/www.visit-ulcinj.com\/blog\/wp-json\/wp\/v2\/categories?post=42839"},{"taxonomy":"post_tag","embeddable":true,"href":"https:\/\/www.visit-ulcinj.com\/blog\/wp-json\/wp\/v2\/tags?post=42839"}],"curies":[{"name":"wp","href":"https:\/\/api.w.org\/{rel}","templated":true}]}}