{"id":42842,"date":"2011-01-27T15:02:33","date_gmt":"2011-01-27T14:02:33","guid":{"rendered":"http:\/\/www.visit-ulcinj.com\/blog\/?p=42842"},"modified":"2011-01-27T15:02:33","modified_gmt":"2011-01-27T14:02:33","slug":"tirana-e-podgorica-diskutojne-per-liqenin-e-shkodres-dhe-bunen","status":"publish","type":"post","link":"https:\/\/www.visit-ulcinj.com\/blog\/2011\/01\/27\/tirana-e-podgorica-diskutojne-per-liqenin-e-shkodres-dhe-bunen\/","title":{"rendered":"Tirana e Podgorica diskutojn\u00eb p\u00ebr liqenin e Shkodr\u00ebs dhe Bun\u00ebn"},"content":{"rendered":"<p><a href=\"http:\/\/www.visit-ulcinj.com\/blog\/wp-content\/uploads\/2011\/01\/Fatmir-Mediu_Tarzan-Milosevic.jpg\"><img loading=\"lazy\" class=\"alignleft size-full wp-image-42843\" title=\"Fatmir Mediu_Tarzan Milosevic\" src=\"http:\/\/www.visit-ulcinj.com\/blog\/wp-content\/uploads\/2011\/01\/Fatmir-Mediu_Tarzan-Milosevic.jpg\" alt=\"\" width=\"490\" height=\"370\" \/><\/a>Podgoric\u00eb, 27 janar &#8211;\u00a0 Ministri shqiptar i mjedisit, Fatmir Mediu, n\u00eb nj\u00eb takim t\u00eb dy akademive t\u00eb arteve dhe shkencave malazeze dhe shqiptare n\u00eb Podgoric\u00eb, tha se nuk mund t\u00eb zgjidhet regjimi i ujit t\u00eb liqenit t\u00eb Shkodr\u00ebs dhe t\u00eb lumit Buna pa marr\u00eb pjes\u00eb t\u00eb gjitha vendet q\u00eb gravitojn\u00eb pran\u00eb tyre, njofton KosovaLive.<\/p>\n<p>\u201cDuhet nj\u00eb zgjidhje e p\u00ebrbashk\u00ebt, afatgjate dhe e q\u00ebndrueshme. N\u00eb asnj\u00eb m\u00ebnyr\u00eb ajo nuk mund t\u00eb jet\u00eb parciale. Pala shqiptare dhe ajo malazeze jan\u00eb dakorduar q\u00eb t\u00eb punohet bashk\u00ebrisht n\u00eb k\u00ebt\u00eb projekt\u201d, u shpreh Mediu. Sipas tij, liqeni nuk mund t\u00eb shikohet pa Bun\u00ebn, as Buna pa lumin Drin.<\/p>\n<p>Ministri shqiptar i Mjedisit shton se ky \u00ebsht\u00eb nj\u00eb problem kompleks edhe zgjidhja e tij do t\u00eb kushtoj\u00eb, por duhet gjetur zgjidhje p\u00ebr t u shmangur dukurive negative, para s\u00eb gjithash p\u00ebrmbytjeve.<\/p>\n<p>Ministri malazias i Bujq\u00ebsis\u00eb dhe zhvillimit rural ,Tarzan Milosheviq, thekson se shtrati i lumit Buna shpesh nuk \u00ebsht\u00eb n\u00eb gjendje q\u00eb t\u00eb absorboj\u00eb t\u00eb gjitha prurjet e uj\u00ebrave edhe kjo gjendje shkakton p\u00ebrmbytjet, p\u00ebrkat\u00ebsisht kthimin e uj\u00ebrave n\u00eb liqenin e Shkodr\u00ebs duke e ngritur at\u00eb n\u00eb nivelin m\u00eb ekstrem.<\/p>\n<p>Dy akademit\u00eb dhe p\u00ebrfaq\u00ebsuesit e qeverive t\u00eb Podgoric\u00ebs dhe Tiran\u00ebs si mas\u00eb aktuale propozojn\u00eb mund\u00ebsin\u00eb e pastrimit t\u00eb lumit Buna n\u00eb pik\u00ebpjekjen e saj me liqenin e Shkodr\u00ebs dhe n\u00eb daljen e tij n\u00eb det n\u00eb Komun\u00ebn e Ulqinit.<\/p>\n<p><strong>KOHA NET<\/strong><\/p>\n","protected":false},"excerpt":{"rendered":"<p>Podgoric\u00eb, 27 janar &#8211;\u00a0 Ministri shqiptar i mjedisit, Fatmir Mediu, n\u00eb nj\u00eb takim t\u00eb dy akademive t\u00eb arteve dhe shkencave malazeze dhe shqiptare n\u00eb Podgoric\u00eb, tha se nuk mund t\u00eb zgjidhet regjimi i ujit t\u00eb liqenit t\u00eb Shkodr\u00ebs dhe t\u00eb lumit Buna pa marr\u00eb pjes\u00eb t\u00eb gjitha vendet q\u00eb gravitojn\u00eb pran\u00eb tyre, njofton KosovaLive. \u201cDuhet [&hellip;]<\/p>\n","protected":false},"author":1,"featured_media":0,"comment_status":"open","ping_status":"closed","sticky":false,"template":"","format":"standard","meta":{"spay_email":"","jetpack_publicize_message":"","jetpack_is_tweetstorm":false,"jetpack_publicize_feature_enabled":true},"categories":[14],"tags":[17121,17122,17120,17123],"jetpack_publicize_connections":[],"yoast_head":"<!-- This site is optimized with the Yoast SEO plugin v19.1 - https:\/\/yoast.com\/wordpress\/plugins\/seo\/ -->\n<title>Tirana e Podgorica diskutojn\u00eb p\u00ebr liqenin e Shkodr\u00ebs dhe Bun\u00ebn - Lajme nga Ulqini<\/title>\n<meta name=\"description\" content=\"Podgoric\u00eb, 27 janar -\u00a0 Ministri shqiptar i mjedisit, Fatmir Mediu, n\u00eb nj\u00eb takim t\u00eb dy akademive t\u00eb arteve dhe shkencave malazeze dhe shqiptare n\u00eb\" \/>\n<meta name=\"robots\" content=\"index, follow, max-snippet:-1, max-image-preview:large, max-video-preview:-1\" \/>\n<link rel=\"canonical\" href=\"https:\/\/www.visit-ulcinj.com\/blog\/2011\/01\/27\/tirana-e-podgorica-diskutojne-per-liqenin-e-shkodres-dhe-bunen\/\" \/>\n<meta property=\"og:locale\" content=\"en_US\" \/>\n<meta property=\"og:type\" content=\"article\" \/>\n<meta property=\"og:title\" content=\"Tirana e Podgorica diskutojn\u00eb p\u00ebr liqenin e Shkodr\u00ebs dhe Bun\u00ebn - Lajme nga Ulqini\" \/>\n<meta property=\"og:description\" content=\"Podgoric\u00eb, 27 janar -\u00a0 Ministri shqiptar i mjedisit, Fatmir Mediu, n\u00eb nj\u00eb takim t\u00eb dy akademive t\u00eb arteve dhe shkencave malazeze dhe shqiptare n\u00eb\" \/>\n<meta property=\"og:url\" content=\"https:\/\/www.visit-ulcinj.com\/blog\/2011\/01\/27\/tirana-e-podgorica-diskutojne-per-liqenin-e-shkodres-dhe-bunen\/\" \/>\n<meta property=\"og:site_name\" content=\"Lajme nga Ulqini\" \/>\n<meta property=\"article:published_time\" content=\"2011-01-27T14:02:33+00:00\" \/>\n<meta property=\"og:image\" content=\"http:\/\/www.visit-ulcinj.com\/blog\/wp-content\/uploads\/2011\/01\/Fatmir-Mediu_Tarzan-Milosevic.jpg\" \/>\n<meta name=\"twitter:label1\" content=\"Written by\" \/>\n\t<meta name=\"twitter:data1\" content=\"ulqini\" \/>\n\t<meta name=\"twitter:label2\" content=\"Est. reading time\" \/>\n\t<meta name=\"twitter:data2\" content=\"1 minute\" \/>\n<script type=\"application\/ld+json\" class=\"yoast-schema-graph\">{\"@context\":\"https:\/\/schema.org\",\"@graph\":[{\"@type\":\"WebSite\",\"@id\":\"https:\/\/www.visit-ulcinj.com\/blog\/#website\",\"url\":\"https:\/\/www.visit-ulcinj.com\/blog\/\",\"name\":\"Lajme nga Ulqini\",\"description\":\"Lajme,Vijesti,Ulqini,Ulqin,Crna Gora,Mali i Zi\",\"potentialAction\":[{\"@type\":\"SearchAction\",\"target\":{\"@type\":\"EntryPoint\",\"urlTemplate\":\"https:\/\/www.visit-ulcinj.com\/blog\/?s={search_term_string}\"},\"query-input\":\"required name=search_term_string\"}],\"inLanguage\":\"en-US\"},{\"@type\":\"ImageObject\",\"inLanguage\":\"en-US\",\"@id\":\"https:\/\/www.visit-ulcinj.com\/blog\/2011\/01\/27\/tirana-e-podgorica-diskutojne-per-liqenin-e-shkodres-dhe-bunen\/#primaryimage\",\"url\":\"https:\/\/www.visit-ulcinj.com\/blog\/wp-content\/uploads\/2011\/01\/Fatmir-Mediu_Tarzan-Milosevic.jpg\",\"contentUrl\":\"https:\/\/www.visit-ulcinj.com\/blog\/wp-content\/uploads\/2011\/01\/Fatmir-Mediu_Tarzan-Milosevic.jpg\",\"width\":\"640\",\"height\":\"370\"},{\"@type\":\"WebPage\",\"@id\":\"https:\/\/www.visit-ulcinj.com\/blog\/2011\/01\/27\/tirana-e-podgorica-diskutojne-per-liqenin-e-shkodres-dhe-bunen\/#webpage\",\"url\":\"https:\/\/www.visit-ulcinj.com\/blog\/2011\/01\/27\/tirana-e-podgorica-diskutojne-per-liqenin-e-shkodres-dhe-bunen\/\",\"name\":\"Tirana e Podgorica diskutojn\u00eb p\u00ebr liqenin e Shkodr\u00ebs dhe Bun\u00ebn - Lajme nga Ulqini\",\"isPartOf\":{\"@id\":\"https:\/\/www.visit-ulcinj.com\/blog\/#website\"},\"primaryImageOfPage\":{\"@id\":\"https:\/\/www.visit-ulcinj.com\/blog\/2011\/01\/27\/tirana-e-podgorica-diskutojne-per-liqenin-e-shkodres-dhe-bunen\/#primaryimage\"},\"datePublished\":\"2011-01-27T14:02:33+00:00\",\"dateModified\":\"2011-01-27T14:02:33+00:00\",\"author\":{\"@id\":\"https:\/\/www.visit-ulcinj.com\/blog\/#\/schema\/person\/dcab619c614d3038751c63bc2aadc06d\"},\"description\":\"Podgoric\u00eb, 27 janar -\u00a0 Ministri shqiptar i mjedisit, Fatmir Mediu, n\u00eb nj\u00eb takim t\u00eb dy akademive t\u00eb arteve dhe shkencave malazeze dhe shqiptare n\u00eb\",\"breadcrumb\":{\"@id\":\"https:\/\/www.visit-ulcinj.com\/blog\/2011\/01\/27\/tirana-e-podgorica-diskutojne-per-liqenin-e-shkodres-dhe-bunen\/#breadcrumb\"},\"inLanguage\":\"en-US\",\"potentialAction\":[{\"@type\":\"ReadAction\",\"target\":[\"https:\/\/www.visit-ulcinj.com\/blog\/2011\/01\/27\/tirana-e-podgorica-diskutojne-per-liqenin-e-shkodres-dhe-bunen\/\"]}]},{\"@type\":\"BreadcrumbList\",\"@id\":\"https:\/\/www.visit-ulcinj.com\/blog\/2011\/01\/27\/tirana-e-podgorica-diskutojne-per-liqenin-e-shkodres-dhe-bunen\/#breadcrumb\",\"itemListElement\":[{\"@type\":\"ListItem\",\"position\":1,\"name\":\"Tirana e Podgorica diskutojn\u00eb p\u00ebr liqenin e Shkodr\u00ebs dhe Bun\u00ebn\"}]},{\"@type\":\"Person\",\"@id\":\"https:\/\/www.visit-ulcinj.com\/blog\/#\/schema\/person\/dcab619c614d3038751c63bc2aadc06d\",\"name\":\"ulqini\",\"sameAs\":[\"http:\/\/www.visit-ulcinj.com\"],\"url\":\"https:\/\/www.visit-ulcinj.com\/blog\/author\/admin\/\"}]}<\/script>\n<!-- \/ Yoast SEO plugin. -->","yoast_head_json":{"title":"Tirana e Podgorica diskutojn\u00eb p\u00ebr liqenin e Shkodr\u00ebs dhe Bun\u00ebn - Lajme nga Ulqini","description":"Podgoric\u00eb, 27 janar -\u00a0 Ministri shqiptar i mjedisit, Fatmir Mediu, n\u00eb nj\u00eb takim t\u00eb dy akademive t\u00eb arteve dhe shkencave malazeze dhe shqiptare n\u00eb","robots":{"index":"index","follow":"follow","max-snippet":"max-snippet:-1","max-image-preview":"max-image-preview:large","max-video-preview":"max-video-preview:-1"},"canonical":"https:\/\/www.visit-ulcinj.com\/blog\/2011\/01\/27\/tirana-e-podgorica-diskutojne-per-liqenin-e-shkodres-dhe-bunen\/","og_locale":"en_US","og_type":"article","og_title":"Tirana e Podgorica diskutojn\u00eb p\u00ebr liqenin e Shkodr\u00ebs dhe Bun\u00ebn - Lajme nga Ulqini","og_description":"Podgoric\u00eb, 27 janar -\u00a0 Ministri shqiptar i mjedisit, Fatmir Mediu, n\u00eb nj\u00eb takim t\u00eb dy akademive t\u00eb arteve dhe shkencave malazeze dhe shqiptare n\u00eb","og_url":"https:\/\/www.visit-ulcinj.com\/blog\/2011\/01\/27\/tirana-e-podgorica-diskutojne-per-liqenin-e-shkodres-dhe-bunen\/","og_site_name":"Lajme nga Ulqini","article_published_time":"2011-01-27T14:02:33+00:00","og_image":[{"url":"http:\/\/www.visit-ulcinj.com\/blog\/wp-content\/uploads\/2011\/01\/Fatmir-Mediu_Tarzan-Milosevic.jpg"}],"twitter_misc":{"Written by":"ulqini","Est. reading time":"1 minute"},"schema":{"@context":"https:\/\/schema.org","@graph":[{"@type":"WebSite","@id":"https:\/\/www.visit-ulcinj.com\/blog\/#website","url":"https:\/\/www.visit-ulcinj.com\/blog\/","name":"Lajme nga Ulqini","description":"Lajme,Vijesti,Ulqini,Ulqin,Crna Gora,Mali i Zi","potentialAction":[{"@type":"SearchAction","target":{"@type":"EntryPoint","urlTemplate":"https:\/\/www.visit-ulcinj.com\/blog\/?s={search_term_string}"},"query-input":"required name=search_term_string"}],"inLanguage":"en-US"},{"@type":"ImageObject","inLanguage":"en-US","@id":"https:\/\/www.visit-ulcinj.com\/blog\/2011\/01\/27\/tirana-e-podgorica-diskutojne-per-liqenin-e-shkodres-dhe-bunen\/#primaryimage","url":"https:\/\/www.visit-ulcinj.com\/blog\/wp-content\/uploads\/2011\/01\/Fatmir-Mediu_Tarzan-Milosevic.jpg","contentUrl":"https:\/\/www.visit-ulcinj.com\/blog\/wp-content\/uploads\/2011\/01\/Fatmir-Mediu_Tarzan-Milosevic.jpg","width":"640","height":"370"},{"@type":"WebPage","@id":"https:\/\/www.visit-ulcinj.com\/blog\/2011\/01\/27\/tirana-e-podgorica-diskutojne-per-liqenin-e-shkodres-dhe-bunen\/#webpage","url":"https:\/\/www.visit-ulcinj.com\/blog\/2011\/01\/27\/tirana-e-podgorica-diskutojne-per-liqenin-e-shkodres-dhe-bunen\/","name":"Tirana e Podgorica diskutojn\u00eb p\u00ebr liqenin e Shkodr\u00ebs dhe Bun\u00ebn - Lajme nga Ulqini","isPartOf":{"@id":"https:\/\/www.visit-ulcinj.com\/blog\/#website"},"primaryImageOfPage":{"@id":"https:\/\/www.visit-ulcinj.com\/blog\/2011\/01\/27\/tirana-e-podgorica-diskutojne-per-liqenin-e-shkodres-dhe-bunen\/#primaryimage"},"datePublished":"2011-01-27T14:02:33+00:00","dateModified":"2011-01-27T14:02:33+00:00","author":{"@id":"https:\/\/www.visit-ulcinj.com\/blog\/#\/schema\/person\/dcab619c614d3038751c63bc2aadc06d"},"description":"Podgoric\u00eb, 27 janar -\u00a0 Ministri shqiptar i mjedisit, Fatmir Mediu, n\u00eb nj\u00eb takim t\u00eb dy akademive t\u00eb arteve dhe shkencave malazeze dhe shqiptare n\u00eb","breadcrumb":{"@id":"https:\/\/www.visit-ulcinj.com\/blog\/2011\/01\/27\/tirana-e-podgorica-diskutojne-per-liqenin-e-shkodres-dhe-bunen\/#breadcrumb"},"inLanguage":"en-US","potentialAction":[{"@type":"ReadAction","target":["https:\/\/www.visit-ulcinj.com\/blog\/2011\/01\/27\/tirana-e-podgorica-diskutojne-per-liqenin-e-shkodres-dhe-bunen\/"]}]},{"@type":"BreadcrumbList","@id":"https:\/\/www.visit-ulcinj.com\/blog\/2011\/01\/27\/tirana-e-podgorica-diskutojne-per-liqenin-e-shkodres-dhe-bunen\/#breadcrumb","itemListElement":[{"@type":"ListItem","position":1,"name":"Tirana e Podgorica diskutojn\u00eb p\u00ebr liqenin e Shkodr\u00ebs dhe Bun\u00ebn"}]},{"@type":"Person","@id":"https:\/\/www.visit-ulcinj.com\/blog\/#\/schema\/person\/dcab619c614d3038751c63bc2aadc06d","name":"ulqini","sameAs":["http:\/\/www.visit-ulcinj.com"],"url":"https:\/\/www.visit-ulcinj.com\/blog\/author\/admin\/"}]}},"jetpack_featured_media_url":"","jetpack_sharing_enabled":true,"jetpack_shortlink":"https:\/\/wp.me\/pe6lTn-b90","_links":{"self":[{"href":"https:\/\/www.visit-ulcinj.com\/blog\/wp-json\/wp\/v2\/posts\/42842"}],"collection":[{"href":"https:\/\/www.visit-ulcinj.com\/blog\/wp-json\/wp\/v2\/posts"}],"about":[{"href":"https:\/\/www.visit-ulcinj.com\/blog\/wp-json\/wp\/v2\/types\/post"}],"author":[{"embeddable":true,"href":"https:\/\/www.visit-ulcinj.com\/blog\/wp-json\/wp\/v2\/users\/1"}],"replies":[{"embeddable":true,"href":"https:\/\/www.visit-ulcinj.com\/blog\/wp-json\/wp\/v2\/comments?post=42842"}],"version-history":[{"count":0,"href":"https:\/\/www.visit-ulcinj.com\/blog\/wp-json\/wp\/v2\/posts\/42842\/revisions"}],"wp:attachment":[{"href":"https:\/\/www.visit-ulcinj.com\/blog\/wp-json\/wp\/v2\/media?parent=42842"}],"wp:term":[{"taxonomy":"category","embeddable":true,"href":"https:\/\/www.visit-ulcinj.com\/blog\/wp-json\/wp\/v2\/categories?post=42842"},{"taxonomy":"post_tag","embeddable":true,"href":"https:\/\/www.visit-ulcinj.com\/blog\/wp-json\/wp\/v2\/tags?post=42842"}],"curies":[{"name":"wp","href":"https:\/\/api.w.org\/{rel}","templated":true}]}}