{"id":42847,"date":"2011-01-27T17:14:25","date_gmt":"2011-01-27T16:14:25","guid":{"rendered":"http:\/\/www.visit-ulcinj.com\/blog\/?p=42847"},"modified":"2011-01-27T17:14:25","modified_gmt":"2011-01-27T16:14:25","slug":"djaloshi-im-jeton-ne-kanada","status":"publish","type":"post","link":"https:\/\/www.visit-ulcinj.com\/blog\/2011\/01\/27\/djaloshi-im-jeton-ne-kanada\/","title":{"rendered":"Djaloshi im jeton n\u00eb Kanada"},"content":{"rendered":"<p><a href=\"http:\/\/www.visit-ulcinj.com\/blog\/wp-content\/uploads\/2011\/01\/Mirsa-Ker\u00e7eli-.2.jpg\"><img loading=\"lazy\" class=\"alignleft size-full wp-image-42848\" title=\"Mirsa-Ker\u00e7eli-.2\" src=\"http:\/\/www.visit-ulcinj.com\/blog\/wp-content\/uploads\/2011\/01\/Mirsa-Ker\u00e7eli-.2.jpg\" alt=\"\" width=\"402\" height=\"604\" \/><\/a>Q\u00eb nga ajo koh\u00eb, Mirsa ka sjell\u00eb k\u00ebng\u00eb, albume dhe videoklipe t\u00eb shumta, duke u radhitur nd\u00ebr k\u00ebng\u00ebtaret m\u00eb t\u00eb p\u00eblqyera n\u00eb tregun kosovar. Gjat\u00eb nj\u00eb bisede p\u00ebr \u201cZ\u00ebrin\u201d, k\u00ebng\u00ebtarja gjilanase shprehet se t\u00eb gjitha \u00ebndrrat artistike q\u00eb i ka pasur deri tash, i ka realizuar.<br \/>\nPrezantimin e par\u00eb publik t\u00eb k\u00ebng\u00ebtares Mirsa Ker\u00e7eli e kujtojm\u00eb para pes\u00eb vjet\u00ebve n\u00eb festivalin \u201cK\u00ebnga Magjike\u201d, kur me k\u00ebng\u00ebn \u201cDjaloshi im\u201d ajo at\u00eb vit pat fituar \u00e7mimin \u201cMagjia e par\u00eb\u201d.<\/p>\n<p>Q\u00eb nga ajo koh\u00eb, Mirsa ka sjell\u00eb k\u00ebng\u00eb, albume dhe videoklipe t\u00eb shumta, duke u radhitur nd\u00ebr k\u00ebng\u00ebtaret m\u00eb t\u00eb p\u00eblqyera n\u00eb tregun kosovar. Gjat\u00eb nj\u00eb bisede p\u00ebr \u201cZ\u00ebrin\u201d, k\u00ebng\u00ebtarja gjilanase shprehet se t\u00eb gjitha \u00ebndrrat artistike q\u00eb i ka pasur deri tash, i ka realizuar.<\/p>\n<p>\u201cP\u00ebr k\u00ebto pes\u00eb vjet jam shum\u00eb e k\u00ebnaqur me at\u00eb q\u00eb kam arritur. At\u00eb q\u00eb kam dashur edhe e kam realizuar. Nga k\u00ebto vite artistike kam fituar sukses, \u00e7mime, adhurues dhe popullaritet\u201d, theksoi ajo duke shtuar se \u00ebsht\u00eb leht\u00eb t\u00eb krijosh em\u00ebr, por m\u00eb v\u00ebshtir\u00eb \u00ebsht\u00eb ta ruash at\u00eb. \u201c\u00cbsht\u00eb shum\u00eb v\u00ebshtir\u00eb ta ruash popullaritetin. Duhet shum\u00eb pun\u00eb, angazhim dhe sakrific\u00eb q\u00eb publiku t\u00eb t\u00eb p\u00ebrkrah\u00eb gjithmon\u00eb\u201d, tregon Ker\u00e7eli.<\/p>\n<p>E p\u00ebr t\u00eb mos i zhg\u00ebnjyer adhuruesit, Mirsa ka realizuar nj\u00eb k\u00ebng\u00eb t\u00eb re, e cila \u00ebsht\u00eb transmetuar gjat\u00eb programeve t\u00eb Vitit t\u00eb Ri, kurse pret q\u00eb shum\u00eb shpejt t\u2019ia realizoj\u00eb edhe videoklipin. \u201cK\u00ebnga titullohet \u2018Sa p\u00ebr ty\u2019 dhe \u00ebsht\u00eb e punuar nga Hekuran Krasniqi.<\/p>\n<p>\u00cbsht\u00eb pritur shum\u00eb mir\u00eb nga publiku dhe mendoj t\u2019ia incizoj edhe videoklipin gjat\u00eb jav\u00ebve t\u00eb ardhshme\u201d, tregoi ajo p\u00ebr videoklipin e k\u00ebng\u00ebs m\u00eb t\u00eb re. K\u00ebng\u00ebtarja Ker\u00e7eli ka koh\u00eb q\u00eb nuk merr pjes\u00eb n\u00ebp\u00ebr festivale, por duket q\u00eb as nuk do ta shohim shum\u00eb shpejt.<\/p>\n<p>\u201cM\u00eb p\u00eblqen t\u00eb marr pjes\u00eb n\u00ebp\u00ebr festivale, por gjithmon\u00eb kur vinte koha e dor\u00ebzimit t\u00eb k\u00ebng\u00ebve p\u00ebr festivale, un\u00eb nuk e kisha k\u00ebng\u00ebn t\u00eb p\u00ebrgatitur, dhe kjo \u00ebsht\u00eb edhe arsyeja pse kam munguar\u201d, thot\u00eb ajo, e cila b\u00ebri me dije se nuk do t\u00eb jet\u00eb as pjes\u00eb e edicionit t\u00eb ri n\u00eb \u201cTop fest\u201d.<\/p>\n<p><strong>Jam e dashuruar<\/strong><\/p>\n<p>Ndryshe nga shum\u00eb k\u00ebng\u00ebtare t\u00eb cilat nuk preferojn\u00eb t\u00eb flasin p\u00ebr jet\u00ebn private, ku n\u00eb mesin e tyre ishte edhe Mirsa, duket se k\u00ebt\u00eb her\u00eb gj\u00ebrat jan\u00eb duke ecur mbar\u00eb n\u00eb sfer\u00ebn personale t\u00eb saj, saq\u00eb ajo tregon se \u00ebsht\u00eb edhe e dashuruar.<\/p>\n<p>Duke iu referuar k\u00ebng\u00ebs \u201cDjaloshi im\u201d, me t\u00eb cil\u00ebn Mirsa b\u00ebri em\u00ebr dhe popullaritet n\u00eb publikun shqiptar, ajo thot\u00eb p\u00ebr \u201cZ\u00ebrin\u201d se djaloshi i saj jeton n\u00eb Kanada. \u201cJam e dashuruar.<\/p>\n<p>Momentalisht i dashuri im \u00ebsht\u00eb n\u00eb Kanada, por rri shum\u00eb koh\u00eb edhe n\u00eb Kosov\u00eb\u201d, theksoi Mirsa, duke shtuar se p\u00ebrpos lidhjes s\u00eb dashuris\u00eb mes tyre ende nuk kan\u00eb b\u00ebr\u00eb ndonj\u00eb hap m\u00eb t\u00eb madh.<\/p>\n<p>\u201cJo, nuk kemi ndonj\u00eb plan rreth fejes\u00ebs. E r\u00ebnd\u00ebsishme \u00ebsht\u00eb q\u00eb lidhja po funksionon mir\u00eb dhe gj\u00ebrat e tjera vijn\u00eb ngadal\u00eb\u201d, p\u00ebrfundon bised\u00ebn k\u00ebng\u00ebtarja Ker\u00e7eli.<\/p>\n<p><strong>Arben Gjinaj<br \/>\nYllpress<br \/>\n<!--YouTube Error: bad URL entered--><\/strong><\/p>\n","protected":false},"excerpt":{"rendered":"<p>Q\u00eb nga ajo koh\u00eb, Mirsa ka sjell\u00eb k\u00ebng\u00eb, albume dhe videoklipe t\u00eb shumta, duke u radhitur nd\u00ebr k\u00ebng\u00ebtaret m\u00eb t\u00eb p\u00eblqyera n\u00eb tregun kosovar. Gjat\u00eb nj\u00eb bisede p\u00ebr \u201cZ\u00ebrin\u201d, k\u00ebng\u00ebtarja gjilanase shprehet se t\u00eb gjitha \u00ebndrrat artistike q\u00eb i ka pasur deri tash, i ka realizuar. Prezantimin e par\u00eb publik t\u00eb k\u00ebng\u00ebtares Mirsa Ker\u00e7eli e [&hellip;]<\/p>\n","protected":false},"author":1,"featured_media":0,"comment_status":"open","ping_status":"closed","sticky":false,"template":"","format":"standard","meta":{"spay_email":"","jetpack_publicize_message":"","jetpack_is_tweetstorm":false,"jetpack_publicize_feature_enabled":true},"categories":[1],"tags":[8998],"jetpack_publicize_connections":[],"yoast_head":"<!-- This site is optimized with the Yoast SEO plugin v19.1 - https:\/\/yoast.com\/wordpress\/plugins\/seo\/ -->\n<title>Djaloshi im jeton n\u00eb Kanada - Lajme nga Ulqini<\/title>\n<meta name=\"description\" content=\"Q\u00eb nga ajo koh\u00eb, Mirsa ka sjell\u00eb k\u00ebng\u00eb, albume dhe videoklipe t\u00eb shumta, duke u radhitur nd\u00ebr k\u00ebng\u00ebtaret m\u00eb t\u00eb p\u00eblqyera n\u00eb tregun kosovar. Gjat\u00eb nj\u00eb\" \/>\n<meta name=\"robots\" content=\"index, follow, max-snippet:-1, max-image-preview:large, max-video-preview:-1\" \/>\n<link rel=\"canonical\" href=\"https:\/\/www.visit-ulcinj.com\/blog\/2011\/01\/27\/djaloshi-im-jeton-ne-kanada\/\" \/>\n<meta property=\"og:locale\" content=\"en_US\" \/>\n<meta property=\"og:type\" content=\"article\" \/>\n<meta property=\"og:title\" content=\"Djaloshi im jeton n\u00eb Kanada - Lajme nga Ulqini\" \/>\n<meta property=\"og:description\" content=\"Q\u00eb nga ajo koh\u00eb, Mirsa ka sjell\u00eb k\u00ebng\u00eb, albume dhe videoklipe t\u00eb shumta, duke u radhitur nd\u00ebr k\u00ebng\u00ebtaret m\u00eb t\u00eb p\u00eblqyera n\u00eb tregun kosovar. Gjat\u00eb nj\u00eb\" \/>\n<meta property=\"og:url\" content=\"https:\/\/www.visit-ulcinj.com\/blog\/2011\/01\/27\/djaloshi-im-jeton-ne-kanada\/\" \/>\n<meta property=\"og:site_name\" content=\"Lajme nga Ulqini\" \/>\n<meta property=\"article:published_time\" content=\"2011-01-27T16:14:25+00:00\" \/>\n<meta name=\"twitter:label1\" content=\"Written by\" \/>\n\t<meta name=\"twitter:data1\" content=\"ulqini\" \/>\n\t<meta name=\"twitter:label2\" content=\"Est. reading time\" \/>\n\t<meta name=\"twitter:data2\" content=\"3 minutes\" \/>\n<script type=\"application\/ld+json\" class=\"yoast-schema-graph\">{\"@context\":\"https:\/\/schema.org\",\"@graph\":[{\"@type\":\"WebSite\",\"@id\":\"https:\/\/www.visit-ulcinj.com\/blog\/#website\",\"url\":\"https:\/\/www.visit-ulcinj.com\/blog\/\",\"name\":\"Lajme nga Ulqini\",\"description\":\"Lajme,Vijesti,Ulqini,Ulqin,Crna Gora,Mali i Zi\",\"potentialAction\":[{\"@type\":\"SearchAction\",\"target\":{\"@type\":\"EntryPoint\",\"urlTemplate\":\"https:\/\/www.visit-ulcinj.com\/blog\/?s={search_term_string}\"},\"query-input\":\"required name=search_term_string\"}],\"inLanguage\":\"en-US\"},{\"@type\":\"WebPage\",\"@id\":\"https:\/\/www.visit-ulcinj.com\/blog\/2011\/01\/27\/djaloshi-im-jeton-ne-kanada\/#webpage\",\"url\":\"https:\/\/www.visit-ulcinj.com\/blog\/2011\/01\/27\/djaloshi-im-jeton-ne-kanada\/\",\"name\":\"Djaloshi im jeton n\u00eb Kanada - Lajme nga Ulqini\",\"isPartOf\":{\"@id\":\"https:\/\/www.visit-ulcinj.com\/blog\/#website\"},\"datePublished\":\"2011-01-27T16:14:25+00:00\",\"dateModified\":\"2011-01-27T16:14:25+00:00\",\"author\":{\"@id\":\"https:\/\/www.visit-ulcinj.com\/blog\/#\/schema\/person\/dcab619c614d3038751c63bc2aadc06d\"},\"description\":\"Q\u00eb nga ajo koh\u00eb, Mirsa ka sjell\u00eb k\u00ebng\u00eb, albume dhe videoklipe t\u00eb shumta, duke u radhitur nd\u00ebr k\u00ebng\u00ebtaret m\u00eb t\u00eb p\u00eblqyera n\u00eb tregun kosovar. Gjat\u00eb nj\u00eb\",\"breadcrumb\":{\"@id\":\"https:\/\/www.visit-ulcinj.com\/blog\/2011\/01\/27\/djaloshi-im-jeton-ne-kanada\/#breadcrumb\"},\"inLanguage\":\"en-US\",\"potentialAction\":[{\"@type\":\"ReadAction\",\"target\":[\"https:\/\/www.visit-ulcinj.com\/blog\/2011\/01\/27\/djaloshi-im-jeton-ne-kanada\/\"]}]},{\"@type\":\"BreadcrumbList\",\"@id\":\"https:\/\/www.visit-ulcinj.com\/blog\/2011\/01\/27\/djaloshi-im-jeton-ne-kanada\/#breadcrumb\",\"itemListElement\":[{\"@type\":\"ListItem\",\"position\":1,\"name\":\"Djaloshi im jeton n\u00eb Kanada\"}]},{\"@type\":\"Person\",\"@id\":\"https:\/\/www.visit-ulcinj.com\/blog\/#\/schema\/person\/dcab619c614d3038751c63bc2aadc06d\",\"name\":\"ulqini\",\"sameAs\":[\"http:\/\/www.visit-ulcinj.com\"],\"url\":\"https:\/\/www.visit-ulcinj.com\/blog\/author\/admin\/\"}]}<\/script>\n<!-- \/ Yoast SEO plugin. -->","yoast_head_json":{"title":"Djaloshi im jeton n\u00eb Kanada - Lajme nga Ulqini","description":"Q\u00eb nga ajo koh\u00eb, Mirsa ka sjell\u00eb k\u00ebng\u00eb, albume dhe videoklipe t\u00eb shumta, duke u radhitur nd\u00ebr k\u00ebng\u00ebtaret m\u00eb t\u00eb p\u00eblqyera n\u00eb tregun kosovar. Gjat\u00eb nj\u00eb","robots":{"index":"index","follow":"follow","max-snippet":"max-snippet:-1","max-image-preview":"max-image-preview:large","max-video-preview":"max-video-preview:-1"},"canonical":"https:\/\/www.visit-ulcinj.com\/blog\/2011\/01\/27\/djaloshi-im-jeton-ne-kanada\/","og_locale":"en_US","og_type":"article","og_title":"Djaloshi im jeton n\u00eb Kanada - Lajme nga Ulqini","og_description":"Q\u00eb nga ajo koh\u00eb, Mirsa ka sjell\u00eb k\u00ebng\u00eb, albume dhe videoklipe t\u00eb shumta, duke u radhitur nd\u00ebr k\u00ebng\u00ebtaret m\u00eb t\u00eb p\u00eblqyera n\u00eb tregun kosovar. Gjat\u00eb nj\u00eb","og_url":"https:\/\/www.visit-ulcinj.com\/blog\/2011\/01\/27\/djaloshi-im-jeton-ne-kanada\/","og_site_name":"Lajme nga Ulqini","article_published_time":"2011-01-27T16:14:25+00:00","twitter_misc":{"Written by":"ulqini","Est. reading time":"3 minutes"},"schema":{"@context":"https:\/\/schema.org","@graph":[{"@type":"WebSite","@id":"https:\/\/www.visit-ulcinj.com\/blog\/#website","url":"https:\/\/www.visit-ulcinj.com\/blog\/","name":"Lajme nga Ulqini","description":"Lajme,Vijesti,Ulqini,Ulqin,Crna Gora,Mali i Zi","potentialAction":[{"@type":"SearchAction","target":{"@type":"EntryPoint","urlTemplate":"https:\/\/www.visit-ulcinj.com\/blog\/?s={search_term_string}"},"query-input":"required name=search_term_string"}],"inLanguage":"en-US"},{"@type":"WebPage","@id":"https:\/\/www.visit-ulcinj.com\/blog\/2011\/01\/27\/djaloshi-im-jeton-ne-kanada\/#webpage","url":"https:\/\/www.visit-ulcinj.com\/blog\/2011\/01\/27\/djaloshi-im-jeton-ne-kanada\/","name":"Djaloshi im jeton n\u00eb Kanada - Lajme nga Ulqini","isPartOf":{"@id":"https:\/\/www.visit-ulcinj.com\/blog\/#website"},"datePublished":"2011-01-27T16:14:25+00:00","dateModified":"2011-01-27T16:14:25+00:00","author":{"@id":"https:\/\/www.visit-ulcinj.com\/blog\/#\/schema\/person\/dcab619c614d3038751c63bc2aadc06d"},"description":"Q\u00eb nga ajo koh\u00eb, Mirsa ka sjell\u00eb k\u00ebng\u00eb, albume dhe videoklipe t\u00eb shumta, duke u radhitur nd\u00ebr k\u00ebng\u00ebtaret m\u00eb t\u00eb p\u00eblqyera n\u00eb tregun kosovar. Gjat\u00eb nj\u00eb","breadcrumb":{"@id":"https:\/\/www.visit-ulcinj.com\/blog\/2011\/01\/27\/djaloshi-im-jeton-ne-kanada\/#breadcrumb"},"inLanguage":"en-US","potentialAction":[{"@type":"ReadAction","target":["https:\/\/www.visit-ulcinj.com\/blog\/2011\/01\/27\/djaloshi-im-jeton-ne-kanada\/"]}]},{"@type":"BreadcrumbList","@id":"https:\/\/www.visit-ulcinj.com\/blog\/2011\/01\/27\/djaloshi-im-jeton-ne-kanada\/#breadcrumb","itemListElement":[{"@type":"ListItem","position":1,"name":"Djaloshi im jeton n\u00eb Kanada"}]},{"@type":"Person","@id":"https:\/\/www.visit-ulcinj.com\/blog\/#\/schema\/person\/dcab619c614d3038751c63bc2aadc06d","name":"ulqini","sameAs":["http:\/\/www.visit-ulcinj.com"],"url":"https:\/\/www.visit-ulcinj.com\/blog\/author\/admin\/"}]}},"jetpack_featured_media_url":"","jetpack_sharing_enabled":true,"jetpack_shortlink":"https:\/\/wp.me\/pe6lTn-b95","_links":{"self":[{"href":"https:\/\/www.visit-ulcinj.com\/blog\/wp-json\/wp\/v2\/posts\/42847"}],"collection":[{"href":"https:\/\/www.visit-ulcinj.com\/blog\/wp-json\/wp\/v2\/posts"}],"about":[{"href":"https:\/\/www.visit-ulcinj.com\/blog\/wp-json\/wp\/v2\/types\/post"}],"author":[{"embeddable":true,"href":"https:\/\/www.visit-ulcinj.com\/blog\/wp-json\/wp\/v2\/users\/1"}],"replies":[{"embeddable":true,"href":"https:\/\/www.visit-ulcinj.com\/blog\/wp-json\/wp\/v2\/comments?post=42847"}],"version-history":[{"count":0,"href":"https:\/\/www.visit-ulcinj.com\/blog\/wp-json\/wp\/v2\/posts\/42847\/revisions"}],"wp:attachment":[{"href":"https:\/\/www.visit-ulcinj.com\/blog\/wp-json\/wp\/v2\/media?parent=42847"}],"wp:term":[{"taxonomy":"category","embeddable":true,"href":"https:\/\/www.visit-ulcinj.com\/blog\/wp-json\/wp\/v2\/categories?post=42847"},{"taxonomy":"post_tag","embeddable":true,"href":"https:\/\/www.visit-ulcinj.com\/blog\/wp-json\/wp\/v2\/tags?post=42847"}],"curies":[{"name":"wp","href":"https:\/\/api.w.org\/{rel}","templated":true}]}}