{"id":42851,"date":"2011-01-27T17:28:06","date_gmt":"2011-01-27T16:28:06","guid":{"rendered":"http:\/\/www.visit-ulcinj.com\/blog\/?p=42851"},"modified":"2011-01-27T17:29:34","modified_gmt":"2011-01-27T16:29:34","slug":"genta-ska-konflikt-daffyin","status":"publish","type":"post","link":"https:\/\/www.visit-ulcinj.com\/blog\/2011\/01\/27\/genta-ska-konflikt-daffyin\/","title":{"rendered":"Genta s&#8217;ka konflikt Daffy&#8217;in!"},"content":{"rendered":"<p><a href=\"http:\/\/www.visit-ulcinj.com\/blog\/wp-content\/uploads\/2011\/01\/Genta-Ismajli2.jpg\"><img loading=\"lazy\" class=\"alignleft size-full wp-image-42852\" title=\"Genta Ismajli\" src=\"http:\/\/www.visit-ulcinj.com\/blog\/wp-content\/uploads\/2011\/01\/Genta-Ismajli2.jpg\" alt=\"\" width=\"490\" height=\"380\" \/><\/a>K\u00ebng\u00ebtarja Genta Ismajli ka th\u00ebn\u00eb se nuk ka asgj\u00eb personale me Dafina Zeqirin apo ndonj\u00eb k\u00ebng\u00ebtare tjet\u00ebr. Ajo ka shtuar se po punon 24 or\u00eb dhe \u00ebsht\u00eb n\u00eb p\u00ebrgatitje t\u00eb nj\u00eb videoklipi.<\/p>\n<p>Genta Ismajli nuk ka vendosur t\u00eb b\u00ebj\u00eb ndonj\u00eb dit\u00eb pushimi, pavar\u00ebsisht se ka qen\u00eb e angazhuar gjat\u00eb festave t\u00eb Vitit t\u00eb Ri.<\/p>\n<p>K\u00ebng\u00ebtarja, n\u00eb nj\u00eb bised\u00eb me &#8220;Express&#8221;, ka th\u00ebn\u00eb se i ka kat\u00ebr k\u00ebng\u00eb t\u00eb reja q\u00eb i ka realizuar n\u00eb fund t\u00eb vitit t\u00eb kaluar dhe do t\u00eb realizoj\u00eb edhe tri t\u00eb tjera p\u00ebr t\u00eb pasur nj\u00eb repertor q\u00eb do ta p\u00ebrdor\u00eb gjat\u00eb k\u00ebtij viti.<\/p>\n<p>&#8220;Kam kat\u00ebr k\u00ebng\u00eb t\u00eb reja dhe jam n\u00eb proces t\u00eb realizimit edhe t\u00eb tri k\u00ebng\u00ebve t\u00eb reja, pasi d\u00ebshiroj t\u00eb kem nj\u00eb repertor q\u00eb do t\u00eb m\u00eb p\u00ebrcjell\u00eb gjat\u00eb k\u00ebtij viti dhe t\u00eb jem sa m\u00eb fresh&#8221;, tha Ismajli.<\/p>\n<p>Sipas saj, n\u00eb k\u00ebto k\u00ebng\u00eb ka bashk\u00ebpunime m\u00eb t\u00eb rinj dhe t\u00eb vjet\u00ebr, nd\u00ebrkaq ka th\u00ebn\u00eb se &#8220;sigurisht q\u00eb do t\u00eb xhiroj\u00eb edhe nj\u00eb videoklip gjat\u00eb vitit&#8221;.<\/p>\n<p>&#8220;D\u00ebshiroj q\u00eb t\u00eb jem sa m\u00eb &#8216;fresh&#8217; me nj\u00eb repertor t\u00eb ri, q\u00eb mund t\u00eb m\u00eb p\u00ebrcjell\u00eb gjat\u00eb gjith\u00eb vitit&#8221;, ka th\u00ebn\u00eb ajo.<\/p>\n<p>K\u00ebng\u00ebtarja thot\u00eb se, pavar\u00ebsisht k\u00ebsaj, nuk do t\u00eb realizoj\u00eb ndonj\u00eb album t\u00eb ri, pasi konsideron se nj\u00eb gj\u00eb e till\u00eb k\u00ebrkon m\u00eb shum\u00eb koh\u00eb.<\/p>\n<p>&#8220;Krijimi i nj\u00eb album t\u00eb mir\u00eb k\u00ebrkon koh\u00eb dhe un\u00eb d\u00ebshiroj ta b\u00ebj nj\u00eb t\u00eb till\u00eb, sepse nj\u00eb artist i mir\u00ebfillt\u00eb k\u00ebrkon t\u00eb ket\u00eb edhe nj\u00eb album t\u00eb till\u00eb t\u00eb mir\u00ebfillt\u00eb. K\u00ebt\u00eb do ta quaja m\u00eb shum\u00eb nj\u00eb koleksion t\u00eb k\u00ebng\u00ebve t\u00eb mia p\u00ebr k\u00ebt\u00eb vit&#8221;.<\/p>\n<p>Genta ka th\u00ebn\u00eb se nuk ka pushuar n\u00eb asnj\u00eb moment dhe \u00ebsht\u00eb duke punuar dit\u00eb e nat\u00eb, kryesisht n\u00eb muzik\u00eb.<\/p>\n<p>&#8220;Ende jam e re dhe kam energji t\u00eb punoj dhe jam duke punuar p\u00ebr 24 or\u00eb pa nd\u00ebrprer\u00eb&#8221;.<br \/>\nNd\u00ebrkaq, n\u00eb lidhje me thashethemet se ajo nuk ka dashur t\u00eb k\u00ebndoj\u00eb n\u00eb Miss Universe p\u00ebr shkak t\u00eb paraqitjes s\u00eb Dafina Zeqirit, Genta ka th\u00ebn\u00eb se k\u00ebto jan\u00eb thashetheme dhe asgj\u00eb tjet\u00ebr.<\/p>\n<p>&#8220;Gazeta &#8216;Panorama&#8217; kishte shkruar se kinse un\u00eb nuk kam dal\u00eb ose jam vonuar p\u00ebr t\u00eb dal n\u00eb sken\u00eb p\u00ebr shkak t\u00eb Dafin\u00ebs. Kjo \u00ebsht\u00eb absolutisht e pav\u00ebrtet\u00eb sepse un\u00eb kam pas problem p\u00ebr t\u00eb veshur fustanin dhe askush nga regjia nuk m\u00eb ka paralajm\u00ebruar p\u00ebr k\u00ebt\u00eb gj\u00eb&#8221;, ka th\u00ebn\u00eb k\u00ebng\u00ebtarja.<\/p>\n<p>Genta ka th\u00ebn\u00eb se ajo ka nj\u00eb respekt shum\u00eb t\u00eb madh p\u00ebr Dafin\u00ebn, por edhe p\u00ebr k\u00ebng\u00ebtar\u00ebt e tjer\u00eb q\u00eb kan\u00eb qen\u00eb at\u00eb nat\u00eb n\u00eb k\u00ebt\u00eb spektak\u00ebl. &#8220;M\u00eb duket se dikush po i shpif k\u00ebto dhe nuk e di pse po i b\u00ebn k\u00ebto sene pik\u00ebrisht kund\u00ebr meje, apo ndoshta po d\u00ebshirojn\u00eb q\u00eb un\u00eb t\u00eb kem konflikt me dik\u00eb. Ndoshta kjo \u00ebsht\u00eb pika ime e dob\u00ebt sepse un\u00eb kam shum\u00eb respekt p\u00ebr koleg\u00ebt e mi, sidomos p\u00ebr Dafin\u00ebn dhe Leonor\u00ebn q\u00eb kan\u00eb qen\u00eb at\u00eb dit\u00eb mysafire t\u00eb ftuara t\u00eb festivalit&#8221;.<\/p>\n<p>N\u00eb fund, Genta ka th\u00ebn\u00eb se koh\u00ebn m\u00eb t\u00eb madhe \u00ebsht\u00eb duke e kaluar n\u00eb Prishtin\u00eb dhe p\u00ebr momentin i p\u00eblqen jeta e k\u00ebtill\u00eb. Porsa i p\u00ebrket jet\u00ebs privat, k\u00ebng\u00ebtarja ka th\u00ebn\u00eb se n\u00eb jet\u00ebn e saj private nuk ka di\u00e7ka t\u00eb re.<\/p>\n<p>&#8220;Edhe n\u00ebse do t\u00eb ket\u00eb, at\u00eb do ta mbaj vet\u00ebm p\u00ebr vete dhe jo p\u00ebr t\u00eb tjer\u00ebt&#8221;, ka th\u00ebn\u00eb ajo.<\/p>\n<p><strong>Shekulli<br \/>\n<!--YouTube Error: bad URL entered--><\/strong><\/p>\n","protected":false},"excerpt":{"rendered":"<p>K\u00ebng\u00ebtarja Genta Ismajli ka th\u00ebn\u00eb se nuk ka asgj\u00eb personale me Dafina Zeqirin apo ndonj\u00eb k\u00ebng\u00ebtare tjet\u00ebr. Ajo ka shtuar se po punon 24 or\u00eb dhe \u00ebsht\u00eb n\u00eb p\u00ebrgatitje t\u00eb nj\u00eb videoklipi. Genta Ismajli nuk ka vendosur t\u00eb b\u00ebj\u00eb ndonj\u00eb dit\u00eb pushimi, pavar\u00ebsisht se ka qen\u00eb e angazhuar gjat\u00eb festave t\u00eb Vitit t\u00eb Ri. K\u00ebng\u00ebtarja, [&hellip;]<\/p>\n","protected":false},"author":1,"featured_media":0,"comment_status":"open","ping_status":"closed","sticky":false,"template":"","format":"standard","meta":{"spay_email":"","jetpack_publicize_message":"","jetpack_is_tweetstorm":false,"jetpack_publicize_feature_enabled":true},"categories":[1],"tags":[323],"jetpack_publicize_connections":[],"yoast_head":"<!-- This site is optimized with the Yoast SEO plugin v19.1 - https:\/\/yoast.com\/wordpress\/plugins\/seo\/ -->\n<title>Genta s&#039;ka konflikt Daffy&#039;in! - Lajme nga Ulqini<\/title>\n<meta name=\"description\" content=\"K\u00ebng\u00ebtarja Genta Ismajli ka th\u00ebn\u00eb se nuk ka asgj\u00eb personale me Dafina Zeqirin apo ndonj\u00eb k\u00ebng\u00ebtare tjet\u00ebr. Ajo ka shtuar se po punon 24 or\u00eb dhe \u00ebsht\u00eb n\u00eb\" \/>\n<meta name=\"robots\" content=\"index, follow, max-snippet:-1, max-image-preview:large, max-video-preview:-1\" \/>\n<link rel=\"canonical\" href=\"https:\/\/www.visit-ulcinj.com\/blog\/2011\/01\/27\/genta-ska-konflikt-daffyin\/\" \/>\n<meta property=\"og:locale\" content=\"en_US\" \/>\n<meta property=\"og:type\" content=\"article\" \/>\n<meta property=\"og:title\" content=\"Genta s&#039;ka konflikt Daffy&#039;in! - Lajme nga Ulqini\" \/>\n<meta property=\"og:description\" content=\"K\u00ebng\u00ebtarja Genta Ismajli ka th\u00ebn\u00eb se nuk ka asgj\u00eb personale me Dafina Zeqirin apo ndonj\u00eb k\u00ebng\u00ebtare tjet\u00ebr. Ajo ka shtuar se po punon 24 or\u00eb dhe \u00ebsht\u00eb n\u00eb\" \/>\n<meta property=\"og:url\" content=\"https:\/\/www.visit-ulcinj.com\/blog\/2011\/01\/27\/genta-ska-konflikt-daffyin\/\" \/>\n<meta property=\"og:site_name\" content=\"Lajme nga Ulqini\" \/>\n<meta property=\"article:published_time\" content=\"2011-01-27T16:28:06+00:00\" \/>\n<meta property=\"article:modified_time\" content=\"2011-01-27T16:29:34+00:00\" \/>\n<meta property=\"og:image\" content=\"http:\/\/www.visit-ulcinj.com\/blog\/wp-content\/uploads\/2011\/01\/Genta-Ismajli2.jpg\" \/>\n<meta name=\"twitter:label1\" content=\"Written by\" \/>\n\t<meta name=\"twitter:data1\" content=\"ulqini\" \/>\n\t<meta name=\"twitter:label2\" content=\"Est. reading time\" \/>\n\t<meta name=\"twitter:data2\" content=\"3 minutes\" \/>\n<script type=\"application\/ld+json\" class=\"yoast-schema-graph\">{\"@context\":\"https:\/\/schema.org\",\"@graph\":[{\"@type\":\"WebSite\",\"@id\":\"https:\/\/www.visit-ulcinj.com\/blog\/#website\",\"url\":\"https:\/\/www.visit-ulcinj.com\/blog\/\",\"name\":\"Lajme nga Ulqini\",\"description\":\"Lajme,Vijesti,Ulqini,Ulqin,Crna Gora,Mali i Zi\",\"potentialAction\":[{\"@type\":\"SearchAction\",\"target\":{\"@type\":\"EntryPoint\",\"urlTemplate\":\"https:\/\/www.visit-ulcinj.com\/blog\/?s={search_term_string}\"},\"query-input\":\"required name=search_term_string\"}],\"inLanguage\":\"en-US\"},{\"@type\":\"ImageObject\",\"inLanguage\":\"en-US\",\"@id\":\"https:\/\/www.visit-ulcinj.com\/blog\/2011\/01\/27\/genta-ska-konflikt-daffyin\/#primaryimage\",\"url\":\"http:\/\/www.visit-ulcinj.com\/blog\/wp-content\/uploads\/2011\/01\/Genta-Ismajli2.jpg\",\"contentUrl\":\"http:\/\/www.visit-ulcinj.com\/blog\/wp-content\/uploads\/2011\/01\/Genta-Ismajli2.jpg\"},{\"@type\":\"WebPage\",\"@id\":\"https:\/\/www.visit-ulcinj.com\/blog\/2011\/01\/27\/genta-ska-konflikt-daffyin\/#webpage\",\"url\":\"https:\/\/www.visit-ulcinj.com\/blog\/2011\/01\/27\/genta-ska-konflikt-daffyin\/\",\"name\":\"Genta s'ka konflikt Daffy'in! - Lajme nga Ulqini\",\"isPartOf\":{\"@id\":\"https:\/\/www.visit-ulcinj.com\/blog\/#website\"},\"primaryImageOfPage\":{\"@id\":\"https:\/\/www.visit-ulcinj.com\/blog\/2011\/01\/27\/genta-ska-konflikt-daffyin\/#primaryimage\"},\"datePublished\":\"2011-01-27T16:28:06+00:00\",\"dateModified\":\"2011-01-27T16:29:34+00:00\",\"author\":{\"@id\":\"https:\/\/www.visit-ulcinj.com\/blog\/#\/schema\/person\/dcab619c614d3038751c63bc2aadc06d\"},\"description\":\"K\u00ebng\u00ebtarja Genta Ismajli ka th\u00ebn\u00eb se nuk ka asgj\u00eb personale me Dafina Zeqirin apo ndonj\u00eb k\u00ebng\u00ebtare tjet\u00ebr. Ajo ka shtuar se po punon 24 or\u00eb dhe \u00ebsht\u00eb n\u00eb\",\"breadcrumb\":{\"@id\":\"https:\/\/www.visit-ulcinj.com\/blog\/2011\/01\/27\/genta-ska-konflikt-daffyin\/#breadcrumb\"},\"inLanguage\":\"en-US\",\"potentialAction\":[{\"@type\":\"ReadAction\",\"target\":[\"https:\/\/www.visit-ulcinj.com\/blog\/2011\/01\/27\/genta-ska-konflikt-daffyin\/\"]}]},{\"@type\":\"BreadcrumbList\",\"@id\":\"https:\/\/www.visit-ulcinj.com\/blog\/2011\/01\/27\/genta-ska-konflikt-daffyin\/#breadcrumb\",\"itemListElement\":[{\"@type\":\"ListItem\",\"position\":1,\"name\":\"Genta s&#8217;ka konflikt Daffy&#8217;in!\"}]},{\"@type\":\"Person\",\"@id\":\"https:\/\/www.visit-ulcinj.com\/blog\/#\/schema\/person\/dcab619c614d3038751c63bc2aadc06d\",\"name\":\"ulqini\",\"sameAs\":[\"http:\/\/www.visit-ulcinj.com\"],\"url\":\"https:\/\/www.visit-ulcinj.com\/blog\/author\/admin\/\"}]}<\/script>\n<!-- \/ Yoast SEO plugin. -->","yoast_head_json":{"title":"Genta s'ka konflikt Daffy'in! - Lajme nga Ulqini","description":"K\u00ebng\u00ebtarja Genta Ismajli ka th\u00ebn\u00eb se nuk ka asgj\u00eb personale me Dafina Zeqirin apo ndonj\u00eb k\u00ebng\u00ebtare tjet\u00ebr. Ajo ka shtuar se po punon 24 or\u00eb dhe \u00ebsht\u00eb n\u00eb","robots":{"index":"index","follow":"follow","max-snippet":"max-snippet:-1","max-image-preview":"max-image-preview:large","max-video-preview":"max-video-preview:-1"},"canonical":"https:\/\/www.visit-ulcinj.com\/blog\/2011\/01\/27\/genta-ska-konflikt-daffyin\/","og_locale":"en_US","og_type":"article","og_title":"Genta s'ka konflikt Daffy'in! - Lajme nga Ulqini","og_description":"K\u00ebng\u00ebtarja Genta Ismajli ka th\u00ebn\u00eb se nuk ka asgj\u00eb personale me Dafina Zeqirin apo ndonj\u00eb k\u00ebng\u00ebtare tjet\u00ebr. Ajo ka shtuar se po punon 24 or\u00eb dhe \u00ebsht\u00eb n\u00eb","og_url":"https:\/\/www.visit-ulcinj.com\/blog\/2011\/01\/27\/genta-ska-konflikt-daffyin\/","og_site_name":"Lajme nga Ulqini","article_published_time":"2011-01-27T16:28:06+00:00","article_modified_time":"2011-01-27T16:29:34+00:00","og_image":[{"url":"http:\/\/www.visit-ulcinj.com\/blog\/wp-content\/uploads\/2011\/01\/Genta-Ismajli2.jpg"}],"twitter_misc":{"Written by":"ulqini","Est. reading time":"3 minutes"},"schema":{"@context":"https:\/\/schema.org","@graph":[{"@type":"WebSite","@id":"https:\/\/www.visit-ulcinj.com\/blog\/#website","url":"https:\/\/www.visit-ulcinj.com\/blog\/","name":"Lajme nga Ulqini","description":"Lajme,Vijesti,Ulqini,Ulqin,Crna Gora,Mali i Zi","potentialAction":[{"@type":"SearchAction","target":{"@type":"EntryPoint","urlTemplate":"https:\/\/www.visit-ulcinj.com\/blog\/?s={search_term_string}"},"query-input":"required name=search_term_string"}],"inLanguage":"en-US"},{"@type":"ImageObject","inLanguage":"en-US","@id":"https:\/\/www.visit-ulcinj.com\/blog\/2011\/01\/27\/genta-ska-konflikt-daffyin\/#primaryimage","url":"http:\/\/www.visit-ulcinj.com\/blog\/wp-content\/uploads\/2011\/01\/Genta-Ismajli2.jpg","contentUrl":"http:\/\/www.visit-ulcinj.com\/blog\/wp-content\/uploads\/2011\/01\/Genta-Ismajli2.jpg"},{"@type":"WebPage","@id":"https:\/\/www.visit-ulcinj.com\/blog\/2011\/01\/27\/genta-ska-konflikt-daffyin\/#webpage","url":"https:\/\/www.visit-ulcinj.com\/blog\/2011\/01\/27\/genta-ska-konflikt-daffyin\/","name":"Genta s'ka konflikt Daffy'in! - Lajme nga Ulqini","isPartOf":{"@id":"https:\/\/www.visit-ulcinj.com\/blog\/#website"},"primaryImageOfPage":{"@id":"https:\/\/www.visit-ulcinj.com\/blog\/2011\/01\/27\/genta-ska-konflikt-daffyin\/#primaryimage"},"datePublished":"2011-01-27T16:28:06+00:00","dateModified":"2011-01-27T16:29:34+00:00","author":{"@id":"https:\/\/www.visit-ulcinj.com\/blog\/#\/schema\/person\/dcab619c614d3038751c63bc2aadc06d"},"description":"K\u00ebng\u00ebtarja Genta Ismajli ka th\u00ebn\u00eb se nuk ka asgj\u00eb personale me Dafina Zeqirin apo ndonj\u00eb k\u00ebng\u00ebtare tjet\u00ebr. Ajo ka shtuar se po punon 24 or\u00eb dhe \u00ebsht\u00eb n\u00eb","breadcrumb":{"@id":"https:\/\/www.visit-ulcinj.com\/blog\/2011\/01\/27\/genta-ska-konflikt-daffyin\/#breadcrumb"},"inLanguage":"en-US","potentialAction":[{"@type":"ReadAction","target":["https:\/\/www.visit-ulcinj.com\/blog\/2011\/01\/27\/genta-ska-konflikt-daffyin\/"]}]},{"@type":"BreadcrumbList","@id":"https:\/\/www.visit-ulcinj.com\/blog\/2011\/01\/27\/genta-ska-konflikt-daffyin\/#breadcrumb","itemListElement":[{"@type":"ListItem","position":1,"name":"Genta s&#8217;ka konflikt Daffy&#8217;in!"}]},{"@type":"Person","@id":"https:\/\/www.visit-ulcinj.com\/blog\/#\/schema\/person\/dcab619c614d3038751c63bc2aadc06d","name":"ulqini","sameAs":["http:\/\/www.visit-ulcinj.com"],"url":"https:\/\/www.visit-ulcinj.com\/blog\/author\/admin\/"}]}},"jetpack_featured_media_url":"","jetpack_sharing_enabled":true,"jetpack_shortlink":"https:\/\/wp.me\/pe6lTn-b99","_links":{"self":[{"href":"https:\/\/www.visit-ulcinj.com\/blog\/wp-json\/wp\/v2\/posts\/42851"}],"collection":[{"href":"https:\/\/www.visit-ulcinj.com\/blog\/wp-json\/wp\/v2\/posts"}],"about":[{"href":"https:\/\/www.visit-ulcinj.com\/blog\/wp-json\/wp\/v2\/types\/post"}],"author":[{"embeddable":true,"href":"https:\/\/www.visit-ulcinj.com\/blog\/wp-json\/wp\/v2\/users\/1"}],"replies":[{"embeddable":true,"href":"https:\/\/www.visit-ulcinj.com\/blog\/wp-json\/wp\/v2\/comments?post=42851"}],"version-history":[{"count":0,"href":"https:\/\/www.visit-ulcinj.com\/blog\/wp-json\/wp\/v2\/posts\/42851\/revisions"}],"wp:attachment":[{"href":"https:\/\/www.visit-ulcinj.com\/blog\/wp-json\/wp\/v2\/media?parent=42851"}],"wp:term":[{"taxonomy":"category","embeddable":true,"href":"https:\/\/www.visit-ulcinj.com\/blog\/wp-json\/wp\/v2\/categories?post=42851"},{"taxonomy":"post_tag","embeddable":true,"href":"https:\/\/www.visit-ulcinj.com\/blog\/wp-json\/wp\/v2\/tags?post=42851"}],"curies":[{"name":"wp","href":"https:\/\/api.w.org\/{rel}","templated":true}]}}