{"id":42856,"date":"2011-01-27T18:04:57","date_gmt":"2011-01-27T17:04:57","guid":{"rendered":"http:\/\/www.visit-ulcinj.com\/blog\/?p=42856"},"modified":"2011-01-27T18:07:22","modified_gmt":"2011-01-27T17:07:22","slug":"rozana-behet-serish-bionde","status":"publish","type":"post","link":"https:\/\/www.visit-ulcinj.com\/blog\/2011\/01\/27\/rozana-behet-serish-bionde\/","title":{"rendered":"Rozana b\u00ebhet s\u00ebrish bionde"},"content":{"rendered":"<p><a href=\"http:\/\/www.visit-ulcinj.com\/blog\/wp-content\/uploads\/2011\/01\/Rozana-Radi1.jpg\"><img loading=\"lazy\" class=\"alignleft size-full wp-image-42857\" title=\"Rozana Radi\" src=\"http:\/\/www.visit-ulcinj.com\/blog\/wp-content\/uploads\/2011\/01\/Rozana-Radi1.jpg\" alt=\"\" width=\"490\" height=\"337\" \/><\/a>N\u00eb harkun kohor t\u00eb 1 muaji k\u00ebng\u00ebtarja Rozana Radi \u00ebsht\u00eb kthyer nga bionde, n\u00eb flok\u00ebkuqe, p\u00ebr t\u2019u rikthyer s\u00ebrish vet\u00ebm pak dit\u00eb m\u00eb par\u00eb n\u00eb bionde. Ka qen\u00eb nj\u00eb nga koncertet e saj t\u00eb fundjav\u00ebs q\u00eb e ka sjell\u00eb Rozin t\u00eb ndryshuar s\u00ebrish n\u00eb syt\u00eb e publikut.<br \/>\n\u00cbsht\u00eb njohur gjithmon\u00eb p\u00ebr eksperimentet e vazhdueshme q\u00eb b\u00ebn me look-un, ama k\u00ebt\u00eb her\u00eb i ka kaluar kufijt\u00eb. Kurr\u00eb m\u00eb par\u00eb s\u2019kishte nd\u00ebrmarr\u00eb ndryshime n\u00eb nj\u00eb koh\u00eb kaq t\u00eb shkurt\u00ebr.<\/p>\n<p>N\u00eb harkun kohor t\u00eb 1 muaji k\u00ebng\u00ebtarja Rozana Radi \u00ebsht\u00eb kthyer nga bionde, n\u00eb flok\u00ebkuqe, p\u00ebr t\u2019u rikthyer s\u00ebrish vet\u00ebm pak dit\u00eb m\u00eb par\u00eb n\u00eb bionde. Ka qen\u00eb nj\u00eb nga koncertet e saj t\u00eb fundjav\u00ebs q\u00eb e ka sjell\u00eb Rozin t\u00eb ndryshuar s\u00ebrish n\u00eb syt\u00eb e publikut.<\/p>\n<p>Ishte pik\u00ebrisht ky, koncerti q\u00eb na njohu edhe m\u00eb shum\u00eb me popullaritetin e vajz\u00ebs s\u00eb dashur t\u00eb sken\u00ebs. Gjat\u00eb asaj mbr\u00ebmjeje e kishe t\u00eb v\u00ebshtir\u00eb t\u2019i num\u00ebroje vizitor\u00ebt dhe kjo p\u00ebr dy arsye: E para sepse ishin t\u00eb shumt\u00eb n\u00eb num\u00ebr dhe e dyta sepse ishin gjat\u00eb gjith\u00eb koh\u00ebs n\u00eb l\u00ebvizje (duke k\u00ebrcyer), si pasoj\u00eb e k\u00ebng\u00ebve ritmike q\u00eb Rozi kishte zgjedhur p\u00ebr t\u00eb interpretuar.<\/p>\n<p>P\u00ebrmes k\u00ebtij takimi me fansat Rozana premtoi se shum\u00eb shpejt do t\u00eb vinte p\u00ebr ta edhe k\u00ebnga m\u00eb e re e saj. Mbr\u00ebmja p\u00ebrfundoi<br \/>\nrreth or\u00ebs tre t\u00eb mesnat\u00ebs dhe asnj\u00ebri prej t\u00eb pranishm\u00ebve nuk u largua p\u00ebrpara saj.<\/p>\n<p><strong>Bluetooth<br \/>\n<!--YouTube Error: bad URL entered--><\/strong><\/p>\n","protected":false},"excerpt":{"rendered":"<p>N\u00eb harkun kohor t\u00eb 1 muaji k\u00ebng\u00ebtarja Rozana Radi \u00ebsht\u00eb kthyer nga bionde, n\u00eb flok\u00ebkuqe, p\u00ebr t\u2019u rikthyer s\u00ebrish vet\u00ebm pak dit\u00eb m\u00eb par\u00eb n\u00eb bionde. Ka qen\u00eb nj\u00eb nga koncertet e saj t\u00eb fundjav\u00ebs q\u00eb e ka sjell\u00eb Rozin t\u00eb ndryshuar s\u00ebrish n\u00eb syt\u00eb e publikut. \u00cbsht\u00eb njohur gjithmon\u00eb p\u00ebr eksperimentet e vazhdueshme q\u00eb [&hellip;]<\/p>\n","protected":false},"author":1,"featured_media":0,"comment_status":"open","ping_status":"closed","sticky":false,"template":"","format":"standard","meta":{"spay_email":"","jetpack_publicize_message":"","jetpack_is_tweetstorm":false,"jetpack_publicize_feature_enabled":true},"categories":[1],"tags":[4964],"jetpack_publicize_connections":[],"yoast_head":"<!-- This site is optimized with the Yoast SEO plugin v19.1 - https:\/\/yoast.com\/wordpress\/plugins\/seo\/ -->\n<title>Rozana b\u00ebhet s\u00ebrish bionde - Lajme nga Ulqini<\/title>\n<meta name=\"description\" content=\"N\u00eb harkun kohor t\u00eb 1 muaji k\u00ebng\u00ebtarja Rozana Radi \u00ebsht\u00eb kthyer nga bionde, n\u00eb flok\u00ebkuqe, p\u00ebr t\u2019u rikthyer s\u00ebrish vet\u00ebm pak dit\u00eb m\u00eb par\u00eb n\u00eb bionde. Ka qen\u00eb\" \/>\n<meta name=\"robots\" content=\"index, follow, max-snippet:-1, max-image-preview:large, max-video-preview:-1\" \/>\n<link rel=\"canonical\" href=\"https:\/\/www.visit-ulcinj.com\/blog\/2011\/01\/27\/rozana-behet-serish-bionde\/\" \/>\n<meta property=\"og:locale\" content=\"en_US\" \/>\n<meta property=\"og:type\" content=\"article\" \/>\n<meta property=\"og:title\" content=\"Rozana b\u00ebhet s\u00ebrish bionde - Lajme nga Ulqini\" \/>\n<meta property=\"og:description\" content=\"N\u00eb harkun kohor t\u00eb 1 muaji k\u00ebng\u00ebtarja Rozana Radi \u00ebsht\u00eb kthyer nga bionde, n\u00eb flok\u00ebkuqe, p\u00ebr t\u2019u rikthyer s\u00ebrish vet\u00ebm pak dit\u00eb m\u00eb par\u00eb n\u00eb bionde. Ka qen\u00eb\" \/>\n<meta property=\"og:url\" content=\"https:\/\/www.visit-ulcinj.com\/blog\/2011\/01\/27\/rozana-behet-serish-bionde\/\" \/>\n<meta property=\"og:site_name\" content=\"Lajme nga Ulqini\" \/>\n<meta property=\"article:published_time\" content=\"2011-01-27T17:04:57+00:00\" \/>\n<meta property=\"article:modified_time\" content=\"2011-01-27T17:07:22+00:00\" \/>\n<meta property=\"og:image\" content=\"http:\/\/www.visit-ulcinj.com\/blog\/wp-content\/uploads\/2011\/01\/Rozana-Radi1.jpg\" \/>\n<meta name=\"twitter:label1\" content=\"Written by\" \/>\n\t<meta name=\"twitter:data1\" content=\"ulqini\" \/>\n\t<meta name=\"twitter:label2\" content=\"Est. reading time\" \/>\n\t<meta name=\"twitter:data2\" content=\"1 minute\" \/>\n<script type=\"application\/ld+json\" class=\"yoast-schema-graph\">{\"@context\":\"https:\/\/schema.org\",\"@graph\":[{\"@type\":\"WebSite\",\"@id\":\"https:\/\/www.visit-ulcinj.com\/blog\/#website\",\"url\":\"https:\/\/www.visit-ulcinj.com\/blog\/\",\"name\":\"Lajme nga Ulqini\",\"description\":\"Lajme,Vijesti,Ulqini,Ulqin,Crna Gora,Mali i Zi\",\"potentialAction\":[{\"@type\":\"SearchAction\",\"target\":{\"@type\":\"EntryPoint\",\"urlTemplate\":\"https:\/\/www.visit-ulcinj.com\/blog\/?s={search_term_string}\"},\"query-input\":\"required name=search_term_string\"}],\"inLanguage\":\"en-US\"},{\"@type\":\"ImageObject\",\"inLanguage\":\"en-US\",\"@id\":\"https:\/\/www.visit-ulcinj.com\/blog\/2011\/01\/27\/rozana-behet-serish-bionde\/#primaryimage\",\"url\":\"http:\/\/www.visit-ulcinj.com\/blog\/wp-content\/uploads\/2011\/01\/Rozana-Radi1.jpg\",\"contentUrl\":\"http:\/\/www.visit-ulcinj.com\/blog\/wp-content\/uploads\/2011\/01\/Rozana-Radi1.jpg\"},{\"@type\":\"WebPage\",\"@id\":\"https:\/\/www.visit-ulcinj.com\/blog\/2011\/01\/27\/rozana-behet-serish-bionde\/#webpage\",\"url\":\"https:\/\/www.visit-ulcinj.com\/blog\/2011\/01\/27\/rozana-behet-serish-bionde\/\",\"name\":\"Rozana b\u00ebhet s\u00ebrish bionde - Lajme nga Ulqini\",\"isPartOf\":{\"@id\":\"https:\/\/www.visit-ulcinj.com\/blog\/#website\"},\"primaryImageOfPage\":{\"@id\":\"https:\/\/www.visit-ulcinj.com\/blog\/2011\/01\/27\/rozana-behet-serish-bionde\/#primaryimage\"},\"datePublished\":\"2011-01-27T17:04:57+00:00\",\"dateModified\":\"2011-01-27T17:07:22+00:00\",\"author\":{\"@id\":\"https:\/\/www.visit-ulcinj.com\/blog\/#\/schema\/person\/dcab619c614d3038751c63bc2aadc06d\"},\"description\":\"N\u00eb harkun kohor t\u00eb 1 muaji k\u00ebng\u00ebtarja Rozana Radi \u00ebsht\u00eb kthyer nga bionde, n\u00eb flok\u00ebkuqe, p\u00ebr t\u2019u rikthyer s\u00ebrish vet\u00ebm pak dit\u00eb m\u00eb par\u00eb n\u00eb bionde. Ka qen\u00eb\",\"breadcrumb\":{\"@id\":\"https:\/\/www.visit-ulcinj.com\/blog\/2011\/01\/27\/rozana-behet-serish-bionde\/#breadcrumb\"},\"inLanguage\":\"en-US\",\"potentialAction\":[{\"@type\":\"ReadAction\",\"target\":[\"https:\/\/www.visit-ulcinj.com\/blog\/2011\/01\/27\/rozana-behet-serish-bionde\/\"]}]},{\"@type\":\"BreadcrumbList\",\"@id\":\"https:\/\/www.visit-ulcinj.com\/blog\/2011\/01\/27\/rozana-behet-serish-bionde\/#breadcrumb\",\"itemListElement\":[{\"@type\":\"ListItem\",\"position\":1,\"name\":\"Rozana b\u00ebhet s\u00ebrish bionde\"}]},{\"@type\":\"Person\",\"@id\":\"https:\/\/www.visit-ulcinj.com\/blog\/#\/schema\/person\/dcab619c614d3038751c63bc2aadc06d\",\"name\":\"ulqini\",\"sameAs\":[\"http:\/\/www.visit-ulcinj.com\"],\"url\":\"https:\/\/www.visit-ulcinj.com\/blog\/author\/admin\/\"}]}<\/script>\n<!-- \/ Yoast SEO plugin. -->","yoast_head_json":{"title":"Rozana b\u00ebhet s\u00ebrish bionde - Lajme nga Ulqini","description":"N\u00eb harkun kohor t\u00eb 1 muaji k\u00ebng\u00ebtarja Rozana Radi \u00ebsht\u00eb kthyer nga bionde, n\u00eb flok\u00ebkuqe, p\u00ebr t\u2019u rikthyer s\u00ebrish vet\u00ebm pak dit\u00eb m\u00eb par\u00eb n\u00eb bionde. Ka qen\u00eb","robots":{"index":"index","follow":"follow","max-snippet":"max-snippet:-1","max-image-preview":"max-image-preview:large","max-video-preview":"max-video-preview:-1"},"canonical":"https:\/\/www.visit-ulcinj.com\/blog\/2011\/01\/27\/rozana-behet-serish-bionde\/","og_locale":"en_US","og_type":"article","og_title":"Rozana b\u00ebhet s\u00ebrish bionde - Lajme nga Ulqini","og_description":"N\u00eb harkun kohor t\u00eb 1 muaji k\u00ebng\u00ebtarja Rozana Radi \u00ebsht\u00eb kthyer nga bionde, n\u00eb flok\u00ebkuqe, p\u00ebr t\u2019u rikthyer s\u00ebrish vet\u00ebm pak dit\u00eb m\u00eb par\u00eb n\u00eb bionde. Ka qen\u00eb","og_url":"https:\/\/www.visit-ulcinj.com\/blog\/2011\/01\/27\/rozana-behet-serish-bionde\/","og_site_name":"Lajme nga Ulqini","article_published_time":"2011-01-27T17:04:57+00:00","article_modified_time":"2011-01-27T17:07:22+00:00","og_image":[{"url":"http:\/\/www.visit-ulcinj.com\/blog\/wp-content\/uploads\/2011\/01\/Rozana-Radi1.jpg"}],"twitter_misc":{"Written by":"ulqini","Est. reading time":"1 minute"},"schema":{"@context":"https:\/\/schema.org","@graph":[{"@type":"WebSite","@id":"https:\/\/www.visit-ulcinj.com\/blog\/#website","url":"https:\/\/www.visit-ulcinj.com\/blog\/","name":"Lajme nga Ulqini","description":"Lajme,Vijesti,Ulqini,Ulqin,Crna Gora,Mali i Zi","potentialAction":[{"@type":"SearchAction","target":{"@type":"EntryPoint","urlTemplate":"https:\/\/www.visit-ulcinj.com\/blog\/?s={search_term_string}"},"query-input":"required name=search_term_string"}],"inLanguage":"en-US"},{"@type":"ImageObject","inLanguage":"en-US","@id":"https:\/\/www.visit-ulcinj.com\/blog\/2011\/01\/27\/rozana-behet-serish-bionde\/#primaryimage","url":"http:\/\/www.visit-ulcinj.com\/blog\/wp-content\/uploads\/2011\/01\/Rozana-Radi1.jpg","contentUrl":"http:\/\/www.visit-ulcinj.com\/blog\/wp-content\/uploads\/2011\/01\/Rozana-Radi1.jpg"},{"@type":"WebPage","@id":"https:\/\/www.visit-ulcinj.com\/blog\/2011\/01\/27\/rozana-behet-serish-bionde\/#webpage","url":"https:\/\/www.visit-ulcinj.com\/blog\/2011\/01\/27\/rozana-behet-serish-bionde\/","name":"Rozana b\u00ebhet s\u00ebrish bionde - Lajme nga Ulqini","isPartOf":{"@id":"https:\/\/www.visit-ulcinj.com\/blog\/#website"},"primaryImageOfPage":{"@id":"https:\/\/www.visit-ulcinj.com\/blog\/2011\/01\/27\/rozana-behet-serish-bionde\/#primaryimage"},"datePublished":"2011-01-27T17:04:57+00:00","dateModified":"2011-01-27T17:07:22+00:00","author":{"@id":"https:\/\/www.visit-ulcinj.com\/blog\/#\/schema\/person\/dcab619c614d3038751c63bc2aadc06d"},"description":"N\u00eb harkun kohor t\u00eb 1 muaji k\u00ebng\u00ebtarja Rozana Radi \u00ebsht\u00eb kthyer nga bionde, n\u00eb flok\u00ebkuqe, p\u00ebr t\u2019u rikthyer s\u00ebrish vet\u00ebm pak dit\u00eb m\u00eb par\u00eb n\u00eb bionde. Ka qen\u00eb","breadcrumb":{"@id":"https:\/\/www.visit-ulcinj.com\/blog\/2011\/01\/27\/rozana-behet-serish-bionde\/#breadcrumb"},"inLanguage":"en-US","potentialAction":[{"@type":"ReadAction","target":["https:\/\/www.visit-ulcinj.com\/blog\/2011\/01\/27\/rozana-behet-serish-bionde\/"]}]},{"@type":"BreadcrumbList","@id":"https:\/\/www.visit-ulcinj.com\/blog\/2011\/01\/27\/rozana-behet-serish-bionde\/#breadcrumb","itemListElement":[{"@type":"ListItem","position":1,"name":"Rozana b\u00ebhet s\u00ebrish bionde"}]},{"@type":"Person","@id":"https:\/\/www.visit-ulcinj.com\/blog\/#\/schema\/person\/dcab619c614d3038751c63bc2aadc06d","name":"ulqini","sameAs":["http:\/\/www.visit-ulcinj.com"],"url":"https:\/\/www.visit-ulcinj.com\/blog\/author\/admin\/"}]}},"jetpack_featured_media_url":"","jetpack_sharing_enabled":true,"jetpack_shortlink":"https:\/\/wp.me\/pe6lTn-b9e","_links":{"self":[{"href":"https:\/\/www.visit-ulcinj.com\/blog\/wp-json\/wp\/v2\/posts\/42856"}],"collection":[{"href":"https:\/\/www.visit-ulcinj.com\/blog\/wp-json\/wp\/v2\/posts"}],"about":[{"href":"https:\/\/www.visit-ulcinj.com\/blog\/wp-json\/wp\/v2\/types\/post"}],"author":[{"embeddable":true,"href":"https:\/\/www.visit-ulcinj.com\/blog\/wp-json\/wp\/v2\/users\/1"}],"replies":[{"embeddable":true,"href":"https:\/\/www.visit-ulcinj.com\/blog\/wp-json\/wp\/v2\/comments?post=42856"}],"version-history":[{"count":0,"href":"https:\/\/www.visit-ulcinj.com\/blog\/wp-json\/wp\/v2\/posts\/42856\/revisions"}],"wp:attachment":[{"href":"https:\/\/www.visit-ulcinj.com\/blog\/wp-json\/wp\/v2\/media?parent=42856"}],"wp:term":[{"taxonomy":"category","embeddable":true,"href":"https:\/\/www.visit-ulcinj.com\/blog\/wp-json\/wp\/v2\/categories?post=42856"},{"taxonomy":"post_tag","embeddable":true,"href":"https:\/\/www.visit-ulcinj.com\/blog\/wp-json\/wp\/v2\/tags?post=42856"}],"curies":[{"name":"wp","href":"https:\/\/api.w.org\/{rel}","templated":true}]}}