{"id":42861,"date":"2011-01-27T18:19:01","date_gmt":"2011-01-27T17:19:01","guid":{"rendered":"http:\/\/www.visit-ulcinj.com\/blog\/?p=42861"},"modified":"2011-01-27T18:19:01","modified_gmt":"2011-01-27T17:19:01","slug":"flaka-krelani-pergatitet-per-festivalin-top-fest","status":"publish","type":"post","link":"https:\/\/www.visit-ulcinj.com\/blog\/2011\/01\/27\/flaka-krelani-pergatitet-per-festivalin-top-fest\/","title":{"rendered":"Flaka Krelani p\u00ebrgatitet p\u00ebr festivalin Top Fest"},"content":{"rendered":"<p><a href=\"http:\/\/www.visit-ulcinj.com\/blog\/wp-content\/uploads\/2011\/01\/Flaka-Krelani.jpg\"><img loading=\"lazy\" class=\"alignleft size-full wp-image-42862\" title=\"Flaka Krelani\" src=\"http:\/\/www.visit-ulcinj.com\/blog\/wp-content\/uploads\/2011\/01\/Flaka-Krelani.jpg\" alt=\"\" width=\"400\" height=\"604\" \/><\/a>Duket se ky vit ka filluar mbar\u00eb p\u00ebr k\u00ebng\u00ebtaren Flaka Krelani. Angazhimet rreth muzik\u00ebs p\u00ebr t\u00eb nuk kan\u00eb t\u00eb ndalur, nd\u00ebrsa ofertat rreth bot\u00ebs s\u00eb artit sa vijn\u00eb e shtohen. \u201cDuke filluar nga dit\u00ebt e para t\u00eb janarit, gjith\u00e7ka ka nisur shum\u00eb, shum\u00eb mir\u00eb. Kam pasur shum\u00eb oferta spontane e q\u00eb kan\u00eb t\u00eb b\u00ebjn\u00eb me karrier\u00ebn time muzikore dhe un\u00eb jam gjithnj\u00eb me at\u00eb mendimin se gj\u00ebrat spontane gjithmon\u00eb jan\u00eb t\u00eb bukura, normalisht ato pozitivet. Dhe, ato thjesht i kam pranuar k\u00ebshtu, duke buz\u00ebqeshur. Por, tani jam fokusuar shum\u00eb rreth krijimeve t\u00eb reja\u201d, tregon Flaka p\u00ebr \u201cInfopress\u201d, nd\u00ebrsa b\u00ebn me dije se nj\u00eb nd\u00ebr planet e saj \u00ebsht\u00eb edhe pjes\u00ebmarrja n\u00eb festivalin \u201cTop Fest\u201d.<\/p>\n<p><strong>Nj\u00eb tekst marr\u00eb nga p\u00ebrditshm\u00ebria<\/strong><\/p>\n<p>\u201cP\u00ebrve\u00e7 k\u00ebng\u00ebs, t\u00eb cil\u00ebn e kam realizuar tek Ilir Tolaj, e t\u00eb cil\u00ebs pres t\u2019i realizoj edhe klipin, jam duke bashk\u00ebpunuar edhe me Leonord Canhasin n\u00eb nj\u00eb krijim t\u00eb radh\u00ebs. \u00cbsht\u00eb nj\u00eb k\u00ebng\u00eb shum\u00eb potenciale, me t\u00eb cil\u00ebn e kam n\u00eb plan t\u00eb marr pjes\u00eb n\u00eb festivalin \u201cTop Fest\u201d. Besoj q\u00eb do t\u00eb jet\u00eb nj\u00eb k\u00ebng\u00eb shum\u00eb e mir\u00eb, me nj\u00eb tekst shum\u00eb t\u00eb kapsh\u00ebm p\u00ebr njer\u00ebzit\u201d.<\/p>\n<p>Teksa flet p\u00ebr projektet muzikore, Flaka komenton tekstin e k\u00ebng\u00ebs s\u00eb fundit t\u00eb saj, nd\u00ebrsa thot\u00eb q\u00eb \u00ebsht\u00eb bazuar te gj\u00ebrat aktuale e ndodhit\u00eb e viteve t\u00eb fundit n\u00eb vend. \u201cTekstin jam duke e punuar. Ka nj\u00eb tem\u00eb shum\u00eb t\u00eb komplikuar, q\u00eb ka t\u00eb b\u00ebj\u00eb me gj\u00ebrat aktuale q\u00eb po ndodhin te ne dhe trevat mbar\u00ebshqiptare dhe arti n\u00eb p\u00ebrgjith\u00ebsi. Faktikisht, kjo mund t\u00eb jet\u00eb p\u00ebr t\u00eb gjith\u00eb njer\u00ebzit, t\u00eb cil\u00ebt pretendojn\u00eb t\u00eb jen\u00eb ndokush e realisht nuk mund t\u00eb jen\u00eb. Realisht, jemi m\u00ebsuar t\u00eb d\u00ebgjojm\u00eb shum\u00eb njer\u00ebz duke th\u00ebn\u00eb \u201cun\u00eb jam ky, un\u00eb jam ai, un\u00eb kam b\u00ebr\u00eb k\u00ebt\u00eb apo at\u00eb\u201d, e faktikisht asnj\u00ebri nuk merr iniciativ\u00ebn t\u00eb qes di\u00e7ka n\u00eb drit\u00eb. Pra, kjo do t\u00eb jet\u00eb pak a shum\u00eb p\u00ebrmbajta e tekstit tim n\u00eb k\u00ebng\u00ebn e radh\u00ebs, e cila do t\u00eb vij\u00eb p\u00ebrmes nj\u00eb ritmi mjaft \u2018zhurmues\u2019\u201d.<\/p>\n<p>Ndon\u00ebse nj\u00eb koh\u00eb bukur t\u00eb madhe t\u00eb saj i kan\u00eb marr\u00eb edhe studimet n\u00eb fakultet, Flaka thot\u00eb se p\u00ebrkund\u00ebr k\u00ebtij fakti, do t\u00eb mundohet t\u00eb realizoj\u00eb projektet e saj sa m\u00eb shpejt t\u00eb jet\u00eb e mundur. \u201cFaktikisht, jam z\u00ebn\u00eb pak ngusht\u00eb me provimet n\u00eb fakultet dhe nuk jam duke ditur se nga cila k\u00ebng\u00eb t\u00eb anoj m\u00eb shum\u00eb. Por, prap\u00eb se prap\u00eb po mundohem t\u00eb v\u00eb nj\u00eb balancim tek t\u00eb dyja k\u00ebng\u00ebt. Por, sido q\u00eb t\u00eb jet\u00eb, klipi i k\u00ebng\u00ebs s\u00eb Ilirit do t\u00eb b\u00ebhet patjet\u00ebr e p\u00ebr \u00e7far\u00eb mendoj ta realizoj edhe klipin e k\u00ebng\u00ebs pjes\u00ebmarr\u00ebse n\u00eb \u201cTop Fest\u201d. E shpresoj q\u00eb t\u2019i realizoj dy klipet\u201d.<\/p>\n<p><strong>Me k\u00ebng\u00eb \u201clive\u201d \u00e7do jav\u00eb<\/strong><\/p>\n<p>Pohon t\u00eb ndjehet keq p\u00ebr shkak t\u00eb mungesave t\u00eb koh\u00eb pas kohe n\u00eb fush\u00ebn e artit, por premton se tash e tutje do t\u00eb jet\u00eb m\u00eb shum\u00eb aktive me t\u00eb reja t\u00eb shumta. \u201cGjithashtu dua t\u2019i k\u00ebrkoj falje publikut p\u00ebr munges\u00ebn time n\u00eb muzik\u00eb, por kjo ka ndodhur si pasoj\u00eb e angazhimeve t\u00eb mia n\u00eb fakultet. Pra, k\u00ebt\u00eb viti do t\u00eb kem nj\u00eb rikthim shum\u00eb m\u00eb t\u00eb fuqish\u00ebm\u201d.<\/p>\n<p>Ndryshe, ajo kurrsesi nuk mund t\u2019i ik\u00eb muzik\u00ebs \u2018live\u2019 dhe prezantimeve n\u00ebp\u00ebr lokale t\u00eb ndryshme. Tash e sa koh\u00eb k\u00ebndon n\u00eb \u201cMaroon\u201d, vendi q\u00eb m\u00eb shum\u00eb e josh at\u00eb. \u201cBesoj se edhe fansat, por edhe ata q\u00eb frekuentojn\u00eb \u201cMaroon pub\u201d, e din\u00eb q\u00eb Flaka tash e sa koh\u00eb \u00e7do t\u00eb m\u00ebrkur\u00eb b\u00ebn muzik\u00eb atje. Pra, jam atje \u00e7do jav\u00eb, pran\u00eb fansave dhe mysafir\u00ebve\u201d, b\u00ebn me dije p\u00ebr fund ajo.<\/p>\n<p><strong>Shqipmedia<br \/>\n<!--YouTube Error: bad URL entered--><\/strong><\/p>\n","protected":false},"excerpt":{"rendered":"<p>Duket se ky vit ka filluar mbar\u00eb p\u00ebr k\u00ebng\u00ebtaren Flaka Krelani. Angazhimet rreth muzik\u00ebs p\u00ebr t\u00eb nuk kan\u00eb t\u00eb ndalur, nd\u00ebrsa ofertat rreth bot\u00ebs s\u00eb artit sa vijn\u00eb e shtohen. \u201cDuke filluar nga dit\u00ebt e para t\u00eb janarit, gjith\u00e7ka ka nisur shum\u00eb, shum\u00eb mir\u00eb. Kam pasur shum\u00eb oferta spontane e q\u00eb kan\u00eb t\u00eb b\u00ebjn\u00eb me [&hellip;]<\/p>\n","protected":false},"author":1,"featured_media":0,"comment_status":"open","ping_status":"closed","sticky":false,"template":"","format":"standard","meta":{"spay_email":"","jetpack_publicize_message":"","jetpack_is_tweetstorm":false,"jetpack_publicize_feature_enabled":true},"categories":[1],"tags":[5365],"jetpack_publicize_connections":[],"yoast_head":"<!-- This site is optimized with the Yoast SEO plugin v19.1 - https:\/\/yoast.com\/wordpress\/plugins\/seo\/ -->\n<title>Flaka Krelani p\u00ebrgatitet p\u00ebr festivalin Top Fest - Lajme nga Ulqini<\/title>\n<meta name=\"description\" content=\"Duket se ky vit ka filluar mbar\u00eb p\u00ebr k\u00ebng\u00ebtaren Flaka Krelani. Angazhimet rreth muzik\u00ebs p\u00ebr t\u00eb nuk kan\u00eb t\u00eb ndalur, nd\u00ebrsa ofertat rreth bot\u00ebs s\u00eb artit sa\" \/>\n<meta name=\"robots\" content=\"index, follow, max-snippet:-1, max-image-preview:large, max-video-preview:-1\" \/>\n<link rel=\"canonical\" href=\"https:\/\/www.visit-ulcinj.com\/blog\/2011\/01\/27\/flaka-krelani-pergatitet-per-festivalin-top-fest\/\" \/>\n<meta property=\"og:locale\" content=\"en_US\" \/>\n<meta property=\"og:type\" content=\"article\" \/>\n<meta property=\"og:title\" content=\"Flaka Krelani p\u00ebrgatitet p\u00ebr festivalin Top Fest - Lajme nga Ulqini\" \/>\n<meta property=\"og:description\" content=\"Duket se ky vit ka filluar mbar\u00eb p\u00ebr k\u00ebng\u00ebtaren Flaka Krelani. Angazhimet rreth muzik\u00ebs p\u00ebr t\u00eb nuk kan\u00eb t\u00eb ndalur, nd\u00ebrsa ofertat rreth bot\u00ebs s\u00eb artit sa\" \/>\n<meta property=\"og:url\" content=\"https:\/\/www.visit-ulcinj.com\/blog\/2011\/01\/27\/flaka-krelani-pergatitet-per-festivalin-top-fest\/\" \/>\n<meta property=\"og:site_name\" content=\"Lajme nga Ulqini\" \/>\n<meta property=\"article:published_time\" content=\"2011-01-27T17:19:01+00:00\" \/>\n<meta property=\"og:image\" content=\"http:\/\/www.visit-ulcinj.com\/blog\/wp-content\/uploads\/2011\/01\/Flaka-Krelani.jpg\" \/>\n<meta name=\"twitter:label1\" content=\"Written by\" \/>\n\t<meta name=\"twitter:data1\" content=\"ulqini\" \/>\n\t<meta name=\"twitter:label2\" content=\"Est. reading time\" \/>\n\t<meta name=\"twitter:data2\" content=\"3 minutes\" \/>\n<script type=\"application\/ld+json\" class=\"yoast-schema-graph\">{\"@context\":\"https:\/\/schema.org\",\"@graph\":[{\"@type\":\"WebSite\",\"@id\":\"https:\/\/www.visit-ulcinj.com\/blog\/#website\",\"url\":\"https:\/\/www.visit-ulcinj.com\/blog\/\",\"name\":\"Lajme nga Ulqini\",\"description\":\"Lajme,Vijesti,Ulqini,Ulqin,Crna Gora,Mali i Zi\",\"potentialAction\":[{\"@type\":\"SearchAction\",\"target\":{\"@type\":\"EntryPoint\",\"urlTemplate\":\"https:\/\/www.visit-ulcinj.com\/blog\/?s={search_term_string}\"},\"query-input\":\"required name=search_term_string\"}],\"inLanguage\":\"en-US\"},{\"@type\":\"ImageObject\",\"inLanguage\":\"en-US\",\"@id\":\"https:\/\/www.visit-ulcinj.com\/blog\/2011\/01\/27\/flaka-krelani-pergatitet-per-festivalin-top-fest\/#primaryimage\",\"url\":\"http:\/\/www.visit-ulcinj.com\/blog\/wp-content\/uploads\/2011\/01\/Flaka-Krelani.jpg\",\"contentUrl\":\"http:\/\/www.visit-ulcinj.com\/blog\/wp-content\/uploads\/2011\/01\/Flaka-Krelani.jpg\"},{\"@type\":\"WebPage\",\"@id\":\"https:\/\/www.visit-ulcinj.com\/blog\/2011\/01\/27\/flaka-krelani-pergatitet-per-festivalin-top-fest\/#webpage\",\"url\":\"https:\/\/www.visit-ulcinj.com\/blog\/2011\/01\/27\/flaka-krelani-pergatitet-per-festivalin-top-fest\/\",\"name\":\"Flaka Krelani p\u00ebrgatitet p\u00ebr festivalin Top Fest - Lajme nga Ulqini\",\"isPartOf\":{\"@id\":\"https:\/\/www.visit-ulcinj.com\/blog\/#website\"},\"primaryImageOfPage\":{\"@id\":\"https:\/\/www.visit-ulcinj.com\/blog\/2011\/01\/27\/flaka-krelani-pergatitet-per-festivalin-top-fest\/#primaryimage\"},\"datePublished\":\"2011-01-27T17:19:01+00:00\",\"dateModified\":\"2011-01-27T17:19:01+00:00\",\"author\":{\"@id\":\"https:\/\/www.visit-ulcinj.com\/blog\/#\/schema\/person\/dcab619c614d3038751c63bc2aadc06d\"},\"description\":\"Duket se ky vit ka filluar mbar\u00eb p\u00ebr k\u00ebng\u00ebtaren Flaka Krelani. Angazhimet rreth muzik\u00ebs p\u00ebr t\u00eb nuk kan\u00eb t\u00eb ndalur, nd\u00ebrsa ofertat rreth bot\u00ebs s\u00eb artit sa\",\"breadcrumb\":{\"@id\":\"https:\/\/www.visit-ulcinj.com\/blog\/2011\/01\/27\/flaka-krelani-pergatitet-per-festivalin-top-fest\/#breadcrumb\"},\"inLanguage\":\"en-US\",\"potentialAction\":[{\"@type\":\"ReadAction\",\"target\":[\"https:\/\/www.visit-ulcinj.com\/blog\/2011\/01\/27\/flaka-krelani-pergatitet-per-festivalin-top-fest\/\"]}]},{\"@type\":\"BreadcrumbList\",\"@id\":\"https:\/\/www.visit-ulcinj.com\/blog\/2011\/01\/27\/flaka-krelani-pergatitet-per-festivalin-top-fest\/#breadcrumb\",\"itemListElement\":[{\"@type\":\"ListItem\",\"position\":1,\"name\":\"Flaka Krelani p\u00ebrgatitet p\u00ebr festivalin Top Fest\"}]},{\"@type\":\"Person\",\"@id\":\"https:\/\/www.visit-ulcinj.com\/blog\/#\/schema\/person\/dcab619c614d3038751c63bc2aadc06d\",\"name\":\"ulqini\",\"sameAs\":[\"http:\/\/www.visit-ulcinj.com\"],\"url\":\"https:\/\/www.visit-ulcinj.com\/blog\/author\/admin\/\"}]}<\/script>\n<!-- \/ Yoast SEO plugin. -->","yoast_head_json":{"title":"Flaka Krelani p\u00ebrgatitet p\u00ebr festivalin Top Fest - Lajme nga Ulqini","description":"Duket se ky vit ka filluar mbar\u00eb p\u00ebr k\u00ebng\u00ebtaren Flaka Krelani. Angazhimet rreth muzik\u00ebs p\u00ebr t\u00eb nuk kan\u00eb t\u00eb ndalur, nd\u00ebrsa ofertat rreth bot\u00ebs s\u00eb artit sa","robots":{"index":"index","follow":"follow","max-snippet":"max-snippet:-1","max-image-preview":"max-image-preview:large","max-video-preview":"max-video-preview:-1"},"canonical":"https:\/\/www.visit-ulcinj.com\/blog\/2011\/01\/27\/flaka-krelani-pergatitet-per-festivalin-top-fest\/","og_locale":"en_US","og_type":"article","og_title":"Flaka Krelani p\u00ebrgatitet p\u00ebr festivalin Top Fest - Lajme nga Ulqini","og_description":"Duket se ky vit ka filluar mbar\u00eb p\u00ebr k\u00ebng\u00ebtaren Flaka Krelani. Angazhimet rreth muzik\u00ebs p\u00ebr t\u00eb nuk kan\u00eb t\u00eb ndalur, nd\u00ebrsa ofertat rreth bot\u00ebs s\u00eb artit sa","og_url":"https:\/\/www.visit-ulcinj.com\/blog\/2011\/01\/27\/flaka-krelani-pergatitet-per-festivalin-top-fest\/","og_site_name":"Lajme nga Ulqini","article_published_time":"2011-01-27T17:19:01+00:00","og_image":[{"url":"http:\/\/www.visit-ulcinj.com\/blog\/wp-content\/uploads\/2011\/01\/Flaka-Krelani.jpg"}],"twitter_misc":{"Written by":"ulqini","Est. reading time":"3 minutes"},"schema":{"@context":"https:\/\/schema.org","@graph":[{"@type":"WebSite","@id":"https:\/\/www.visit-ulcinj.com\/blog\/#website","url":"https:\/\/www.visit-ulcinj.com\/blog\/","name":"Lajme nga Ulqini","description":"Lajme,Vijesti,Ulqini,Ulqin,Crna Gora,Mali i Zi","potentialAction":[{"@type":"SearchAction","target":{"@type":"EntryPoint","urlTemplate":"https:\/\/www.visit-ulcinj.com\/blog\/?s={search_term_string}"},"query-input":"required name=search_term_string"}],"inLanguage":"en-US"},{"@type":"ImageObject","inLanguage":"en-US","@id":"https:\/\/www.visit-ulcinj.com\/blog\/2011\/01\/27\/flaka-krelani-pergatitet-per-festivalin-top-fest\/#primaryimage","url":"http:\/\/www.visit-ulcinj.com\/blog\/wp-content\/uploads\/2011\/01\/Flaka-Krelani.jpg","contentUrl":"http:\/\/www.visit-ulcinj.com\/blog\/wp-content\/uploads\/2011\/01\/Flaka-Krelani.jpg"},{"@type":"WebPage","@id":"https:\/\/www.visit-ulcinj.com\/blog\/2011\/01\/27\/flaka-krelani-pergatitet-per-festivalin-top-fest\/#webpage","url":"https:\/\/www.visit-ulcinj.com\/blog\/2011\/01\/27\/flaka-krelani-pergatitet-per-festivalin-top-fest\/","name":"Flaka Krelani p\u00ebrgatitet p\u00ebr festivalin Top Fest - Lajme nga Ulqini","isPartOf":{"@id":"https:\/\/www.visit-ulcinj.com\/blog\/#website"},"primaryImageOfPage":{"@id":"https:\/\/www.visit-ulcinj.com\/blog\/2011\/01\/27\/flaka-krelani-pergatitet-per-festivalin-top-fest\/#primaryimage"},"datePublished":"2011-01-27T17:19:01+00:00","dateModified":"2011-01-27T17:19:01+00:00","author":{"@id":"https:\/\/www.visit-ulcinj.com\/blog\/#\/schema\/person\/dcab619c614d3038751c63bc2aadc06d"},"description":"Duket se ky vit ka filluar mbar\u00eb p\u00ebr k\u00ebng\u00ebtaren Flaka Krelani. Angazhimet rreth muzik\u00ebs p\u00ebr t\u00eb nuk kan\u00eb t\u00eb ndalur, nd\u00ebrsa ofertat rreth bot\u00ebs s\u00eb artit sa","breadcrumb":{"@id":"https:\/\/www.visit-ulcinj.com\/blog\/2011\/01\/27\/flaka-krelani-pergatitet-per-festivalin-top-fest\/#breadcrumb"},"inLanguage":"en-US","potentialAction":[{"@type":"ReadAction","target":["https:\/\/www.visit-ulcinj.com\/blog\/2011\/01\/27\/flaka-krelani-pergatitet-per-festivalin-top-fest\/"]}]},{"@type":"BreadcrumbList","@id":"https:\/\/www.visit-ulcinj.com\/blog\/2011\/01\/27\/flaka-krelani-pergatitet-per-festivalin-top-fest\/#breadcrumb","itemListElement":[{"@type":"ListItem","position":1,"name":"Flaka Krelani p\u00ebrgatitet p\u00ebr festivalin Top Fest"}]},{"@type":"Person","@id":"https:\/\/www.visit-ulcinj.com\/blog\/#\/schema\/person\/dcab619c614d3038751c63bc2aadc06d","name":"ulqini","sameAs":["http:\/\/www.visit-ulcinj.com"],"url":"https:\/\/www.visit-ulcinj.com\/blog\/author\/admin\/"}]}},"jetpack_featured_media_url":"","jetpack_sharing_enabled":true,"jetpack_shortlink":"https:\/\/wp.me\/pe6lTn-b9j","_links":{"self":[{"href":"https:\/\/www.visit-ulcinj.com\/blog\/wp-json\/wp\/v2\/posts\/42861"}],"collection":[{"href":"https:\/\/www.visit-ulcinj.com\/blog\/wp-json\/wp\/v2\/posts"}],"about":[{"href":"https:\/\/www.visit-ulcinj.com\/blog\/wp-json\/wp\/v2\/types\/post"}],"author":[{"embeddable":true,"href":"https:\/\/www.visit-ulcinj.com\/blog\/wp-json\/wp\/v2\/users\/1"}],"replies":[{"embeddable":true,"href":"https:\/\/www.visit-ulcinj.com\/blog\/wp-json\/wp\/v2\/comments?post=42861"}],"version-history":[{"count":0,"href":"https:\/\/www.visit-ulcinj.com\/blog\/wp-json\/wp\/v2\/posts\/42861\/revisions"}],"wp:attachment":[{"href":"https:\/\/www.visit-ulcinj.com\/blog\/wp-json\/wp\/v2\/media?parent=42861"}],"wp:term":[{"taxonomy":"category","embeddable":true,"href":"https:\/\/www.visit-ulcinj.com\/blog\/wp-json\/wp\/v2\/categories?post=42861"},{"taxonomy":"post_tag","embeddable":true,"href":"https:\/\/www.visit-ulcinj.com\/blog\/wp-json\/wp\/v2\/tags?post=42861"}],"curies":[{"name":"wp","href":"https:\/\/api.w.org\/{rel}","templated":true}]}}