{"id":42871,"date":"2011-01-28T18:07:27","date_gmt":"2011-01-28T17:07:27","guid":{"rendered":"http:\/\/www.visit-ulcinj.com\/blog\/?p=42871"},"modified":"2011-01-28T18:07:27","modified_gmt":"2011-01-28T17:07:27","slug":"gezim-hajdinaga-ne-manifestimin-tradicional-flaka-e-janarit-ne-gjilan","status":"publish","type":"post","link":"https:\/\/www.visit-ulcinj.com\/blog\/2011\/01\/28\/gezim-hajdinaga-ne-manifestimin-tradicional-flaka-e-janarit-ne-gjilan\/","title":{"rendered":"G\u00ebzim Hajdinaga n\u00eb  manifestimin tradicional Flaka e Janarit n\u00eb Gjilan"},"content":{"rendered":"<p><a href=\"http:\/\/www.visit-ulcinj.com\/blog\/wp-content\/uploads\/2011\/01\/Flaka-e-Janarit-ne-Gjilan.jpg\"><img loading=\"lazy\" class=\"alignleft size-full wp-image-42872\" title=\"Flaka e Janarit ne Gjilan\" src=\"http:\/\/www.visit-ulcinj.com\/blog\/wp-content\/uploads\/2011\/01\/Flaka-e-Janarit-ne-Gjilan.jpg\" alt=\"\" width=\"490\" height=\"370\" \/><\/a>T\u00eb dielen n\u00eb qytetin e Gjilanit n\u00eb Kosov\u00eb, n\u00eb manifestimin tradicional \u2019\u2019Flaka e Janarit\u2019\u2019 q\u00eb organizohet nga Kuvendi Komunal i Gjilanit \u2013 Zyra e Kryetarit dhe Ministria p\u00ebr Kultur\u00eb, Rini dhe Sport. Kryetarit t\u00eb Komun\u00ebs s\u00eb Ulqinit z. G\u00ebzim Hajdinaga do t\u2019i dakordohet mir\u00ebnjohja \u2019\u2019Plaketa e Flak\u00ebs\u2019\u2019 me motivacion \u2019\u2019p\u00ebr kontributi e d\u00ebshmuar n\u00eb integrimin gjithkomb\u00ebtar dhe\u00a0 ato rajonale\u2019\u2019<\/p>\n<p>T\u00eb dielen do t\u00eb jet\u00eb programi p\u00ebrmbyll\u00ebs i k\u00ebtij aktiviteti shum\u00ebkulturor\u00eb i cili ka filluar m\u00eb 17 janar e q\u00eb ka tubuar n\u00eb qytetin e Gjilanit shum\u00eb artist\u00eb dhe artdash\u00ebs nga bota mbar\u00ebshqiptare.<\/p>\n<p><strong>Municipality of Ulcinj \/ Ulqin<br \/>\nArsllan Hajdinaga<\/strong><\/p>\n","protected":false},"excerpt":{"rendered":"<p>T\u00eb dielen n\u00eb qytetin e Gjilanit n\u00eb Kosov\u00eb, n\u00eb manifestimin tradicional \u2019\u2019Flaka e Janarit\u2019\u2019 q\u00eb organizohet nga Kuvendi Komunal i Gjilanit \u2013 Zyra e Kryetarit dhe Ministria p\u00ebr Kultur\u00eb, Rini dhe Sport. Kryetarit t\u00eb Komun\u00ebs s\u00eb Ulqinit z. G\u00ebzim Hajdinaga do t\u2019i dakordohet mir\u00ebnjohja \u2019\u2019Plaketa e Flak\u00ebs\u2019\u2019 me motivacion \u2019\u2019p\u00ebr kontributi e d\u00ebshmuar n\u00eb integrimin [&hellip;]<\/p>\n","protected":false},"author":1,"featured_media":0,"comment_status":"open","ping_status":"closed","sticky":false,"template":"","format":"standard","meta":{"spay_email":"","jetpack_publicize_message":"","jetpack_is_tweetstorm":false,"jetpack_publicize_feature_enabled":true},"categories":[11],"tags":[17125],"jetpack_publicize_connections":[],"yoast_head":"<!-- This site is optimized with the Yoast SEO plugin v19.1 - https:\/\/yoast.com\/wordpress\/plugins\/seo\/ -->\n<title>G\u00ebzim Hajdinaga n\u00eb manifestimin tradicional Flaka e Janarit n\u00eb Gjilan - Lajme nga Ulqini<\/title>\n<meta name=\"description\" content=\"T\u00eb dielen n\u00eb qytetin e Gjilanit n\u00eb Kosov\u00eb, n\u00eb manifestimin tradicional \u2019\u2019Flaka e Janarit\u2019\u2019 q\u00eb organizohet nga Kuvendi Komunal i Gjilanit \u2013 Zyra e\" \/>\n<meta name=\"robots\" content=\"index, follow, max-snippet:-1, max-image-preview:large, max-video-preview:-1\" \/>\n<link rel=\"canonical\" href=\"https:\/\/www.visit-ulcinj.com\/blog\/2011\/01\/28\/gezim-hajdinaga-ne-manifestimin-tradicional-flaka-e-janarit-ne-gjilan\/\" \/>\n<meta property=\"og:locale\" content=\"en_US\" \/>\n<meta property=\"og:type\" content=\"article\" \/>\n<meta property=\"og:title\" content=\"G\u00ebzim Hajdinaga n\u00eb manifestimin tradicional Flaka e Janarit n\u00eb Gjilan - Lajme nga Ulqini\" \/>\n<meta property=\"og:description\" content=\"T\u00eb dielen n\u00eb qytetin e Gjilanit n\u00eb Kosov\u00eb, n\u00eb manifestimin tradicional \u2019\u2019Flaka e Janarit\u2019\u2019 q\u00eb organizohet nga Kuvendi Komunal i Gjilanit \u2013 Zyra e\" \/>\n<meta property=\"og:url\" content=\"https:\/\/www.visit-ulcinj.com\/blog\/2011\/01\/28\/gezim-hajdinaga-ne-manifestimin-tradicional-flaka-e-janarit-ne-gjilan\/\" \/>\n<meta property=\"og:site_name\" content=\"Lajme nga Ulqini\" \/>\n<meta property=\"article:published_time\" content=\"2011-01-28T17:07:27+00:00\" \/>\n<meta property=\"og:image\" content=\"http:\/\/www.visit-ulcinj.com\/blog\/wp-content\/uploads\/2011\/01\/Flaka-e-Janarit-ne-Gjilan.jpg\" \/>\n<meta name=\"twitter:label1\" content=\"Written by\" \/>\n\t<meta name=\"twitter:data1\" content=\"ulqini\" \/>\n\t<meta name=\"twitter:label2\" content=\"Est. reading time\" \/>\n\t<meta name=\"twitter:data2\" content=\"1 minute\" \/>\n<script type=\"application\/ld+json\" class=\"yoast-schema-graph\">{\"@context\":\"https:\/\/schema.org\",\"@graph\":[{\"@type\":\"WebSite\",\"@id\":\"https:\/\/www.visit-ulcinj.com\/blog\/#website\",\"url\":\"https:\/\/www.visit-ulcinj.com\/blog\/\",\"name\":\"Lajme nga Ulqini\",\"description\":\"Lajme,Vijesti,Ulqini,Ulqin,Crna Gora,Mali i Zi\",\"potentialAction\":[{\"@type\":\"SearchAction\",\"target\":{\"@type\":\"EntryPoint\",\"urlTemplate\":\"https:\/\/www.visit-ulcinj.com\/blog\/?s={search_term_string}\"},\"query-input\":\"required name=search_term_string\"}],\"inLanguage\":\"en-US\"},{\"@type\":\"ImageObject\",\"inLanguage\":\"en-US\",\"@id\":\"https:\/\/www.visit-ulcinj.com\/blog\/2011\/01\/28\/gezim-hajdinaga-ne-manifestimin-tradicional-flaka-e-janarit-ne-gjilan\/#primaryimage\",\"url\":\"https:\/\/www.visit-ulcinj.com\/blog\/wp-content\/uploads\/2011\/01\/Flaka-e-Janarit-ne-Gjilan.jpg\",\"contentUrl\":\"https:\/\/www.visit-ulcinj.com\/blog\/wp-content\/uploads\/2011\/01\/Flaka-e-Janarit-ne-Gjilan.jpg\",\"width\":\"500\",\"height\":\"370\"},{\"@type\":\"WebPage\",\"@id\":\"https:\/\/www.visit-ulcinj.com\/blog\/2011\/01\/28\/gezim-hajdinaga-ne-manifestimin-tradicional-flaka-e-janarit-ne-gjilan\/#webpage\",\"url\":\"https:\/\/www.visit-ulcinj.com\/blog\/2011\/01\/28\/gezim-hajdinaga-ne-manifestimin-tradicional-flaka-e-janarit-ne-gjilan\/\",\"name\":\"G\u00ebzim Hajdinaga n\u00eb manifestimin tradicional Flaka e Janarit n\u00eb Gjilan - Lajme nga Ulqini\",\"isPartOf\":{\"@id\":\"https:\/\/www.visit-ulcinj.com\/blog\/#website\"},\"primaryImageOfPage\":{\"@id\":\"https:\/\/www.visit-ulcinj.com\/blog\/2011\/01\/28\/gezim-hajdinaga-ne-manifestimin-tradicional-flaka-e-janarit-ne-gjilan\/#primaryimage\"},\"datePublished\":\"2011-01-28T17:07:27+00:00\",\"dateModified\":\"2011-01-28T17:07:27+00:00\",\"author\":{\"@id\":\"https:\/\/www.visit-ulcinj.com\/blog\/#\/schema\/person\/dcab619c614d3038751c63bc2aadc06d\"},\"description\":\"T\u00eb dielen n\u00eb qytetin e Gjilanit n\u00eb Kosov\u00eb, n\u00eb manifestimin tradicional \u2019\u2019Flaka e Janarit\u2019\u2019 q\u00eb organizohet nga Kuvendi Komunal i Gjilanit \u2013 Zyra e\",\"breadcrumb\":{\"@id\":\"https:\/\/www.visit-ulcinj.com\/blog\/2011\/01\/28\/gezim-hajdinaga-ne-manifestimin-tradicional-flaka-e-janarit-ne-gjilan\/#breadcrumb\"},\"inLanguage\":\"en-US\",\"potentialAction\":[{\"@type\":\"ReadAction\",\"target\":[\"https:\/\/www.visit-ulcinj.com\/blog\/2011\/01\/28\/gezim-hajdinaga-ne-manifestimin-tradicional-flaka-e-janarit-ne-gjilan\/\"]}]},{\"@type\":\"BreadcrumbList\",\"@id\":\"https:\/\/www.visit-ulcinj.com\/blog\/2011\/01\/28\/gezim-hajdinaga-ne-manifestimin-tradicional-flaka-e-janarit-ne-gjilan\/#breadcrumb\",\"itemListElement\":[{\"@type\":\"ListItem\",\"position\":1,\"name\":\"G\u00ebzim Hajdinaga n\u00eb manifestimin tradicional Flaka e Janarit n\u00eb Gjilan\"}]},{\"@type\":\"Person\",\"@id\":\"https:\/\/www.visit-ulcinj.com\/blog\/#\/schema\/person\/dcab619c614d3038751c63bc2aadc06d\",\"name\":\"ulqini\",\"sameAs\":[\"http:\/\/www.visit-ulcinj.com\"],\"url\":\"https:\/\/www.visit-ulcinj.com\/blog\/author\/admin\/\"}]}<\/script>\n<!-- \/ Yoast SEO plugin. -->","yoast_head_json":{"title":"G\u00ebzim Hajdinaga n\u00eb manifestimin tradicional Flaka e Janarit n\u00eb Gjilan - Lajme nga Ulqini","description":"T\u00eb dielen n\u00eb qytetin e Gjilanit n\u00eb Kosov\u00eb, n\u00eb manifestimin tradicional \u2019\u2019Flaka e Janarit\u2019\u2019 q\u00eb organizohet nga Kuvendi Komunal i Gjilanit \u2013 Zyra e","robots":{"index":"index","follow":"follow","max-snippet":"max-snippet:-1","max-image-preview":"max-image-preview:large","max-video-preview":"max-video-preview:-1"},"canonical":"https:\/\/www.visit-ulcinj.com\/blog\/2011\/01\/28\/gezim-hajdinaga-ne-manifestimin-tradicional-flaka-e-janarit-ne-gjilan\/","og_locale":"en_US","og_type":"article","og_title":"G\u00ebzim Hajdinaga n\u00eb manifestimin tradicional Flaka e Janarit n\u00eb Gjilan - Lajme nga Ulqini","og_description":"T\u00eb dielen n\u00eb qytetin e Gjilanit n\u00eb Kosov\u00eb, n\u00eb manifestimin tradicional \u2019\u2019Flaka e Janarit\u2019\u2019 q\u00eb organizohet nga Kuvendi Komunal i Gjilanit \u2013 Zyra e","og_url":"https:\/\/www.visit-ulcinj.com\/blog\/2011\/01\/28\/gezim-hajdinaga-ne-manifestimin-tradicional-flaka-e-janarit-ne-gjilan\/","og_site_name":"Lajme nga Ulqini","article_published_time":"2011-01-28T17:07:27+00:00","og_image":[{"url":"http:\/\/www.visit-ulcinj.com\/blog\/wp-content\/uploads\/2011\/01\/Flaka-e-Janarit-ne-Gjilan.jpg"}],"twitter_misc":{"Written by":"ulqini","Est. reading time":"1 minute"},"schema":{"@context":"https:\/\/schema.org","@graph":[{"@type":"WebSite","@id":"https:\/\/www.visit-ulcinj.com\/blog\/#website","url":"https:\/\/www.visit-ulcinj.com\/blog\/","name":"Lajme nga Ulqini","description":"Lajme,Vijesti,Ulqini,Ulqin,Crna Gora,Mali i Zi","potentialAction":[{"@type":"SearchAction","target":{"@type":"EntryPoint","urlTemplate":"https:\/\/www.visit-ulcinj.com\/blog\/?s={search_term_string}"},"query-input":"required name=search_term_string"}],"inLanguage":"en-US"},{"@type":"ImageObject","inLanguage":"en-US","@id":"https:\/\/www.visit-ulcinj.com\/blog\/2011\/01\/28\/gezim-hajdinaga-ne-manifestimin-tradicional-flaka-e-janarit-ne-gjilan\/#primaryimage","url":"https:\/\/www.visit-ulcinj.com\/blog\/wp-content\/uploads\/2011\/01\/Flaka-e-Janarit-ne-Gjilan.jpg","contentUrl":"https:\/\/www.visit-ulcinj.com\/blog\/wp-content\/uploads\/2011\/01\/Flaka-e-Janarit-ne-Gjilan.jpg","width":"500","height":"370"},{"@type":"WebPage","@id":"https:\/\/www.visit-ulcinj.com\/blog\/2011\/01\/28\/gezim-hajdinaga-ne-manifestimin-tradicional-flaka-e-janarit-ne-gjilan\/#webpage","url":"https:\/\/www.visit-ulcinj.com\/blog\/2011\/01\/28\/gezim-hajdinaga-ne-manifestimin-tradicional-flaka-e-janarit-ne-gjilan\/","name":"G\u00ebzim Hajdinaga n\u00eb manifestimin tradicional Flaka e Janarit n\u00eb Gjilan - Lajme nga Ulqini","isPartOf":{"@id":"https:\/\/www.visit-ulcinj.com\/blog\/#website"},"primaryImageOfPage":{"@id":"https:\/\/www.visit-ulcinj.com\/blog\/2011\/01\/28\/gezim-hajdinaga-ne-manifestimin-tradicional-flaka-e-janarit-ne-gjilan\/#primaryimage"},"datePublished":"2011-01-28T17:07:27+00:00","dateModified":"2011-01-28T17:07:27+00:00","author":{"@id":"https:\/\/www.visit-ulcinj.com\/blog\/#\/schema\/person\/dcab619c614d3038751c63bc2aadc06d"},"description":"T\u00eb dielen n\u00eb qytetin e Gjilanit n\u00eb Kosov\u00eb, n\u00eb manifestimin tradicional \u2019\u2019Flaka e Janarit\u2019\u2019 q\u00eb organizohet nga Kuvendi Komunal i Gjilanit \u2013 Zyra e","breadcrumb":{"@id":"https:\/\/www.visit-ulcinj.com\/blog\/2011\/01\/28\/gezim-hajdinaga-ne-manifestimin-tradicional-flaka-e-janarit-ne-gjilan\/#breadcrumb"},"inLanguage":"en-US","potentialAction":[{"@type":"ReadAction","target":["https:\/\/www.visit-ulcinj.com\/blog\/2011\/01\/28\/gezim-hajdinaga-ne-manifestimin-tradicional-flaka-e-janarit-ne-gjilan\/"]}]},{"@type":"BreadcrumbList","@id":"https:\/\/www.visit-ulcinj.com\/blog\/2011\/01\/28\/gezim-hajdinaga-ne-manifestimin-tradicional-flaka-e-janarit-ne-gjilan\/#breadcrumb","itemListElement":[{"@type":"ListItem","position":1,"name":"G\u00ebzim Hajdinaga n\u00eb manifestimin tradicional Flaka e Janarit n\u00eb Gjilan"}]},{"@type":"Person","@id":"https:\/\/www.visit-ulcinj.com\/blog\/#\/schema\/person\/dcab619c614d3038751c63bc2aadc06d","name":"ulqini","sameAs":["http:\/\/www.visit-ulcinj.com"],"url":"https:\/\/www.visit-ulcinj.com\/blog\/author\/admin\/"}]}},"jetpack_featured_media_url":"","jetpack_sharing_enabled":true,"jetpack_shortlink":"https:\/\/wp.me\/pe6lTn-b9t","_links":{"self":[{"href":"https:\/\/www.visit-ulcinj.com\/blog\/wp-json\/wp\/v2\/posts\/42871"}],"collection":[{"href":"https:\/\/www.visit-ulcinj.com\/blog\/wp-json\/wp\/v2\/posts"}],"about":[{"href":"https:\/\/www.visit-ulcinj.com\/blog\/wp-json\/wp\/v2\/types\/post"}],"author":[{"embeddable":true,"href":"https:\/\/www.visit-ulcinj.com\/blog\/wp-json\/wp\/v2\/users\/1"}],"replies":[{"embeddable":true,"href":"https:\/\/www.visit-ulcinj.com\/blog\/wp-json\/wp\/v2\/comments?post=42871"}],"version-history":[{"count":0,"href":"https:\/\/www.visit-ulcinj.com\/blog\/wp-json\/wp\/v2\/posts\/42871\/revisions"}],"wp:attachment":[{"href":"https:\/\/www.visit-ulcinj.com\/blog\/wp-json\/wp\/v2\/media?parent=42871"}],"wp:term":[{"taxonomy":"category","embeddable":true,"href":"https:\/\/www.visit-ulcinj.com\/blog\/wp-json\/wp\/v2\/categories?post=42871"},{"taxonomy":"post_tag","embeddable":true,"href":"https:\/\/www.visit-ulcinj.com\/blog\/wp-json\/wp\/v2\/tags?post=42871"}],"curies":[{"name":"wp","href":"https:\/\/api.w.org\/{rel}","templated":true}]}}