{"id":42874,"date":"2011-01-28T18:20:44","date_gmt":"2011-01-28T17:20:44","guid":{"rendered":"http:\/\/www.visit-ulcinj.com\/blog\/?p=42874"},"modified":"2011-01-28T18:27:14","modified_gmt":"2011-01-28T17:27:14","slug":"bardhi-rumija-treba-da-bude-slobodna-za-sve","status":"publish","type":"post","link":"https:\/\/www.visit-ulcinj.com\/blog\/2011\/01\/28\/bardhi-rumija-treba-da-bude-slobodna-za-sve\/","title":{"rendered":"Mehmet Bardhi: Rumija treba da bude slobodna za sve &#8211; Video"},"content":{"rendered":"<p><a href=\"http:\/\/www.visit-ulcinj.com\/blog\/wp-content\/uploads\/2011\/01\/Igor-Luksic_Mehmet-Bardhi.jpg\"><img loading=\"lazy\" class=\"alignleft size-full wp-image-42875\" title=\"Igor Luksic_Mehmet Bardhi\" src=\"http:\/\/www.visit-ulcinj.com\/blog\/wp-content\/uploads\/2011\/01\/Igor-Luksic_Mehmet-Bardhi.jpg\" alt=\"\" width=\"490\" height=\"316\" \/><\/a>Lider Demokratskog saveza u Crnoj Gori Mehmet Bardhi kazao je nakon konsultacija sa premijerom Igorom Luk\u0161i\u0107em da se crkva na Rumiji koja, kako je rekao, slu\u017ei jedino kao provokacija albankog stanovni\u0161tva, mora hitno ukloniti.<\/p>\n<p>Bardhi je saop\u0161tio je da je premijeru tokom konsultacija obja\u0161njeno da su problemi u tom kraju po\u010deli jo\u0161 1989. godine \u201ckada su neki iz SPC-a na\u0161li srpsku Meku u sred Krajine\u201d.<\/p>\n<p>\u201cVrh Rumije treba da bude slobodan za sve bez obzira na vjeru i nikakav vjerski objekat ne treba tamo da stoji gdje nikada nije ni stajao\u201d, kazao je Bardhi.<\/p>\n<p>On je rekao i da je Luk\u0161i\u0107a tokom razgovora podsjetio na stare zahtjeve Demokratskog saveza koji se ti\u010du decentralizacije stanke, unapre\u0111enja obrazovanja na albanskom jeziku, te pobolj\u0161anje putne infrakstrukture u mjestima gdje Albanci \u010dine ve\u0107inu.<br \/>\n<a href=\"http:\/\/www.visit-ulcinj.com\/blog\/wp-content\/uploads\/2011\/01\/Igor-Luksic_Amir-Hollaj.jpg\"><img loading=\"lazy\" class=\"alignleft size-full wp-image-42876\" title=\"Igor Luksic_Amir Hollaj\" src=\"http:\/\/www.visit-ulcinj.com\/blog\/wp-content\/uploads\/2011\/01\/Igor-Luksic_Amir-Hollaj.jpg\" alt=\"\" width=\"490\" height=\"380\" \/><\/a><\/p>\n<p><strong>Amir Holaj iz Perspektive podr\u017eao Luk\u0161i\u0107a<\/strong><\/p>\n<p>Predstavnik albanske koalicije Perspektiva, Amir Holaj rekao je da vizija i odlu\u010dnost novog premijera Igora Luk\u0161i\u0107a daju nadu da \u0107e dr\u017eava uspje\u0161no i u roku ispuniti 7 uslova Evropske komisije za \u010dlanstvo u EU.<\/p>\n<p>Nakon polu\u010dasovnog razgovora sa premijerom Holaj je rekao da premijerov kabinet mo\u017ee ra\u010dunati na punu podr\u0161ku njegove partije.<\/p>\n<p>Holaj je kazao da o\u010dekuje da se ne\u0161to ubrzo uradi po pitanju proprcijalne zastupljenosti albanaca u dr\u017eavnim institucijama.<\/p>\n<p><a href=\"http:\/\/www.vijesti.me\/vijesti\/bardhi-rumija-treba-da-bude-slobodna-sve-clanak-3720\" target=\"_blank\"><strong>Vijesti<\/strong><\/a><\/p>\n<p><strong>VIDEO TV IN<br \/>\n[flv]http:\/\/www.rtvin.me\/flv\/22_01_post_rumija.flv[\/flv]<\/strong><\/p>\n","protected":false},"excerpt":{"rendered":"<p>Lider Demokratskog saveza u Crnoj Gori Mehmet Bardhi kazao je nakon konsultacija sa premijerom Igorom Luk\u0161i\u0107em da se crkva na Rumiji koja, kako je rekao, slu\u017ei jedino kao provokacija albankog stanovni\u0161tva, mora hitno ukloniti. Bardhi je saop\u0161tio je da je premijeru tokom konsultacija obja\u0161njeno da su problemi u tom kraju po\u010deli jo\u0161 1989. godine \u201ckada [&hellip;]<\/p>\n","protected":false},"author":1,"featured_media":0,"comment_status":"open","ping_status":"closed","sticky":false,"template":"","format":"standard","meta":{"spay_email":"","jetpack_publicize_message":"","jetpack_is_tweetstorm":false,"jetpack_publicize_feature_enabled":true},"categories":[8337],"tags":[1303,13640,2543,17126,347,19],"jetpack_publicize_connections":[],"yoast_head":"<!-- This site is optimized with the Yoast SEO plugin v19.1 - https:\/\/yoast.com\/wordpress\/plugins\/seo\/ -->\n<title>Mehmet Bardhi: Rumija treba da bude slobodna za sve - Video - Lajme nga Ulqini<\/title>\n<meta name=\"description\" content=\"Lider Demokratskog saveza u Crnoj Gori Mehmet Bardhi kazao je nakon konsultacija sa premijerom Igorom Luk\u0161i\u0107em da se crkva na Rumiji koja, kako je rekao,\" \/>\n<meta name=\"robots\" content=\"index, follow, max-snippet:-1, max-image-preview:large, max-video-preview:-1\" \/>\n<link rel=\"canonical\" href=\"https:\/\/www.visit-ulcinj.com\/blog\/2011\/01\/28\/bardhi-rumija-treba-da-bude-slobodna-za-sve\/\" \/>\n<meta property=\"og:locale\" content=\"en_US\" \/>\n<meta property=\"og:type\" content=\"article\" \/>\n<meta property=\"og:title\" content=\"Mehmet Bardhi: Rumija treba da bude slobodna za sve - Video - Lajme nga Ulqini\" \/>\n<meta property=\"og:description\" content=\"Lider Demokratskog saveza u Crnoj Gori Mehmet Bardhi kazao je nakon konsultacija sa premijerom Igorom Luk\u0161i\u0107em da se crkva na Rumiji koja, kako je rekao,\" \/>\n<meta property=\"og:url\" content=\"https:\/\/www.visit-ulcinj.com\/blog\/2011\/01\/28\/bardhi-rumija-treba-da-bude-slobodna-za-sve\/\" \/>\n<meta property=\"og:site_name\" content=\"Lajme nga Ulqini\" \/>\n<meta property=\"article:published_time\" content=\"2011-01-28T17:20:44+00:00\" \/>\n<meta property=\"article:modified_time\" content=\"2011-01-28T17:27:14+00:00\" \/>\n<meta property=\"og:image\" content=\"http:\/\/www.visit-ulcinj.com\/blog\/wp-content\/uploads\/2011\/01\/Igor-Luksic_Mehmet-Bardhi.jpg\" \/>\n<meta name=\"twitter:label1\" content=\"Written by\" \/>\n\t<meta name=\"twitter:data1\" content=\"ulqini\" \/>\n\t<meta name=\"twitter:label2\" content=\"Est. reading time\" \/>\n\t<meta name=\"twitter:data2\" content=\"1 minute\" \/>\n<script type=\"application\/ld+json\" class=\"yoast-schema-graph\">{\"@context\":\"https:\/\/schema.org\",\"@graph\":[{\"@type\":\"WebSite\",\"@id\":\"https:\/\/www.visit-ulcinj.com\/blog\/#website\",\"url\":\"https:\/\/www.visit-ulcinj.com\/blog\/\",\"name\":\"Lajme nga Ulqini\",\"description\":\"Lajme,Vijesti,Ulqini,Ulqin,Crna Gora,Mali i Zi\",\"potentialAction\":[{\"@type\":\"SearchAction\",\"target\":{\"@type\":\"EntryPoint\",\"urlTemplate\":\"https:\/\/www.visit-ulcinj.com\/blog\/?s={search_term_string}\"},\"query-input\":\"required name=search_term_string\"}],\"inLanguage\":\"en-US\"},{\"@type\":\"ImageObject\",\"inLanguage\":\"en-US\",\"@id\":\"https:\/\/www.visit-ulcinj.com\/blog\/2011\/01\/28\/bardhi-rumija-treba-da-bude-slobodna-za-sve\/#primaryimage\",\"url\":\"https:\/\/www.visit-ulcinj.com\/blog\/wp-content\/uploads\/2011\/01\/Igor-Luksic_Mehmet-Bardhi.jpg\",\"contentUrl\":\"https:\/\/www.visit-ulcinj.com\/blog\/wp-content\/uploads\/2011\/01\/Igor-Luksic_Mehmet-Bardhi.jpg\",\"width\":\"519\",\"height\":\"316\"},{\"@type\":\"WebPage\",\"@id\":\"https:\/\/www.visit-ulcinj.com\/blog\/2011\/01\/28\/bardhi-rumija-treba-da-bude-slobodna-za-sve\/#webpage\",\"url\":\"https:\/\/www.visit-ulcinj.com\/blog\/2011\/01\/28\/bardhi-rumija-treba-da-bude-slobodna-za-sve\/\",\"name\":\"Mehmet Bardhi: Rumija treba da bude slobodna za sve - Video - Lajme nga Ulqini\",\"isPartOf\":{\"@id\":\"https:\/\/www.visit-ulcinj.com\/blog\/#website\"},\"primaryImageOfPage\":{\"@id\":\"https:\/\/www.visit-ulcinj.com\/blog\/2011\/01\/28\/bardhi-rumija-treba-da-bude-slobodna-za-sve\/#primaryimage\"},\"datePublished\":\"2011-01-28T17:20:44+00:00\",\"dateModified\":\"2011-01-28T17:27:14+00:00\",\"author\":{\"@id\":\"https:\/\/www.visit-ulcinj.com\/blog\/#\/schema\/person\/dcab619c614d3038751c63bc2aadc06d\"},\"description\":\"Lider Demokratskog saveza u Crnoj Gori Mehmet Bardhi kazao je nakon konsultacija sa premijerom Igorom Luk\u0161i\u0107em da se crkva na Rumiji koja, kako je rekao,\",\"breadcrumb\":{\"@id\":\"https:\/\/www.visit-ulcinj.com\/blog\/2011\/01\/28\/bardhi-rumija-treba-da-bude-slobodna-za-sve\/#breadcrumb\"},\"inLanguage\":\"en-US\",\"potentialAction\":[{\"@type\":\"ReadAction\",\"target\":[\"https:\/\/www.visit-ulcinj.com\/blog\/2011\/01\/28\/bardhi-rumija-treba-da-bude-slobodna-za-sve\/\"]}]},{\"@type\":\"BreadcrumbList\",\"@id\":\"https:\/\/www.visit-ulcinj.com\/blog\/2011\/01\/28\/bardhi-rumija-treba-da-bude-slobodna-za-sve\/#breadcrumb\",\"itemListElement\":[{\"@type\":\"ListItem\",\"position\":1,\"name\":\"Mehmet Bardhi: Rumija treba da bude slobodna za sve &#8211; Video\"}]},{\"@type\":\"Person\",\"@id\":\"https:\/\/www.visit-ulcinj.com\/blog\/#\/schema\/person\/dcab619c614d3038751c63bc2aadc06d\",\"name\":\"ulqini\",\"sameAs\":[\"http:\/\/www.visit-ulcinj.com\"],\"url\":\"https:\/\/www.visit-ulcinj.com\/blog\/author\/admin\/\"}]}<\/script>\n<!-- \/ Yoast SEO plugin. -->","yoast_head_json":{"title":"Mehmet Bardhi: Rumija treba da bude slobodna za sve - Video - Lajme nga Ulqini","description":"Lider Demokratskog saveza u Crnoj Gori Mehmet Bardhi kazao je nakon konsultacija sa premijerom Igorom Luk\u0161i\u0107em da se crkva na Rumiji koja, kako je rekao,","robots":{"index":"index","follow":"follow","max-snippet":"max-snippet:-1","max-image-preview":"max-image-preview:large","max-video-preview":"max-video-preview:-1"},"canonical":"https:\/\/www.visit-ulcinj.com\/blog\/2011\/01\/28\/bardhi-rumija-treba-da-bude-slobodna-za-sve\/","og_locale":"en_US","og_type":"article","og_title":"Mehmet Bardhi: Rumija treba da bude slobodna za sve - Video - Lajme nga Ulqini","og_description":"Lider Demokratskog saveza u Crnoj Gori Mehmet Bardhi kazao je nakon konsultacija sa premijerom Igorom Luk\u0161i\u0107em da se crkva na Rumiji koja, kako je rekao,","og_url":"https:\/\/www.visit-ulcinj.com\/blog\/2011\/01\/28\/bardhi-rumija-treba-da-bude-slobodna-za-sve\/","og_site_name":"Lajme nga Ulqini","article_published_time":"2011-01-28T17:20:44+00:00","article_modified_time":"2011-01-28T17:27:14+00:00","og_image":[{"url":"http:\/\/www.visit-ulcinj.com\/blog\/wp-content\/uploads\/2011\/01\/Igor-Luksic_Mehmet-Bardhi.jpg"}],"twitter_misc":{"Written by":"ulqini","Est. reading time":"1 minute"},"schema":{"@context":"https:\/\/schema.org","@graph":[{"@type":"WebSite","@id":"https:\/\/www.visit-ulcinj.com\/blog\/#website","url":"https:\/\/www.visit-ulcinj.com\/blog\/","name":"Lajme nga Ulqini","description":"Lajme,Vijesti,Ulqini,Ulqin,Crna Gora,Mali i Zi","potentialAction":[{"@type":"SearchAction","target":{"@type":"EntryPoint","urlTemplate":"https:\/\/www.visit-ulcinj.com\/blog\/?s={search_term_string}"},"query-input":"required name=search_term_string"}],"inLanguage":"en-US"},{"@type":"ImageObject","inLanguage":"en-US","@id":"https:\/\/www.visit-ulcinj.com\/blog\/2011\/01\/28\/bardhi-rumija-treba-da-bude-slobodna-za-sve\/#primaryimage","url":"https:\/\/www.visit-ulcinj.com\/blog\/wp-content\/uploads\/2011\/01\/Igor-Luksic_Mehmet-Bardhi.jpg","contentUrl":"https:\/\/www.visit-ulcinj.com\/blog\/wp-content\/uploads\/2011\/01\/Igor-Luksic_Mehmet-Bardhi.jpg","width":"519","height":"316"},{"@type":"WebPage","@id":"https:\/\/www.visit-ulcinj.com\/blog\/2011\/01\/28\/bardhi-rumija-treba-da-bude-slobodna-za-sve\/#webpage","url":"https:\/\/www.visit-ulcinj.com\/blog\/2011\/01\/28\/bardhi-rumija-treba-da-bude-slobodna-za-sve\/","name":"Mehmet Bardhi: Rumija treba da bude slobodna za sve - Video - Lajme nga Ulqini","isPartOf":{"@id":"https:\/\/www.visit-ulcinj.com\/blog\/#website"},"primaryImageOfPage":{"@id":"https:\/\/www.visit-ulcinj.com\/blog\/2011\/01\/28\/bardhi-rumija-treba-da-bude-slobodna-za-sve\/#primaryimage"},"datePublished":"2011-01-28T17:20:44+00:00","dateModified":"2011-01-28T17:27:14+00:00","author":{"@id":"https:\/\/www.visit-ulcinj.com\/blog\/#\/schema\/person\/dcab619c614d3038751c63bc2aadc06d"},"description":"Lider Demokratskog saveza u Crnoj Gori Mehmet Bardhi kazao je nakon konsultacija sa premijerom Igorom Luk\u0161i\u0107em da se crkva na Rumiji koja, kako je rekao,","breadcrumb":{"@id":"https:\/\/www.visit-ulcinj.com\/blog\/2011\/01\/28\/bardhi-rumija-treba-da-bude-slobodna-za-sve\/#breadcrumb"},"inLanguage":"en-US","potentialAction":[{"@type":"ReadAction","target":["https:\/\/www.visit-ulcinj.com\/blog\/2011\/01\/28\/bardhi-rumija-treba-da-bude-slobodna-za-sve\/"]}]},{"@type":"BreadcrumbList","@id":"https:\/\/www.visit-ulcinj.com\/blog\/2011\/01\/28\/bardhi-rumija-treba-da-bude-slobodna-za-sve\/#breadcrumb","itemListElement":[{"@type":"ListItem","position":1,"name":"Mehmet Bardhi: Rumija treba da bude slobodna za sve &#8211; Video"}]},{"@type":"Person","@id":"https:\/\/www.visit-ulcinj.com\/blog\/#\/schema\/person\/dcab619c614d3038751c63bc2aadc06d","name":"ulqini","sameAs":["http:\/\/www.visit-ulcinj.com"],"url":"https:\/\/www.visit-ulcinj.com\/blog\/author\/admin\/"}]}},"jetpack_featured_media_url":"","jetpack_sharing_enabled":true,"jetpack_shortlink":"https:\/\/wp.me\/pe6lTn-b9w","_links":{"self":[{"href":"https:\/\/www.visit-ulcinj.com\/blog\/wp-json\/wp\/v2\/posts\/42874"}],"collection":[{"href":"https:\/\/www.visit-ulcinj.com\/blog\/wp-json\/wp\/v2\/posts"}],"about":[{"href":"https:\/\/www.visit-ulcinj.com\/blog\/wp-json\/wp\/v2\/types\/post"}],"author":[{"embeddable":true,"href":"https:\/\/www.visit-ulcinj.com\/blog\/wp-json\/wp\/v2\/users\/1"}],"replies":[{"embeddable":true,"href":"https:\/\/www.visit-ulcinj.com\/blog\/wp-json\/wp\/v2\/comments?post=42874"}],"version-history":[{"count":0,"href":"https:\/\/www.visit-ulcinj.com\/blog\/wp-json\/wp\/v2\/posts\/42874\/revisions"}],"wp:attachment":[{"href":"https:\/\/www.visit-ulcinj.com\/blog\/wp-json\/wp\/v2\/media?parent=42874"}],"wp:term":[{"taxonomy":"category","embeddable":true,"href":"https:\/\/www.visit-ulcinj.com\/blog\/wp-json\/wp\/v2\/categories?post=42874"},{"taxonomy":"post_tag","embeddable":true,"href":"https:\/\/www.visit-ulcinj.com\/blog\/wp-json\/wp\/v2\/tags?post=42874"}],"curies":[{"name":"wp","href":"https:\/\/api.w.org\/{rel}","templated":true}]}}