{"id":42910,"date":"2011-01-31T15:52:01","date_gmt":"2011-01-31T14:52:01","guid":{"rendered":"http:\/\/www.visit-ulcinj.com\/blog\/?p=42910"},"modified":"2011-02-04T08:41:58","modified_gmt":"2011-02-04T07:41:58","slug":"filmi-dokumentar-ana-e-malit-thesar-qe-nuk-shuhet-te-autorit-nexhmedin-avdiu","status":"publish","type":"post","link":"https:\/\/www.visit-ulcinj.com\/blog\/2011\/01\/31\/filmi-dokumentar-ana-e-malit-thesar-qe-nuk-shuhet-te-autorit-nexhmedin-avdiu\/","title":{"rendered":"Filmi dokumentar Ana e Malit thesar q\u00eb nuk shuhet t\u00eb autorit Nexhmedin Avdiu"},"content":{"rendered":"<p><a href=\"http:\/\/www.visit-ulcinj.com\/blog\/wp-content\/uploads\/2011\/01\/Filmi-dokumentar-Ana-e-Malit_Ulqin.jpg\"><img loading=\"lazy\" class=\"alignleft size-full wp-image-42911\" title=\"Filmi dokumentar Ana e Malit_Ulqin,Adrian Avdiu, Amull, Amulli, ana e malit, ana malit, Ardian Taipi, Bijela Gora, BLerim Marshiqi, Bojk\u00eb, Bojku, Brajsha, Brajshe, bratic\u00eb, Briska e Ep\u00ebrme, \u00c7apraj, Darza, Dodaj, Dragaj (Dragina), Dragina, Ef Rexhep Lika, Enver Demiri, Filmi dokumentar, Fraskanjeli, Fraskanjell, gezim salaj, Gjonzaj, Haxhi Shabani, intervista, Intervju, Jakup Gjeloshi, Kabil Kurti, Kaliman, Kalimani, kamerman, Katerkolla, Klezna e Ep\u00ebrme, Klezna e Poshtme, Kllezna, Kllezna e Nalt, Kllezna e Poshtme, Kod\u00ebr, Kolonza, Kosiq, Kosiqi, KRAVAR, Kravari, kru\u00e7, Krute, Kryetar i Shoqates Ana e Malit n\u00eb New York, Kryimami i BI se Ulqinit, krytha, Kryth\u00eb, Lajmet \/ Vijesti, Liridona Mehmedovic, Lisna Bora, Lisna Bore, Lulejt, Mali i Zi, Megjreqi, milla, Mill\u00eb, Muriqani, Muslim Llolla, Muzafer Koliqi, Naser Cobaj, new york, Nexhmedin Avdiu, Nusret Tulla, Oblika, Pistull, Rashtisha, Rastish, Re\u00e7, Rexhep ef. Lika, Sal\u00e7, Selatin Gjeloshi, Selita, Shas, Shasi, Sh\u00ebngjergj, shkodra, shoqata shqiptaro amerikane \u201cAna e Malit\u201d, Shtegvasha, Shtodh\u00ebr, Shtodri, Shtoj i Ep\u00ebrm, Shtoj i Posht\u00ebm, Shtufi, Sukobina, Sukubina, Sukubin\u00eb, Suma, Sutjell, ulqin, ulqinak\u00eb, ulqini, vijesti, Zenelejt, Zogaj\" src=\"http:\/\/www.visit-ulcinj.com\/blog\/wp-content\/uploads\/2011\/01\/Filmi-dokumentar-Ana-e-Malit_Ulqin.jpg\" alt=\"\" width=\"490\" height=\"380\" \/><\/a>\u201cAh, si nuk zgjati me shum\u00eb\u201d \u2013 me k\u00ebto fjal\u00eb gazetari dhe shkrimtari Haxhi Shabani e p\u00ebrshkroi filmin dokumentar \u201cAna e Malit thesar q\u00eb nuk shuhet\u201c t\u00eb autorit Nexhmedin Avdiu. Me k\u00ebto fjal\u00eb mund t\u00eb p\u00ebrshkruhet edhe e gjith\u00eb mbr\u00ebmja e promovimit t\u00eb k\u00ebtij dokumentari q\u00eb u shfaq k\u00ebt\u00eb t\u00eb shtun\u00eb n\u00eb Qendren p\u00ebr kulture n\u00eb Ulqin.<\/p>\n<p>P\u00ebr t\u00eb ditur se ku do shkojm\u00eb \u2013 duhet t\u00eb dim\u00eb se ku kemi qen\u00eb. Me pak fjal\u00eb ky \u00ebsht\u00eb edhe mesazhi q\u00eb autori i k\u00ebtij dokumentari d\u00ebshiron t\u00eb transmetoj t\u00eb shikuesi i sot\u00ebm por edhe p\u00ebr brezat e ardhshme.<\/p>\n<p>Doket dhe zakonet e vjetra, k\u00ebng\u00ebt dhe vallet t\u00eb vjetra por t\u00eb ruajtura p\u00ebr mrrekulli dhe me fanatiz\u00ebm deri n\u00eb dit\u00ebt e sodit, mjesht\u00ebrit\u00eb dhe artizanatet e mbi t\u00eb gjitha bujaria, urt\u00ebsia dhe mik\u00ebpritja ishin g\u00ebrshetuar n\u00eb m\u00ebnyr\u00eb t\u00eb shk\u00eblqyeshme n\u00eb k\u00ebt\u00eb film dokumentar p\u00ebr trev\u00ebn e An\u00ebs s\u00eb Malit.<\/p>\n<p>Para fillimit t\u00eb shfaqjes t\u00eb pranishmeve u drejtua autori i filmit i cili i falenderoi p\u00ebr pjesmarrjen aq masive si dhe p\u00ebsh\u00ebndeti kontribuesit p\u00ebr k\u00ebt\u00eb dokumentar e q\u00eb ishin t\u00eb shumt\u00eb, duke filluar nga pjesmarr\u00ebsit e filmit q\u00eb ishin njer\u00ebz t\u00eb t\u00eb gjitha moshave dhe fshatrave t\u00eb zon\u00ebs s\u00eb An\u00ebs s\u00eb Malit e deri t\u00eb sponzor\u00ebt. Vlen t\u00eb p\u00ebrmendet se donatoret financiar ishin biznesmenet shum\u00eb t\u00eb respektur nga kjo zon\u00eb t\u00eb cil\u00ebt z. Avdiu i falenderoi p\u00ebrzem\u00ebrisht e ato ishin: Jakup Gjeloshi, Kabil Kurti, Selatin Gjeloshi, Enver Demiri, Muslim Llolla dhe Nusret Tulla.<\/p>\n<p>P\u00ebr dhe rreth dokumentarit foli z. Haxhi Shabani q\u00eb e vler\u00ebsoi pun\u00ebn e b\u00ebr\u00eb nga autori si dhe pun\u00ebn e shk\u00eblqyeshme t\u00eb kameraman\u00ebve pasionant Adrian Avdiu dhe Ardian Taipi. Zoti Shabani shtoi se zona e An\u00ebs s\u00eb Malit ka p\u00ebr t\u00eb cil\u00ebt dhe duhet t\u00eb mburret p\u00ebr bijt\u00eb e vet.<\/p>\n<p><strong>Promul Ulqin<br \/>\n<\/strong><\/p>\n<p>Folklori i Ulqinit dhe Ana e Malit, Goj\u00ebdh\u00ebnat, legjendat, k\u00ebng\u00ebt popullore, bejtet, k\u00ebng\u00ebt p\u00ebr heronjt\u00eb jane pasuri komb\u00ebtare q\u00eb shqiptar\u00ebt n\u00eb Ulqin dhe An\u00eb t\u00eb Malit duhet ti trash\u00ebgojne nga brezi n\u00eb brez. Jepni kontributin tuaj t\u00eb \u00e7muar n\u00eb k\u00ebt\u00eb drejtim duke sjell\u00eb folklorin e Ulqinit dhe An\u00ebs Malit tuaj.<\/p>\n<p>Presim nga ju fotografite me tematik\u00eb folklorike shqiptare nga Ulqini dhe Ana Malit \u00a0duke i grumbulluar krejt n\u00eb nj\u00eb vend.<\/p>\n<p><strong>Lajme nga Ulqini<br \/>\nFilmi dokumentar Ana e Malit<\/strong><br \/>\n<!--YouTube Error: bad URL entered--><\/p>\n<address><span style=\"color: #ffffff;\">Amull,Mali i Bardh\u00eb, Bojk\u00eb, Brajsh\u00eb,Bratic\u00eb, Mali i Bris\u00eb, Qurkaj,Darz\u00eb, Kllezna e Poshtme, Shtoji i Posht\u00ebm, Dragaj,Dragin\u00eb, Fraskanjell, Kllezna e Ep\u00ebrme, Shtoji i Ep\u00ebrm, Kalimani, Kod\u00ebr, Kolonza, Kosiq, Kravari, Kru\u00e7\u00eb, Kryth\u00eb, Krytha e Bratic\u00ebs, Leskovac, Lis\u00ebnBor\u00eb, Megjre\u00e7, Mill\u00eb, Mozhur\u00eb, Pistull, Rastish, Re\u00e7, Sal\u00e7, Shas,Shtodh\u00ebr, Sukobin\u00eb, Sutjell, Sh\u00ebngjergj, Ulqini,Ulqin, Kat\u00ebrkoll\u00eb,Vlladimir, Zogaj,<\/span><\/address>\n","protected":false},"excerpt":{"rendered":"<p>\u201cAh, si nuk zgjati me shum\u00eb\u201d \u2013 me k\u00ebto fjal\u00eb gazetari dhe shkrimtari Haxhi Shabani e p\u00ebrshkroi filmin dokumentar \u201cAna e Malit thesar q\u00eb nuk shuhet\u201c t\u00eb autorit Nexhmedin Avdiu. Me k\u00ebto fjal\u00eb mund t\u00eb p\u00ebrshkruhet edhe e gjith\u00eb mbr\u00ebmja e promovimit t\u00eb k\u00ebtij dokumentari q\u00eb u shfaq k\u00ebt\u00eb t\u00eb shtun\u00eb n\u00eb Qendren p\u00ebr kulture [&hellip;]<\/p>\n","protected":false},"author":1,"featured_media":0,"comment_status":"open","ping_status":"closed","sticky":false,"template":"","format":"standard","meta":{"spay_email":"","jetpack_publicize_message":"","jetpack_is_tweetstorm":false,"jetpack_publicize_feature_enabled":true},"categories":[4],"tags":[17137,14351,3505,1954,212,17138,14352,14349,14353,3510,3502,14354,12340,14355,16216,14356,3516,14357,3511,17133,17135,17132,3504,14358,3220,16214,211,8966,16491,17134,840,14359,3506,16829,3499,14360,14361,3509,16210,16211,14362,14363,3507,14655,3717,3500,1762,4625,16490,14043,3228,14364,22008,17127,13230,3512,16212,95,14365,3227,14366,3513,2628,14348,1082,4642,17131,17136,3514,14367,3501,14368,14369,5173,14370,16228,10472,2083,3231,14371,3617,16202,3508,14372,3503,14373,14374,3515,16215,3498,2800,15160,14375,200,37,18,1388,16213,14376],"jetpack_publicize_connections":[],"yoast_head":"<!-- This site is optimized with the Yoast SEO plugin v19.1 - https:\/\/yoast.com\/wordpress\/plugins\/seo\/ -->\n<title>Filmi dokumentar Ana e Malit thesar q\u00eb nuk shuhet t\u00eb autorit Nexhmedin Avdiu - Lajme nga Ulqini<\/title>\n<meta name=\"description\" content=\"\u201cAh, si nuk zgjati me shum\u00eb\u201d \u2013 me k\u00ebto fjal\u00eb gazetari dhe shkrimtari Haxhi Shabani e p\u00ebrshkroi filmin dokumentar \u201cAna e Malit thesar q\u00eb nuk shuhet\u201c t\u00eb\" \/>\n<meta name=\"robots\" content=\"index, follow, max-snippet:-1, max-image-preview:large, max-video-preview:-1\" \/>\n<link rel=\"canonical\" href=\"https:\/\/www.visit-ulcinj.com\/blog\/2011\/01\/31\/filmi-dokumentar-ana-e-malit-thesar-qe-nuk-shuhet-te-autorit-nexhmedin-avdiu\/\" \/>\n<meta property=\"og:locale\" content=\"en_US\" \/>\n<meta property=\"og:type\" content=\"article\" \/>\n<meta property=\"og:title\" content=\"Filmi dokumentar Ana e Malit thesar q\u00eb nuk shuhet t\u00eb autorit Nexhmedin Avdiu - Lajme nga Ulqini\" \/>\n<meta property=\"og:description\" content=\"\u201cAh, si nuk zgjati me shum\u00eb\u201d \u2013 me k\u00ebto fjal\u00eb gazetari dhe shkrimtari Haxhi Shabani e p\u00ebrshkroi filmin dokumentar \u201cAna e Malit thesar q\u00eb nuk shuhet\u201c t\u00eb\" \/>\n<meta property=\"og:url\" content=\"https:\/\/www.visit-ulcinj.com\/blog\/2011\/01\/31\/filmi-dokumentar-ana-e-malit-thesar-qe-nuk-shuhet-te-autorit-nexhmedin-avdiu\/\" \/>\n<meta property=\"og:site_name\" content=\"Lajme nga Ulqini\" \/>\n<meta property=\"article:published_time\" content=\"2011-01-31T14:52:01+00:00\" \/>\n<meta property=\"article:modified_time\" content=\"2011-02-04T07:41:58+00:00\" \/>\n<meta property=\"og:image\" content=\"http:\/\/www.visit-ulcinj.com\/blog\/wp-content\/uploads\/2011\/01\/Filmi-dokumentar-Ana-e-Malit_Ulqin.jpg\" \/>\n<meta name=\"twitter:label1\" content=\"Written by\" \/>\n\t<meta name=\"twitter:data1\" content=\"ulqini\" \/>\n\t<meta name=\"twitter:label2\" content=\"Est. reading time\" \/>\n\t<meta name=\"twitter:data2\" content=\"3 minutes\" \/>\n<script type=\"application\/ld+json\" class=\"yoast-schema-graph\">{\"@context\":\"https:\/\/schema.org\",\"@graph\":[{\"@type\":\"WebSite\",\"@id\":\"https:\/\/www.visit-ulcinj.com\/blog\/#website\",\"url\":\"https:\/\/www.visit-ulcinj.com\/blog\/\",\"name\":\"Lajme nga Ulqini\",\"description\":\"Lajme,Vijesti,Ulqini,Ulqin,Crna Gora,Mali i Zi\",\"potentialAction\":[{\"@type\":\"SearchAction\",\"target\":{\"@type\":\"EntryPoint\",\"urlTemplate\":\"https:\/\/www.visit-ulcinj.com\/blog\/?s={search_term_string}\"},\"query-input\":\"required name=search_term_string\"}],\"inLanguage\":\"en-US\"},{\"@type\":\"ImageObject\",\"inLanguage\":\"en-US\",\"@id\":\"https:\/\/www.visit-ulcinj.com\/blog\/2011\/01\/31\/filmi-dokumentar-ana-e-malit-thesar-qe-nuk-shuhet-te-autorit-nexhmedin-avdiu\/#primaryimage\",\"url\":\"https:\/\/www.visit-ulcinj.com\/blog\/wp-content\/uploads\/2011\/01\/Filmi-dokumentar-Ana-e-Malit_Ulqin.jpg\",\"contentUrl\":\"https:\/\/www.visit-ulcinj.com\/blog\/wp-content\/uploads\/2011\/01\/Filmi-dokumentar-Ana-e-Malit_Ulqin.jpg\",\"width\":\"720\",\"height\":\"540\"},{\"@type\":\"WebPage\",\"@id\":\"https:\/\/www.visit-ulcinj.com\/blog\/2011\/01\/31\/filmi-dokumentar-ana-e-malit-thesar-qe-nuk-shuhet-te-autorit-nexhmedin-avdiu\/#webpage\",\"url\":\"https:\/\/www.visit-ulcinj.com\/blog\/2011\/01\/31\/filmi-dokumentar-ana-e-malit-thesar-qe-nuk-shuhet-te-autorit-nexhmedin-avdiu\/\",\"name\":\"Filmi dokumentar Ana e Malit thesar q\u00eb nuk shuhet t\u00eb autorit Nexhmedin Avdiu - Lajme nga Ulqini\",\"isPartOf\":{\"@id\":\"https:\/\/www.visit-ulcinj.com\/blog\/#website\"},\"primaryImageOfPage\":{\"@id\":\"https:\/\/www.visit-ulcinj.com\/blog\/2011\/01\/31\/filmi-dokumentar-ana-e-malit-thesar-qe-nuk-shuhet-te-autorit-nexhmedin-avdiu\/#primaryimage\"},\"datePublished\":\"2011-01-31T14:52:01+00:00\",\"dateModified\":\"2011-02-04T07:41:58+00:00\",\"author\":{\"@id\":\"https:\/\/www.visit-ulcinj.com\/blog\/#\/schema\/person\/dcab619c614d3038751c63bc2aadc06d\"},\"description\":\"\u201cAh, si nuk zgjati me shum\u00eb\u201d \u2013 me k\u00ebto fjal\u00eb gazetari dhe shkrimtari Haxhi Shabani e p\u00ebrshkroi filmin dokumentar \u201cAna e Malit thesar q\u00eb nuk shuhet\u201c t\u00eb\",\"breadcrumb\":{\"@id\":\"https:\/\/www.visit-ulcinj.com\/blog\/2011\/01\/31\/filmi-dokumentar-ana-e-malit-thesar-qe-nuk-shuhet-te-autorit-nexhmedin-avdiu\/#breadcrumb\"},\"inLanguage\":\"en-US\",\"potentialAction\":[{\"@type\":\"ReadAction\",\"target\":[\"https:\/\/www.visit-ulcinj.com\/blog\/2011\/01\/31\/filmi-dokumentar-ana-e-malit-thesar-qe-nuk-shuhet-te-autorit-nexhmedin-avdiu\/\"]}]},{\"@type\":\"BreadcrumbList\",\"@id\":\"https:\/\/www.visit-ulcinj.com\/blog\/2011\/01\/31\/filmi-dokumentar-ana-e-malit-thesar-qe-nuk-shuhet-te-autorit-nexhmedin-avdiu\/#breadcrumb\",\"itemListElement\":[{\"@type\":\"ListItem\",\"position\":1,\"name\":\"Filmi dokumentar Ana e Malit thesar q\u00eb nuk shuhet t\u00eb autorit Nexhmedin Avdiu\"}]},{\"@type\":\"Person\",\"@id\":\"https:\/\/www.visit-ulcinj.com\/blog\/#\/schema\/person\/dcab619c614d3038751c63bc2aadc06d\",\"name\":\"ulqini\",\"sameAs\":[\"http:\/\/www.visit-ulcinj.com\"],\"url\":\"https:\/\/www.visit-ulcinj.com\/blog\/author\/admin\/\"}]}<\/script>\n<!-- \/ Yoast SEO plugin. -->","yoast_head_json":{"title":"Filmi dokumentar Ana e Malit thesar q\u00eb nuk shuhet t\u00eb autorit Nexhmedin Avdiu - Lajme nga Ulqini","description":"\u201cAh, si nuk zgjati me shum\u00eb\u201d \u2013 me k\u00ebto fjal\u00eb gazetari dhe shkrimtari Haxhi Shabani e p\u00ebrshkroi filmin dokumentar \u201cAna e Malit thesar q\u00eb nuk shuhet\u201c t\u00eb","robots":{"index":"index","follow":"follow","max-snippet":"max-snippet:-1","max-image-preview":"max-image-preview:large","max-video-preview":"max-video-preview:-1"},"canonical":"https:\/\/www.visit-ulcinj.com\/blog\/2011\/01\/31\/filmi-dokumentar-ana-e-malit-thesar-qe-nuk-shuhet-te-autorit-nexhmedin-avdiu\/","og_locale":"en_US","og_type":"article","og_title":"Filmi dokumentar Ana e Malit thesar q\u00eb nuk shuhet t\u00eb autorit Nexhmedin Avdiu - Lajme nga Ulqini","og_description":"\u201cAh, si nuk zgjati me shum\u00eb\u201d \u2013 me k\u00ebto fjal\u00eb gazetari dhe shkrimtari Haxhi Shabani e p\u00ebrshkroi filmin dokumentar \u201cAna e Malit thesar q\u00eb nuk shuhet\u201c t\u00eb","og_url":"https:\/\/www.visit-ulcinj.com\/blog\/2011\/01\/31\/filmi-dokumentar-ana-e-malit-thesar-qe-nuk-shuhet-te-autorit-nexhmedin-avdiu\/","og_site_name":"Lajme nga Ulqini","article_published_time":"2011-01-31T14:52:01+00:00","article_modified_time":"2011-02-04T07:41:58+00:00","og_image":[{"url":"http:\/\/www.visit-ulcinj.com\/blog\/wp-content\/uploads\/2011\/01\/Filmi-dokumentar-Ana-e-Malit_Ulqin.jpg"}],"twitter_misc":{"Written by":"ulqini","Est. reading time":"3 minutes"},"schema":{"@context":"https:\/\/schema.org","@graph":[{"@type":"WebSite","@id":"https:\/\/www.visit-ulcinj.com\/blog\/#website","url":"https:\/\/www.visit-ulcinj.com\/blog\/","name":"Lajme nga Ulqini","description":"Lajme,Vijesti,Ulqini,Ulqin,Crna Gora,Mali i Zi","potentialAction":[{"@type":"SearchAction","target":{"@type":"EntryPoint","urlTemplate":"https:\/\/www.visit-ulcinj.com\/blog\/?s={search_term_string}"},"query-input":"required name=search_term_string"}],"inLanguage":"en-US"},{"@type":"ImageObject","inLanguage":"en-US","@id":"https:\/\/www.visit-ulcinj.com\/blog\/2011\/01\/31\/filmi-dokumentar-ana-e-malit-thesar-qe-nuk-shuhet-te-autorit-nexhmedin-avdiu\/#primaryimage","url":"https:\/\/www.visit-ulcinj.com\/blog\/wp-content\/uploads\/2011\/01\/Filmi-dokumentar-Ana-e-Malit_Ulqin.jpg","contentUrl":"https:\/\/www.visit-ulcinj.com\/blog\/wp-content\/uploads\/2011\/01\/Filmi-dokumentar-Ana-e-Malit_Ulqin.jpg","width":"720","height":"540"},{"@type":"WebPage","@id":"https:\/\/www.visit-ulcinj.com\/blog\/2011\/01\/31\/filmi-dokumentar-ana-e-malit-thesar-qe-nuk-shuhet-te-autorit-nexhmedin-avdiu\/#webpage","url":"https:\/\/www.visit-ulcinj.com\/blog\/2011\/01\/31\/filmi-dokumentar-ana-e-malit-thesar-qe-nuk-shuhet-te-autorit-nexhmedin-avdiu\/","name":"Filmi dokumentar Ana e Malit thesar q\u00eb nuk shuhet t\u00eb autorit Nexhmedin Avdiu - Lajme nga Ulqini","isPartOf":{"@id":"https:\/\/www.visit-ulcinj.com\/blog\/#website"},"primaryImageOfPage":{"@id":"https:\/\/www.visit-ulcinj.com\/blog\/2011\/01\/31\/filmi-dokumentar-ana-e-malit-thesar-qe-nuk-shuhet-te-autorit-nexhmedin-avdiu\/#primaryimage"},"datePublished":"2011-01-31T14:52:01+00:00","dateModified":"2011-02-04T07:41:58+00:00","author":{"@id":"https:\/\/www.visit-ulcinj.com\/blog\/#\/schema\/person\/dcab619c614d3038751c63bc2aadc06d"},"description":"\u201cAh, si nuk zgjati me shum\u00eb\u201d \u2013 me k\u00ebto fjal\u00eb gazetari dhe shkrimtari Haxhi Shabani e p\u00ebrshkroi filmin dokumentar \u201cAna e Malit thesar q\u00eb nuk shuhet\u201c t\u00eb","breadcrumb":{"@id":"https:\/\/www.visit-ulcinj.com\/blog\/2011\/01\/31\/filmi-dokumentar-ana-e-malit-thesar-qe-nuk-shuhet-te-autorit-nexhmedin-avdiu\/#breadcrumb"},"inLanguage":"en-US","potentialAction":[{"@type":"ReadAction","target":["https:\/\/www.visit-ulcinj.com\/blog\/2011\/01\/31\/filmi-dokumentar-ana-e-malit-thesar-qe-nuk-shuhet-te-autorit-nexhmedin-avdiu\/"]}]},{"@type":"BreadcrumbList","@id":"https:\/\/www.visit-ulcinj.com\/blog\/2011\/01\/31\/filmi-dokumentar-ana-e-malit-thesar-qe-nuk-shuhet-te-autorit-nexhmedin-avdiu\/#breadcrumb","itemListElement":[{"@type":"ListItem","position":1,"name":"Filmi dokumentar Ana e Malit thesar q\u00eb nuk shuhet t\u00eb autorit Nexhmedin Avdiu"}]},{"@type":"Person","@id":"https:\/\/www.visit-ulcinj.com\/blog\/#\/schema\/person\/dcab619c614d3038751c63bc2aadc06d","name":"ulqini","sameAs":["http:\/\/www.visit-ulcinj.com"],"url":"https:\/\/www.visit-ulcinj.com\/blog\/author\/admin\/"}]}},"jetpack_featured_media_url":"","jetpack_sharing_enabled":true,"jetpack_shortlink":"https:\/\/wp.me\/pe6lTn-ba6","_links":{"self":[{"href":"https:\/\/www.visit-ulcinj.com\/blog\/wp-json\/wp\/v2\/posts\/42910"}],"collection":[{"href":"https:\/\/www.visit-ulcinj.com\/blog\/wp-json\/wp\/v2\/posts"}],"about":[{"href":"https:\/\/www.visit-ulcinj.com\/blog\/wp-json\/wp\/v2\/types\/post"}],"author":[{"embeddable":true,"href":"https:\/\/www.visit-ulcinj.com\/blog\/wp-json\/wp\/v2\/users\/1"}],"replies":[{"embeddable":true,"href":"https:\/\/www.visit-ulcinj.com\/blog\/wp-json\/wp\/v2\/comments?post=42910"}],"version-history":[{"count":0,"href":"https:\/\/www.visit-ulcinj.com\/blog\/wp-json\/wp\/v2\/posts\/42910\/revisions"}],"wp:attachment":[{"href":"https:\/\/www.visit-ulcinj.com\/blog\/wp-json\/wp\/v2\/media?parent=42910"}],"wp:term":[{"taxonomy":"category","embeddable":true,"href":"https:\/\/www.visit-ulcinj.com\/blog\/wp-json\/wp\/v2\/categories?post=42910"},{"taxonomy":"post_tag","embeddable":true,"href":"https:\/\/www.visit-ulcinj.com\/blog\/wp-json\/wp\/v2\/tags?post=42910"}],"curies":[{"name":"wp","href":"https:\/\/api.w.org\/{rel}","templated":true}]}}