{"id":42918,"date":"2011-01-31T17:08:30","date_gmt":"2011-01-31T16:08:30","guid":{"rendered":"http:\/\/www.visit-ulcinj.com\/blog\/?p=42918"},"modified":"2011-01-31T17:12:16","modified_gmt":"2011-01-31T16:12:16","slug":"42918","status":"publish","type":"post","link":"https:\/\/www.visit-ulcinj.com\/blog\/2011\/01\/31\/42918\/","title":{"rendered":"Tenis Club Bellevue: Shapllja e klubit m\u00eb t\u00eb mir\u00eb n\u00eb Mal t\u00eb Zi"},"content":{"rendered":"<h3><a href=\"http:\/\/www.visit-ulcinj.com\/blog\/wp-content\/uploads\/2011\/01\/Klubi-i-tenisit-Bellevue_Ulqin_Rezart-Cungu_Senad-Tafa_picnik.jpg\"><img loading=\"lazy\" class=\"alignleft size-large wp-image-42919\" title=\"Klubi i tenisit Bellevue_Ulqin_Rezart Cungu_Senad Tafa_picnik,Tenis Club Bellevue - Ulqin,ulqini,ulcinj\" src=\"http:\/\/www.visit-ulcinj.com\/blog\/wp-content\/uploads\/2011\/01\/Klubi-i-tenisit-Bellevue_Ulqin_Rezart-Cungu_Senad-Tafa_picnik-1024x768.jpg\" alt=\"\" width=\"490\" height=\"380\" \/><\/a>Tenis Club Bellevue &#8211; Ulqin <strong>2010 \/ 11<\/strong><\/h3>\n<p>Emrimi i klubit t\u00eb tenisit \u201cBellevue\u201d,prej an\u00ebs s\u00eb Federat\u00ebs s\u00eb tenisit t\u00eb Malit t\u00eb Zi, p\u00ebr klubin m\u00eb t\u00eb mir\u00eb p\u00ebr vitin 2010 n\u00eb nivel shtenor,pa dyshim se d\u00ebshmon se me nj\u00eb organizim t\u00eb mir\u00eb dhe angazhim t\u00eb stafit professional \u00a0munden t\u00eb arrihen rezultate t\u00eb mrekullueshme q\u00eb t\u00ebrheqin vemendjen jo vet\u00ebm sportist\u00ebve n\u00eb Ulqin,por n\u00eb nivel t\u00eb Malit t\u00eb Zi dhe m\u00eb gj\u00ebr\u00eb.<\/p>\n<p>Para nj\u00eb viti e gjys\u00ebm u themelua Klubi i tenisit \u201cBellevue\u201d\u00a0 me q\u00ebllim q\u00eb disa fusha p\u00ebr k\u00ebt\u00eb sport ,t\u00eb lana pas dore\u00a0 mbi 20 vite, t\u00eb reaktivizohen dhe f\u00ebmij\u00ebt e interesuar t\u00eb kaoljn\u00eb \u00e7aste d\u00ebfrimi.<\/p>\n<p><strong>Angazhimi i entuziast\u00ebve i tejkaloi t\u00eb gjitha t\u00eb priturat.<\/strong><\/p>\n<p>U renovuan shtat (7) fusha p\u00ebr tenis,u pajis\u00ebn me t\u00eb gjitha elementet e nevojitura t\u00eb cil\u00ebsis m\u00eb t\u00eb lart\u00eb, u regullua sistemi I rrym\u00ebs elektrike dhe u sigurua ndri\u00e7imi p\u00ebr t\u00eb gjitha fushat \u00e7ka mund\u00ebson shfryt\u00ebzimin edhe mbramje,u ndrruan dhe u p\u00ebrmir\u00ebsuan rrjetat q\u00eb ndajn fushat e tenisit,u regulluan dyert n\u00eb fusha,u b\u00eb drenazha e fushave,u hapen\u00a0 dy pusa p\u00ebr mir\u00ebmbajtjen e teren\u00ebve,u instalua sistemi p\u00ebr\u00a0 ujitje, , u pastrua ambienti,u regullua parkingu. Objekti p\u00ebrcjell\u00ebs,I nd\u00ebrtuar para 25 vitesh,gjithashtu ishte i\u00a0 l\u00ebn\u00eb pas dore dhe i njajti u renovua. U b\u00ebn\u00eb intervenime n\u00eb pullaz I cili ishte i prishur, u b\u00ebn\u00eb p\u00ebrmir\u00ebsime n\u00eb konstrukcion,u ndrruan pllakat dhe pajisjet n\u00eb banjo,u regulluan garderobat dhe u pajis\u00ebn me dollape p\u00ebrkat\u00ebse,u regullua terasa dhe u mbulua me tenda t\u00eb reja. I gjith\u00eb objekti u ngjyros.<\/p>\n<p><strong>Nj\u00eb hapsir\u00eb e posa\u00e7me u p\u00ebrgadit p\u00ebr ushtrime p\u00ebr kondicion.<\/strong><\/p>\n<p>Pasi q\u00eb n\u00eb k\u00ebto fusha nuk kishte kushte p\u00ebr st\u00ebrvitje gjat vjeshte dhe dimrit, u b\u00ebn\u00eb investime t\u00eb konsiderueshme\u00a0 p\u00ebr sigurimin e ambientit t\u00eb mbyllur. Pra u sigurua balloni I cili mbulon dy (2) fusha dhe u montua n\u00eb muajin dhjetor. Balloni asht\u00eb I pajisur me mjetet m\u00eb cil\u00ebsore dhe ka n\u00eb funksion e dhe sistemin p\u00ebr nxemje. \u00a0Balloni\u00a0 shfryt\u00ebzohet prej muajit dhjetor deri n\u00eb muajin prill dhe pastaj paloset deri n\u00eb sezonin e radh\u00ebs. Me k\u00ebt\u00eb investim asht\u00eb sigurua st\u00ebvitja pa nd\u00ebrprerje dhe mbajtja e turnir\u00ebve edhe n\u00eb koh\u00eb me reshje atmosferike.<\/p>\n<p>Gjat vitit t\u00eb kaluar n\u00eb Klubin \u201cBellevue\u201d jan\u00eb mbajtur\u00a0 8 turnire,prej t\u00eb cil\u00ebve 2 p\u00ebr grupmosh\u00ebn deri n\u00eb 12 vje\u00e7,2 turnir p\u00ebr grup\u00ebmosh\u00ebn deri n\u00eb 14 vje\u00e7 dhe nj\u00eb p\u00ebr junior deri n\u00eb 16 vje\u00e7. Gjithashtu jan\u00eb mbajtur 2 turnir p\u00ebr senior. Nj\u00ebri prej tyre ishte I organizuar prej shoqat\u00ebs p\u00ebr sigurime \u201cLlovqen osiguranje\u201d me emrin \u201cServisi I sigurt\u201d dhe turniri \u201cUL open 2010\u201d I organizuar prej klubit \u201cBellevue\u201d. Gjat vitit 2010 asht\u00eb organizuar edhe nj\u00eb turnir vet\u00ebm p\u00ebr shkoll\u00ebn e tenisit \u201cBellevue\u201d\u00a0 p\u00ebr grup\u00ebmosha t\u00eb ndryshme: 10,12,14 dhe 16 vje\u00e7.<\/p>\n<p>P\u00ebr arsye se t\u00eb gjith\u00eb organizimet e deritash\u00ebm jan\u00eb vler\u00ebsua shum\u00eb lart\u00eb,asht\u00eb fitua besim I plot p\u00ebr organizime t\u00eb reja t\u00eb turnireve t\u00eb ndrysh\u00eb.<\/p>\n<p>Gjat vitit 2010 ka funksionua shkolla e tenisit n\u00eb nivele t\u00eb ndrysh\u00ebm dhe vazhdimisht asht\u00eb duke p\u00ebrgaditur f\u00ebmij\u00ebt e grup\u00ebmoshave t\u00eb ndryshme.<\/p>\n<p><strong>2.Interesimi \u00a0p\u00ebr Klubin e tenisit \u201cBellevue\u201d\u00a0 p\u00ebr \u00e7do dit\u00eb vjen duke u rritur dhe ka k\u00ebrkesa t\u00eb shumta\u00a0 p\u00ebr st\u00ebrvitje.<\/strong><\/p>\n<p>Edhe gjat vitit 2010 ka pasur kampe t\u00eb organizuar,prej t\u00eb cil\u00ebve ve\u00e7ojm\u00eb kampin e tenisit prej Federat\u00ebs \u00a0t\u00eb Kosov\u00ebs. Grupi prej 22 f\u00ebmij\u00ebve s\u00eb bashku me trajaner\u00ebt\u00a0 ishin gjat sezonit turistik n\u00eb p\u00ebrgaditje 10 ditore.<\/p>\n<p>Klubi ka pasur edhe nj\u00eb sukses t\u00eb ve\u00e7an q\u00eb krahas\u00a0 hapjes s\u00eb shkoll\u00ebs s\u00eb tenisit ka organizua edhe p\u00ebrgaditje p\u00ebr trajner t\u00eb nivelit bot\u00ebror . N\u00eb k\u00ebt\u00eb trajnim kan\u00eb marr pjes\u00eb\u00a0 edhe 2\u00a0 trajner prej Ulqinit t\u00eb cilit tash kan\u00eb li\u00e7encat adekvate si instructor.<\/p>\n<p>Gjat vitit 2011 do t\u00eb b\u00ebhen p\u00ebrgaditje p\u00ebr\u00a0 aktivizimin edhe t\u00eb nj\u00eb fushe t\u00eb re e cila n\u00eb fillim do t\u00eb jet me baz\u00eb t\u00eb fort dhe pastaj do t\u00eb mbulohet me gum\u00eb.<\/p>\n<p>P\u00ebr vitin 2011 jan\u00eb t\u00eb parapara aktivtete t\u00eb ndryshme. Sajti i Klubit \u00ebsht\u00eb n\u00eb p\u00ebrgaditje t\u00eb sip\u00ebr dhe do t\u00eb jet n\u00eb funksion mbrenda nj\u00eb kohe t\u00eb shkurt\u00ebr. P\u00ebr muajin\u00a0 prill jan\u00eb t\u00eb lajm\u00ebruar p\u00ebr st\u00ebrvitje f\u00ebmij\u00ebt prej klubit t\u00eb Frankfurtit. Gjithashtu ,gjat muajit qershor,p\u00ebrgaditje do t\u00eb b\u00ebjn\u00eb edhe teniser\u00ebt pre \u201cSpartakut\u201d t\u00eb Moskv\u00ebs. P\u00ebr k\u00ebt\u00eb vit jan\u00eb t\u00eb lajm\u00ebruar ,p\u00ebr trajnim, edhe lojtar tjer t\u00eb cilit do t\u00eb b\u00ebjn\u00eb p\u00ebrgaditje me trajner\u00ebt e tyre.<\/p>\n<p>Me riaktivizimin e qendr\u00ebs s\u00eb tenisit n\u00eb Ulqin,u plot\u00ebsua edhe nj\u00eb ofert\u00eb p\u00ebr turist\u00ebt e shumt\u00eb e sidomos p\u00ebr ato t\u00eb \u201cRivier\u00ebs s\u00eb Ulqinit\u201d.<\/p>\n<p>Sigurisht se k\u00ebto rezultate nuk u kishin arritur sikur mos t\u00eb kishte mb\u00ebshtetje finasiare prej afarist\u00ebve t\u00eb ndrysh\u00ebm prej t\u00eb cil\u00ebve do t\u00eb ve\u00e7ojm sponzor\u00ebt gjeneral : UNIQA sigurimin,NLB-Montenegro bank\u00ebn dhe \u201cCungu &amp; co\u201d.<\/p>\n<p>P\u00ebrve\u00e7 q\u00eb klubi u shpall m\u00eb I miri p\u00ebr vitin 2010,Federata e tenist shpalii edhe lojtarin dymbdhjetr vje\u00e7ar, Rrezart Cungun si\u00a0 teniserin m\u00eb me perspektivn\u00eb nivel t\u00eb Malit t\u00eb Zi.<\/p>\n<p><strong>Drejtori: Senad Tafa <\/strong><\/p>\n<p><strong>Ulqin,31.01.2011<\/strong><\/p>\n","protected":false},"excerpt":{"rendered":"<p>Tenis Club Bellevue &#8211; Ulqin 2010 \/ 11 Emrimi i klubit t\u00eb tenisit \u201cBellevue\u201d,prej an\u00ebs s\u00eb Federat\u00ebs s\u00eb tenisit t\u00eb Malit t\u00eb Zi, p\u00ebr klubin m\u00eb t\u00eb mir\u00eb p\u00ebr vitin 2010 n\u00eb nivel shtenor,pa dyshim se d\u00ebshmon se me nj\u00eb organizim t\u00eb mir\u00eb dhe angazhim t\u00eb stafit professional \u00a0munden t\u00eb arrihen rezultate t\u00eb mrekullueshme q\u00eb [&hellip;]<\/p>\n","protected":false},"author":1,"featured_media":0,"comment_status":"open","ping_status":"closed","sticky":false,"template":"","format":"standard","meta":{"spay_email":"","jetpack_publicize_message":"","jetpack_is_tweetstorm":false,"jetpack_publicize_feature_enabled":true},"categories":[3],"tags":[14441,12298,15365,17141,17139,17140],"jetpack_publicize_connections":[],"yoast_head":"<!-- This site is optimized with the Yoast SEO plugin v19.1 - https:\/\/yoast.com\/wordpress\/plugins\/seo\/ -->\n<title>Tenis Club Bellevue: Shapllja e klubit m\u00eb t\u00eb mir\u00eb n\u00eb Mal t\u00eb Zi - Lajme nga Ulqini<\/title>\n<meta name=\"description\" content=\"Tenis Club Bellevue - Ulqin 2010 \/ 11 Emrimi i klubit t\u00eb tenisit \u201cBellevue\u201d,prej an\u00ebs s\u00eb Federat\u00ebs s\u00eb tenisit t\u00eb Malit t\u00eb Zi, p\u00ebr klubin m\u00eb t\u00eb mir\u00eb p\u00ebr\" \/>\n<meta name=\"robots\" content=\"index, follow, max-snippet:-1, max-image-preview:large, max-video-preview:-1\" \/>\n<link rel=\"canonical\" href=\"https:\/\/www.visit-ulcinj.com\/blog\/2011\/01\/31\/42918\/\" \/>\n<meta property=\"og:locale\" content=\"en_US\" \/>\n<meta property=\"og:type\" content=\"article\" \/>\n<meta property=\"og:title\" content=\"Tenis Club Bellevue: Shapllja e klubit m\u00eb t\u00eb mir\u00eb n\u00eb Mal t\u00eb Zi - Lajme nga Ulqini\" \/>\n<meta property=\"og:description\" content=\"Tenis Club Bellevue - Ulqin 2010 \/ 11 Emrimi i klubit t\u00eb tenisit \u201cBellevue\u201d,prej an\u00ebs s\u00eb Federat\u00ebs s\u00eb tenisit t\u00eb Malit t\u00eb Zi, p\u00ebr klubin m\u00eb t\u00eb mir\u00eb p\u00ebr\" \/>\n<meta property=\"og:url\" content=\"https:\/\/www.visit-ulcinj.com\/blog\/2011\/01\/31\/42918\/\" \/>\n<meta property=\"og:site_name\" content=\"Lajme nga Ulqini\" \/>\n<meta property=\"article:published_time\" content=\"2011-01-31T16:08:30+00:00\" \/>\n<meta property=\"article:modified_time\" content=\"2011-01-31T16:12:16+00:00\" \/>\n<meta property=\"og:image\" content=\"http:\/\/www.visit-ulcinj.com\/blog\/wp-content\/uploads\/2011\/01\/Klubi-i-tenisit-Bellevue_Ulqin_Rezart-Cungu_Senad-Tafa_picnik-1024x768.jpg\" \/>\n<meta name=\"twitter:label1\" content=\"Written by\" \/>\n\t<meta name=\"twitter:data1\" content=\"ulqini\" \/>\n\t<meta name=\"twitter:label2\" content=\"Est. reading time\" \/>\n\t<meta name=\"twitter:data2\" content=\"5 minutes\" \/>\n<script type=\"application\/ld+json\" class=\"yoast-schema-graph\">{\"@context\":\"https:\/\/schema.org\",\"@graph\":[{\"@type\":\"WebSite\",\"@id\":\"https:\/\/www.visit-ulcinj.com\/blog\/#website\",\"url\":\"https:\/\/www.visit-ulcinj.com\/blog\/\",\"name\":\"Lajme nga Ulqini\",\"description\":\"Lajme,Vijesti,Ulqini,Ulqin,Crna Gora,Mali i Zi\",\"potentialAction\":[{\"@type\":\"SearchAction\",\"target\":{\"@type\":\"EntryPoint\",\"urlTemplate\":\"https:\/\/www.visit-ulcinj.com\/blog\/?s={search_term_string}\"},\"query-input\":\"required name=search_term_string\"}],\"inLanguage\":\"en-US\"},{\"@type\":\"ImageObject\",\"inLanguage\":\"en-US\",\"@id\":\"https:\/\/www.visit-ulcinj.com\/blog\/2011\/01\/31\/42918\/#primaryimage\",\"url\":\"https:\/\/www.visit-ulcinj.com\/blog\/wp-content\/uploads\/2011\/01\/Klubi-i-tenisit-Bellevue_Ulqin_Rezart-Cungu_Senad-Tafa_picnik.jpg\",\"contentUrl\":\"https:\/\/www.visit-ulcinj.com\/blog\/wp-content\/uploads\/2011\/01\/Klubi-i-tenisit-Bellevue_Ulqin_Rezart-Cungu_Senad-Tafa_picnik.jpg\",\"width\":\"1092\",\"height\":\"819\"},{\"@type\":\"WebPage\",\"@id\":\"https:\/\/www.visit-ulcinj.com\/blog\/2011\/01\/31\/42918\/#webpage\",\"url\":\"https:\/\/www.visit-ulcinj.com\/blog\/2011\/01\/31\/42918\/\",\"name\":\"Tenis Club Bellevue: Shapllja e klubit m\u00eb t\u00eb mir\u00eb n\u00eb Mal t\u00eb Zi - Lajme nga Ulqini\",\"isPartOf\":{\"@id\":\"https:\/\/www.visit-ulcinj.com\/blog\/#website\"},\"primaryImageOfPage\":{\"@id\":\"https:\/\/www.visit-ulcinj.com\/blog\/2011\/01\/31\/42918\/#primaryimage\"},\"datePublished\":\"2011-01-31T16:08:30+00:00\",\"dateModified\":\"2011-01-31T16:12:16+00:00\",\"author\":{\"@id\":\"https:\/\/www.visit-ulcinj.com\/blog\/#\/schema\/person\/dcab619c614d3038751c63bc2aadc06d\"},\"description\":\"Tenis Club Bellevue - Ulqin 2010 \/ 11 Emrimi i klubit t\u00eb tenisit \u201cBellevue\u201d,prej an\u00ebs s\u00eb Federat\u00ebs s\u00eb tenisit t\u00eb Malit t\u00eb Zi, p\u00ebr klubin m\u00eb t\u00eb mir\u00eb p\u00ebr\",\"breadcrumb\":{\"@id\":\"https:\/\/www.visit-ulcinj.com\/blog\/2011\/01\/31\/42918\/#breadcrumb\"},\"inLanguage\":\"en-US\",\"potentialAction\":[{\"@type\":\"ReadAction\",\"target\":[\"https:\/\/www.visit-ulcinj.com\/blog\/2011\/01\/31\/42918\/\"]}]},{\"@type\":\"BreadcrumbList\",\"@id\":\"https:\/\/www.visit-ulcinj.com\/blog\/2011\/01\/31\/42918\/#breadcrumb\",\"itemListElement\":[{\"@type\":\"ListItem\",\"position\":1,\"name\":\"Tenis Club Bellevue: Shapllja e klubit m\u00eb t\u00eb mir\u00eb n\u00eb Mal t\u00eb Zi\"}]},{\"@type\":\"Person\",\"@id\":\"https:\/\/www.visit-ulcinj.com\/blog\/#\/schema\/person\/dcab619c614d3038751c63bc2aadc06d\",\"name\":\"ulqini\",\"sameAs\":[\"http:\/\/www.visit-ulcinj.com\"],\"url\":\"https:\/\/www.visit-ulcinj.com\/blog\/author\/admin\/\"}]}<\/script>\n<!-- \/ Yoast SEO plugin. -->","yoast_head_json":{"title":"Tenis Club Bellevue: Shapllja e klubit m\u00eb t\u00eb mir\u00eb n\u00eb Mal t\u00eb Zi - Lajme nga Ulqini","description":"Tenis Club Bellevue - Ulqin 2010 \/ 11 Emrimi i klubit t\u00eb tenisit \u201cBellevue\u201d,prej an\u00ebs s\u00eb Federat\u00ebs s\u00eb tenisit t\u00eb Malit t\u00eb Zi, p\u00ebr klubin m\u00eb t\u00eb mir\u00eb p\u00ebr","robots":{"index":"index","follow":"follow","max-snippet":"max-snippet:-1","max-image-preview":"max-image-preview:large","max-video-preview":"max-video-preview:-1"},"canonical":"https:\/\/www.visit-ulcinj.com\/blog\/2011\/01\/31\/42918\/","og_locale":"en_US","og_type":"article","og_title":"Tenis Club Bellevue: Shapllja e klubit m\u00eb t\u00eb mir\u00eb n\u00eb Mal t\u00eb Zi - Lajme nga Ulqini","og_description":"Tenis Club Bellevue - Ulqin 2010 \/ 11 Emrimi i klubit t\u00eb tenisit \u201cBellevue\u201d,prej an\u00ebs s\u00eb Federat\u00ebs s\u00eb tenisit t\u00eb Malit t\u00eb Zi, p\u00ebr klubin m\u00eb t\u00eb mir\u00eb p\u00ebr","og_url":"https:\/\/www.visit-ulcinj.com\/blog\/2011\/01\/31\/42918\/","og_site_name":"Lajme nga Ulqini","article_published_time":"2011-01-31T16:08:30+00:00","article_modified_time":"2011-01-31T16:12:16+00:00","og_image":[{"url":"http:\/\/www.visit-ulcinj.com\/blog\/wp-content\/uploads\/2011\/01\/Klubi-i-tenisit-Bellevue_Ulqin_Rezart-Cungu_Senad-Tafa_picnik-1024x768.jpg"}],"twitter_misc":{"Written by":"ulqini","Est. reading time":"5 minutes"},"schema":{"@context":"https:\/\/schema.org","@graph":[{"@type":"WebSite","@id":"https:\/\/www.visit-ulcinj.com\/blog\/#website","url":"https:\/\/www.visit-ulcinj.com\/blog\/","name":"Lajme nga Ulqini","description":"Lajme,Vijesti,Ulqini,Ulqin,Crna Gora,Mali i Zi","potentialAction":[{"@type":"SearchAction","target":{"@type":"EntryPoint","urlTemplate":"https:\/\/www.visit-ulcinj.com\/blog\/?s={search_term_string}"},"query-input":"required name=search_term_string"}],"inLanguage":"en-US"},{"@type":"ImageObject","inLanguage":"en-US","@id":"https:\/\/www.visit-ulcinj.com\/blog\/2011\/01\/31\/42918\/#primaryimage","url":"https:\/\/www.visit-ulcinj.com\/blog\/wp-content\/uploads\/2011\/01\/Klubi-i-tenisit-Bellevue_Ulqin_Rezart-Cungu_Senad-Tafa_picnik.jpg","contentUrl":"https:\/\/www.visit-ulcinj.com\/blog\/wp-content\/uploads\/2011\/01\/Klubi-i-tenisit-Bellevue_Ulqin_Rezart-Cungu_Senad-Tafa_picnik.jpg","width":"1092","height":"819"},{"@type":"WebPage","@id":"https:\/\/www.visit-ulcinj.com\/blog\/2011\/01\/31\/42918\/#webpage","url":"https:\/\/www.visit-ulcinj.com\/blog\/2011\/01\/31\/42918\/","name":"Tenis Club Bellevue: Shapllja e klubit m\u00eb t\u00eb mir\u00eb n\u00eb Mal t\u00eb Zi - Lajme nga Ulqini","isPartOf":{"@id":"https:\/\/www.visit-ulcinj.com\/blog\/#website"},"primaryImageOfPage":{"@id":"https:\/\/www.visit-ulcinj.com\/blog\/2011\/01\/31\/42918\/#primaryimage"},"datePublished":"2011-01-31T16:08:30+00:00","dateModified":"2011-01-31T16:12:16+00:00","author":{"@id":"https:\/\/www.visit-ulcinj.com\/blog\/#\/schema\/person\/dcab619c614d3038751c63bc2aadc06d"},"description":"Tenis Club Bellevue - Ulqin 2010 \/ 11 Emrimi i klubit t\u00eb tenisit \u201cBellevue\u201d,prej an\u00ebs s\u00eb Federat\u00ebs s\u00eb tenisit t\u00eb Malit t\u00eb Zi, p\u00ebr klubin m\u00eb t\u00eb mir\u00eb p\u00ebr","breadcrumb":{"@id":"https:\/\/www.visit-ulcinj.com\/blog\/2011\/01\/31\/42918\/#breadcrumb"},"inLanguage":"en-US","potentialAction":[{"@type":"ReadAction","target":["https:\/\/www.visit-ulcinj.com\/blog\/2011\/01\/31\/42918\/"]}]},{"@type":"BreadcrumbList","@id":"https:\/\/www.visit-ulcinj.com\/blog\/2011\/01\/31\/42918\/#breadcrumb","itemListElement":[{"@type":"ListItem","position":1,"name":"Tenis Club Bellevue: Shapllja e klubit m\u00eb t\u00eb mir\u00eb n\u00eb Mal t\u00eb Zi"}]},{"@type":"Person","@id":"https:\/\/www.visit-ulcinj.com\/blog\/#\/schema\/person\/dcab619c614d3038751c63bc2aadc06d","name":"ulqini","sameAs":["http:\/\/www.visit-ulcinj.com"],"url":"https:\/\/www.visit-ulcinj.com\/blog\/author\/admin\/"}]}},"jetpack_featured_media_url":"","jetpack_sharing_enabled":true,"jetpack_shortlink":"https:\/\/wp.me\/se6lTn-42918","_links":{"self":[{"href":"https:\/\/www.visit-ulcinj.com\/blog\/wp-json\/wp\/v2\/posts\/42918"}],"collection":[{"href":"https:\/\/www.visit-ulcinj.com\/blog\/wp-json\/wp\/v2\/posts"}],"about":[{"href":"https:\/\/www.visit-ulcinj.com\/blog\/wp-json\/wp\/v2\/types\/post"}],"author":[{"embeddable":true,"href":"https:\/\/www.visit-ulcinj.com\/blog\/wp-json\/wp\/v2\/users\/1"}],"replies":[{"embeddable":true,"href":"https:\/\/www.visit-ulcinj.com\/blog\/wp-json\/wp\/v2\/comments?post=42918"}],"version-history":[{"count":0,"href":"https:\/\/www.visit-ulcinj.com\/blog\/wp-json\/wp\/v2\/posts\/42918\/revisions"}],"wp:attachment":[{"href":"https:\/\/www.visit-ulcinj.com\/blog\/wp-json\/wp\/v2\/media?parent=42918"}],"wp:term":[{"taxonomy":"category","embeddable":true,"href":"https:\/\/www.visit-ulcinj.com\/blog\/wp-json\/wp\/v2\/categories?post=42918"},{"taxonomy":"post_tag","embeddable":true,"href":"https:\/\/www.visit-ulcinj.com\/blog\/wp-json\/wp\/v2\/tags?post=42918"}],"curies":[{"name":"wp","href":"https:\/\/api.w.org\/{rel}","templated":true}]}}