{"id":42930,"date":"2011-01-31T19:51:55","date_gmt":"2011-01-31T18:51:55","guid":{"rendered":"http:\/\/www.visit-ulcinj.com\/blog\/?p=42930"},"modified":"2011-01-31T20:12:31","modified_gmt":"2011-01-31T19:12:31","slug":"mal-i-zi-shqiptaret-kunder-ngritjes-se-nje-kishe-serbe-ne-kraje","status":"publish","type":"post","link":"https:\/\/www.visit-ulcinj.com\/blog\/2011\/01\/31\/mal-i-zi-shqiptaret-kunder-ngritjes-se-nje-kishe-serbe-ne-kraje\/","title":{"rendered":"Mal i Zi, shqiptar\u00ebt kund\u00ebr ngritjes s\u00eb nj\u00eb kishe serbe n\u00eb Kraj\u00eb &#8211; Video"},"content":{"rendered":"<p><strong><a href=\"http:\/\/www.visit-ulcinj.com\/blog\/wp-content\/uploads\/2011\/01\/Kisha-ortodokse-ne-rumi.jpg\"><img loading=\"lazy\" class=\"alignleft size-large wp-image-42931\" title=\"Kisha ortodokse ne rumi\" src=\"http:\/\/www.visit-ulcinj.com\/blog\/wp-content\/uploads\/2011\/01\/Kisha-ortodokse-ne-rumi-1024x768.jpg\" alt=\"\" width=\"490\" height=\"380\" \/><\/a>PODGORICE<\/strong>-Shqiptar\u00ebt n\u00eb Mal t\u00eb Zi e p\u00ebrjetojn\u00eb si provokim dhe uzurpim t\u00eb trojeve t\u00eb tyre etnike vendosjen e nj\u00eb kishe ortodokse serbe n\u00eb malin e Rumis\u00eb n\u00eb zon\u00ebn e Kraj\u00ebs.<br \/>\nDeputeti i partis\u00eb shqiptare n\u00eb parlamentin malazez, Mehmet Bardhi, ia paraqiti k\u00ebt\u00eb shqet\u00ebsim kryeministrit t\u00eb posaem\u00ebruar Igor Llukshi\u00e7, duke k\u00ebrkuar nga qeveria e Malit t\u00eb Zi q\u00eb t\u2019i marr\u00eb masat ligjore p\u00ebr zhvendosjen e k\u00ebsaj kishe nga zona e Kraj\u00ebs.<br \/>\nKryetari i Lidhjes Demokratike dhe deputeti shqiptar n\u00eb parlamentin e Malit t\u00eb Zi, Mehmet Bardhi, p\u00ebrs\u00ebriti k\u00ebrkes\u00ebn e tij p\u00ebr zhvendosjen e nj\u00eb kishe ortodokse serbe, e cila n\u00eb gusht t\u00eb vitit 2005 u ngrit n\u00eb maj\u00ebn e malit t\u00eb Rumis\u00eb n\u00eb zon\u00ebn e Kraj\u00ebs.<\/p>\n<p>Bardhi k\u00ebt\u00eb k\u00ebrkes\u00eb e b\u00ebri gjat\u00eb takimit me kryeministrin e Malit t\u00eb Zi Igor Llukshi\u00e7, t\u00eb zhvilluar n\u00eb kuad\u00ebr t\u00eb dit\u00ebve t\u00eb konsultimeve, duke theksuar se objekti n\u00eb maj\u00ebn e Rumis\u00eb paraqet nj\u00eb provokim p\u00ebr pakicat tjera q\u00eb jetojn\u00eb n\u00eb k\u00ebto hap\u00ebsira:<\/p>\n<p>\u201cP\u00ebrs\u00ebri Kisha Pravosllave q\u00eb n\u00eb malin e maj\u00ebs Rumi nj\u00ebher\u00eb t\u00eb sjell\u00eb nj\u00eb kryq dhe pastaj m\u00eb von\u00eb pra, provokime t\u00eb ndryshme. Maja e malit Rumi \u00ebsht\u00eb maja m\u00eb e lart\u00eb n\u00eb majet e Kraj\u00ebs. Edhe ajo \u00ebsht\u00eb nj\u00eb mal q\u00eb ne mbas tradit\u00ebs e quajm\u00eb si t\u00eb shenjt\u00eb sepse kemi t\u00eb bajm\u00eb me kultin pagan pra, e jo me kultin e asnj\u00eb fes\u00eb&#8230; Qytetar\u00ebt e k\u00ebtyre trojeve, kranjan\u00ebt, kan\u00eb ruejt\u00eb edhe delet n\u00eb shpatijet e malit Rumi. E k\u00ebndon fort bukur edhe Mjeda n\u00eb poezin\u00eb e tij ku thot\u00eb \u2018gjith rrotull Kraj\u00ebs e kah merr Rumija\u2019, \u2018gj\u00ebmim trokesh\u2019, pra kumbanash t\u00eb deleve etj&#8230; Ne kemi qen\u00eb shum\u00eb t\u00eb qart\u00eb q\u00eb n\u00eb maj\u00ebn e malit Rumi, meqen\u00ebse nj\u00ebher\u00eb n\u00eb vjet ngjiteshin njer\u00ebzit dhe n\u00eb Rumin\u00eb e Vog\u00ebl b\u00ebheshin edhe gara t\u00eb ndryshme n\u00eb hedhjen e gurit, n\u00eb rr\u00ebzime etj&#8230; Nd\u00ebrsa n\u00eb maj\u00ebn e malit Rumi \u00e7dokush kush ngjitej, sipas nj\u00eb kulti pagan, \u00e7dokush duhej t\u00eb [hidhte] nga nj\u00eb gur\u201d.<\/p>\n<p>Edhe kryetari i parlamentit t\u00eb Malit t\u00eb Zi, Ranko Krivokapi\u00e7, ka k\u00ebrkuar nga qeveria republikane q\u00eb t\u00eb zbatohet ligji p\u00ebr zhvendosjen e k\u00ebsaj makete t\u00eb metalt\u00eb n\u00eb form\u00eb t\u00eb kish\u00ebs. Ai tha se maj\u00ebn e Rumis\u00eb e kan\u00eb mbrojtur me shekuj mysliman\u00ebt, katolik\u00ebt e ortodoks\u00ebt dhe ishte vend pelegrinazhi p\u00ebr t\u00eb gjitha komunitetet. Kurse vendosjen e kish\u00ebs aty, zoti Krivokapi\u00e7 e quajti p\u00ebrdhosje t\u00eb vendit.<\/p>\n<p>Kryeministri Igor Llukshi\u00e7 me k\u00ebt\u00eb rast vuri n\u00eb dukje se udh\u00ebheq\u00ebsit fetar\u00eb duhet t\u00eb promovojn\u00eb paqen dhe toleranc\u00ebn. Ai shprehu keqardhje p\u00ebr disa veprime provokuese t\u00eb Kish\u00ebs Ortodokse Serbe n\u00eb Mal t\u00eb Zi dhe paralajm\u00ebroi se \u00e7\u00ebshtja e Rumis\u00eb duhet t\u00eb zgjidhet n\u00eb favor t\u00eb komuniteteve q\u00eb jetojn\u00eb at\u00eb rajon.<\/p>\n<p><strong>(d.b\/VOA\/BalkanWeb)<br \/>\n<!--YouTube Error: bad URL entered--><\/strong><\/p>\n","protected":false},"excerpt":{"rendered":"<p>PODGORICE-Shqiptar\u00ebt n\u00eb Mal t\u00eb Zi e p\u00ebrjetojn\u00eb si provokim dhe uzurpim t\u00eb trojeve t\u00eb tyre etnike vendosjen e nj\u00eb kishe ortodokse serbe n\u00eb malin e Rumis\u00eb n\u00eb zon\u00ebn e Kraj\u00ebs. Deputeti i partis\u00eb shqiptare n\u00eb parlamentin malazez, Mehmet Bardhi, ia paraqiti k\u00ebt\u00eb shqet\u00ebsim kryeministrit t\u00eb posaem\u00ebruar Igor Llukshi\u00e7, duke k\u00ebrkuar nga qeveria e Malit t\u00eb [&hellip;]<\/p>\n","protected":false},"author":1,"featured_media":0,"comment_status":"open","ping_status":"closed","sticky":false,"template":"","format":"standard","meta":{"spay_email":"","jetpack_publicize_message":"","jetpack_is_tweetstorm":false,"jetpack_publicize_feature_enabled":true},"categories":[12],"tags":[4233,2158,347,17142,1653,496],"jetpack_publicize_connections":[],"yoast_head":"<!-- This site is optimized with the Yoast SEO plugin v19.1 - https:\/\/yoast.com\/wordpress\/plugins\/seo\/ -->\n<title>Mal i Zi, shqiptar\u00ebt kund\u00ebr ngritjes s\u00eb nj\u00eb kishe serbe n\u00eb Kraj\u00eb - Video - Lajme nga Ulqini<\/title>\n<meta name=\"description\" content=\"PODGORICE-Shqiptar\u00ebt n\u00eb Mal t\u00eb Zi e p\u00ebrjetojn\u00eb si provokim dhe uzurpim t\u00eb trojeve t\u00eb tyre etnike vendosjen e nj\u00eb kishe ortodokse serbe n\u00eb malin e Rumis\u00eb\" \/>\n<meta name=\"robots\" content=\"index, follow, max-snippet:-1, max-image-preview:large, max-video-preview:-1\" \/>\n<link rel=\"canonical\" href=\"https:\/\/www.visit-ulcinj.com\/blog\/2011\/01\/31\/mal-i-zi-shqiptaret-kunder-ngritjes-se-nje-kishe-serbe-ne-kraje\/\" \/>\n<meta property=\"og:locale\" content=\"en_US\" \/>\n<meta property=\"og:type\" content=\"article\" \/>\n<meta property=\"og:title\" content=\"Mal i Zi, shqiptar\u00ebt kund\u00ebr ngritjes s\u00eb nj\u00eb kishe serbe n\u00eb Kraj\u00eb - Video - Lajme nga Ulqini\" \/>\n<meta property=\"og:description\" content=\"PODGORICE-Shqiptar\u00ebt n\u00eb Mal t\u00eb Zi e p\u00ebrjetojn\u00eb si provokim dhe uzurpim t\u00eb trojeve t\u00eb tyre etnike vendosjen e nj\u00eb kishe ortodokse serbe n\u00eb malin e Rumis\u00eb\" \/>\n<meta property=\"og:url\" content=\"https:\/\/www.visit-ulcinj.com\/blog\/2011\/01\/31\/mal-i-zi-shqiptaret-kunder-ngritjes-se-nje-kishe-serbe-ne-kraje\/\" \/>\n<meta property=\"og:site_name\" content=\"Lajme nga Ulqini\" \/>\n<meta property=\"article:published_time\" content=\"2011-01-31T18:51:55+00:00\" \/>\n<meta property=\"article:modified_time\" content=\"2011-01-31T19:12:31+00:00\" \/>\n<meta property=\"og:image\" content=\"http:\/\/www.visit-ulcinj.com\/blog\/wp-content\/uploads\/2011\/01\/Kisha-ortodokse-ne-rumi-1024x768.jpg\" \/>\n<meta name=\"twitter:label1\" content=\"Written by\" \/>\n\t<meta name=\"twitter:data1\" content=\"ulqini\" \/>\n\t<meta name=\"twitter:label2\" content=\"Est. reading time\" \/>\n\t<meta name=\"twitter:data2\" content=\"3 minutes\" \/>\n<script type=\"application\/ld+json\" class=\"yoast-schema-graph\">{\"@context\":\"https:\/\/schema.org\",\"@graph\":[{\"@type\":\"WebSite\",\"@id\":\"https:\/\/www.visit-ulcinj.com\/blog\/#website\",\"url\":\"https:\/\/www.visit-ulcinj.com\/blog\/\",\"name\":\"Lajme nga Ulqini\",\"description\":\"Lajme,Vijesti,Ulqini,Ulqin,Crna Gora,Mali i Zi\",\"potentialAction\":[{\"@type\":\"SearchAction\",\"target\":{\"@type\":\"EntryPoint\",\"urlTemplate\":\"https:\/\/www.visit-ulcinj.com\/blog\/?s={search_term_string}\"},\"query-input\":\"required name=search_term_string\"}],\"inLanguage\":\"en-US\"},{\"@type\":\"ImageObject\",\"inLanguage\":\"en-US\",\"@id\":\"https:\/\/www.visit-ulcinj.com\/blog\/2011\/01\/31\/mal-i-zi-shqiptaret-kunder-ngritjes-se-nje-kishe-serbe-ne-kraje\/#primaryimage\",\"url\":\"https:\/\/www.visit-ulcinj.com\/blog\/wp-content\/uploads\/2011\/01\/Kisha-ortodokse-ne-rumi.jpg\",\"contentUrl\":\"https:\/\/www.visit-ulcinj.com\/blog\/wp-content\/uploads\/2011\/01\/Kisha-ortodokse-ne-rumi.jpg\",\"width\":\"2048\",\"height\":\"1536\"},{\"@type\":\"WebPage\",\"@id\":\"https:\/\/www.visit-ulcinj.com\/blog\/2011\/01\/31\/mal-i-zi-shqiptaret-kunder-ngritjes-se-nje-kishe-serbe-ne-kraje\/#webpage\",\"url\":\"https:\/\/www.visit-ulcinj.com\/blog\/2011\/01\/31\/mal-i-zi-shqiptaret-kunder-ngritjes-se-nje-kishe-serbe-ne-kraje\/\",\"name\":\"Mal i Zi, shqiptar\u00ebt kund\u00ebr ngritjes s\u00eb nj\u00eb kishe serbe n\u00eb Kraj\u00eb - Video - Lajme nga Ulqini\",\"isPartOf\":{\"@id\":\"https:\/\/www.visit-ulcinj.com\/blog\/#website\"},\"primaryImageOfPage\":{\"@id\":\"https:\/\/www.visit-ulcinj.com\/blog\/2011\/01\/31\/mal-i-zi-shqiptaret-kunder-ngritjes-se-nje-kishe-serbe-ne-kraje\/#primaryimage\"},\"datePublished\":\"2011-01-31T18:51:55+00:00\",\"dateModified\":\"2011-01-31T19:12:31+00:00\",\"author\":{\"@id\":\"https:\/\/www.visit-ulcinj.com\/blog\/#\/schema\/person\/dcab619c614d3038751c63bc2aadc06d\"},\"description\":\"PODGORICE-Shqiptar\u00ebt n\u00eb Mal t\u00eb Zi e p\u00ebrjetojn\u00eb si provokim dhe uzurpim t\u00eb trojeve t\u00eb tyre etnike vendosjen e nj\u00eb kishe ortodokse serbe n\u00eb malin e Rumis\u00eb\",\"breadcrumb\":{\"@id\":\"https:\/\/www.visit-ulcinj.com\/blog\/2011\/01\/31\/mal-i-zi-shqiptaret-kunder-ngritjes-se-nje-kishe-serbe-ne-kraje\/#breadcrumb\"},\"inLanguage\":\"en-US\",\"potentialAction\":[{\"@type\":\"ReadAction\",\"target\":[\"https:\/\/www.visit-ulcinj.com\/blog\/2011\/01\/31\/mal-i-zi-shqiptaret-kunder-ngritjes-se-nje-kishe-serbe-ne-kraje\/\"]}]},{\"@type\":\"BreadcrumbList\",\"@id\":\"https:\/\/www.visit-ulcinj.com\/blog\/2011\/01\/31\/mal-i-zi-shqiptaret-kunder-ngritjes-se-nje-kishe-serbe-ne-kraje\/#breadcrumb\",\"itemListElement\":[{\"@type\":\"ListItem\",\"position\":1,\"name\":\"Mal i Zi, shqiptar\u00ebt kund\u00ebr ngritjes s\u00eb nj\u00eb kishe serbe n\u00eb Kraj\u00eb &#8211; Video\"}]},{\"@type\":\"Person\",\"@id\":\"https:\/\/www.visit-ulcinj.com\/blog\/#\/schema\/person\/dcab619c614d3038751c63bc2aadc06d\",\"name\":\"ulqini\",\"sameAs\":[\"http:\/\/www.visit-ulcinj.com\"],\"url\":\"https:\/\/www.visit-ulcinj.com\/blog\/author\/admin\/\"}]}<\/script>\n<!-- \/ Yoast SEO plugin. -->","yoast_head_json":{"title":"Mal i Zi, shqiptar\u00ebt kund\u00ebr ngritjes s\u00eb nj\u00eb kishe serbe n\u00eb Kraj\u00eb - Video - Lajme nga Ulqini","description":"PODGORICE-Shqiptar\u00ebt n\u00eb Mal t\u00eb Zi e p\u00ebrjetojn\u00eb si provokim dhe uzurpim t\u00eb trojeve t\u00eb tyre etnike vendosjen e nj\u00eb kishe ortodokse serbe n\u00eb malin e Rumis\u00eb","robots":{"index":"index","follow":"follow","max-snippet":"max-snippet:-1","max-image-preview":"max-image-preview:large","max-video-preview":"max-video-preview:-1"},"canonical":"https:\/\/www.visit-ulcinj.com\/blog\/2011\/01\/31\/mal-i-zi-shqiptaret-kunder-ngritjes-se-nje-kishe-serbe-ne-kraje\/","og_locale":"en_US","og_type":"article","og_title":"Mal i Zi, shqiptar\u00ebt kund\u00ebr ngritjes s\u00eb nj\u00eb kishe serbe n\u00eb Kraj\u00eb - Video - Lajme nga Ulqini","og_description":"PODGORICE-Shqiptar\u00ebt n\u00eb Mal t\u00eb Zi e p\u00ebrjetojn\u00eb si provokim dhe uzurpim t\u00eb trojeve t\u00eb tyre etnike vendosjen e nj\u00eb kishe ortodokse serbe n\u00eb malin e Rumis\u00eb","og_url":"https:\/\/www.visit-ulcinj.com\/blog\/2011\/01\/31\/mal-i-zi-shqiptaret-kunder-ngritjes-se-nje-kishe-serbe-ne-kraje\/","og_site_name":"Lajme nga Ulqini","article_published_time":"2011-01-31T18:51:55+00:00","article_modified_time":"2011-01-31T19:12:31+00:00","og_image":[{"url":"http:\/\/www.visit-ulcinj.com\/blog\/wp-content\/uploads\/2011\/01\/Kisha-ortodokse-ne-rumi-1024x768.jpg"}],"twitter_misc":{"Written by":"ulqini","Est. reading time":"3 minutes"},"schema":{"@context":"https:\/\/schema.org","@graph":[{"@type":"WebSite","@id":"https:\/\/www.visit-ulcinj.com\/blog\/#website","url":"https:\/\/www.visit-ulcinj.com\/blog\/","name":"Lajme nga Ulqini","description":"Lajme,Vijesti,Ulqini,Ulqin,Crna Gora,Mali i Zi","potentialAction":[{"@type":"SearchAction","target":{"@type":"EntryPoint","urlTemplate":"https:\/\/www.visit-ulcinj.com\/blog\/?s={search_term_string}"},"query-input":"required name=search_term_string"}],"inLanguage":"en-US"},{"@type":"ImageObject","inLanguage":"en-US","@id":"https:\/\/www.visit-ulcinj.com\/blog\/2011\/01\/31\/mal-i-zi-shqiptaret-kunder-ngritjes-se-nje-kishe-serbe-ne-kraje\/#primaryimage","url":"https:\/\/www.visit-ulcinj.com\/blog\/wp-content\/uploads\/2011\/01\/Kisha-ortodokse-ne-rumi.jpg","contentUrl":"https:\/\/www.visit-ulcinj.com\/blog\/wp-content\/uploads\/2011\/01\/Kisha-ortodokse-ne-rumi.jpg","width":"2048","height":"1536"},{"@type":"WebPage","@id":"https:\/\/www.visit-ulcinj.com\/blog\/2011\/01\/31\/mal-i-zi-shqiptaret-kunder-ngritjes-se-nje-kishe-serbe-ne-kraje\/#webpage","url":"https:\/\/www.visit-ulcinj.com\/blog\/2011\/01\/31\/mal-i-zi-shqiptaret-kunder-ngritjes-se-nje-kishe-serbe-ne-kraje\/","name":"Mal i Zi, shqiptar\u00ebt kund\u00ebr ngritjes s\u00eb nj\u00eb kishe serbe n\u00eb Kraj\u00eb - Video - Lajme nga Ulqini","isPartOf":{"@id":"https:\/\/www.visit-ulcinj.com\/blog\/#website"},"primaryImageOfPage":{"@id":"https:\/\/www.visit-ulcinj.com\/blog\/2011\/01\/31\/mal-i-zi-shqiptaret-kunder-ngritjes-se-nje-kishe-serbe-ne-kraje\/#primaryimage"},"datePublished":"2011-01-31T18:51:55+00:00","dateModified":"2011-01-31T19:12:31+00:00","author":{"@id":"https:\/\/www.visit-ulcinj.com\/blog\/#\/schema\/person\/dcab619c614d3038751c63bc2aadc06d"},"description":"PODGORICE-Shqiptar\u00ebt n\u00eb Mal t\u00eb Zi e p\u00ebrjetojn\u00eb si provokim dhe uzurpim t\u00eb trojeve t\u00eb tyre etnike vendosjen e nj\u00eb kishe ortodokse serbe n\u00eb malin e Rumis\u00eb","breadcrumb":{"@id":"https:\/\/www.visit-ulcinj.com\/blog\/2011\/01\/31\/mal-i-zi-shqiptaret-kunder-ngritjes-se-nje-kishe-serbe-ne-kraje\/#breadcrumb"},"inLanguage":"en-US","potentialAction":[{"@type":"ReadAction","target":["https:\/\/www.visit-ulcinj.com\/blog\/2011\/01\/31\/mal-i-zi-shqiptaret-kunder-ngritjes-se-nje-kishe-serbe-ne-kraje\/"]}]},{"@type":"BreadcrumbList","@id":"https:\/\/www.visit-ulcinj.com\/blog\/2011\/01\/31\/mal-i-zi-shqiptaret-kunder-ngritjes-se-nje-kishe-serbe-ne-kraje\/#breadcrumb","itemListElement":[{"@type":"ListItem","position":1,"name":"Mal i Zi, shqiptar\u00ebt kund\u00ebr ngritjes s\u00eb nj\u00eb kishe serbe n\u00eb Kraj\u00eb &#8211; Video"}]},{"@type":"Person","@id":"https:\/\/www.visit-ulcinj.com\/blog\/#\/schema\/person\/dcab619c614d3038751c63bc2aadc06d","name":"ulqini","sameAs":["http:\/\/www.visit-ulcinj.com"],"url":"https:\/\/www.visit-ulcinj.com\/blog\/author\/admin\/"}]}},"jetpack_featured_media_url":"","jetpack_sharing_enabled":true,"jetpack_shortlink":"https:\/\/wp.me\/pe6lTn-baq","_links":{"self":[{"href":"https:\/\/www.visit-ulcinj.com\/blog\/wp-json\/wp\/v2\/posts\/42930"}],"collection":[{"href":"https:\/\/www.visit-ulcinj.com\/blog\/wp-json\/wp\/v2\/posts"}],"about":[{"href":"https:\/\/www.visit-ulcinj.com\/blog\/wp-json\/wp\/v2\/types\/post"}],"author":[{"embeddable":true,"href":"https:\/\/www.visit-ulcinj.com\/blog\/wp-json\/wp\/v2\/users\/1"}],"replies":[{"embeddable":true,"href":"https:\/\/www.visit-ulcinj.com\/blog\/wp-json\/wp\/v2\/comments?post=42930"}],"version-history":[{"count":0,"href":"https:\/\/www.visit-ulcinj.com\/blog\/wp-json\/wp\/v2\/posts\/42930\/revisions"}],"wp:attachment":[{"href":"https:\/\/www.visit-ulcinj.com\/blog\/wp-json\/wp\/v2\/media?parent=42930"}],"wp:term":[{"taxonomy":"category","embeddable":true,"href":"https:\/\/www.visit-ulcinj.com\/blog\/wp-json\/wp\/v2\/categories?post=42930"},{"taxonomy":"post_tag","embeddable":true,"href":"https:\/\/www.visit-ulcinj.com\/blog\/wp-json\/wp\/v2\/tags?post=42930"}],"curies":[{"name":"wp","href":"https:\/\/api.w.org\/{rel}","templated":true}]}}