{"id":42937,"date":"2011-01-31T20:27:12","date_gmt":"2011-01-31T19:27:12","guid":{"rendered":"http:\/\/www.visit-ulcinj.com\/blog\/?p=42937"},"modified":"2011-01-31T20:27:12","modified_gmt":"2011-01-31T19:27:12","slug":"shkolla-e-vjeter-ne-katerkolle-simbol-i-dijes-dhe-vetedijes","status":"publish","type":"post","link":"https:\/\/www.visit-ulcinj.com\/blog\/2011\/01\/31\/shkolla-e-vjeter-ne-katerkolle-simbol-i-dijes-dhe-vetedijes\/","title":{"rendered":"Shkolla e vjeter n\u00eb Katerkoll\u00eb simbol i dijes dhe vet\u00ebdijes"},"content":{"rendered":"<p><a href=\"http:\/\/www.visit-ulcinj.com\/blog\/wp-content\/uploads\/2011\/01\/Shkolla-e-vjeter-simbol-i-dijes-dhe-vetedijes-se-Anes-se-Malit.jpg\"><img loading=\"lazy\" class=\"alignleft size-full wp-image-42938\" title=\"Shkolla e vjeter-simbol i dijes dhe vetedijes se Anes se Malit\" src=\"http:\/\/www.visit-ulcinj.com\/blog\/wp-content\/uploads\/2011\/01\/Shkolla-e-vjeter-simbol-i-dijes-dhe-vetedijes-se-Anes-se-Malit.jpg\" alt=\"\" width=\"490\" height=\"380\" \/><\/a>Ishte ky kujtimi m\u00eb i bukur q\u00eb gjithmon\u00eb do ta rruaj n\u00eb kujtes\u00ebn time.\u00cbsht\u00eb kjo jeta q\u00eb m\u00eb mb\u00ebrthen e m\u00eb sht\u00ebrngon kaq shum\u00eb.Dua t\u00eb b\u00ebhem zog e t\u00eb k\u00ebndoj k\u00ebng\u00ebn m\u00eb t\u00eb bukur kushtuar ardhm\u00ebris\u00eb s\u00eb ndritur. Do t\u00eb dep\u00ebrtoj n\u00eb dyert e zemr\u00ebs s\u00eb fundit, do t\u00eb hap portat dhe t\u00eb futem drejt e atje, atje ku u ktheva s\u00ebrisht sot, atje n\u00eb fakt ku kam qen\u00eb gjithmon\u00eb.<br \/>\n<a href=\"http:\/\/www.visit-ulcinj.com\/blog\/wp-content\/uploads\/2011\/01\/Shkolla-e-vjeter-simbol-i-dijes-dhe-vetedijes-se-Anes-se-Malit.3.jpg\"><img loading=\"lazy\" class=\"alignleft size-full wp-image-42940\" title=\"Shkolla e vjeter-simbol i dijes dhe vetedijes se Anes se Malit.3\" src=\"http:\/\/www.visit-ulcinj.com\/blog\/wp-content\/uploads\/2011\/01\/Shkolla-e-vjeter-simbol-i-dijes-dhe-vetedijes-se-Anes-se-Malit.3.jpg\" alt=\"\" width=\"490\" height=\"200\" \/><\/a><br \/>\n<strong>Topi<\/strong><br \/>\nE hedh topin n\u00eb pullaz<br \/>\nPor pullazi prap ma kthen e topi n\u00eb duar t\u00eb mia vjen<br \/>\nK\u00ebshtu shko top e eja prap,<br \/>\nMos vono me ardh me vrap.<br \/>\nE recitoi m\u00ebsuesi veteran Z.Haxhi Taipi I ftuar n\u00eb oren time t\u00eb anglishtes.<br \/>\nK\u00ebt\u00eb poezi Haxhiut kur ka qen\u00eb n\u00eb klas\u00eb t\u00eb pare ja ka m\u00ebsuar m\u00ebsuesi shkodran Prek\u00eb Kola.<\/p>\n<p>Pjes\u00eb nga skenari i p\u00ebrgaditur p\u00ebr filmin dokumentar &#8220;Shkolla e vjeter n\u00eb Katerkoll\u00eb simbol i dijes dhe vet\u00ebdijes&#8221;- Luljeta Avdiu Cura<\/p>\n<p><a href=\"http:\/\/www.facebook.com\/profile.php?id=100000604003955\"><strong>Flower  Avdiu Facebook<br \/>\n\n\t\t<style type=\"text\/css\">\n\t\t\t#gallery-1 {\n\t\t\t\tmargin: auto;\n\t\t\t}\n\t\t\t#gallery-1 .gallery-item {\n\t\t\t\tfloat: left;\n\t\t\t\tmargin-top: 10px;\n\t\t\t\ttext-align: center;\n\t\t\t\twidth: 33%;\n\t\t\t}\n\t\t\t#gallery-1 img {\n\t\t\t\tborder: 2px solid #cfcfcf;\n\t\t\t}\n\t\t\t#gallery-1 .gallery-caption {\n\t\t\t\tmargin-left: 0;\n\t\t\t}\n\t\t\t\/* see gallery_shortcode() in wp-includes\/media.php *\/\n\t\t<\/style>\n\t\t<div id='gallery-1' class='gallery galleryid-42937 gallery-columns-3 gallery-size-thumbnail'><dl class='gallery-item'>\n\t\t\t<dt class='gallery-icon landscape'>\n\t\t\t\t<a href='https:\/\/www.visit-ulcinj.com\/blog\/wp-content\/uploads\/2011\/01\/Shkolla-e-vjeter-simbol-i-dijes-dhe-vetedijes-se-Anes-se-Malit.jpg'><img width=\"150\" height=\"150\" src=\"https:\/\/www.visit-ulcinj.com\/blog\/wp-content\/uploads\/2011\/01\/Shkolla-e-vjeter-simbol-i-dijes-dhe-vetedijes-se-Anes-se-Malit-150x150.jpg\" class=\"attachment-thumbnail size-thumbnail\" alt=\"\" loading=\"lazy\" \/><\/a>\n\t\t\t<\/dt><\/dl><dl class='gallery-item'>\n\t\t\t<dt class='gallery-icon landscape'>\n\t\t\t\t<a href='https:\/\/www.visit-ulcinj.com\/blog\/wp-content\/uploads\/2011\/01\/Shkolla-e-vjeter-simbol-i-dijes-dhe-vetedijes-se-Anes-se-Malit.1.jpg'><img width=\"150\" height=\"150\" src=\"https:\/\/www.visit-ulcinj.com\/blog\/wp-content\/uploads\/2011\/01\/Shkolla-e-vjeter-simbol-i-dijes-dhe-vetedijes-se-Anes-se-Malit.1-150x150.jpg\" class=\"attachment-thumbnail size-thumbnail\" alt=\"\" loading=\"lazy\" \/><\/a>\n\t\t\t<\/dt><\/dl><dl class='gallery-item'>\n\t\t\t<dt class='gallery-icon landscape'>\n\t\t\t\t<a href='https:\/\/www.visit-ulcinj.com\/blog\/wp-content\/uploads\/2011\/01\/Shkolla-e-vjeter-simbol-i-dijes-dhe-vetedijes-se-Anes-se-Malit.3.jpg'><img width=\"150\" height=\"150\" src=\"https:\/\/www.visit-ulcinj.com\/blog\/wp-content\/uploads\/2011\/01\/Shkolla-e-vjeter-simbol-i-dijes-dhe-vetedijes-se-Anes-se-Malit.3-150x150.jpg\" class=\"attachment-thumbnail size-thumbnail\" alt=\"\" loading=\"lazy\" \/><\/a>\n\t\t\t<\/dt><\/dl><br style=\"clear: both\" \/><dl class='gallery-item'>\n\t\t\t<dt class='gallery-icon landscape'>\n\t\t\t\t<a href='https:\/\/www.visit-ulcinj.com\/blog\/wp-content\/uploads\/2011\/01\/Shkolla-e-vjeter-simbol-i-dijes-dhe-vetedijes-se-Anes-se-Malit.4.jpg'><img width=\"150\" height=\"150\" src=\"https:\/\/www.visit-ulcinj.com\/blog\/wp-content\/uploads\/2011\/01\/Shkolla-e-vjeter-simbol-i-dijes-dhe-vetedijes-se-Anes-se-Malit.4-150x150.jpg\" class=\"attachment-thumbnail size-thumbnail\" alt=\"\" loading=\"lazy\" \/><\/a>\n\t\t\t<\/dt><\/dl><dl class='gallery-item'>\n\t\t\t<dt class='gallery-icon portrait'>\n\t\t\t\t<a href='https:\/\/www.visit-ulcinj.com\/blog\/wp-content\/uploads\/2011\/01\/Shkolla-e-vjeter-simbol-i-dijes-dhe-vetedijes-se-Anes-se-Malit.2.jpg'><img width=\"150\" height=\"150\" src=\"https:\/\/www.visit-ulcinj.com\/blog\/wp-content\/uploads\/2011\/01\/Shkolla-e-vjeter-simbol-i-dijes-dhe-vetedijes-se-Anes-se-Malit.2-150x150.jpg\" class=\"attachment-thumbnail size-thumbnail\" alt=\"\" loading=\"lazy\" \/><\/a>\n\t\t\t<\/dt><\/dl>\n\t\t\t<br style='clear: both' \/>\n\t\t<\/div>\n<br \/>\n<\/strong><\/a><br \/>\nFilmi dokumentar Ana e Malit<br \/>\n<!--YouTube Error: bad URL entered--><\/p>\n","protected":false},"excerpt":{"rendered":"<p>Ishte ky kujtimi m\u00eb i bukur q\u00eb gjithmon\u00eb do ta rruaj n\u00eb kujtes\u00ebn time.\u00cbsht\u00eb kjo jeta q\u00eb m\u00eb mb\u00ebrthen e m\u00eb sht\u00ebrngon kaq shum\u00eb.Dua t\u00eb b\u00ebhem zog e t\u00eb k\u00ebndoj k\u00ebng\u00ebn m\u00eb t\u00eb bukur kushtuar ardhm\u00ebris\u00eb s\u00eb ndritur. Do t\u00eb dep\u00ebrtoj n\u00eb dyert e zemr\u00ebs s\u00eb fundit, do t\u00eb hap portat dhe t\u00eb futem drejt [&hellip;]<\/p>\n","protected":false},"author":1,"featured_media":0,"comment_status":"open","ping_status":"closed","sticky":false,"template":"","format":"standard","meta":{"spay_email":"","jetpack_publicize_message":"","jetpack_is_tweetstorm":false,"jetpack_publicize_feature_enabled":true},"categories":[13],"tags":[14351,14353,14354,12340,17071,14652,15139,14358,3506,214,17144,16211,14362,14363,3507,3500,15008,17145,14364,3327,17146,17143,5116,17147,14366,17073,14367,14663,14368,14369,14370,2083,14371,17148,14372,17075,17076,17077,14375,200,18,16580,14376],"jetpack_publicize_connections":[],"yoast_head":"<!-- This site is optimized with the Yoast SEO plugin v19.1 - https:\/\/yoast.com\/wordpress\/plugins\/seo\/ -->\n<title>Shkolla e vjeter n\u00eb Katerkoll\u00eb simbol i dijes dhe vet\u00ebdijes - Lajme nga Ulqini<\/title>\n<meta name=\"description\" content=\"Ishte ky kujtimi m\u00eb i bukur q\u00eb gjithmon\u00eb do ta rruaj n\u00eb kujtes\u00ebn time.\u00cbsht\u00eb kjo jeta q\u00eb m\u00eb mb\u00ebrthen e m\u00eb sht\u00ebrngon kaq shum\u00eb.Dua t\u00eb b\u00ebhem zog e t\u00eb k\u00ebndoj\" \/>\n<meta name=\"robots\" content=\"index, follow, max-snippet:-1, max-image-preview:large, max-video-preview:-1\" \/>\n<link rel=\"canonical\" href=\"https:\/\/www.visit-ulcinj.com\/blog\/2011\/01\/31\/shkolla-e-vjeter-ne-katerkolle-simbol-i-dijes-dhe-vetedijes\/\" \/>\n<meta property=\"og:locale\" content=\"en_US\" \/>\n<meta property=\"og:type\" content=\"article\" \/>\n<meta property=\"og:title\" content=\"Shkolla e vjeter n\u00eb Katerkoll\u00eb simbol i dijes dhe vet\u00ebdijes - Lajme nga Ulqini\" \/>\n<meta property=\"og:description\" content=\"Ishte ky kujtimi m\u00eb i bukur q\u00eb gjithmon\u00eb do ta rruaj n\u00eb kujtes\u00ebn time.\u00cbsht\u00eb kjo jeta q\u00eb m\u00eb mb\u00ebrthen e m\u00eb sht\u00ebrngon kaq shum\u00eb.Dua t\u00eb b\u00ebhem zog e t\u00eb k\u00ebndoj\" \/>\n<meta property=\"og:url\" content=\"https:\/\/www.visit-ulcinj.com\/blog\/2011\/01\/31\/shkolla-e-vjeter-ne-katerkolle-simbol-i-dijes-dhe-vetedijes\/\" \/>\n<meta property=\"og:site_name\" content=\"Lajme nga Ulqini\" \/>\n<meta property=\"article:published_time\" content=\"2011-01-31T19:27:12+00:00\" \/>\n<meta property=\"og:image\" content=\"https:\/\/www.visit-ulcinj.com\/blog\/wp-content\/uploads\/2011\/01\/Shkolla-e-vjeter-simbol-i-dijes-dhe-vetedijes-se-Anes-se-Malit-150x150.jpg\" \/>\n<meta name=\"twitter:label1\" content=\"Written by\" \/>\n\t<meta name=\"twitter:data1\" content=\"ulqini\" \/>\n\t<meta name=\"twitter:label2\" content=\"Est. reading time\" \/>\n\t<meta name=\"twitter:data2\" content=\"1 minute\" \/>\n<script type=\"application\/ld+json\" class=\"yoast-schema-graph\">{\"@context\":\"https:\/\/schema.org\",\"@graph\":[{\"@type\":\"WebSite\",\"@id\":\"https:\/\/www.visit-ulcinj.com\/blog\/#website\",\"url\":\"https:\/\/www.visit-ulcinj.com\/blog\/\",\"name\":\"Lajme nga Ulqini\",\"description\":\"Lajme,Vijesti,Ulqini,Ulqin,Crna Gora,Mali i Zi\",\"potentialAction\":[{\"@type\":\"SearchAction\",\"target\":{\"@type\":\"EntryPoint\",\"urlTemplate\":\"https:\/\/www.visit-ulcinj.com\/blog\/?s={search_term_string}\"},\"query-input\":\"required name=search_term_string\"}],\"inLanguage\":\"en-US\"},{\"@type\":\"ImageObject\",\"inLanguage\":\"en-US\",\"@id\":\"https:\/\/www.visit-ulcinj.com\/blog\/2011\/01\/31\/shkolla-e-vjeter-ne-katerkolle-simbol-i-dijes-dhe-vetedijes\/#primaryimage\",\"url\":\"https:\/\/www.visit-ulcinj.com\/blog\/wp-content\/uploads\/2011\/01\/Shkolla-e-vjeter-simbol-i-dijes-dhe-vetedijes-se-Anes-se-Malit.jpg\",\"contentUrl\":\"https:\/\/www.visit-ulcinj.com\/blog\/wp-content\/uploads\/2011\/01\/Shkolla-e-vjeter-simbol-i-dijes-dhe-vetedijes-se-Anes-se-Malit.jpg\",\"width\":\"720\",\"height\":\"540\"},{\"@type\":\"WebPage\",\"@id\":\"https:\/\/www.visit-ulcinj.com\/blog\/2011\/01\/31\/shkolla-e-vjeter-ne-katerkolle-simbol-i-dijes-dhe-vetedijes\/#webpage\",\"url\":\"https:\/\/www.visit-ulcinj.com\/blog\/2011\/01\/31\/shkolla-e-vjeter-ne-katerkolle-simbol-i-dijes-dhe-vetedijes\/\",\"name\":\"Shkolla e vjeter n\u00eb Katerkoll\u00eb simbol i dijes dhe vet\u00ebdijes - Lajme nga Ulqini\",\"isPartOf\":{\"@id\":\"https:\/\/www.visit-ulcinj.com\/blog\/#website\"},\"primaryImageOfPage\":{\"@id\":\"https:\/\/www.visit-ulcinj.com\/blog\/2011\/01\/31\/shkolla-e-vjeter-ne-katerkolle-simbol-i-dijes-dhe-vetedijes\/#primaryimage\"},\"datePublished\":\"2011-01-31T19:27:12+00:00\",\"dateModified\":\"2011-01-31T19:27:12+00:00\",\"author\":{\"@id\":\"https:\/\/www.visit-ulcinj.com\/blog\/#\/schema\/person\/dcab619c614d3038751c63bc2aadc06d\"},\"description\":\"Ishte ky kujtimi m\u00eb i bukur q\u00eb gjithmon\u00eb do ta rruaj n\u00eb kujtes\u00ebn time.\u00cbsht\u00eb kjo jeta q\u00eb m\u00eb mb\u00ebrthen e m\u00eb sht\u00ebrngon kaq shum\u00eb.Dua t\u00eb b\u00ebhem zog e t\u00eb k\u00ebndoj\",\"breadcrumb\":{\"@id\":\"https:\/\/www.visit-ulcinj.com\/blog\/2011\/01\/31\/shkolla-e-vjeter-ne-katerkolle-simbol-i-dijes-dhe-vetedijes\/#breadcrumb\"},\"inLanguage\":\"en-US\",\"potentialAction\":[{\"@type\":\"ReadAction\",\"target\":[\"https:\/\/www.visit-ulcinj.com\/blog\/2011\/01\/31\/shkolla-e-vjeter-ne-katerkolle-simbol-i-dijes-dhe-vetedijes\/\"]}]},{\"@type\":\"BreadcrumbList\",\"@id\":\"https:\/\/www.visit-ulcinj.com\/blog\/2011\/01\/31\/shkolla-e-vjeter-ne-katerkolle-simbol-i-dijes-dhe-vetedijes\/#breadcrumb\",\"itemListElement\":[{\"@type\":\"ListItem\",\"position\":1,\"name\":\"Shkolla e vjeter n\u00eb Katerkoll\u00eb simbol i dijes dhe vet\u00ebdijes\"}]},{\"@type\":\"Person\",\"@id\":\"https:\/\/www.visit-ulcinj.com\/blog\/#\/schema\/person\/dcab619c614d3038751c63bc2aadc06d\",\"name\":\"ulqini\",\"sameAs\":[\"http:\/\/www.visit-ulcinj.com\"],\"url\":\"https:\/\/www.visit-ulcinj.com\/blog\/author\/admin\/\"}]}<\/script>\n<!-- \/ Yoast SEO plugin. -->","yoast_head_json":{"title":"Shkolla e vjeter n\u00eb Katerkoll\u00eb simbol i dijes dhe vet\u00ebdijes - Lajme nga Ulqini","description":"Ishte ky kujtimi m\u00eb i bukur q\u00eb gjithmon\u00eb do ta rruaj n\u00eb kujtes\u00ebn time.\u00cbsht\u00eb kjo jeta q\u00eb m\u00eb mb\u00ebrthen e m\u00eb sht\u00ebrngon kaq shum\u00eb.Dua t\u00eb b\u00ebhem zog e t\u00eb k\u00ebndoj","robots":{"index":"index","follow":"follow","max-snippet":"max-snippet:-1","max-image-preview":"max-image-preview:large","max-video-preview":"max-video-preview:-1"},"canonical":"https:\/\/www.visit-ulcinj.com\/blog\/2011\/01\/31\/shkolla-e-vjeter-ne-katerkolle-simbol-i-dijes-dhe-vetedijes\/","og_locale":"en_US","og_type":"article","og_title":"Shkolla e vjeter n\u00eb Katerkoll\u00eb simbol i dijes dhe vet\u00ebdijes - Lajme nga Ulqini","og_description":"Ishte ky kujtimi m\u00eb i bukur q\u00eb gjithmon\u00eb do ta rruaj n\u00eb kujtes\u00ebn time.\u00cbsht\u00eb kjo jeta q\u00eb m\u00eb mb\u00ebrthen e m\u00eb sht\u00ebrngon kaq shum\u00eb.Dua t\u00eb b\u00ebhem zog e t\u00eb k\u00ebndoj","og_url":"https:\/\/www.visit-ulcinj.com\/blog\/2011\/01\/31\/shkolla-e-vjeter-ne-katerkolle-simbol-i-dijes-dhe-vetedijes\/","og_site_name":"Lajme nga Ulqini","article_published_time":"2011-01-31T19:27:12+00:00","og_image":[{"url":"https:\/\/www.visit-ulcinj.com\/blog\/wp-content\/uploads\/2011\/01\/Shkolla-e-vjeter-simbol-i-dijes-dhe-vetedijes-se-Anes-se-Malit-150x150.jpg"}],"twitter_misc":{"Written by":"ulqini","Est. reading time":"1 minute"},"schema":{"@context":"https:\/\/schema.org","@graph":[{"@type":"WebSite","@id":"https:\/\/www.visit-ulcinj.com\/blog\/#website","url":"https:\/\/www.visit-ulcinj.com\/blog\/","name":"Lajme nga Ulqini","description":"Lajme,Vijesti,Ulqini,Ulqin,Crna Gora,Mali i Zi","potentialAction":[{"@type":"SearchAction","target":{"@type":"EntryPoint","urlTemplate":"https:\/\/www.visit-ulcinj.com\/blog\/?s={search_term_string}"},"query-input":"required name=search_term_string"}],"inLanguage":"en-US"},{"@type":"ImageObject","inLanguage":"en-US","@id":"https:\/\/www.visit-ulcinj.com\/blog\/2011\/01\/31\/shkolla-e-vjeter-ne-katerkolle-simbol-i-dijes-dhe-vetedijes\/#primaryimage","url":"https:\/\/www.visit-ulcinj.com\/blog\/wp-content\/uploads\/2011\/01\/Shkolla-e-vjeter-simbol-i-dijes-dhe-vetedijes-se-Anes-se-Malit.jpg","contentUrl":"https:\/\/www.visit-ulcinj.com\/blog\/wp-content\/uploads\/2011\/01\/Shkolla-e-vjeter-simbol-i-dijes-dhe-vetedijes-se-Anes-se-Malit.jpg","width":"720","height":"540"},{"@type":"WebPage","@id":"https:\/\/www.visit-ulcinj.com\/blog\/2011\/01\/31\/shkolla-e-vjeter-ne-katerkolle-simbol-i-dijes-dhe-vetedijes\/#webpage","url":"https:\/\/www.visit-ulcinj.com\/blog\/2011\/01\/31\/shkolla-e-vjeter-ne-katerkolle-simbol-i-dijes-dhe-vetedijes\/","name":"Shkolla e vjeter n\u00eb Katerkoll\u00eb simbol i dijes dhe vet\u00ebdijes - Lajme nga Ulqini","isPartOf":{"@id":"https:\/\/www.visit-ulcinj.com\/blog\/#website"},"primaryImageOfPage":{"@id":"https:\/\/www.visit-ulcinj.com\/blog\/2011\/01\/31\/shkolla-e-vjeter-ne-katerkolle-simbol-i-dijes-dhe-vetedijes\/#primaryimage"},"datePublished":"2011-01-31T19:27:12+00:00","dateModified":"2011-01-31T19:27:12+00:00","author":{"@id":"https:\/\/www.visit-ulcinj.com\/blog\/#\/schema\/person\/dcab619c614d3038751c63bc2aadc06d"},"description":"Ishte ky kujtimi m\u00eb i bukur q\u00eb gjithmon\u00eb do ta rruaj n\u00eb kujtes\u00ebn time.\u00cbsht\u00eb kjo jeta q\u00eb m\u00eb mb\u00ebrthen e m\u00eb sht\u00ebrngon kaq shum\u00eb.Dua t\u00eb b\u00ebhem zog e t\u00eb k\u00ebndoj","breadcrumb":{"@id":"https:\/\/www.visit-ulcinj.com\/blog\/2011\/01\/31\/shkolla-e-vjeter-ne-katerkolle-simbol-i-dijes-dhe-vetedijes\/#breadcrumb"},"inLanguage":"en-US","potentialAction":[{"@type":"ReadAction","target":["https:\/\/www.visit-ulcinj.com\/blog\/2011\/01\/31\/shkolla-e-vjeter-ne-katerkolle-simbol-i-dijes-dhe-vetedijes\/"]}]},{"@type":"BreadcrumbList","@id":"https:\/\/www.visit-ulcinj.com\/blog\/2011\/01\/31\/shkolla-e-vjeter-ne-katerkolle-simbol-i-dijes-dhe-vetedijes\/#breadcrumb","itemListElement":[{"@type":"ListItem","position":1,"name":"Shkolla e vjeter n\u00eb Katerkoll\u00eb simbol i dijes dhe vet\u00ebdijes"}]},{"@type":"Person","@id":"https:\/\/www.visit-ulcinj.com\/blog\/#\/schema\/person\/dcab619c614d3038751c63bc2aadc06d","name":"ulqini","sameAs":["http:\/\/www.visit-ulcinj.com"],"url":"https:\/\/www.visit-ulcinj.com\/blog\/author\/admin\/"}]}},"jetpack_featured_media_url":"","jetpack_sharing_enabled":true,"jetpack_shortlink":"https:\/\/wp.me\/pe6lTn-bax","_links":{"self":[{"href":"https:\/\/www.visit-ulcinj.com\/blog\/wp-json\/wp\/v2\/posts\/42937"}],"collection":[{"href":"https:\/\/www.visit-ulcinj.com\/blog\/wp-json\/wp\/v2\/posts"}],"about":[{"href":"https:\/\/www.visit-ulcinj.com\/blog\/wp-json\/wp\/v2\/types\/post"}],"author":[{"embeddable":true,"href":"https:\/\/www.visit-ulcinj.com\/blog\/wp-json\/wp\/v2\/users\/1"}],"replies":[{"embeddable":true,"href":"https:\/\/www.visit-ulcinj.com\/blog\/wp-json\/wp\/v2\/comments?post=42937"}],"version-history":[{"count":0,"href":"https:\/\/www.visit-ulcinj.com\/blog\/wp-json\/wp\/v2\/posts\/42937\/revisions"}],"wp:attachment":[{"href":"https:\/\/www.visit-ulcinj.com\/blog\/wp-json\/wp\/v2\/media?parent=42937"}],"wp:term":[{"taxonomy":"category","embeddable":true,"href":"https:\/\/www.visit-ulcinj.com\/blog\/wp-json\/wp\/v2\/categories?post=42937"},{"taxonomy":"post_tag","embeddable":true,"href":"https:\/\/www.visit-ulcinj.com\/blog\/wp-json\/wp\/v2\/tags?post=42937"}],"curies":[{"name":"wp","href":"https:\/\/api.w.org\/{rel}","templated":true}]}}