{"id":42945,"date":"2011-01-31T20:48:45","date_gmt":"2011-01-31T19:48:45","guid":{"rendered":"http:\/\/www.visit-ulcinj.com\/blog\/?p=42945"},"modified":"2011-01-31T20:48:45","modified_gmt":"2011-01-31T19:48:45","slug":"gryka-e-bunes-nen-vezhgim-video","status":"publish","type":"post","link":"https:\/\/www.visit-ulcinj.com\/blog\/2011\/01\/31\/gryka-e-bunes-nen-vezhgim-video\/","title":{"rendered":"Gryka e Bun\u00ebs n\u00ebn v\u00ebzhgim &#8211; Video"},"content":{"rendered":"<p><a href=\"http:\/\/www.visit-ulcinj.com\/blog\/wp-content\/uploads\/2011\/01\/gryka-e-bunes-ulqin.jpg\"><img loading=\"lazy\" class=\"alignleft size-full wp-image-42946\" title=\"gryka e bunes ulqin\" src=\"http:\/\/www.visit-ulcinj.com\/blog\/wp-content\/uploads\/2011\/01\/gryka-e-bunes-ulqin.jpg\" alt=\"\" width=\"490\" height=\"380\" \/><\/a>Ulqin, 31 janar &#8211; Inspeksioni i mbrojtjes s\u00eb mjedisit t\u00eb Ministris\u00eb s\u00eb zhvillimit t\u00eb q\u00ebndruesh\u00ebm dhe t\u00eb turizmit, n\u00eb m\u00ebngjesin e dit\u00ebs s\u00eb h\u00ebn\u00eb ka nisur mbik\u00ebqyrjen e inspeksionit n\u00eb Gryk\u00ebn e lumit Buna.<\/p>\n<p>&#8220;Procedura ligjore do t\u00eb b\u00ebhet n\u00eb objektet e p\u00ebrkohshme , t\u00eb cil\u00ebt nuk jan\u00eb p\u00ebrfshir\u00eb n\u00eb planin e objekteve t\u00eb karakterit kohor p\u00ebr vitin 2010, p\u00ebrkat\u00ebsisht ndaj atyre q\u00eb nuk jan\u00eb t\u00eb pajisura me leje nd\u00ebrtimit\u201d,-  konfirmon kjo ministri, njofton KosovaLive.<\/p>\n<p>N\u00ebse pronar\u00ebt nuk deponojn\u00eb menj\u00ebher\u00eb k\u00ebrkes\u00ebn edhe nuk paguajn\u00eb shum\u00ebn p\u00ebrkat\u00ebse p\u00ebr legalizimin e objekteve,at\u00ebher\u00eb pronar\u00ebt obligohen p\u00ebr ta larguar vet\u00eb.<\/p>\n<p>Por, n\u00ebse edhe k\u00ebt\u00eb e refuzojn\u00eb, at\u00ebher\u00eb Nd\u00ebrmarrja e t\u00eb mirave detare, Inspeksioni p\u00ebr mbrojtjen e hap\u00ebsir\u00ebs t\u00eb Ministris\u00eb s\u00eb zhvillimit t\u00eb q\u00ebndruesh\u00ebm dhe t\u00eb turizmit do t\u00eb zbatojn\u00eb vendimet e marra administrative.<\/p>\n<p>N\u00eb Gryk\u00ebn e lumit Buna n\u00eb bregdetin e Ulqinit,llogaritet t\u00eb jen\u00eb mbi 500 vila dhe kampsht\u00ebpiza t\u00eb nd\u00ebrtuar n\u00eb m\u00ebnyr\u00eb t\u00eb jasht\u00ebligjshme. Vet\u00ebm nj\u00eb p\u00ebrqindje e vog\u00ebl ka n\u00ebnshkruar marr\u00ebveshjen e legalizimit.<\/p>\n<p>Kuvendi i Ulqinit jav\u00ebn e kaluar inicoi nd\u00ebrrimin e Statutit t\u00eb komun\u00ebs, n\u00eb m\u00ebnyr\u00eb q\u00eb nj\u00eb p\u00ebrqindje e konsiderueshme mjeteve financiare e legalizimit t\u00eb k\u00ebtyre objekteve p\u00ebrgjat\u00eb lumit Buna,do t\u00eb ark\u00ebtohen n\u00eb Buxhetin e Komun\u00ebs s\u00eb Ulqinit, thot\u00eb kryetari i Parlamentit vendor, Luigj Shkreli.<\/p>\n<p>Pronar\u00ebt e objekteve t\u00eb nd\u00ebrtuara jan\u00eb, jo vet\u00ebm nga vendet e ish- shtetit komunist jugosllav, por \u201cnga i gjith\u00eb globi\u201d. Shumic\u00ebn e tyre Nd\u00ebrmarrja publike \u201cT\u00eb mirat detare\u201d q\u00eb menaxhon me bregdetin, ankohet se nuk arrin t\u00eb identifikojn\u00eb pronar\u00ebt.<\/p>\n<p><strong>KOHA NET<br \/>\n<!--YouTube Error: bad URL entered--><\/strong><\/p>\n","protected":false},"excerpt":{"rendered":"<p>Ulqin, 31 janar &#8211; Inspeksioni i mbrojtjes s\u00eb mjedisit t\u00eb Ministris\u00eb s\u00eb zhvillimit t\u00eb q\u00ebndruesh\u00ebm dhe t\u00eb turizmit, n\u00eb m\u00ebngjesin e dit\u00ebs s\u00eb h\u00ebn\u00eb ka nisur mbik\u00ebqyrjen e inspeksionit n\u00eb Gryk\u00ebn e lumit Buna. &#8220;Procedura ligjore do t\u00eb b\u00ebhet n\u00eb objektet e p\u00ebrkohshme , t\u00eb cil\u00ebt nuk jan\u00eb p\u00ebrfshir\u00eb n\u00eb planin e objekteve t\u00eb karakterit [&hellip;]<\/p>\n","protected":false},"author":1,"featured_media":0,"comment_status":"open","ping_status":"closed","sticky":false,"template":"","format":"standard","meta":{"spay_email":"","jetpack_publicize_message":"","jetpack_is_tweetstorm":false,"jetpack_publicize_feature_enabled":true},"categories":[10],"tags":[138,14929,11648,200,18],"jetpack_publicize_connections":[],"yoast_head":"<!-- This site is optimized with the Yoast SEO plugin v19.1 - https:\/\/yoast.com\/wordpress\/plugins\/seo\/ -->\n<title>Gryka e Bun\u00ebs n\u00ebn v\u00ebzhgim - Video - Lajme nga Ulqini<\/title>\n<meta name=\"description\" content=\"Ulqin, 31 janar - Inspeksioni i mbrojtjes s\u00eb mjedisit t\u00eb Ministris\u00eb s\u00eb zhvillimit t\u00eb q\u00ebndruesh\u00ebm dhe t\u00eb turizmit, n\u00eb m\u00ebngjesin e dit\u00ebs s\u00eb h\u00ebn\u00eb ka nisur\" \/>\n<meta name=\"robots\" content=\"index, follow, max-snippet:-1, max-image-preview:large, max-video-preview:-1\" \/>\n<link rel=\"canonical\" href=\"https:\/\/www.visit-ulcinj.com\/blog\/2011\/01\/31\/gryka-e-bunes-nen-vezhgim-video\/\" \/>\n<meta property=\"og:locale\" content=\"en_US\" \/>\n<meta property=\"og:type\" content=\"article\" \/>\n<meta property=\"og:title\" content=\"Gryka e Bun\u00ebs n\u00ebn v\u00ebzhgim - Video - Lajme nga Ulqini\" \/>\n<meta property=\"og:description\" content=\"Ulqin, 31 janar - Inspeksioni i mbrojtjes s\u00eb mjedisit t\u00eb Ministris\u00eb s\u00eb zhvillimit t\u00eb q\u00ebndruesh\u00ebm dhe t\u00eb turizmit, n\u00eb m\u00ebngjesin e dit\u00ebs s\u00eb h\u00ebn\u00eb ka nisur\" \/>\n<meta property=\"og:url\" content=\"https:\/\/www.visit-ulcinj.com\/blog\/2011\/01\/31\/gryka-e-bunes-nen-vezhgim-video\/\" \/>\n<meta property=\"og:site_name\" content=\"Lajme nga Ulqini\" \/>\n<meta property=\"article:published_time\" content=\"2011-01-31T19:48:45+00:00\" \/>\n<meta property=\"og:image\" content=\"http:\/\/www.visit-ulcinj.com\/blog\/wp-content\/uploads\/2011\/01\/gryka-e-bunes-ulqin.jpg\" \/>\n<meta name=\"twitter:label1\" content=\"Written by\" \/>\n\t<meta name=\"twitter:data1\" content=\"ulqini\" \/>\n\t<meta name=\"twitter:label2\" content=\"Est. reading time\" \/>\n\t<meta name=\"twitter:data2\" content=\"2 minutes\" \/>\n<script type=\"application\/ld+json\" class=\"yoast-schema-graph\">{\"@context\":\"https:\/\/schema.org\",\"@graph\":[{\"@type\":\"WebSite\",\"@id\":\"https:\/\/www.visit-ulcinj.com\/blog\/#website\",\"url\":\"https:\/\/www.visit-ulcinj.com\/blog\/\",\"name\":\"Lajme nga Ulqini\",\"description\":\"Lajme,Vijesti,Ulqini,Ulqin,Crna Gora,Mali i Zi\",\"potentialAction\":[{\"@type\":\"SearchAction\",\"target\":{\"@type\":\"EntryPoint\",\"urlTemplate\":\"https:\/\/www.visit-ulcinj.com\/blog\/?s={search_term_string}\"},\"query-input\":\"required name=search_term_string\"}],\"inLanguage\":\"en-US\"},{\"@type\":\"ImageObject\",\"inLanguage\":\"en-US\",\"@id\":\"https:\/\/www.visit-ulcinj.com\/blog\/2011\/01\/31\/gryka-e-bunes-nen-vezhgim-video\/#primaryimage\",\"url\":\"https:\/\/www.visit-ulcinj.com\/blog\/wp-content\/uploads\/2011\/01\/gryka-e-bunes-ulqin.jpg\",\"contentUrl\":\"https:\/\/www.visit-ulcinj.com\/blog\/wp-content\/uploads\/2011\/01\/gryka-e-bunes-ulqin.jpg\",\"width\":\"1024\",\"height\":\"576\"},{\"@type\":\"WebPage\",\"@id\":\"https:\/\/www.visit-ulcinj.com\/blog\/2011\/01\/31\/gryka-e-bunes-nen-vezhgim-video\/#webpage\",\"url\":\"https:\/\/www.visit-ulcinj.com\/blog\/2011\/01\/31\/gryka-e-bunes-nen-vezhgim-video\/\",\"name\":\"Gryka e Bun\u00ebs n\u00ebn v\u00ebzhgim - Video - Lajme nga Ulqini\",\"isPartOf\":{\"@id\":\"https:\/\/www.visit-ulcinj.com\/blog\/#website\"},\"primaryImageOfPage\":{\"@id\":\"https:\/\/www.visit-ulcinj.com\/blog\/2011\/01\/31\/gryka-e-bunes-nen-vezhgim-video\/#primaryimage\"},\"datePublished\":\"2011-01-31T19:48:45+00:00\",\"dateModified\":\"2011-01-31T19:48:45+00:00\",\"author\":{\"@id\":\"https:\/\/www.visit-ulcinj.com\/blog\/#\/schema\/person\/dcab619c614d3038751c63bc2aadc06d\"},\"description\":\"Ulqin, 31 janar - Inspeksioni i mbrojtjes s\u00eb mjedisit t\u00eb Ministris\u00eb s\u00eb zhvillimit t\u00eb q\u00ebndruesh\u00ebm dhe t\u00eb turizmit, n\u00eb m\u00ebngjesin e dit\u00ebs s\u00eb h\u00ebn\u00eb ka nisur\",\"breadcrumb\":{\"@id\":\"https:\/\/www.visit-ulcinj.com\/blog\/2011\/01\/31\/gryka-e-bunes-nen-vezhgim-video\/#breadcrumb\"},\"inLanguage\":\"en-US\",\"potentialAction\":[{\"@type\":\"ReadAction\",\"target\":[\"https:\/\/www.visit-ulcinj.com\/blog\/2011\/01\/31\/gryka-e-bunes-nen-vezhgim-video\/\"]}]},{\"@type\":\"BreadcrumbList\",\"@id\":\"https:\/\/www.visit-ulcinj.com\/blog\/2011\/01\/31\/gryka-e-bunes-nen-vezhgim-video\/#breadcrumb\",\"itemListElement\":[{\"@type\":\"ListItem\",\"position\":1,\"name\":\"Gryka e Bun\u00ebs n\u00ebn v\u00ebzhgim &#8211; Video\"}]},{\"@type\":\"Person\",\"@id\":\"https:\/\/www.visit-ulcinj.com\/blog\/#\/schema\/person\/dcab619c614d3038751c63bc2aadc06d\",\"name\":\"ulqini\",\"sameAs\":[\"http:\/\/www.visit-ulcinj.com\"],\"url\":\"https:\/\/www.visit-ulcinj.com\/blog\/author\/admin\/\"}]}<\/script>\n<!-- \/ Yoast SEO plugin. -->","yoast_head_json":{"title":"Gryka e Bun\u00ebs n\u00ebn v\u00ebzhgim - Video - Lajme nga Ulqini","description":"Ulqin, 31 janar - Inspeksioni i mbrojtjes s\u00eb mjedisit t\u00eb Ministris\u00eb s\u00eb zhvillimit t\u00eb q\u00ebndruesh\u00ebm dhe t\u00eb turizmit, n\u00eb m\u00ebngjesin e dit\u00ebs s\u00eb h\u00ebn\u00eb ka nisur","robots":{"index":"index","follow":"follow","max-snippet":"max-snippet:-1","max-image-preview":"max-image-preview:large","max-video-preview":"max-video-preview:-1"},"canonical":"https:\/\/www.visit-ulcinj.com\/blog\/2011\/01\/31\/gryka-e-bunes-nen-vezhgim-video\/","og_locale":"en_US","og_type":"article","og_title":"Gryka e Bun\u00ebs n\u00ebn v\u00ebzhgim - Video - Lajme nga Ulqini","og_description":"Ulqin, 31 janar - Inspeksioni i mbrojtjes s\u00eb mjedisit t\u00eb Ministris\u00eb s\u00eb zhvillimit t\u00eb q\u00ebndruesh\u00ebm dhe t\u00eb turizmit, n\u00eb m\u00ebngjesin e dit\u00ebs s\u00eb h\u00ebn\u00eb ka nisur","og_url":"https:\/\/www.visit-ulcinj.com\/blog\/2011\/01\/31\/gryka-e-bunes-nen-vezhgim-video\/","og_site_name":"Lajme nga Ulqini","article_published_time":"2011-01-31T19:48:45+00:00","og_image":[{"url":"http:\/\/www.visit-ulcinj.com\/blog\/wp-content\/uploads\/2011\/01\/gryka-e-bunes-ulqin.jpg"}],"twitter_misc":{"Written by":"ulqini","Est. reading time":"2 minutes"},"schema":{"@context":"https:\/\/schema.org","@graph":[{"@type":"WebSite","@id":"https:\/\/www.visit-ulcinj.com\/blog\/#website","url":"https:\/\/www.visit-ulcinj.com\/blog\/","name":"Lajme nga Ulqini","description":"Lajme,Vijesti,Ulqini,Ulqin,Crna Gora,Mali i Zi","potentialAction":[{"@type":"SearchAction","target":{"@type":"EntryPoint","urlTemplate":"https:\/\/www.visit-ulcinj.com\/blog\/?s={search_term_string}"},"query-input":"required name=search_term_string"}],"inLanguage":"en-US"},{"@type":"ImageObject","inLanguage":"en-US","@id":"https:\/\/www.visit-ulcinj.com\/blog\/2011\/01\/31\/gryka-e-bunes-nen-vezhgim-video\/#primaryimage","url":"https:\/\/www.visit-ulcinj.com\/blog\/wp-content\/uploads\/2011\/01\/gryka-e-bunes-ulqin.jpg","contentUrl":"https:\/\/www.visit-ulcinj.com\/blog\/wp-content\/uploads\/2011\/01\/gryka-e-bunes-ulqin.jpg","width":"1024","height":"576"},{"@type":"WebPage","@id":"https:\/\/www.visit-ulcinj.com\/blog\/2011\/01\/31\/gryka-e-bunes-nen-vezhgim-video\/#webpage","url":"https:\/\/www.visit-ulcinj.com\/blog\/2011\/01\/31\/gryka-e-bunes-nen-vezhgim-video\/","name":"Gryka e Bun\u00ebs n\u00ebn v\u00ebzhgim - Video - Lajme nga Ulqini","isPartOf":{"@id":"https:\/\/www.visit-ulcinj.com\/blog\/#website"},"primaryImageOfPage":{"@id":"https:\/\/www.visit-ulcinj.com\/blog\/2011\/01\/31\/gryka-e-bunes-nen-vezhgim-video\/#primaryimage"},"datePublished":"2011-01-31T19:48:45+00:00","dateModified":"2011-01-31T19:48:45+00:00","author":{"@id":"https:\/\/www.visit-ulcinj.com\/blog\/#\/schema\/person\/dcab619c614d3038751c63bc2aadc06d"},"description":"Ulqin, 31 janar - Inspeksioni i mbrojtjes s\u00eb mjedisit t\u00eb Ministris\u00eb s\u00eb zhvillimit t\u00eb q\u00ebndruesh\u00ebm dhe t\u00eb turizmit, n\u00eb m\u00ebngjesin e dit\u00ebs s\u00eb h\u00ebn\u00eb ka nisur","breadcrumb":{"@id":"https:\/\/www.visit-ulcinj.com\/blog\/2011\/01\/31\/gryka-e-bunes-nen-vezhgim-video\/#breadcrumb"},"inLanguage":"en-US","potentialAction":[{"@type":"ReadAction","target":["https:\/\/www.visit-ulcinj.com\/blog\/2011\/01\/31\/gryka-e-bunes-nen-vezhgim-video\/"]}]},{"@type":"BreadcrumbList","@id":"https:\/\/www.visit-ulcinj.com\/blog\/2011\/01\/31\/gryka-e-bunes-nen-vezhgim-video\/#breadcrumb","itemListElement":[{"@type":"ListItem","position":1,"name":"Gryka e Bun\u00ebs n\u00ebn v\u00ebzhgim &#8211; Video"}]},{"@type":"Person","@id":"https:\/\/www.visit-ulcinj.com\/blog\/#\/schema\/person\/dcab619c614d3038751c63bc2aadc06d","name":"ulqini","sameAs":["http:\/\/www.visit-ulcinj.com"],"url":"https:\/\/www.visit-ulcinj.com\/blog\/author\/admin\/"}]}},"jetpack_featured_media_url":"","jetpack_sharing_enabled":true,"jetpack_shortlink":"https:\/\/wp.me\/pe6lTn-baF","_links":{"self":[{"href":"https:\/\/www.visit-ulcinj.com\/blog\/wp-json\/wp\/v2\/posts\/42945"}],"collection":[{"href":"https:\/\/www.visit-ulcinj.com\/blog\/wp-json\/wp\/v2\/posts"}],"about":[{"href":"https:\/\/www.visit-ulcinj.com\/blog\/wp-json\/wp\/v2\/types\/post"}],"author":[{"embeddable":true,"href":"https:\/\/www.visit-ulcinj.com\/blog\/wp-json\/wp\/v2\/users\/1"}],"replies":[{"embeddable":true,"href":"https:\/\/www.visit-ulcinj.com\/blog\/wp-json\/wp\/v2\/comments?post=42945"}],"version-history":[{"count":0,"href":"https:\/\/www.visit-ulcinj.com\/blog\/wp-json\/wp\/v2\/posts\/42945\/revisions"}],"wp:attachment":[{"href":"https:\/\/www.visit-ulcinj.com\/blog\/wp-json\/wp\/v2\/media?parent=42945"}],"wp:term":[{"taxonomy":"category","embeddable":true,"href":"https:\/\/www.visit-ulcinj.com\/blog\/wp-json\/wp\/v2\/categories?post=42945"},{"taxonomy":"post_tag","embeddable":true,"href":"https:\/\/www.visit-ulcinj.com\/blog\/wp-json\/wp\/v2\/tags?post=42945"}],"curies":[{"name":"wp","href":"https:\/\/api.w.org\/{rel}","templated":true}]}}