{"id":42976,"date":"2011-02-01T18:33:31","date_gmt":"2011-02-01T17:33:31","guid":{"rendered":"http:\/\/www.visit-ulcinj.com\/blog\/?p=42976"},"modified":"2011-02-01T18:34:08","modified_gmt":"2011-02-01T17:34:08","slug":"cungu-rebalans-budzeta-opstine-ulcinj-usvojen-nelegalno","status":"publish","type":"post","link":"https:\/\/www.visit-ulcinj.com\/blog\/2011\/02\/01\/cungu-rebalans-budzeta-opstine-ulcinj-usvojen-nelegalno\/","title":{"rendered":"Cungu: Rebalans bud\u017eeta op\u0161tine Ulcinj usvojen nelegalno"},"content":{"rendered":"<p><a href=\"http:\/\/www.visit-ulcinj.com\/blog\/wp-content\/uploads\/2011\/02\/Lider-Force-Nazif-Cungu.jpg\"><img loading=\"lazy\" class=\"alignleft size-full wp-image-42977\" title=\"Lider Force Nazif Cungu\" src=\"http:\/\/www.visit-ulcinj.com\/blog\/wp-content\/uploads\/2011\/02\/Lider-Force-Nazif-Cungu.jpg\" alt=\"\" width=\"490\" height=\"380\" \/><\/a>On je, na ju\u010dera\u0161njoj konferenciji za novinare, izrazio zabrinutost zbog usvajanja tih odluka, rekav\u0161i da Forca, ne mo\u017ee uticati na posljedice \u201ckoje su ve\u0107 vidjeli u cijeloj op\u0161tini\u201d.<br \/>\nRebalans bud\u017eeta za pro\u0161lu i zavr\u0161ni ra\u010dun za pretpro\u0161lu godinu, koji su nedavno bili na dnevnom redu ulcinjskog parlamenta, usvojeni su nezakonito i tu se ne radi o neznanju, ve\u0107 o poku\u0161aju da se nelegalne aktivnosti pojedinaca prikriju preko zvani\u010dnih odluka SO, kazao je lider Force Nazif Cungu.<\/p>\n<p>On je, na ju\u010dera\u0161njoj konferenciji za novinare, izrazio zabrinutost zbog usvajanja tih odluka, rekav\u0161i da Forca, kao opoziciona partija, ne mo\u017ee uticati na posljedice \u201ckoje su ve\u0107 vidjeli u cijeloj op\u0161tini\u201d.<\/p>\n<p>\u201cZavr\u0161ni ra\u010dun usvojen je suprotno Zakonu o finansiranju lokalne samouprave i Zakonu o bud\u017eetu, odnosno bez prate\u0107e dokumentacije. S obzirom da isti zakoni predvi\u0111aju sankcije, upozoravamo da je situacija alarmantna i da se u narednom periodu mo\u017ee jo\u0161 vi\u0161e iskomplikovati\u201d, kazao je Cungu.<\/p>\n<p>On tvrdi da je stanje u javnim preduze\u0107ima, \u010diji je osniva\u010d Op\u0161tina, veoma lo\u0161e.<\/p>\n<p>\u201cDo tih podataka dolazimo na osnovu razgovora sa radnicima koji plate ne primaju po nekoliko mjeseci. Istovremeno, ve\u0107 nekoliko godina u skup\u0161tini nema izvje\u0161taja o radu javnih preduze\u0107a. a zna se bar da se bez tih dokumenata ne mogu usvojiti zavr\u0161ni ra\u010dunu o bud\u017eetu\u201d, istakao je Cungu.<\/p>\n<p>Dodav\u0161i da se u reviziji zavr\u0161nog ra\u010duna konstatuju milionske razlike na koje odbornicima niko nije dao odgovor niti obrazlo\u017eenje, on je podsjetio da je bud\u017eetom za 2009. od planiranih 16,2 miliona eura realizovano 4,6, a da je za 2010. godinu plan sa 12,9 sveden na 4,8 miliona.<\/p>\n<p>\u201cZa te dvije godine, od 17 miliona predvi\u0111enih investicija realizovano je nepunih 800.000 eura. Neke stavke u bud\u017eetu istovremeno su prema\u0161ene i za 25 puta, zbog \u010dega je i do\u0161lo do ovakvog proma\u0161aja i nezakonitog tro\u0161enja sredstava. O\u010digledno je da se ne radi o neznanju, ve\u0107 o nezakonju i prikrivanju odgovornosti pojedinaca iz vlasti\u201d, kazao je Cungu.<\/p>\n<p><a href=\"http:\/\/www.vijesti.me\/vijesti\/cungu-rebalans-budzeta-opstine-ulcinj-usvojen-nelegalno-clanak-4733\" target=\"_blank\"><strong>Vijesti<\/strong><\/a><\/p>\n","protected":false},"excerpt":{"rendered":"<p>On je, na ju\u010dera\u0161njoj konferenciji za novinare, izrazio zabrinutost zbog usvajanja tih odluka, rekav\u0161i da Forca, ne mo\u017ee uticati na posljedice \u201ckoje su ve\u0107 vidjeli u cijeloj op\u0161tini\u201d. Rebalans bud\u017eeta za pro\u0161lu i zavr\u0161ni ra\u010dun za pretpro\u0161lu godinu, koji su nedavno bili na dnevnom redu ulcinjskog parlamenta, usvojeni su nezakonito i tu se ne radi [&hellip;]<\/p>\n","protected":false},"author":1,"featured_media":0,"comment_status":"open","ping_status":"closed","sticky":false,"template":"","format":"standard","meta":{"spay_email":"","jetpack_publicize_message":"","jetpack_is_tweetstorm":false,"jetpack_publicize_feature_enabled":true},"categories":[8337],"tags":[2608,117,264,17168,19],"jetpack_publicize_connections":[],"yoast_head":"<!-- This site is optimized with the Yoast SEO plugin v19.1 - https:\/\/yoast.com\/wordpress\/plugins\/seo\/ -->\n<title>Cungu: Rebalans bud\u017eeta op\u0161tine Ulcinj usvojen nelegalno - Lajme nga Ulqini<\/title>\n<meta name=\"description\" content=\"On je, na ju\u010dera\u0161njoj konferenciji za novinare, izrazio zabrinutost zbog usvajanja tih odluka, rekav\u0161i da Forca, ne mo\u017ee uticati na posljedice \u201ckoje su\" \/>\n<meta name=\"robots\" content=\"index, follow, max-snippet:-1, max-image-preview:large, max-video-preview:-1\" \/>\n<link rel=\"canonical\" href=\"https:\/\/www.visit-ulcinj.com\/blog\/2011\/02\/01\/cungu-rebalans-budzeta-opstine-ulcinj-usvojen-nelegalno\/\" \/>\n<meta property=\"og:locale\" content=\"en_US\" \/>\n<meta property=\"og:type\" content=\"article\" \/>\n<meta property=\"og:title\" content=\"Cungu: Rebalans bud\u017eeta op\u0161tine Ulcinj usvojen nelegalno - Lajme nga Ulqini\" \/>\n<meta property=\"og:description\" content=\"On je, na ju\u010dera\u0161njoj konferenciji za novinare, izrazio zabrinutost zbog usvajanja tih odluka, rekav\u0161i da Forca, ne mo\u017ee uticati na posljedice \u201ckoje su\" \/>\n<meta property=\"og:url\" content=\"https:\/\/www.visit-ulcinj.com\/blog\/2011\/02\/01\/cungu-rebalans-budzeta-opstine-ulcinj-usvojen-nelegalno\/\" \/>\n<meta property=\"og:site_name\" content=\"Lajme nga Ulqini\" \/>\n<meta property=\"article:published_time\" content=\"2011-02-01T17:33:31+00:00\" \/>\n<meta property=\"article:modified_time\" content=\"2011-02-01T17:34:08+00:00\" \/>\n<meta property=\"og:image\" content=\"http:\/\/www.visit-ulcinj.com\/blog\/wp-content\/uploads\/2011\/02\/Lider-Force-Nazif-Cungu.jpg\" \/>\n<meta name=\"twitter:label1\" content=\"Written by\" \/>\n\t<meta name=\"twitter:data1\" content=\"ulqini\" \/>\n\t<meta name=\"twitter:label2\" content=\"Est. reading time\" \/>\n\t<meta name=\"twitter:data2\" content=\"2 minutes\" \/>\n<script type=\"application\/ld+json\" class=\"yoast-schema-graph\">{\"@context\":\"https:\/\/schema.org\",\"@graph\":[{\"@type\":\"WebSite\",\"@id\":\"https:\/\/www.visit-ulcinj.com\/blog\/#website\",\"url\":\"https:\/\/www.visit-ulcinj.com\/blog\/\",\"name\":\"Lajme nga Ulqini\",\"description\":\"Lajme,Vijesti,Ulqini,Ulqin,Crna Gora,Mali i Zi\",\"potentialAction\":[{\"@type\":\"SearchAction\",\"target\":{\"@type\":\"EntryPoint\",\"urlTemplate\":\"https:\/\/www.visit-ulcinj.com\/blog\/?s={search_term_string}\"},\"query-input\":\"required name=search_term_string\"}],\"inLanguage\":\"en-US\"},{\"@type\":\"ImageObject\",\"inLanguage\":\"en-US\",\"@id\":\"https:\/\/www.visit-ulcinj.com\/blog\/2011\/02\/01\/cungu-rebalans-budzeta-opstine-ulcinj-usvojen-nelegalno\/#primaryimage\",\"url\":\"https:\/\/www.visit-ulcinj.com\/blog\/wp-content\/uploads\/2011\/02\/Lider-Force-Nazif-Cungu.jpg\",\"contentUrl\":\"https:\/\/www.visit-ulcinj.com\/blog\/wp-content\/uploads\/2011\/02\/Lider-Force-Nazif-Cungu.jpg\",\"width\":\"1000\",\"height\":\"611\"},{\"@type\":\"WebPage\",\"@id\":\"https:\/\/www.visit-ulcinj.com\/blog\/2011\/02\/01\/cungu-rebalans-budzeta-opstine-ulcinj-usvojen-nelegalno\/#webpage\",\"url\":\"https:\/\/www.visit-ulcinj.com\/blog\/2011\/02\/01\/cungu-rebalans-budzeta-opstine-ulcinj-usvojen-nelegalno\/\",\"name\":\"Cungu: Rebalans bud\u017eeta op\u0161tine Ulcinj usvojen nelegalno - Lajme nga Ulqini\",\"isPartOf\":{\"@id\":\"https:\/\/www.visit-ulcinj.com\/blog\/#website\"},\"primaryImageOfPage\":{\"@id\":\"https:\/\/www.visit-ulcinj.com\/blog\/2011\/02\/01\/cungu-rebalans-budzeta-opstine-ulcinj-usvojen-nelegalno\/#primaryimage\"},\"datePublished\":\"2011-02-01T17:33:31+00:00\",\"dateModified\":\"2011-02-01T17:34:08+00:00\",\"author\":{\"@id\":\"https:\/\/www.visit-ulcinj.com\/blog\/#\/schema\/person\/dcab619c614d3038751c63bc2aadc06d\"},\"description\":\"On je, na ju\u010dera\u0161njoj konferenciji za novinare, izrazio zabrinutost zbog usvajanja tih odluka, rekav\u0161i da Forca, ne mo\u017ee uticati na posljedice \u201ckoje su\",\"breadcrumb\":{\"@id\":\"https:\/\/www.visit-ulcinj.com\/blog\/2011\/02\/01\/cungu-rebalans-budzeta-opstine-ulcinj-usvojen-nelegalno\/#breadcrumb\"},\"inLanguage\":\"en-US\",\"potentialAction\":[{\"@type\":\"ReadAction\",\"target\":[\"https:\/\/www.visit-ulcinj.com\/blog\/2011\/02\/01\/cungu-rebalans-budzeta-opstine-ulcinj-usvojen-nelegalno\/\"]}]},{\"@type\":\"BreadcrumbList\",\"@id\":\"https:\/\/www.visit-ulcinj.com\/blog\/2011\/02\/01\/cungu-rebalans-budzeta-opstine-ulcinj-usvojen-nelegalno\/#breadcrumb\",\"itemListElement\":[{\"@type\":\"ListItem\",\"position\":1,\"name\":\"Cungu: Rebalans bud\u017eeta op\u0161tine Ulcinj usvojen nelegalno\"}]},{\"@type\":\"Person\",\"@id\":\"https:\/\/www.visit-ulcinj.com\/blog\/#\/schema\/person\/dcab619c614d3038751c63bc2aadc06d\",\"name\":\"ulqini\",\"sameAs\":[\"http:\/\/www.visit-ulcinj.com\"],\"url\":\"https:\/\/www.visit-ulcinj.com\/blog\/author\/admin\/\"}]}<\/script>\n<!-- \/ Yoast SEO plugin. -->","yoast_head_json":{"title":"Cungu: Rebalans bud\u017eeta op\u0161tine Ulcinj usvojen nelegalno - Lajme nga Ulqini","description":"On je, na ju\u010dera\u0161njoj konferenciji za novinare, izrazio zabrinutost zbog usvajanja tih odluka, rekav\u0161i da Forca, ne mo\u017ee uticati na posljedice \u201ckoje su","robots":{"index":"index","follow":"follow","max-snippet":"max-snippet:-1","max-image-preview":"max-image-preview:large","max-video-preview":"max-video-preview:-1"},"canonical":"https:\/\/www.visit-ulcinj.com\/blog\/2011\/02\/01\/cungu-rebalans-budzeta-opstine-ulcinj-usvojen-nelegalno\/","og_locale":"en_US","og_type":"article","og_title":"Cungu: Rebalans bud\u017eeta op\u0161tine Ulcinj usvojen nelegalno - Lajme nga Ulqini","og_description":"On je, na ju\u010dera\u0161njoj konferenciji za novinare, izrazio zabrinutost zbog usvajanja tih odluka, rekav\u0161i da Forca, ne mo\u017ee uticati na posljedice \u201ckoje su","og_url":"https:\/\/www.visit-ulcinj.com\/blog\/2011\/02\/01\/cungu-rebalans-budzeta-opstine-ulcinj-usvojen-nelegalno\/","og_site_name":"Lajme nga Ulqini","article_published_time":"2011-02-01T17:33:31+00:00","article_modified_time":"2011-02-01T17:34:08+00:00","og_image":[{"url":"http:\/\/www.visit-ulcinj.com\/blog\/wp-content\/uploads\/2011\/02\/Lider-Force-Nazif-Cungu.jpg"}],"twitter_misc":{"Written by":"ulqini","Est. reading time":"2 minutes"},"schema":{"@context":"https:\/\/schema.org","@graph":[{"@type":"WebSite","@id":"https:\/\/www.visit-ulcinj.com\/blog\/#website","url":"https:\/\/www.visit-ulcinj.com\/blog\/","name":"Lajme nga Ulqini","description":"Lajme,Vijesti,Ulqini,Ulqin,Crna Gora,Mali i Zi","potentialAction":[{"@type":"SearchAction","target":{"@type":"EntryPoint","urlTemplate":"https:\/\/www.visit-ulcinj.com\/blog\/?s={search_term_string}"},"query-input":"required name=search_term_string"}],"inLanguage":"en-US"},{"@type":"ImageObject","inLanguage":"en-US","@id":"https:\/\/www.visit-ulcinj.com\/blog\/2011\/02\/01\/cungu-rebalans-budzeta-opstine-ulcinj-usvojen-nelegalno\/#primaryimage","url":"https:\/\/www.visit-ulcinj.com\/blog\/wp-content\/uploads\/2011\/02\/Lider-Force-Nazif-Cungu.jpg","contentUrl":"https:\/\/www.visit-ulcinj.com\/blog\/wp-content\/uploads\/2011\/02\/Lider-Force-Nazif-Cungu.jpg","width":"1000","height":"611"},{"@type":"WebPage","@id":"https:\/\/www.visit-ulcinj.com\/blog\/2011\/02\/01\/cungu-rebalans-budzeta-opstine-ulcinj-usvojen-nelegalno\/#webpage","url":"https:\/\/www.visit-ulcinj.com\/blog\/2011\/02\/01\/cungu-rebalans-budzeta-opstine-ulcinj-usvojen-nelegalno\/","name":"Cungu: Rebalans bud\u017eeta op\u0161tine Ulcinj usvojen nelegalno - Lajme nga Ulqini","isPartOf":{"@id":"https:\/\/www.visit-ulcinj.com\/blog\/#website"},"primaryImageOfPage":{"@id":"https:\/\/www.visit-ulcinj.com\/blog\/2011\/02\/01\/cungu-rebalans-budzeta-opstine-ulcinj-usvojen-nelegalno\/#primaryimage"},"datePublished":"2011-02-01T17:33:31+00:00","dateModified":"2011-02-01T17:34:08+00:00","author":{"@id":"https:\/\/www.visit-ulcinj.com\/blog\/#\/schema\/person\/dcab619c614d3038751c63bc2aadc06d"},"description":"On je, na ju\u010dera\u0161njoj konferenciji za novinare, izrazio zabrinutost zbog usvajanja tih odluka, rekav\u0161i da Forca, ne mo\u017ee uticati na posljedice \u201ckoje su","breadcrumb":{"@id":"https:\/\/www.visit-ulcinj.com\/blog\/2011\/02\/01\/cungu-rebalans-budzeta-opstine-ulcinj-usvojen-nelegalno\/#breadcrumb"},"inLanguage":"en-US","potentialAction":[{"@type":"ReadAction","target":["https:\/\/www.visit-ulcinj.com\/blog\/2011\/02\/01\/cungu-rebalans-budzeta-opstine-ulcinj-usvojen-nelegalno\/"]}]},{"@type":"BreadcrumbList","@id":"https:\/\/www.visit-ulcinj.com\/blog\/2011\/02\/01\/cungu-rebalans-budzeta-opstine-ulcinj-usvojen-nelegalno\/#breadcrumb","itemListElement":[{"@type":"ListItem","position":1,"name":"Cungu: Rebalans bud\u017eeta op\u0161tine Ulcinj usvojen nelegalno"}]},{"@type":"Person","@id":"https:\/\/www.visit-ulcinj.com\/blog\/#\/schema\/person\/dcab619c614d3038751c63bc2aadc06d","name":"ulqini","sameAs":["http:\/\/www.visit-ulcinj.com"],"url":"https:\/\/www.visit-ulcinj.com\/blog\/author\/admin\/"}]}},"jetpack_featured_media_url":"","jetpack_sharing_enabled":true,"jetpack_shortlink":"https:\/\/wp.me\/pe6lTn-bba","_links":{"self":[{"href":"https:\/\/www.visit-ulcinj.com\/blog\/wp-json\/wp\/v2\/posts\/42976"}],"collection":[{"href":"https:\/\/www.visit-ulcinj.com\/blog\/wp-json\/wp\/v2\/posts"}],"about":[{"href":"https:\/\/www.visit-ulcinj.com\/blog\/wp-json\/wp\/v2\/types\/post"}],"author":[{"embeddable":true,"href":"https:\/\/www.visit-ulcinj.com\/blog\/wp-json\/wp\/v2\/users\/1"}],"replies":[{"embeddable":true,"href":"https:\/\/www.visit-ulcinj.com\/blog\/wp-json\/wp\/v2\/comments?post=42976"}],"version-history":[{"count":0,"href":"https:\/\/www.visit-ulcinj.com\/blog\/wp-json\/wp\/v2\/posts\/42976\/revisions"}],"wp:attachment":[{"href":"https:\/\/www.visit-ulcinj.com\/blog\/wp-json\/wp\/v2\/media?parent=42976"}],"wp:term":[{"taxonomy":"category","embeddable":true,"href":"https:\/\/www.visit-ulcinj.com\/blog\/wp-json\/wp\/v2\/categories?post=42976"},{"taxonomy":"post_tag","embeddable":true,"href":"https:\/\/www.visit-ulcinj.com\/blog\/wp-json\/wp\/v2\/tags?post=42976"}],"curies":[{"name":"wp","href":"https:\/\/api.w.org\/{rel}","templated":true}]}}