{"id":42980,"date":"2011-02-02T15:22:44","date_gmt":"2011-02-02T14:22:44","guid":{"rendered":"http:\/\/www.visit-ulcinj.com\/blog\/?p=42980"},"modified":"2011-02-02T15:22:44","modified_gmt":"2011-02-02T14:22:44","slug":"knsh-u-miratua-programi-i-punes-dhe-buxheti-per-vitin-2011","status":"publish","type":"post","link":"https:\/\/www.visit-ulcinj.com\/blog\/2011\/02\/02\/knsh-u-miratua-programi-i-punes-dhe-buxheti-per-vitin-2011\/","title":{"rendered":"KNSH: U miratua Programi i pun\u00ebs dhe Buxheti p\u00ebr vitin 2011"},"content":{"rendered":"<p><strong><a href=\"http:\/\/www.visit-ulcinj.com\/blog\/wp-content\/uploads\/2011\/02\/Tahir-Tahiri_KNSHMZ.jpg\"><img loading=\"lazy\" class=\"alignleft size-full wp-image-42981\" title=\"Tahir Tahiri_KNSHMZ\" src=\"http:\/\/www.visit-ulcinj.com\/blog\/wp-content\/uploads\/2011\/02\/Tahir-Tahiri_KNSHMZ.jpg\" alt=\"\" width=\"490\" height=\"380\" \/><\/a>K\u00ebshilli Nacional i Shqiptar\u00ebve mbajti t\u00eb premten mbledhjen e rregullt<\/strong><br \/>\nUlqin \u2013 Keshilli Nacional i Shqiptareve ka miratuar Programin e punes dhe Buxhetin\u00a0per vitin 2011, ne mbledhjen e rregullt qe\u00a0ka mbajtur te premten.\u00a0Pjese e programit te punes se KNSH-se per\u00a0kete vit jane nder te tjera realizimi i projekteve\u00a0\u201cKNSH nga prizmi i rajonit\u201d, \u201cMasakra\u00a0e Tivarit\u201d, \u201cLetersia gojore dhe identiteti i\u00a0shqiptareve ne Mal te Zi\u201d, \u201cKNSH dhe diaspora\u201d,\u00a0projekti te pajisjes se shkollave me\u00a0mesim ne gjuhen shqipe me harta gjeografike\u00a0dhe lektyra shkollore. KNSH do te\u00a0organizoje edhe Takimet tradicionale \u201cOra\u00a0e maleve\u201d ne Rozhaje, Mbremjen e Poezise\u00a0Shqipe \u201cPoetika Shas 2011\u201d, \u201cFesten e Veres\u00a02011 \u2013 Ditet e Kultures dhe Sportit ne Kraje\u201d,\u00a0seminarin me teme \u201cReforma arsimore\u00a0ne shkolla me mesim ne gjuhen shqipe\u201d, si\u00a0dhe kremtimin e \u201c7 Marsit \u2013 Dites se Mesuesit\u201d\u00a0dhe \u201c28 Nentorit \u2013 Dites se Flamurit\u201d.\u00a0Anetaret e KNSH-se kane diskutuar edhe\u00a0mbi Informaten per ndarjen e mjeteve financiare\u00a0ne konkursin e Fondit te Pakicave\u00a0si dhe kane zgjedhur mr. Ismail Doden,\u00a0kryetar te Komisionit per Arsim te ketij\u00a0keshilli.\u00a0Ne mbledhjen e se premtes eshte konstatuar\u00a0anetaresimi i anetareve te rinj te\u00a0KNSH-se, Nikolle Gegaj, kryetar i Komunes\u00a0Urbane te Tuzit, deputeteve Halil Dukoviq\u00a0dhe Met Zenka, kryetarit te Alternatives\u00a0Shqiptare, Gjergj Camaj, dhe atij te PPDse,\u00a0Ali Rexha.\u00a0Per here te pare ne mbledhjen e KNSH-se\u00a0kane marre pjese perfaqesuesit e UDSHse,\u00a0Ferhat Dinosha, kryetar i kesaj partie\u00a0dhe minister per te Drejtat e Njeriut dhe\u00a0Pakicave, dhe deputeti Met Zenka.\u00a0Kryetari i KNSH-se, Tahir Tahiri, thote se ne\u00a0fokus te tij gjate ketij viti do te jete realizimi\u00a0i Programit te punes qe nenkupton\u00a0realizimin e projekteve te aprovuara nga\u00a0Fondi i Pakicave per vitin 2011 si dhe i aktiviteteve\u00a0te tjera te parashikuara me kete\u00a0program, te cilet jane ne funksion te realizimit\u00a0te qellimit te Keshillit, pra afirmimit,\u00a0realizimit dhe avancimit te te drejtave nacionale\u00a0te shqiptareve ne Mal te Zi.\u00a0Perpos pikave te parashikuara me rendin e\u00a0dites, ne mbledhjen e KNSH-se eshte diskutuar\u00a0edhe per regjistimin e popullsise\u00a0ne Mal te Zi, qe do te zhvillohet ne pjesen\u00a0e pare te muajit prill.\u00a0Tahiri thote se KNSH do te organizoje\u00a0shume shpejt nje takim te posacem ku do\u00a0te debatohet per kete ceshtje.\u00a0Mbledhja e KNSH-se do te vazhdoje neser\u00a0ku pritet te diskutohet per dhenien e mendimit\u00a0per zgjedhjen e drejtoreve te kater\u00a0shkollave fillore dhe te mesme me mesim\u00a0ne gjuhen shqipe si dhe per nismen qe\u00a0Qendra per Ruajtjen dhe Zhvillimin e Kultures\u00a0se Pakicave te themeloje Cmimin per\u00a0Veper Jetesore, si kusht i domosdoshem\u00a0per te konkurruar per marrjen e statusit\u00a0Krijues i Shquar Kulturor.<\/p>\n<p><strong>i.k.<br \/>\nKoha Javore<\/strong><\/p>\n","protected":false},"excerpt":{"rendered":"<p>K\u00ebshilli Nacional i Shqiptar\u00ebve mbajti t\u00eb premten mbledhjen e rregullt Ulqin \u2013 Keshilli Nacional i Shqiptareve ka miratuar Programin e punes dhe Buxhetin\u00a0per vitin 2011, ne mbledhjen e rregullt qe\u00a0ka mbajtur te premten.\u00a0Pjese e programit te punes se KNSH-se per\u00a0kete vit jane nder te tjera realizimi i projekteve\u00a0\u201cKNSH nga prizmi i rajonit\u201d, \u201cMasakra\u00a0e Tivarit\u201d, \u201cLetersia [&hellip;]<\/p>\n","protected":false},"author":1,"featured_media":0,"comment_status":"open","ping_status":"closed","sticky":false,"template":"","format":"standard","meta":{"spay_email":"","jetpack_publicize_message":"","jetpack_is_tweetstorm":false,"jetpack_publicize_feature_enabled":true},"categories":[11],"tags":[95,4376,200,18],"jetpack_publicize_connections":[],"yoast_head":"<!-- This site is optimized with the Yoast SEO plugin v19.1 - https:\/\/yoast.com\/wordpress\/plugins\/seo\/ -->\n<title>KNSH: U miratua Programi i pun\u00ebs dhe Buxheti p\u00ebr vitin 2011 - Lajme nga Ulqini<\/title>\n<meta name=\"description\" content=\"K\u00ebshilli Nacional i Shqiptar\u00ebve mbajti t\u00eb premten mbledhjen e rregullt Ulqin \u2013 Keshilli Nacional i Shqiptareve ka miratuar Programin e punes dhe\" \/>\n<meta name=\"robots\" content=\"index, follow, max-snippet:-1, max-image-preview:large, max-video-preview:-1\" \/>\n<link rel=\"canonical\" href=\"https:\/\/www.visit-ulcinj.com\/blog\/2011\/02\/02\/knsh-u-miratua-programi-i-punes-dhe-buxheti-per-vitin-2011\/\" \/>\n<meta property=\"og:locale\" content=\"en_US\" \/>\n<meta property=\"og:type\" content=\"article\" \/>\n<meta property=\"og:title\" content=\"KNSH: U miratua Programi i pun\u00ebs dhe Buxheti p\u00ebr vitin 2011 - Lajme nga Ulqini\" \/>\n<meta property=\"og:description\" content=\"K\u00ebshilli Nacional i Shqiptar\u00ebve mbajti t\u00eb premten mbledhjen e rregullt Ulqin \u2013 Keshilli Nacional i Shqiptareve ka miratuar Programin e punes dhe\" \/>\n<meta property=\"og:url\" content=\"https:\/\/www.visit-ulcinj.com\/blog\/2011\/02\/02\/knsh-u-miratua-programi-i-punes-dhe-buxheti-per-vitin-2011\/\" \/>\n<meta property=\"og:site_name\" content=\"Lajme nga Ulqini\" \/>\n<meta property=\"article:published_time\" content=\"2011-02-02T14:22:44+00:00\" \/>\n<meta property=\"og:image\" content=\"http:\/\/www.visit-ulcinj.com\/blog\/wp-content\/uploads\/2011\/02\/Tahir-Tahiri_KNSHMZ.jpg\" \/>\n<meta name=\"twitter:label1\" content=\"Written by\" \/>\n\t<meta name=\"twitter:data1\" content=\"ulqini\" \/>\n\t<meta name=\"twitter:label2\" content=\"Est. reading time\" \/>\n\t<meta name=\"twitter:data2\" content=\"2 minutes\" \/>\n<script type=\"application\/ld+json\" class=\"yoast-schema-graph\">{\"@context\":\"https:\/\/schema.org\",\"@graph\":[{\"@type\":\"WebSite\",\"@id\":\"https:\/\/www.visit-ulcinj.com\/blog\/#website\",\"url\":\"https:\/\/www.visit-ulcinj.com\/blog\/\",\"name\":\"Lajme nga Ulqini\",\"description\":\"Lajme,Vijesti,Ulqini,Ulqin,Crna Gora,Mali i Zi\",\"potentialAction\":[{\"@type\":\"SearchAction\",\"target\":{\"@type\":\"EntryPoint\",\"urlTemplate\":\"https:\/\/www.visit-ulcinj.com\/blog\/?s={search_term_string}\"},\"query-input\":\"required name=search_term_string\"}],\"inLanguage\":\"en-US\"},{\"@type\":\"ImageObject\",\"inLanguage\":\"en-US\",\"@id\":\"https:\/\/www.visit-ulcinj.com\/blog\/2011\/02\/02\/knsh-u-miratua-programi-i-punes-dhe-buxheti-per-vitin-2011\/#primaryimage\",\"url\":\"https:\/\/www.visit-ulcinj.com\/blog\/wp-content\/uploads\/2011\/02\/Tahir-Tahiri_KNSHMZ.jpg\",\"contentUrl\":\"https:\/\/www.visit-ulcinj.com\/blog\/wp-content\/uploads\/2011\/02\/Tahir-Tahiri_KNSHMZ.jpg\",\"width\":\"720\",\"height\":\"540\"},{\"@type\":\"WebPage\",\"@id\":\"https:\/\/www.visit-ulcinj.com\/blog\/2011\/02\/02\/knsh-u-miratua-programi-i-punes-dhe-buxheti-per-vitin-2011\/#webpage\",\"url\":\"https:\/\/www.visit-ulcinj.com\/blog\/2011\/02\/02\/knsh-u-miratua-programi-i-punes-dhe-buxheti-per-vitin-2011\/\",\"name\":\"KNSH: U miratua Programi i pun\u00ebs dhe Buxheti p\u00ebr vitin 2011 - Lajme nga Ulqini\",\"isPartOf\":{\"@id\":\"https:\/\/www.visit-ulcinj.com\/blog\/#website\"},\"primaryImageOfPage\":{\"@id\":\"https:\/\/www.visit-ulcinj.com\/blog\/2011\/02\/02\/knsh-u-miratua-programi-i-punes-dhe-buxheti-per-vitin-2011\/#primaryimage\"},\"datePublished\":\"2011-02-02T14:22:44+00:00\",\"dateModified\":\"2011-02-02T14:22:44+00:00\",\"author\":{\"@id\":\"https:\/\/www.visit-ulcinj.com\/blog\/#\/schema\/person\/dcab619c614d3038751c63bc2aadc06d\"},\"description\":\"K\u00ebshilli Nacional i Shqiptar\u00ebve mbajti t\u00eb premten mbledhjen e rregullt Ulqin \u2013 Keshilli Nacional i Shqiptareve ka miratuar Programin e punes dhe\",\"breadcrumb\":{\"@id\":\"https:\/\/www.visit-ulcinj.com\/blog\/2011\/02\/02\/knsh-u-miratua-programi-i-punes-dhe-buxheti-per-vitin-2011\/#breadcrumb\"},\"inLanguage\":\"en-US\",\"potentialAction\":[{\"@type\":\"ReadAction\",\"target\":[\"https:\/\/www.visit-ulcinj.com\/blog\/2011\/02\/02\/knsh-u-miratua-programi-i-punes-dhe-buxheti-per-vitin-2011\/\"]}]},{\"@type\":\"BreadcrumbList\",\"@id\":\"https:\/\/www.visit-ulcinj.com\/blog\/2011\/02\/02\/knsh-u-miratua-programi-i-punes-dhe-buxheti-per-vitin-2011\/#breadcrumb\",\"itemListElement\":[{\"@type\":\"ListItem\",\"position\":1,\"name\":\"KNSH: U miratua Programi i pun\u00ebs dhe Buxheti p\u00ebr vitin 2011\"}]},{\"@type\":\"Person\",\"@id\":\"https:\/\/www.visit-ulcinj.com\/blog\/#\/schema\/person\/dcab619c614d3038751c63bc2aadc06d\",\"name\":\"ulqini\",\"sameAs\":[\"http:\/\/www.visit-ulcinj.com\"],\"url\":\"https:\/\/www.visit-ulcinj.com\/blog\/author\/admin\/\"}]}<\/script>\n<!-- \/ Yoast SEO plugin. -->","yoast_head_json":{"title":"KNSH: U miratua Programi i pun\u00ebs dhe Buxheti p\u00ebr vitin 2011 - Lajme nga Ulqini","description":"K\u00ebshilli Nacional i Shqiptar\u00ebve mbajti t\u00eb premten mbledhjen e rregullt Ulqin \u2013 Keshilli Nacional i Shqiptareve ka miratuar Programin e punes dhe","robots":{"index":"index","follow":"follow","max-snippet":"max-snippet:-1","max-image-preview":"max-image-preview:large","max-video-preview":"max-video-preview:-1"},"canonical":"https:\/\/www.visit-ulcinj.com\/blog\/2011\/02\/02\/knsh-u-miratua-programi-i-punes-dhe-buxheti-per-vitin-2011\/","og_locale":"en_US","og_type":"article","og_title":"KNSH: U miratua Programi i pun\u00ebs dhe Buxheti p\u00ebr vitin 2011 - Lajme nga Ulqini","og_description":"K\u00ebshilli Nacional i Shqiptar\u00ebve mbajti t\u00eb premten mbledhjen e rregullt Ulqin \u2013 Keshilli Nacional i Shqiptareve ka miratuar Programin e punes dhe","og_url":"https:\/\/www.visit-ulcinj.com\/blog\/2011\/02\/02\/knsh-u-miratua-programi-i-punes-dhe-buxheti-per-vitin-2011\/","og_site_name":"Lajme nga Ulqini","article_published_time":"2011-02-02T14:22:44+00:00","og_image":[{"url":"http:\/\/www.visit-ulcinj.com\/blog\/wp-content\/uploads\/2011\/02\/Tahir-Tahiri_KNSHMZ.jpg"}],"twitter_misc":{"Written by":"ulqini","Est. reading time":"2 minutes"},"schema":{"@context":"https:\/\/schema.org","@graph":[{"@type":"WebSite","@id":"https:\/\/www.visit-ulcinj.com\/blog\/#website","url":"https:\/\/www.visit-ulcinj.com\/blog\/","name":"Lajme nga Ulqini","description":"Lajme,Vijesti,Ulqini,Ulqin,Crna Gora,Mali i Zi","potentialAction":[{"@type":"SearchAction","target":{"@type":"EntryPoint","urlTemplate":"https:\/\/www.visit-ulcinj.com\/blog\/?s={search_term_string}"},"query-input":"required name=search_term_string"}],"inLanguage":"en-US"},{"@type":"ImageObject","inLanguage":"en-US","@id":"https:\/\/www.visit-ulcinj.com\/blog\/2011\/02\/02\/knsh-u-miratua-programi-i-punes-dhe-buxheti-per-vitin-2011\/#primaryimage","url":"https:\/\/www.visit-ulcinj.com\/blog\/wp-content\/uploads\/2011\/02\/Tahir-Tahiri_KNSHMZ.jpg","contentUrl":"https:\/\/www.visit-ulcinj.com\/blog\/wp-content\/uploads\/2011\/02\/Tahir-Tahiri_KNSHMZ.jpg","width":"720","height":"540"},{"@type":"WebPage","@id":"https:\/\/www.visit-ulcinj.com\/blog\/2011\/02\/02\/knsh-u-miratua-programi-i-punes-dhe-buxheti-per-vitin-2011\/#webpage","url":"https:\/\/www.visit-ulcinj.com\/blog\/2011\/02\/02\/knsh-u-miratua-programi-i-punes-dhe-buxheti-per-vitin-2011\/","name":"KNSH: U miratua Programi i pun\u00ebs dhe Buxheti p\u00ebr vitin 2011 - Lajme nga Ulqini","isPartOf":{"@id":"https:\/\/www.visit-ulcinj.com\/blog\/#website"},"primaryImageOfPage":{"@id":"https:\/\/www.visit-ulcinj.com\/blog\/2011\/02\/02\/knsh-u-miratua-programi-i-punes-dhe-buxheti-per-vitin-2011\/#primaryimage"},"datePublished":"2011-02-02T14:22:44+00:00","dateModified":"2011-02-02T14:22:44+00:00","author":{"@id":"https:\/\/www.visit-ulcinj.com\/blog\/#\/schema\/person\/dcab619c614d3038751c63bc2aadc06d"},"description":"K\u00ebshilli Nacional i Shqiptar\u00ebve mbajti t\u00eb premten mbledhjen e rregullt Ulqin \u2013 Keshilli Nacional i Shqiptareve ka miratuar Programin e punes dhe","breadcrumb":{"@id":"https:\/\/www.visit-ulcinj.com\/blog\/2011\/02\/02\/knsh-u-miratua-programi-i-punes-dhe-buxheti-per-vitin-2011\/#breadcrumb"},"inLanguage":"en-US","potentialAction":[{"@type":"ReadAction","target":["https:\/\/www.visit-ulcinj.com\/blog\/2011\/02\/02\/knsh-u-miratua-programi-i-punes-dhe-buxheti-per-vitin-2011\/"]}]},{"@type":"BreadcrumbList","@id":"https:\/\/www.visit-ulcinj.com\/blog\/2011\/02\/02\/knsh-u-miratua-programi-i-punes-dhe-buxheti-per-vitin-2011\/#breadcrumb","itemListElement":[{"@type":"ListItem","position":1,"name":"KNSH: U miratua Programi i pun\u00ebs dhe Buxheti p\u00ebr vitin 2011"}]},{"@type":"Person","@id":"https:\/\/www.visit-ulcinj.com\/blog\/#\/schema\/person\/dcab619c614d3038751c63bc2aadc06d","name":"ulqini","sameAs":["http:\/\/www.visit-ulcinj.com"],"url":"https:\/\/www.visit-ulcinj.com\/blog\/author\/admin\/"}]}},"jetpack_featured_media_url":"","jetpack_sharing_enabled":true,"jetpack_shortlink":"https:\/\/wp.me\/pe6lTn-bbe","_links":{"self":[{"href":"https:\/\/www.visit-ulcinj.com\/blog\/wp-json\/wp\/v2\/posts\/42980"}],"collection":[{"href":"https:\/\/www.visit-ulcinj.com\/blog\/wp-json\/wp\/v2\/posts"}],"about":[{"href":"https:\/\/www.visit-ulcinj.com\/blog\/wp-json\/wp\/v2\/types\/post"}],"author":[{"embeddable":true,"href":"https:\/\/www.visit-ulcinj.com\/blog\/wp-json\/wp\/v2\/users\/1"}],"replies":[{"embeddable":true,"href":"https:\/\/www.visit-ulcinj.com\/blog\/wp-json\/wp\/v2\/comments?post=42980"}],"version-history":[{"count":0,"href":"https:\/\/www.visit-ulcinj.com\/blog\/wp-json\/wp\/v2\/posts\/42980\/revisions"}],"wp:attachment":[{"href":"https:\/\/www.visit-ulcinj.com\/blog\/wp-json\/wp\/v2\/media?parent=42980"}],"wp:term":[{"taxonomy":"category","embeddable":true,"href":"https:\/\/www.visit-ulcinj.com\/blog\/wp-json\/wp\/v2\/categories?post=42980"},{"taxonomy":"post_tag","embeddable":true,"href":"https:\/\/www.visit-ulcinj.com\/blog\/wp-json\/wp\/v2\/tags?post=42980"}],"curies":[{"name":"wp","href":"https:\/\/api.w.org\/{rel}","templated":true}]}}