{"id":42989,"date":"2011-02-02T17:19:10","date_gmt":"2011-02-02T16:19:10","guid":{"rendered":"http:\/\/www.visit-ulcinj.com\/blog\/?p=42989"},"modified":"2011-02-02T17:24:41","modified_gmt":"2011-02-02T16:24:41","slug":"montenegro-un-paradis-en-quete-de-respectabilite-partie-2-video","status":"publish","type":"post","link":"https:\/\/www.visit-ulcinj.com\/blog\/2011\/02\/02\/montenegro-un-paradis-en-quete-de-respectabilite-partie-2-video\/","title":{"rendered":"Mont\u00e9n\u00e9gro : un paradis en qu\u00eate de respectabilit\u00e9 (partie 2) &#8211; Video"},"content":{"rendered":"<p><a href=\"http:\/\/www.visit-ulcinj.com\/blog\/wp-content\/uploads\/2011\/02\/sveti_stefan_montenegro_.jpg\"><img loading=\"lazy\" class=\"alignleft size-full wp-image-42990\" title=\"sveti_stefan_montenegro_\" src=\"http:\/\/www.visit-ulcinj.com\/blog\/wp-content\/uploads\/2011\/02\/sveti_stefan_montenegro_.jpg\" alt=\"\" width=\"490\" height=\"380\" \/><\/a><strong><a href=\"http:\/\/www.france24.com\/fr\/taxonomy\/emission\/18392\" target=\"_blank\">Caroline de Camaret<\/a><\/strong> vous emm\u00e8ne \u00e0 la rencontre des pays candidats \u00e0 l\u2019entr\u00e9e dans l\u2019Union Europ\u00e9enne. Rendez-vous dans les Balkans ou en Turquie pour un magazine de reportages in\u00e9dits, un carnet de route en compagnie de ceux qui font bouger ces pays. Un samedi par mois \u00e0 13h10. En co-production avec la Commission europ\u00e9enne.<br \/>\nNotre invit\u00e9 Milica Pejanovic-Djurisic nous parle de l&#8217;\u00e9conomie du pays. Particularit\u00e9 du Mont\u00e9n\u00e9gro: il utilise la monnaie unique europ\u00e9enne sans \u00eatre membre de la zone euro. Apr\u00e8s un reportage sur l\u2019essor du tourisme de luxe, Caroline de Camaret nous emm\u00e8ne en balade du c\u00f4t\u00e9 de l\u2019Adriatique : Kotor, Perast, Bar, nous serons guid\u00e9s \u00e0 travers ce riche patrimoine culturel par une musicienne, Maja Popovic.<\/p>\n<p><a href=\"http:\/\/www.france24.com\/fr\/20110130-montenegro-europe-district-union-europenne-part%202\" target=\"_blank\"><strong>Copyright 2009 FRANCE 24<\/strong><\/a><\/p>\n<p>[flv width=&#8221;490&#8243; height=&#8221;380&#8243;]http:\/\/flv2010.france24.com\/TK014629-A-01-20110128.flv[\/flv]<a href=\"http:\/\/translate.googleusercontent.com\/translate_c?hl=fr&amp;langpair=en%7Cfr&amp;u=http:\/\/wwp.greenwichmeantime.com\/time-zone\/europe\/european-union\/france\/paris\/&amp;rurl=translate.google.ch&amp;twu=1&amp;usg=ALkJrhhwo5hd6tp8LbfBxHwU79dov3bijw\"><br \/>\n<\/a><span style=\"color: #ffffff;\"><a title=\"Paris\" href=\"http:\/\/fr.wikipedia.org\/wiki\/Paris\">Paris,<\/a><a href=\"http:\/\/translate.googleusercontent.com\/translate_c?hl=fr&amp;langpair=en%7Cfr&amp;u=http:\/\/wwp.greenwichmeantime.com\/time-zone\/europe\/european-union\/france\/marseille\/&amp;rurl=translate.google.ch&amp;twu=1&amp;usg=ALkJrhgXNhi5WVHT296UhQpxj4pz6-fjqw\">Marseille<\/a>, <a href=\"http:\/\/translate.googleusercontent.com\/translate_c?hl=fr&amp;langpair=en%7Cfr&amp;u=http:\/\/wwp.greenwichmeantime.com\/time-zone\/europe\/european-union\/france\/lyon\/&amp;rurl=translate.google.ch&amp;twu=1&amp;usg=ALkJrhhhpbZbroBJbhEIacsdXXDo-f9mcg\">Lyon<\/a>, <a href=\"http:\/\/translate.googleusercontent.com\/translate_c?hl=fr&amp;langpair=en%7Cfr&amp;u=http:\/\/wwp.greenwichmeantime.com\/time-zone\/europe\/european-union\/france\/toulouse\/&amp;rurl=translate.google.ch&amp;twu=1&amp;usg=ALkJrhgaazMpjncBe-u9d4sGZpPJ6ihdQw\">Toulouse<\/a>, <a href=\"http:\/\/translate.googleusercontent.com\/translate_c?hl=fr&amp;langpair=en%7Cfr&amp;u=http:\/\/wwp.greenwichmeantime.com\/time-zone\/europe\/european-union\/france\/nice\/&amp;rurl=translate.google.ch&amp;twu=1&amp;usg=ALkJrhgkqa8bc7fbHn7mW7hyJEk64uMKpg\">Nice<\/a>, <a href=\"http:\/\/translate.googleusercontent.com\/translate_c?hl=fr&amp;langpair=en%7Cfr&amp;u=http:\/\/wwp.greenwichmeantime.com\/time-zone\/europe\/european-union\/france\/nantes\/&amp;rurl=translate.google.ch&amp;twu=1&amp;usg=ALkJrhjQWiDsGOvJ6wk2ECPHkGs1-IZJyQ\" target=\"_blank\">Nantes<\/a>, <a href=\"http:\/\/translate.googleusercontent.com\/translate_c?hl=fr&amp;langpair=en%7Cfr&amp;u=http:\/\/wwp.greenwichmeantime.com\/time-zone\/europe\/european-union\/france\/strasbourg\/&amp;rurl=translate.google.ch&amp;twu=1&amp;usg=ALkJrhjVgG9IYgkm8KfF-vKoVc3mIqV0dA\">Strasbourg<\/a>, <a href=\"http:\/\/translate.googleusercontent.com\/translate_c?hl=fr&amp;langpair=en%7Cfr&amp;u=http:\/\/wwp.greenwichmeantime.com\/time-zone\/europe\/european-union\/france\/montpellier\/&amp;rurl=translate.google.ch&amp;twu=1&amp;usg=ALkJrhiXQZcnHw6bDma3sOYdh9WFVpkuCg\" target=\"_blank\">Montpellier<\/a>, <a href=\"http:\/\/translate.googleusercontent.com\/translate_c?hl=fr&amp;langpair=en%7Cfr&amp;u=http:\/\/wwp.greenwichmeantime.com\/time-zone\/europe\/european-union\/france\/bordeaux\/&amp;rurl=translate.google.ch&amp;twu=1&amp;usg=ALkJrhgBx480f45cqOd_QTgYq_cXR3eRWA\">Bordeaux<\/a>, <a href=\"http:\/\/translate.googleusercontent.com\/translate_c?hl=fr&amp;langpair=en%7Cfr&amp;u=http:\/\/wwp.greenwichmeantime.com\/time-zone\/europe\/european-union\/france\/rennes\/&amp;rurl=translate.google.ch&amp;twu=1&amp;usg=ALkJrhi6by04VCcjbTzUGc5z6Rzjsa5hCQ\" target=\"_blank\">Rennes<\/a>, <a href=\"http:\/\/translate.googleusercontent.com\/translate_c?hl=fr&amp;langpair=en%7Cfr&amp;u=http:\/\/wwp.greenwichmeantime.com\/time-zone\/europe\/european-union\/france\/le-havre\/&amp;rurl=translate.google.ch&amp;twu=1&amp;usg=ALkJrhitWSAnTLTxNT8ZsP4LsVa1Yjbh0g\" target=\"_blank\">Le Havre<\/a>, <a href=\"http:\/\/translate.googleusercontent.com\/translate_c?hl=fr&amp;langpair=en%7Cfr&amp;u=http:\/\/wwp.greenwichmeantime.com\/time-zone\/europe\/european-union\/france\/reims\/&amp;rurl=translate.google.ch&amp;twu=1&amp;usg=ALkJrhhdATzeiVtSU5WArfKN8zn2fcD5mA\" target=\"_blank\">Reims<\/a>, <a href=\"http:\/\/translate.googleusercontent.com\/translate_c?hl=fr&amp;langpair=en%7Cfr&amp;u=http:\/\/wwp.greenwichmeantime.com\/time-zone\/europe\/european-union\/france\/lille\/&amp;rurl=translate.google.ch&amp;twu=1&amp;usg=ALkJrhhlhMiaTiKQehIyXD83OwiNSaeyJg\" target=\"_blank\">Lille<\/a>, <a href=\"http:\/\/fr.wikipedia.org\/wiki\/Saint-%C3%89tienne\" target=\"_blank\">Saint-\u00c9tienne<\/a>, <a href=\"http:\/\/translate.googleusercontent.com\/translate_c?hl=fr&amp;langpair=en%7Cfr&amp;u=http:\/\/wwp.greenwichmeantime.com\/time-zone\/europe\/european-union\/france\/toulon\/&amp;rurl=translate.google.ch&amp;twu=1&amp;usg=ALkJrhiu1mS5Op0yLdfAXRHnhOjbEkRxsQ\" target=\"_blank\">Toulon<\/a>, <a href=\"http:\/\/translate.googleusercontent.com\/translate_c?hl=fr&amp;langpair=en%7Cfr&amp;u=http:\/\/wwp.greenwichmeantime.com\/time-zone\/europe\/european-union\/france\/grenoble\/&amp;rurl=translate.google.ch&amp;twu=1&amp;usg=ALkJrhiKQ89drE22T3hKoUrPm1tQ23DMug\" target=\"_blank\">Grenoble<\/a>, <a href=\"http:\/\/translate.googleusercontent.com\/translate_c?hl=fr&amp;langpair=en%7Cfr&amp;u=http:\/\/wwp.greenwichmeantime.com\/time-zone\/europe\/european-union\/france\/angers\/&amp;rurl=translate.google.ch&amp;twu=1&amp;usg=ALkJrhhUpH2C4VfV0QAVPpCf88TX2u35Lg\" target=\"_blank\">Angers<\/a>, <a href=\"http:\/\/translate.googleusercontent.com\/translate_c?hl=fr&amp;langpair=en%7Cfr&amp;u=http:\/\/wwp.greenwichmeantime.com\/time-zone\/europe\/european-union\/france\/brest\/&amp;rurl=translate.google.ch&amp;twu=1&amp;usg=ALkJrhisN8lsO3th-yh5bIIXSyYtwiB-Hg\" target=\"_blank\">Brest<\/a>, <a href=\"http:\/\/translate.googleusercontent.com\/translate_c?hl=fr&amp;langpair=en%7Cfr&amp;u=http:\/\/wwp.greenwichmeantime.com\/time-zone\/europe\/european-union\/france\/le-mans\/&amp;rurl=translate.google.ch&amp;twu=1&amp;usg=ALkJrhia8ie-v_irqx7Mbz2j0GXNxDF9uQ\" target=\"_blank\">Le Mans<\/a>, <a href=\"http:\/\/translate.googleusercontent.com\/translate_c?hl=fr&amp;langpair=en%7Cfr&amp;u=http:\/\/wwp.greenwichmeantime.com\/time-zone\/europe\/european-union\/france\/dijon\/&amp;rurl=translate.google.ch&amp;twu=1&amp;usg=ALkJrhi2UcjovBmVPT7ZIOPBz3uzJuLiVw\" target=\"_blank\">Dijon<\/a>,<a href=\"http:\/\/fr.wikipedia.org\/wiki\/Lausanne\" target=\"_blank\">Lausanne<\/a>,<a href=\"http:\/\/fr.wikipedia.org\/wiki\/Geneve\" target=\"_blank\">Gen\u00e8ve<\/a>,<a href=\"http:\/\/fr.wikipedia.org\/wiki\/Ulcinj\" target=\"_blank\">Ulcinj,<\/a><a href=\"http:\/\/fr.wikipedia.org\/wiki\/France\" target=\"_blank\">La <strong>France<\/strong><\/a><\/span><\/p>\n","protected":false},"excerpt":{"rendered":"<p>Caroline de Camaret vous emm\u00e8ne \u00e0 la rencontre des pays candidats \u00e0 l\u2019entr\u00e9e dans l\u2019Union Europ\u00e9enne. Rendez-vous dans les Balkans ou en Turquie pour un magazine de reportages in\u00e9dits, un carnet de route en compagnie de ceux qui font bouger ces pays. Un samedi par mois \u00e0 13h10. En co-production avec la Commission europ\u00e9enne. Notre [&hellip;]<\/p>\n","protected":false},"author":1,"featured_media":0,"comment_status":"open","ping_status":"closed","sticky":false,"template":"","format":"standard","meta":{"spay_email":"","jetpack_publicize_message":"","jetpack_is_tweetstorm":false,"jetpack_publicize_feature_enabled":true},"categories":[8337],"tags":[17186,17178,17187,21,17189,3775,4594,17185,2440,10207,17180,17188,17182,17172,17171,79,17177,17175,17174,3686,92,17181,17179,17183,17176,12070,439,17184,17173,19],"jetpack_publicize_connections":[],"yoast_head":"<!-- This site is optimized with the Yoast SEO plugin v19.1 - https:\/\/yoast.com\/wordpress\/plugins\/seo\/ -->\n<title>Mont\u00e9n\u00e9gro : un paradis en qu\u00eate de respectabilit\u00e9 (partie 2) - Video - Lajme nga Ulqini<\/title>\n<meta name=\"description\" content=\"Caroline de Camaret vous emm\u00e8ne \u00e0 la rencontre des pays candidats \u00e0 l\u2019entr\u00e9e dans l\u2019Union Europ\u00e9enne. Rendez-vous dans les Balkans ou en Turquie pour un\" \/>\n<meta name=\"robots\" content=\"index, follow, max-snippet:-1, max-image-preview:large, max-video-preview:-1\" \/>\n<link rel=\"canonical\" href=\"https:\/\/www.visit-ulcinj.com\/blog\/2011\/02\/02\/montenegro-un-paradis-en-quete-de-respectabilite-partie-2-video\/\" \/>\n<meta property=\"og:locale\" content=\"en_US\" \/>\n<meta property=\"og:type\" content=\"article\" \/>\n<meta property=\"og:title\" content=\"Mont\u00e9n\u00e9gro : un paradis en qu\u00eate de respectabilit\u00e9 (partie 2) - Video - Lajme nga Ulqini\" \/>\n<meta property=\"og:description\" content=\"Caroline de Camaret vous emm\u00e8ne \u00e0 la rencontre des pays candidats \u00e0 l\u2019entr\u00e9e dans l\u2019Union Europ\u00e9enne. Rendez-vous dans les Balkans ou en Turquie pour un\" \/>\n<meta property=\"og:url\" content=\"https:\/\/www.visit-ulcinj.com\/blog\/2011\/02\/02\/montenegro-un-paradis-en-quete-de-respectabilite-partie-2-video\/\" \/>\n<meta property=\"og:site_name\" content=\"Lajme nga Ulqini\" \/>\n<meta property=\"article:published_time\" content=\"2011-02-02T16:19:10+00:00\" \/>\n<meta property=\"article:modified_time\" content=\"2011-02-02T16:24:41+00:00\" \/>\n<meta property=\"og:image\" content=\"http:\/\/www.visit-ulcinj.com\/blog\/wp-content\/uploads\/2011\/02\/sveti_stefan_montenegro_.jpg\" \/>\n<meta name=\"twitter:label1\" content=\"Written by\" \/>\n\t<meta name=\"twitter:data1\" content=\"ulqini\" \/>\n\t<meta name=\"twitter:label2\" content=\"Est. reading time\" \/>\n\t<meta name=\"twitter:data2\" content=\"1 minute\" \/>\n<script type=\"application\/ld+json\" class=\"yoast-schema-graph\">{\"@context\":\"https:\/\/schema.org\",\"@graph\":[{\"@type\":\"WebSite\",\"@id\":\"https:\/\/www.visit-ulcinj.com\/blog\/#website\",\"url\":\"https:\/\/www.visit-ulcinj.com\/blog\/\",\"name\":\"Lajme nga Ulqini\",\"description\":\"Lajme,Vijesti,Ulqini,Ulqin,Crna Gora,Mali i Zi\",\"potentialAction\":[{\"@type\":\"SearchAction\",\"target\":{\"@type\":\"EntryPoint\",\"urlTemplate\":\"https:\/\/www.visit-ulcinj.com\/blog\/?s={search_term_string}\"},\"query-input\":\"required name=search_term_string\"}],\"inLanguage\":\"en-US\"},{\"@type\":\"ImageObject\",\"inLanguage\":\"en-US\",\"@id\":\"https:\/\/www.visit-ulcinj.com\/blog\/2011\/02\/02\/montenegro-un-paradis-en-quete-de-respectabilite-partie-2-video\/#primaryimage\",\"url\":\"https:\/\/www.visit-ulcinj.com\/blog\/wp-content\/uploads\/2011\/02\/sveti_stefan_montenegro_.jpg\",\"contentUrl\":\"https:\/\/www.visit-ulcinj.com\/blog\/wp-content\/uploads\/2011\/02\/sveti_stefan_montenegro_.jpg\",\"width\":\"1020\",\"height\":\"765\"},{\"@type\":\"WebPage\",\"@id\":\"https:\/\/www.visit-ulcinj.com\/blog\/2011\/02\/02\/montenegro-un-paradis-en-quete-de-respectabilite-partie-2-video\/#webpage\",\"url\":\"https:\/\/www.visit-ulcinj.com\/blog\/2011\/02\/02\/montenegro-un-paradis-en-quete-de-respectabilite-partie-2-video\/\",\"name\":\"Mont\u00e9n\u00e9gro : un paradis en qu\u00eate de respectabilit\u00e9 (partie 2) - Video - Lajme nga Ulqini\",\"isPartOf\":{\"@id\":\"https:\/\/www.visit-ulcinj.com\/blog\/#website\"},\"primaryImageOfPage\":{\"@id\":\"https:\/\/www.visit-ulcinj.com\/blog\/2011\/02\/02\/montenegro-un-paradis-en-quete-de-respectabilite-partie-2-video\/#primaryimage\"},\"datePublished\":\"2011-02-02T16:19:10+00:00\",\"dateModified\":\"2011-02-02T16:24:41+00:00\",\"author\":{\"@id\":\"https:\/\/www.visit-ulcinj.com\/blog\/#\/schema\/person\/dcab619c614d3038751c63bc2aadc06d\"},\"description\":\"Caroline de Camaret vous emm\u00e8ne \u00e0 la rencontre des pays candidats \u00e0 l\u2019entr\u00e9e dans l\u2019Union Europ\u00e9enne. Rendez-vous dans les Balkans ou en Turquie pour un\",\"breadcrumb\":{\"@id\":\"https:\/\/www.visit-ulcinj.com\/blog\/2011\/02\/02\/montenegro-un-paradis-en-quete-de-respectabilite-partie-2-video\/#breadcrumb\"},\"inLanguage\":\"en-US\",\"potentialAction\":[{\"@type\":\"ReadAction\",\"target\":[\"https:\/\/www.visit-ulcinj.com\/blog\/2011\/02\/02\/montenegro-un-paradis-en-quete-de-respectabilite-partie-2-video\/\"]}]},{\"@type\":\"BreadcrumbList\",\"@id\":\"https:\/\/www.visit-ulcinj.com\/blog\/2011\/02\/02\/montenegro-un-paradis-en-quete-de-respectabilite-partie-2-video\/#breadcrumb\",\"itemListElement\":[{\"@type\":\"ListItem\",\"position\":1,\"name\":\"Mont\u00e9n\u00e9gro : un paradis en qu\u00eate de respectabilit\u00e9 (partie 2) &#8211; Video\"}]},{\"@type\":\"Person\",\"@id\":\"https:\/\/www.visit-ulcinj.com\/blog\/#\/schema\/person\/dcab619c614d3038751c63bc2aadc06d\",\"name\":\"ulqini\",\"sameAs\":[\"http:\/\/www.visit-ulcinj.com\"],\"url\":\"https:\/\/www.visit-ulcinj.com\/blog\/author\/admin\/\"}]}<\/script>\n<!-- \/ Yoast SEO plugin. -->","yoast_head_json":{"title":"Mont\u00e9n\u00e9gro : un paradis en qu\u00eate de respectabilit\u00e9 (partie 2) - Video - Lajme nga Ulqini","description":"Caroline de Camaret vous emm\u00e8ne \u00e0 la rencontre des pays candidats \u00e0 l\u2019entr\u00e9e dans l\u2019Union Europ\u00e9enne. Rendez-vous dans les Balkans ou en Turquie pour un","robots":{"index":"index","follow":"follow","max-snippet":"max-snippet:-1","max-image-preview":"max-image-preview:large","max-video-preview":"max-video-preview:-1"},"canonical":"https:\/\/www.visit-ulcinj.com\/blog\/2011\/02\/02\/montenegro-un-paradis-en-quete-de-respectabilite-partie-2-video\/","og_locale":"en_US","og_type":"article","og_title":"Mont\u00e9n\u00e9gro : un paradis en qu\u00eate de respectabilit\u00e9 (partie 2) - Video - Lajme nga Ulqini","og_description":"Caroline de Camaret vous emm\u00e8ne \u00e0 la rencontre des pays candidats \u00e0 l\u2019entr\u00e9e dans l\u2019Union Europ\u00e9enne. Rendez-vous dans les Balkans ou en Turquie pour un","og_url":"https:\/\/www.visit-ulcinj.com\/blog\/2011\/02\/02\/montenegro-un-paradis-en-quete-de-respectabilite-partie-2-video\/","og_site_name":"Lajme nga Ulqini","article_published_time":"2011-02-02T16:19:10+00:00","article_modified_time":"2011-02-02T16:24:41+00:00","og_image":[{"url":"http:\/\/www.visit-ulcinj.com\/blog\/wp-content\/uploads\/2011\/02\/sveti_stefan_montenegro_.jpg"}],"twitter_misc":{"Written by":"ulqini","Est. reading time":"1 minute"},"schema":{"@context":"https:\/\/schema.org","@graph":[{"@type":"WebSite","@id":"https:\/\/www.visit-ulcinj.com\/blog\/#website","url":"https:\/\/www.visit-ulcinj.com\/blog\/","name":"Lajme nga Ulqini","description":"Lajme,Vijesti,Ulqini,Ulqin,Crna Gora,Mali i Zi","potentialAction":[{"@type":"SearchAction","target":{"@type":"EntryPoint","urlTemplate":"https:\/\/www.visit-ulcinj.com\/blog\/?s={search_term_string}"},"query-input":"required name=search_term_string"}],"inLanguage":"en-US"},{"@type":"ImageObject","inLanguage":"en-US","@id":"https:\/\/www.visit-ulcinj.com\/blog\/2011\/02\/02\/montenegro-un-paradis-en-quete-de-respectabilite-partie-2-video\/#primaryimage","url":"https:\/\/www.visit-ulcinj.com\/blog\/wp-content\/uploads\/2011\/02\/sveti_stefan_montenegro_.jpg","contentUrl":"https:\/\/www.visit-ulcinj.com\/blog\/wp-content\/uploads\/2011\/02\/sveti_stefan_montenegro_.jpg","width":"1020","height":"765"},{"@type":"WebPage","@id":"https:\/\/www.visit-ulcinj.com\/blog\/2011\/02\/02\/montenegro-un-paradis-en-quete-de-respectabilite-partie-2-video\/#webpage","url":"https:\/\/www.visit-ulcinj.com\/blog\/2011\/02\/02\/montenegro-un-paradis-en-quete-de-respectabilite-partie-2-video\/","name":"Mont\u00e9n\u00e9gro : un paradis en qu\u00eate de respectabilit\u00e9 (partie 2) - Video - Lajme nga Ulqini","isPartOf":{"@id":"https:\/\/www.visit-ulcinj.com\/blog\/#website"},"primaryImageOfPage":{"@id":"https:\/\/www.visit-ulcinj.com\/blog\/2011\/02\/02\/montenegro-un-paradis-en-quete-de-respectabilite-partie-2-video\/#primaryimage"},"datePublished":"2011-02-02T16:19:10+00:00","dateModified":"2011-02-02T16:24:41+00:00","author":{"@id":"https:\/\/www.visit-ulcinj.com\/blog\/#\/schema\/person\/dcab619c614d3038751c63bc2aadc06d"},"description":"Caroline de Camaret vous emm\u00e8ne \u00e0 la rencontre des pays candidats \u00e0 l\u2019entr\u00e9e dans l\u2019Union Europ\u00e9enne. Rendez-vous dans les Balkans ou en Turquie pour un","breadcrumb":{"@id":"https:\/\/www.visit-ulcinj.com\/blog\/2011\/02\/02\/montenegro-un-paradis-en-quete-de-respectabilite-partie-2-video\/#breadcrumb"},"inLanguage":"en-US","potentialAction":[{"@type":"ReadAction","target":["https:\/\/www.visit-ulcinj.com\/blog\/2011\/02\/02\/montenegro-un-paradis-en-quete-de-respectabilite-partie-2-video\/"]}]},{"@type":"BreadcrumbList","@id":"https:\/\/www.visit-ulcinj.com\/blog\/2011\/02\/02\/montenegro-un-paradis-en-quete-de-respectabilite-partie-2-video\/#breadcrumb","itemListElement":[{"@type":"ListItem","position":1,"name":"Mont\u00e9n\u00e9gro : un paradis en qu\u00eate de respectabilit\u00e9 (partie 2) &#8211; Video"}]},{"@type":"Person","@id":"https:\/\/www.visit-ulcinj.com\/blog\/#\/schema\/person\/dcab619c614d3038751c63bc2aadc06d","name":"ulqini","sameAs":["http:\/\/www.visit-ulcinj.com"],"url":"https:\/\/www.visit-ulcinj.com\/blog\/author\/admin\/"}]}},"jetpack_featured_media_url":"","jetpack_sharing_enabled":true,"jetpack_shortlink":"https:\/\/wp.me\/pe6lTn-bbn","_links":{"self":[{"href":"https:\/\/www.visit-ulcinj.com\/blog\/wp-json\/wp\/v2\/posts\/42989"}],"collection":[{"href":"https:\/\/www.visit-ulcinj.com\/blog\/wp-json\/wp\/v2\/posts"}],"about":[{"href":"https:\/\/www.visit-ulcinj.com\/blog\/wp-json\/wp\/v2\/types\/post"}],"author":[{"embeddable":true,"href":"https:\/\/www.visit-ulcinj.com\/blog\/wp-json\/wp\/v2\/users\/1"}],"replies":[{"embeddable":true,"href":"https:\/\/www.visit-ulcinj.com\/blog\/wp-json\/wp\/v2\/comments?post=42989"}],"version-history":[{"count":0,"href":"https:\/\/www.visit-ulcinj.com\/blog\/wp-json\/wp\/v2\/posts\/42989\/revisions"}],"wp:attachment":[{"href":"https:\/\/www.visit-ulcinj.com\/blog\/wp-json\/wp\/v2\/media?parent=42989"}],"wp:term":[{"taxonomy":"category","embeddable":true,"href":"https:\/\/www.visit-ulcinj.com\/blog\/wp-json\/wp\/v2\/categories?post=42989"},{"taxonomy":"post_tag","embeddable":true,"href":"https:\/\/www.visit-ulcinj.com\/blog\/wp-json\/wp\/v2\/tags?post=42989"}],"curies":[{"name":"wp","href":"https:\/\/api.w.org\/{rel}","templated":true}]}}