{"id":43008,"date":"2011-02-03T19:24:08","date_gmt":"2011-02-03T18:24:08","guid":{"rendered":"http:\/\/www.visit-ulcinj.com\/blog\/?p=43008"},"modified":"2011-02-03T19:24:32","modified_gmt":"2011-02-03T18:24:32","slug":"ulcinjska-solana-ce-zavrstiti-u-stecaju","status":"publish","type":"post","link":"https:\/\/www.visit-ulcinj.com\/blog\/2011\/02\/03\/ulcinjska-solana-ce-zavrstiti-u-stecaju\/","title":{"rendered":"Ulcinjska solana \u0107e zavr\u0161titi u ste\u010daju"},"content":{"rendered":"<p><a href=\"http:\/\/www.visit-ulcinj.com\/blog\/wp-content\/uploads\/2011\/02\/Ulcinjska-solana.jpg\"><img loading=\"lazy\" class=\"alignleft size-full wp-image-43009\" title=\"Ulcinjska solana\" src=\"http:\/\/www.visit-ulcinj.com\/blog\/wp-content\/uploads\/2011\/02\/Ulcinjska-solana.jpg\" alt=\"\" width=\"370\" height=\"349\" srcset=\"https:\/\/www.visit-ulcinj.com\/blog\/wp-content\/uploads\/2011\/02\/Ulcinjska-solana.jpg 370w, https:\/\/www.visit-ulcinj.com\/blog\/wp-content\/uploads\/2011\/02\/Ulcinjska-solana-300x282.jpg 300w\" sizes=\"(max-width: 370px) 100vw, 370px\" \/><\/a>Ste\u010dajni upravnik ulcinjske Solane Milorad Ikovi\u0107 kazao je da \u0107e to preduze\u0107e, nakon nerealizovanog petogodi\u0161njeg plana reorganizacije, koji je istekao 1. januara, vjerovatno zavr\u0161iti u klasi\u010dnom ste\u010daju. Ste\u010dajni upravnik ulcinjske Solane Milorad Ikovi\u0107 kazao je da \u0107e to preduze\u0107e, nakon nerealizovanog petogodi\u0161njeg plana reorganizacije, koji je istekao 1. januara, vjerovatno zavr\u0161iti u klasi\u010dnom ste\u010daju.<\/p>\n<p>&#8220;Prema Zakonu o insolventnosti privrednih dru\u0161tava, o\u010dekivano je da Solana zavr\u0161i u klasi\u010dnom ste\u010daju ali \u0107e kona\u010dnu rije\u010d o tome dati Privredni sud&#8221;, kazao je Ikovi\u0107 u razgovoru za \u201eVijesti\u201c.<\/p>\n<p>On je potvrdio da je Solana od 1. januara 2006, kada je usvojen plan reorganizacije, stvorila dodatnih dva miliona eura obaveza, uklju\u010duju\u0107i i bankarske kredite za investicije, koje nije izmirila. To je, prema njegovim rije\u010dima, potvrdio i revizor.<\/p>\n<p><strong>Berbe ispod planiranog<\/strong><\/p>\n<p>Ikovi\u0107 je u septembru tra\u017eio vanrednu kontrolu poslovanja za pro\u0161lu godinu od revizora, za koga je rekao da odli\u010dno poznaje funkcionisanje Solane.<\/p>\n<p>&#8220;Mi\u0161ljenje revizora je negativno i ja sam ga proslijedio sudu i Odboru direktora. Vidje\u0107emo \u0161ta \u0107e oni odlu\u010diti, ali situacija nije dobra &#8211; kazao je Ikovi\u0107, koji od kraja pro\u0161le godine obavlja i poslove izvr\u0161nog direktora.<\/p>\n<p>On je na toj funkciji zamijenio Jelenu Aleksi\u0107, koja je podnijela ostavku, preduhitriv\u0161i tako sud koji je sva ovla\u0161\u0107enja bio prebacio na Ikovi\u0107a.<\/p>\n<p>Ikovi\u0107 nije htio da komentari\u0161e mogu\u0107nost pokretanja odgovornosti ili postupka protiv pojedinih rukovodilaca, naglasiv\u0161i da \u0107e odluku o tome donijeti nadle\u017ene institucije. On je tako\u0111e nagovijestio da Odbor direktora ne\u0107e raspisivati konkurs za izvr\u0161nog direktora dok se ne rije\u0161i situacija sa izvje\u0161tajem revizora.<\/p>\n<p>&#8220;Osnovni problem u izmirivanju povjerilaca le\u017ei u \u010dinjenici da su berbe soli tokom plana bile ispod planiranih. Pro\u0161le godine sakupljeno je svega sedam hiljada tona, iako su odgovorni rukovodioci tvrdili da \u0107e biti tri puta vi\u0161e. Da je bilo tako, Solana danas ne bi imala dugova&#8221;, kazao je Ikovi\u0107.<\/p>\n<p>U Solani je zaposleno 79 radnika kojima dvije godine nijesu upla\u0107eni porezi i doprinosi i koji su posljednju platu primili za septembar pro\u0161le godine.<\/p>\n<p><strong>So tra\u017eena ali je na lagerima nema<\/strong><\/p>\n<p>Ikovi\u0107 je naglasio da na lagerima Solane ima svega 1.500 tona soli, \u0161to nije dovoljno za realizaciju ve\u0107 zaklju\u010denih ugovora o isporuci.<\/p>\n<p>&#8220;Potra\u017enja za solju za puteve je ogromna, posebno iz Zapadne Evrope, gdje se Solana prvi put probila na to tr\u017ei\u0161te&#8221;, kazao je Ikovi\u0107.<\/p>\n<p>On je rekao da su u januaru \u201cdolazili ljudi koji rade za njema\u010dko tr\u017ei\u0161te\u201d, ali da im nijesu mogli iza\u0107i u susret, iako je cijena daleko povoljnija nego na tr\u017ei\u0161tima regiona. Ve\u0107inski vlasnik, prema njegovim rije\u010dima, ipak je po\u0161tovao investicioni plan ali je kasnila nabavka.<\/p>\n<p>&#8220;Vlasnik je investirao po planu, s tim \u0161to su te investicije kasnile, posebno kada je u pitanju oprema za finalizaciju programa. Tek nedavno su stigle punilice za proizvodni program, vrijedne vi\u0161e od pola miliona eura, koje su instalirane, ali jo\u0161 nijesu u funkciji. Da su stigle lani, slika bi bila druga\u010dija ali rokovi idu&#8221;, istakao je Ikovi\u0107.<\/p>\n<p><a href=\"http:\/\/www.vijesti.me\/vijesti\/ulcinjska-solana-ce-zavrstiti-stecaju-clanak-4932\" target=\"_blank\"><strong>Vijesti<\/strong><\/a><br \/>\n[flv width=&#8221;490&#8243;  height=&#8221;380&#8243;]http:\/\/solana-ulcinj.com\/VTS_01_1.flv[\/flv]<br \/>\n<span style=\"color: #ffffff;\">Ulcinj,Ulqin,Ulqini,Ulkinon,Dulcigno,\u0423\u043b\u0446\u0438\u045a,Dulcinea,Montenegro,Crna Gora,Mali i Zi,<\/span><\/p>\n","protected":false},"excerpt":{"rendered":"<p>Ste\u010dajni upravnik ulcinjske Solane Milorad Ikovi\u0107 kazao je da \u0107e to preduze\u0107e, nakon nerealizovanog petogodi\u0161njeg plana reorganizacije, koji je istekao 1. januara, vjerovatno zavr\u0161iti u klasi\u010dnom ste\u010daju. Ste\u010dajni upravnik ulcinjske Solane Milorad Ikovi\u0107 kazao je da \u0107e to preduze\u0107e, nakon nerealizovanog petogodi\u0161njeg plana reorganizacije, koji je istekao 1. januara, vjerovatno zavr\u0161iti u klasi\u010dnom ste\u010daju. &#8220;Prema [&hellip;]<\/p>\n","protected":false},"author":1,"featured_media":0,"comment_status":"open","ping_status":"closed","sticky":false,"template":"","format":"standard","meta":{"spay_email":"","jetpack_publicize_message":"","jetpack_is_tweetstorm":false,"jetpack_publicize_feature_enabled":true},"categories":[8337],"tags":[17190,1968],"jetpack_publicize_connections":[],"yoast_head":"<!-- This site is optimized with the Yoast SEO plugin v19.1 - https:\/\/yoast.com\/wordpress\/plugins\/seo\/ -->\n<title>Ulcinjska solana \u0107e zavr\u0161titi u ste\u010daju - Lajme nga Ulqini<\/title>\n<meta name=\"description\" content=\"Ste\u010dajni upravnik ulcinjske Solane Milorad Ikovi\u0107 kazao je da \u0107e to preduze\u0107e, nakon nerealizovanog petogodi\u0161njeg plana reorganizacije, koji je istekao 1.\" \/>\n<meta name=\"robots\" content=\"index, follow, max-snippet:-1, max-image-preview:large, max-video-preview:-1\" \/>\n<link rel=\"canonical\" href=\"https:\/\/www.visit-ulcinj.com\/blog\/2011\/02\/03\/ulcinjska-solana-ce-zavrstiti-u-stecaju\/\" \/>\n<meta property=\"og:locale\" content=\"en_US\" \/>\n<meta property=\"og:type\" content=\"article\" \/>\n<meta property=\"og:title\" content=\"Ulcinjska solana \u0107e zavr\u0161titi u ste\u010daju - Lajme nga Ulqini\" \/>\n<meta property=\"og:description\" content=\"Ste\u010dajni upravnik ulcinjske Solane Milorad Ikovi\u0107 kazao je da \u0107e to preduze\u0107e, nakon nerealizovanog petogodi\u0161njeg plana reorganizacije, koji je istekao 1.\" \/>\n<meta property=\"og:url\" content=\"https:\/\/www.visit-ulcinj.com\/blog\/2011\/02\/03\/ulcinjska-solana-ce-zavrstiti-u-stecaju\/\" \/>\n<meta property=\"og:site_name\" content=\"Lajme nga Ulqini\" \/>\n<meta property=\"article:published_time\" content=\"2011-02-03T18:24:08+00:00\" \/>\n<meta property=\"article:modified_time\" content=\"2011-02-03T18:24:32+00:00\" \/>\n<meta property=\"og:image\" content=\"http:\/\/www.visit-ulcinj.com\/blog\/wp-content\/uploads\/2011\/02\/Ulcinjska-solana.jpg\" \/>\n<meta name=\"twitter:label1\" content=\"Written by\" \/>\n\t<meta name=\"twitter:data1\" content=\"ulqini\" \/>\n\t<meta name=\"twitter:label2\" content=\"Est. reading time\" \/>\n\t<meta name=\"twitter:data2\" content=\"3 minutes\" \/>\n<script type=\"application\/ld+json\" class=\"yoast-schema-graph\">{\"@context\":\"https:\/\/schema.org\",\"@graph\":[{\"@type\":\"WebSite\",\"@id\":\"https:\/\/www.visit-ulcinj.com\/blog\/#website\",\"url\":\"https:\/\/www.visit-ulcinj.com\/blog\/\",\"name\":\"Lajme nga Ulqini\",\"description\":\"Lajme,Vijesti,Ulqini,Ulqin,Crna Gora,Mali i Zi\",\"potentialAction\":[{\"@type\":\"SearchAction\",\"target\":{\"@type\":\"EntryPoint\",\"urlTemplate\":\"https:\/\/www.visit-ulcinj.com\/blog\/?s={search_term_string}\"},\"query-input\":\"required name=search_term_string\"}],\"inLanguage\":\"en-US\"},{\"@type\":\"ImageObject\",\"inLanguage\":\"en-US\",\"@id\":\"https:\/\/www.visit-ulcinj.com\/blog\/2011\/02\/03\/ulcinjska-solana-ce-zavrstiti-u-stecaju\/#primaryimage\",\"url\":\"https:\/\/www.visit-ulcinj.com\/blog\/wp-content\/uploads\/2011\/02\/Ulcinjska-solana.jpg\",\"contentUrl\":\"https:\/\/www.visit-ulcinj.com\/blog\/wp-content\/uploads\/2011\/02\/Ulcinjska-solana.jpg\",\"width\":\"370\",\"height\":\"349\"},{\"@type\":\"WebPage\",\"@id\":\"https:\/\/www.visit-ulcinj.com\/blog\/2011\/02\/03\/ulcinjska-solana-ce-zavrstiti-u-stecaju\/#webpage\",\"url\":\"https:\/\/www.visit-ulcinj.com\/blog\/2011\/02\/03\/ulcinjska-solana-ce-zavrstiti-u-stecaju\/\",\"name\":\"Ulcinjska solana \u0107e zavr\u0161titi u ste\u010daju - Lajme nga Ulqini\",\"isPartOf\":{\"@id\":\"https:\/\/www.visit-ulcinj.com\/blog\/#website\"},\"primaryImageOfPage\":{\"@id\":\"https:\/\/www.visit-ulcinj.com\/blog\/2011\/02\/03\/ulcinjska-solana-ce-zavrstiti-u-stecaju\/#primaryimage\"},\"datePublished\":\"2011-02-03T18:24:08+00:00\",\"dateModified\":\"2011-02-03T18:24:32+00:00\",\"author\":{\"@id\":\"https:\/\/www.visit-ulcinj.com\/blog\/#\/schema\/person\/dcab619c614d3038751c63bc2aadc06d\"},\"description\":\"Ste\u010dajni upravnik ulcinjske Solane Milorad Ikovi\u0107 kazao je da \u0107e to preduze\u0107e, nakon nerealizovanog petogodi\u0161njeg plana reorganizacije, koji je istekao 1.\",\"breadcrumb\":{\"@id\":\"https:\/\/www.visit-ulcinj.com\/blog\/2011\/02\/03\/ulcinjska-solana-ce-zavrstiti-u-stecaju\/#breadcrumb\"},\"inLanguage\":\"en-US\",\"potentialAction\":[{\"@type\":\"ReadAction\",\"target\":[\"https:\/\/www.visit-ulcinj.com\/blog\/2011\/02\/03\/ulcinjska-solana-ce-zavrstiti-u-stecaju\/\"]}]},{\"@type\":\"BreadcrumbList\",\"@id\":\"https:\/\/www.visit-ulcinj.com\/blog\/2011\/02\/03\/ulcinjska-solana-ce-zavrstiti-u-stecaju\/#breadcrumb\",\"itemListElement\":[{\"@type\":\"ListItem\",\"position\":1,\"name\":\"Ulcinjska solana \u0107e zavr\u0161titi u ste\u010daju\"}]},{\"@type\":\"Person\",\"@id\":\"https:\/\/www.visit-ulcinj.com\/blog\/#\/schema\/person\/dcab619c614d3038751c63bc2aadc06d\",\"name\":\"ulqini\",\"sameAs\":[\"http:\/\/www.visit-ulcinj.com\"],\"url\":\"https:\/\/www.visit-ulcinj.com\/blog\/author\/admin\/\"}]}<\/script>\n<!-- \/ Yoast SEO plugin. -->","yoast_head_json":{"title":"Ulcinjska solana \u0107e zavr\u0161titi u ste\u010daju - Lajme nga Ulqini","description":"Ste\u010dajni upravnik ulcinjske Solane Milorad Ikovi\u0107 kazao je da \u0107e to preduze\u0107e, nakon nerealizovanog petogodi\u0161njeg plana reorganizacije, koji je istekao 1.","robots":{"index":"index","follow":"follow","max-snippet":"max-snippet:-1","max-image-preview":"max-image-preview:large","max-video-preview":"max-video-preview:-1"},"canonical":"https:\/\/www.visit-ulcinj.com\/blog\/2011\/02\/03\/ulcinjska-solana-ce-zavrstiti-u-stecaju\/","og_locale":"en_US","og_type":"article","og_title":"Ulcinjska solana \u0107e zavr\u0161titi u ste\u010daju - Lajme nga Ulqini","og_description":"Ste\u010dajni upravnik ulcinjske Solane Milorad Ikovi\u0107 kazao je da \u0107e to preduze\u0107e, nakon nerealizovanog petogodi\u0161njeg plana reorganizacije, koji je istekao 1.","og_url":"https:\/\/www.visit-ulcinj.com\/blog\/2011\/02\/03\/ulcinjska-solana-ce-zavrstiti-u-stecaju\/","og_site_name":"Lajme nga Ulqini","article_published_time":"2011-02-03T18:24:08+00:00","article_modified_time":"2011-02-03T18:24:32+00:00","og_image":[{"url":"http:\/\/www.visit-ulcinj.com\/blog\/wp-content\/uploads\/2011\/02\/Ulcinjska-solana.jpg"}],"twitter_misc":{"Written by":"ulqini","Est. reading time":"3 minutes"},"schema":{"@context":"https:\/\/schema.org","@graph":[{"@type":"WebSite","@id":"https:\/\/www.visit-ulcinj.com\/blog\/#website","url":"https:\/\/www.visit-ulcinj.com\/blog\/","name":"Lajme nga Ulqini","description":"Lajme,Vijesti,Ulqini,Ulqin,Crna Gora,Mali i Zi","potentialAction":[{"@type":"SearchAction","target":{"@type":"EntryPoint","urlTemplate":"https:\/\/www.visit-ulcinj.com\/blog\/?s={search_term_string}"},"query-input":"required name=search_term_string"}],"inLanguage":"en-US"},{"@type":"ImageObject","inLanguage":"en-US","@id":"https:\/\/www.visit-ulcinj.com\/blog\/2011\/02\/03\/ulcinjska-solana-ce-zavrstiti-u-stecaju\/#primaryimage","url":"https:\/\/www.visit-ulcinj.com\/blog\/wp-content\/uploads\/2011\/02\/Ulcinjska-solana.jpg","contentUrl":"https:\/\/www.visit-ulcinj.com\/blog\/wp-content\/uploads\/2011\/02\/Ulcinjska-solana.jpg","width":"370","height":"349"},{"@type":"WebPage","@id":"https:\/\/www.visit-ulcinj.com\/blog\/2011\/02\/03\/ulcinjska-solana-ce-zavrstiti-u-stecaju\/#webpage","url":"https:\/\/www.visit-ulcinj.com\/blog\/2011\/02\/03\/ulcinjska-solana-ce-zavrstiti-u-stecaju\/","name":"Ulcinjska solana \u0107e zavr\u0161titi u ste\u010daju - Lajme nga Ulqini","isPartOf":{"@id":"https:\/\/www.visit-ulcinj.com\/blog\/#website"},"primaryImageOfPage":{"@id":"https:\/\/www.visit-ulcinj.com\/blog\/2011\/02\/03\/ulcinjska-solana-ce-zavrstiti-u-stecaju\/#primaryimage"},"datePublished":"2011-02-03T18:24:08+00:00","dateModified":"2011-02-03T18:24:32+00:00","author":{"@id":"https:\/\/www.visit-ulcinj.com\/blog\/#\/schema\/person\/dcab619c614d3038751c63bc2aadc06d"},"description":"Ste\u010dajni upravnik ulcinjske Solane Milorad Ikovi\u0107 kazao je da \u0107e to preduze\u0107e, nakon nerealizovanog petogodi\u0161njeg plana reorganizacije, koji je istekao 1.","breadcrumb":{"@id":"https:\/\/www.visit-ulcinj.com\/blog\/2011\/02\/03\/ulcinjska-solana-ce-zavrstiti-u-stecaju\/#breadcrumb"},"inLanguage":"en-US","potentialAction":[{"@type":"ReadAction","target":["https:\/\/www.visit-ulcinj.com\/blog\/2011\/02\/03\/ulcinjska-solana-ce-zavrstiti-u-stecaju\/"]}]},{"@type":"BreadcrumbList","@id":"https:\/\/www.visit-ulcinj.com\/blog\/2011\/02\/03\/ulcinjska-solana-ce-zavrstiti-u-stecaju\/#breadcrumb","itemListElement":[{"@type":"ListItem","position":1,"name":"Ulcinjska solana \u0107e zavr\u0161titi u ste\u010daju"}]},{"@type":"Person","@id":"https:\/\/www.visit-ulcinj.com\/blog\/#\/schema\/person\/dcab619c614d3038751c63bc2aadc06d","name":"ulqini","sameAs":["http:\/\/www.visit-ulcinj.com"],"url":"https:\/\/www.visit-ulcinj.com\/blog\/author\/admin\/"}]}},"jetpack_featured_media_url":"","jetpack_sharing_enabled":true,"jetpack_shortlink":"https:\/\/wp.me\/pe6lTn-bbG","_links":{"self":[{"href":"https:\/\/www.visit-ulcinj.com\/blog\/wp-json\/wp\/v2\/posts\/43008"}],"collection":[{"href":"https:\/\/www.visit-ulcinj.com\/blog\/wp-json\/wp\/v2\/posts"}],"about":[{"href":"https:\/\/www.visit-ulcinj.com\/blog\/wp-json\/wp\/v2\/types\/post"}],"author":[{"embeddable":true,"href":"https:\/\/www.visit-ulcinj.com\/blog\/wp-json\/wp\/v2\/users\/1"}],"replies":[{"embeddable":true,"href":"https:\/\/www.visit-ulcinj.com\/blog\/wp-json\/wp\/v2\/comments?post=43008"}],"version-history":[{"count":0,"href":"https:\/\/www.visit-ulcinj.com\/blog\/wp-json\/wp\/v2\/posts\/43008\/revisions"}],"wp:attachment":[{"href":"https:\/\/www.visit-ulcinj.com\/blog\/wp-json\/wp\/v2\/media?parent=43008"}],"wp:term":[{"taxonomy":"category","embeddable":true,"href":"https:\/\/www.visit-ulcinj.com\/blog\/wp-json\/wp\/v2\/categories?post=43008"},{"taxonomy":"post_tag","embeddable":true,"href":"https:\/\/www.visit-ulcinj.com\/blog\/wp-json\/wp\/v2\/tags?post=43008"}],"curies":[{"name":"wp","href":"https:\/\/api.w.org\/{rel}","templated":true}]}}