{"id":43019,"date":"2011-02-04T22:25:22","date_gmt":"2011-02-04T21:25:22","guid":{"rendered":"http:\/\/www.visit-ulcinj.com\/blog\/?p=43019"},"modified":"2011-02-04T22:26:30","modified_gmt":"2011-02-04T21:26:30","slug":"mc-kresha-s%e2%80%99kam-qejf-te-terheq-vemendje-permes-fames","status":"publish","type":"post","link":"https:\/\/www.visit-ulcinj.com\/blog\/2011\/02\/04\/mc-kresha-s%e2%80%99kam-qejf-te-terheq-vemendje-permes-fames\/","title":{"rendered":"Mc Kresha: S\u2019kam qejf t\u00eb t\u00ebrheq v\u00ebmendje p\u00ebrmes fam\u00ebs"},"content":{"rendered":"<p><strong><a href=\"http:\/\/www.visit-ulcinj.com\/blog\/wp-content\/uploads\/2011\/02\/Mc-Kresha.2.jpg\"><img loading=\"lazy\" class=\"alignleft size-full wp-image-43021\" title=\"Mc Kresha.2\" src=\"http:\/\/www.visit-ulcinj.com\/blog\/wp-content\/uploads\/2011\/02\/Mc-Kresha.2.jpg\" alt=\"\" width=\"720\" height=\"436\" \/><\/a>Krenar dhe i lumtur p\u00ebr ftes\u00ebn q\u00eb m\u00eb b\u00ebri Aurela, thot\u00eb Kresha<\/strong><\/p>\n<p><strong>Ju lutem, na flisni pak m\u00eb shum\u00eb p\u00ebr \u201cMC Kreshen\u201d \u2026 M\u00eb sakt\u00ebsisht, kush \u201cfshihet\u201d pas k\u00ebsaj nofke\u2026?<\/strong><\/p>\n<p>Jam Kreshnik Fazliu, i lindur n\u00eb Mitrovic\u00eb. \u201cKresha\u201d \u00ebsht\u00eb shkurtes\u00eb e emrit tim. Jam djal\u00eb i r\u00ebndomt\u00eb, s\u2019kam ndonj\u00eb ve\u00e7ori specifike\u2026mundohem t\u00eb jem njeriu m\u00eb i thjesht\u00eb n\u00eb bot\u00eb. S\u2019kam qejf t\u00eb t\u00ebrheq v\u00ebmendje p\u00ebrmes fam\u00ebs.<\/p>\n<p><strong>Si vendos\u00ebt t\u2019i futeni bot\u00ebs s\u00eb muzik\u00ebs?<\/strong><strong> <\/strong><\/p>\n<p><strong><strong>Po si f\u00ebmij\u00eb jam rritur m\u00eb bot\u00ebn e muzik\u00ebs dhe nuk e kam pasur problem t\u00eb involvohem n\u00eb shoq\u00ebrin\u00eb e \u201chip-hop\u201d-it, sepse jam rritur duke i p\u00ebrcjell\u00eb e dasht\u00eb reperat me fam\u00eb bot\u00ebrore.<\/strong><\/strong><\/p>\n<p><strong><strong>[b]Tashm\u00eb keni lansuar n\u00eb treg disa krijime t\u00eb nj\u00ebpasnj\u00ebshme. Disa nga k\u00ebng\u00ebt tuaja kan\u00eb ardhur n\u00eb bashk\u00ebpunim me k\u00ebng\u00ebtar\u00eb tjer\u00eb t\u00eb estrad\u00ebs e disa sosh solo. Tani kur u b\u00eb koh\u00eb n\u00eb k\u00ebt\u00eb bot\u00eb muzikore, mund t\u00eb na thuash se e keni gjetur at\u00eb q\u00eb keni k\u00ebrkuar n\u00eb muzik\u00eb?<\/strong><\/strong><\/p>\n<p>Shum\u00eb thjesht! E kam shprehur mendimin tim dhe bot\u00ebkuptimin e artit prej meje.<\/p>\n<p><strong>Po tani, si po plot\u00ebsohen dit\u00ebt aktuale t\u00eb MC Kreshes?<\/strong><\/p>\n<p>Shumica e dit\u00ebve t\u00eb MC Kreshes jan\u00eb t\u00eb z\u00ebna me koncerte apo p\u00ebrmes angazhimeve t\u00eb shumta n\u00eb studio, k\u00ebshtu q\u00eb zakonisht jam i z\u00ebn\u00eb rreth projekteve muzikore.<\/p>\n<p><strong>K\u00ebto dit\u00eb ju keni realizuar nj\u00eb k\u00ebng\u00eb, bashk\u00ebpunim me Aurela Ga\u00e7en. Na thuaj m\u00eb sakt\u00ebsisht se p\u00ebr \u00e7far\u00eb b\u00ebhet fjal\u00eb?<\/strong><\/p>\n<p>\u00c7ka t\u00eb flasim m\u00eb shum\u00eb, pos q\u00eb jam shum\u00eb i lumtur dhe krenar q\u00eb Aurela Ga\u00e7e m\u00eb ka ftuar t\u00eb b\u00ebjm\u00eb nj\u00eb k\u00ebng\u00eb bashk\u00eb. Shpresoj dhe besoj plot\u00ebsisht q\u00eb k\u00ebnga bashk\u00eb me klipin do t\u00eb jen\u00eb di\u00e7ka q\u00eb i ka munguar tregut ton\u00eb.<\/p>\n<p><strong>Si erdhi deri te bashk\u00ebpunimi me Aurel\u00ebn?<\/strong><\/p>\n<p>Aurela ka qen\u00eb n\u00eb kontakt me Genc Prelvukajn dhe pasi i ka d\u00ebgjuar disa nga k\u00ebng\u00ebt e mia dhe i kan\u00eb p\u00eblqyer ato, ve\u00e7an\u00ebrisht k\u00ebnga \u201cLej flleshat\u201d, kemi r\u00ebn\u00eb n\u00eb kontakt dhe kemi biseduar p\u00ebr realizimin e nj\u00eb bashk\u00ebpunimi. Arrit\u00ebm t\u00eb realizojm\u00eb nj\u00eb k\u00ebng\u00eb me shum\u00eb sukses, p\u00ebr t\u00eb cil\u00ebn mendoj se ishte vet\u00ebm \u00e7el\u00ebsi i miq\u00ebsis\u00eb son\u00eb. G\u00ebzoj shum\u00eb respekt p\u00ebr Aurela Ga\u00e7en. \u00cbsht\u00eb ikon\u00eb e muzik\u00ebs shqiptare.<\/p>\n<p><strong>E p\u00ebrve\u00e7 bashk\u00ebpunimit t\u00eb fundit, p\u00ebr t\u00eb cilin diskutuam, si po vazhdon angazhimi yt n\u00eb bot\u00ebn e muzik\u00ebs?<\/strong><\/p>\n<p>Jam duke punuar me nj\u00eb intensitet t\u00eb madh n\u00eb realizimin e shum\u00eb projekteve, t\u00eb cilat do t\u00eb pasojn\u00eb t\u00eb lansohen n\u00eb vitin 2011. Ma merr mendja q\u00eb viti 2011 do t\u00eb jet\u00eb edhe m\u00eb i bujsh\u00ebm p\u00ebr \u201chip hop\u201d-in.<\/p>\n<p><strong>Mund t\u00eb presim edhe ndonj\u00eb k\u00ebng\u00eb, krijim t\u00eb radh\u00ebs apo edhe album k\u00ebng\u00ebsh dit\u00ebt q\u00eb vijn\u00eb?<\/strong><\/p>\n<p>Jam duke punuar nj\u00eb \u2018Mixtape\u2019 n\u00eb bashk\u00ebpunim me Lyrical Son, t\u00eb cilin e kam mik t\u00eb zemr\u00ebs. Shpresojm\u00eb q\u00eb ta realizojm\u00eb nj\u00eb di\u00e7ka q\u00eb mund t\u00eb jet\u00eb sfiduese edhe p\u00ebr rajonin, sa i p\u00ebrket kualitetit t\u00eb pun\u00ebs. E kemi em\u00ebrtuar \u201cPerinatitnjonitjetritrekords\u201d. Do t\u00eb jet\u00eb shum\u00eb interesante. Mund t\u2019u garantoj dashamir\u00ebve t\u00eb muzik\u00ebs son\u00eb q\u00eb do t\u00eb ken\u00eb se \u00e7far\u00eb t\u00eb d\u00ebgjojn\u00eb gjat\u00eb vitit 2011.<\/p>\n<p><strong>\u00c7far\u00eb t\u00eb b\u00ebn ty t\u00eb ndryshosh nga reper\u00ebt tjer\u00eb?<\/strong><\/p>\n<p>Nuk e di!? N\u00eb k\u00ebt\u00eb pyetje m\u00eb shum\u00eb do t\u00eb mund t\u00eb p\u00ebrgjigjej publiku.<\/p>\n<p><strong>Po dit\u00ebt, kur ndodheni t\u00ebr\u00ebsisht larg muzik\u00ebs, si plot\u00ebsohen?<\/strong><\/p>\n<p>E dua shum\u00eb futbollin! Zakonisht shikoj futboll me shoq\u00ebri, por m\u00eb p\u00eblqen t\u00eb luaj edhe Sony Playstation. N\u00eb planet e af\u00ebrta \u00ebsht\u00eb edhe peshkimi. E kam n\u00eb plan t\u00eb filloj t\u00eb dal p\u00ebr peshkim me shoq\u00ebrin\u00eb time, pasi kam nevoj\u00eb p\u00ebr qet\u00ebsin\u00eb e natyr\u00ebs.<\/p>\n<p><strong>\u00c7far\u00eb s\u2019do t\u00eb toleronit kurr\u00eb?<\/strong><\/p>\n<p>Posht\u00ebrimin!<\/p>\n<p><strong>Ju k\u00ebndoni rep muzik\u00eb, por p\u00ebr t\u00eb d\u00ebgjuar d\u00ebgjoni k\u00ebt\u00eb zhan\u00ebr m\u00eb me qejf apo ka ndonj\u00eb zhan\u00ebr tjet\u00ebr q\u00eb ju fle m\u00eb shum\u00eb p\u00ebr ta d\u00ebgjuar?<\/strong><\/p>\n<p>Gjithmon\u00eb d\u00ebgjoj rap! Kam d\u00ebgjuar k\u00ebt\u00eb zhan\u00ebr t\u00eb muzik\u00ebs prej se kam qen\u00eb i vog\u00ebl. Por, kjo nuk do t\u00eb thot\u00eb q\u00eb nuk d\u00ebgjoj edhe zhanre tjera muzikore. D\u00ebgjoj zhanre t\u00eb ndryshme dhe i p\u00eblqej ato, por repi m\u00eb fle m\u00eb shum\u00eb n\u00eb zem\u00ebr. Prej momentit kur zgjohem prej gjumi e deri at\u00ebher\u00eb kur shtrihem t\u00eb fle, i p\u00ebrkushtohem 100 p\u00ebr qind \u2018hip-hop\u201d-it dhe futbollit.<\/p>\n<p><strong>Di\u00e7ka p\u00ebr fund q\u00eb ne nuk ju pyet\u00ebm e nuk u tha?<\/strong><\/p>\n<p>Uroj q\u00eb viti 2011 t\u00eb jet\u00eb viti i sukseseve p\u00ebr t\u00eb gjith\u00eb shqiptar\u00ebt! Ju p\u00ebrg\u00ebzoj, \u201cMC Kresha\u201d.<\/p>\n<p><strong>\u00c7far\u00eb \u00e7moni m\u00eb shum\u00eb te jeta?<\/strong><\/p>\n<p>Duke u nisur prej frym\u00ebmarrjes s\u00eb par\u00eb e deri te vdekja\u2026 e dua \u00e7do gj\u00eb q\u00eb ofron jeta, qoft\u00eb e \u00ebmb\u00ebl apo e hidhur ajo. S\u2019kan\u00eb vler\u00eb koh\u00ebrat e mira pa i provuar edhe t\u00eb k\u00ebqijat. Mendoj q\u00eb shum\u00eb t\u00eb k\u00ebqija kemi p\u00ebrjetuar ne si popull, dhe jam shum\u00eb i sigurt q\u00eb duhet t\u2019ia dim\u00eb vler\u00ebn jet\u00ebs.<\/p>\n<p><strong>Pse ka kaq shum\u00eb \u201carmiq\u00ebsi\u201d nd\u00ebrmjet rep k\u00ebng\u00ebtar\u00ebve shqiptar\u00eb?<\/strong><\/p>\n<p>Repi \u00ebsht\u00eb i bazuar n\u00eb mospajtimin e di\u00e7kaje me rrethin, ambientin, jet\u00ebn sociale\u2026\u00ebsht\u00eb muzik\u00eb e dal\u00eb nga vuajtja e ndoshta kjo \u00ebsht\u00eb nj\u00eb arsye e madhe q\u00eb t\u00eb jet\u00eb pak m\u00eb e vrazhd\u00eb. E me siguri edhe m\u00eb shum\u00eb e rrit entuziazmin, p\u00ebrqafimi i fjal\u00ebve nga ana e publikut. Ndoshta \u00ebsht\u00eb edhe faktori tjet\u00ebr q\u00eb ka shum\u00eb reper\u00eb t\u00eb cil\u00ebt nuk pajtohen rreth mendimeve\u2026edhe kur i d\u00ebgjon dikush fjal\u00ebt e tyre, mund t\u00eb ting\u00ebllojn\u00eb si kund\u00ebrth\u00ebnie p\u00ebr tjetrin artist.<\/p>\n<p><strong>Melihate Gashi<br \/>\n<br \/>\n<\/strong><br \/>\n<!--YouTube Error: bad URL entered--><\/p>\n","protected":false},"excerpt":{"rendered":"<p>Krenar dhe i lumtur p\u00ebr ftes\u00ebn q\u00eb m\u00eb b\u00ebri Aurela, thot\u00eb Kresha Ju lutem, na flisni pak m\u00eb shum\u00eb p\u00ebr \u201cMC Kreshen\u201d \u2026 M\u00eb sakt\u00ebsisht, kush \u201cfshihet\u201d pas k\u00ebsaj nofke\u2026? Jam Kreshnik Fazliu, i lindur n\u00eb Mitrovic\u00eb. \u201cKresha\u201d \u00ebsht\u00eb shkurtes\u00eb e emrit tim. Jam djal\u00eb i r\u00ebndomt\u00eb, s\u2019kam ndonj\u00eb ve\u00e7ori specifike\u2026mundohem t\u00eb jem njeriu m\u00eb [&hellip;]<\/p>\n","protected":false},"author":1,"featured_media":0,"comment_status":"open","ping_status":"closed","sticky":false,"template":"","format":"standard","meta":{"spay_email":"","jetpack_publicize_message":"","jetpack_is_tweetstorm":false,"jetpack_publicize_feature_enabled":true},"categories":[1],"tags":[9382],"jetpack_publicize_connections":[],"yoast_head":"<!-- This site is optimized with the Yoast SEO plugin v19.1 - https:\/\/yoast.com\/wordpress\/plugins\/seo\/ -->\n<title>Mc Kresha: S\u2019kam qejf t\u00eb t\u00ebrheq v\u00ebmendje p\u00ebrmes fam\u00ebs - Lajme nga Ulqini<\/title>\n<meta name=\"description\" content=\"Krenar dhe i lumtur p\u00ebr ftes\u00ebn q\u00eb m\u00eb b\u00ebri Aurela, thot\u00eb Kresha Ju lutem, na flisni pak m\u00eb shum\u00eb p\u00ebr \u201cMC Kreshen\u201d \u2026 M\u00eb sakt\u00ebsisht, kush \u201cfshihet\u201d pas k\u00ebsaj\" \/>\n<meta name=\"robots\" content=\"index, follow, max-snippet:-1, max-image-preview:large, max-video-preview:-1\" \/>\n<link rel=\"canonical\" href=\"https:\/\/www.visit-ulcinj.com\/blog\/2011\/02\/04\/mc-kresha-s\u2019kam-qejf-te-terheq-vemendje-permes-fames\/\" \/>\n<meta property=\"og:locale\" content=\"en_US\" \/>\n<meta property=\"og:type\" content=\"article\" \/>\n<meta property=\"og:title\" content=\"Mc Kresha: S\u2019kam qejf t\u00eb t\u00ebrheq v\u00ebmendje p\u00ebrmes fam\u00ebs - Lajme nga Ulqini\" \/>\n<meta property=\"og:description\" content=\"Krenar dhe i lumtur p\u00ebr ftes\u00ebn q\u00eb m\u00eb b\u00ebri Aurela, thot\u00eb Kresha Ju lutem, na flisni pak m\u00eb shum\u00eb p\u00ebr \u201cMC Kreshen\u201d \u2026 M\u00eb sakt\u00ebsisht, kush \u201cfshihet\u201d pas k\u00ebsaj\" \/>\n<meta property=\"og:url\" content=\"https:\/\/www.visit-ulcinj.com\/blog\/2011\/02\/04\/mc-kresha-s\u2019kam-qejf-te-terheq-vemendje-permes-fames\/\" \/>\n<meta property=\"og:site_name\" content=\"Lajme nga Ulqini\" \/>\n<meta property=\"article:published_time\" content=\"2011-02-04T21:25:22+00:00\" \/>\n<meta property=\"article:modified_time\" content=\"2011-02-04T21:26:30+00:00\" \/>\n<meta property=\"og:image\" content=\"https:\/\/www.visit-ulcinj.com\/blog\/wp-content\/uploads\/2011\/02\/Mc-Kresha.2-150x150.jpg\" \/>\n<meta name=\"twitter:label1\" content=\"Written by\" \/>\n\t<meta name=\"twitter:data1\" content=\"ulqini\" \/>\n\t<meta name=\"twitter:label2\" content=\"Est. reading time\" \/>\n\t<meta name=\"twitter:data2\" content=\"5 minutes\" \/>\n<script type=\"application\/ld+json\" class=\"yoast-schema-graph\">{\"@context\":\"https:\/\/schema.org\",\"@graph\":[{\"@type\":\"WebSite\",\"@id\":\"https:\/\/www.visit-ulcinj.com\/blog\/#website\",\"url\":\"https:\/\/www.visit-ulcinj.com\/blog\/\",\"name\":\"Lajme nga Ulqini\",\"description\":\"Lajme,Vijesti,Ulqini,Ulqin,Crna Gora,Mali i Zi\",\"potentialAction\":[{\"@type\":\"SearchAction\",\"target\":{\"@type\":\"EntryPoint\",\"urlTemplate\":\"https:\/\/www.visit-ulcinj.com\/blog\/?s={search_term_string}\"},\"query-input\":\"required name=search_term_string\"}],\"inLanguage\":\"en-US\"},{\"@type\":\"ImageObject\",\"inLanguage\":\"en-US\",\"@id\":\"https:\/\/www.visit-ulcinj.com\/blog\/2011\/02\/04\/mc-kresha-s%e2%80%99kam-qejf-te-terheq-vemendje-permes-fames\/#primaryimage\",\"url\":\"http:\/\/www.visit-ulcinj.com\/blog\/wp-content\/uploads\/2011\/02\/Mc-Kresha.2.jpg\",\"contentUrl\":\"http:\/\/www.visit-ulcinj.com\/blog\/wp-content\/uploads\/2011\/02\/Mc-Kresha.2.jpg\"},{\"@type\":\"WebPage\",\"@id\":\"https:\/\/www.visit-ulcinj.com\/blog\/2011\/02\/04\/mc-kresha-s%e2%80%99kam-qejf-te-terheq-vemendje-permes-fames\/#webpage\",\"url\":\"https:\/\/www.visit-ulcinj.com\/blog\/2011\/02\/04\/mc-kresha-s%e2%80%99kam-qejf-te-terheq-vemendje-permes-fames\/\",\"name\":\"Mc Kresha: S\u2019kam qejf t\u00eb t\u00ebrheq v\u00ebmendje p\u00ebrmes fam\u00ebs - Lajme nga Ulqini\",\"isPartOf\":{\"@id\":\"https:\/\/www.visit-ulcinj.com\/blog\/#website\"},\"primaryImageOfPage\":{\"@id\":\"https:\/\/www.visit-ulcinj.com\/blog\/2011\/02\/04\/mc-kresha-s%e2%80%99kam-qejf-te-terheq-vemendje-permes-fames\/#primaryimage\"},\"datePublished\":\"2011-02-04T21:25:22+00:00\",\"dateModified\":\"2011-02-04T21:26:30+00:00\",\"author\":{\"@id\":\"https:\/\/www.visit-ulcinj.com\/blog\/#\/schema\/person\/dcab619c614d3038751c63bc2aadc06d\"},\"description\":\"Krenar dhe i lumtur p\u00ebr ftes\u00ebn q\u00eb m\u00eb b\u00ebri Aurela, thot\u00eb Kresha Ju lutem, na flisni pak m\u00eb shum\u00eb p\u00ebr \u201cMC Kreshen\u201d \u2026 M\u00eb sakt\u00ebsisht, kush \u201cfshihet\u201d pas k\u00ebsaj\",\"breadcrumb\":{\"@id\":\"https:\/\/www.visit-ulcinj.com\/blog\/2011\/02\/04\/mc-kresha-s%e2%80%99kam-qejf-te-terheq-vemendje-permes-fames\/#breadcrumb\"},\"inLanguage\":\"en-US\",\"potentialAction\":[{\"@type\":\"ReadAction\",\"target\":[\"https:\/\/www.visit-ulcinj.com\/blog\/2011\/02\/04\/mc-kresha-s%e2%80%99kam-qejf-te-terheq-vemendje-permes-fames\/\"]}]},{\"@type\":\"BreadcrumbList\",\"@id\":\"https:\/\/www.visit-ulcinj.com\/blog\/2011\/02\/04\/mc-kresha-s%e2%80%99kam-qejf-te-terheq-vemendje-permes-fames\/#breadcrumb\",\"itemListElement\":[{\"@type\":\"ListItem\",\"position\":1,\"name\":\"Mc Kresha: S\u2019kam qejf t\u00eb t\u00ebrheq v\u00ebmendje p\u00ebrmes fam\u00ebs\"}]},{\"@type\":\"Person\",\"@id\":\"https:\/\/www.visit-ulcinj.com\/blog\/#\/schema\/person\/dcab619c614d3038751c63bc2aadc06d\",\"name\":\"ulqini\",\"sameAs\":[\"http:\/\/www.visit-ulcinj.com\"],\"url\":\"https:\/\/www.visit-ulcinj.com\/blog\/author\/admin\/\"}]}<\/script>\n<!-- \/ Yoast SEO plugin. -->","yoast_head_json":{"title":"Mc Kresha: S\u2019kam qejf t\u00eb t\u00ebrheq v\u00ebmendje p\u00ebrmes fam\u00ebs - Lajme nga Ulqini","description":"Krenar dhe i lumtur p\u00ebr ftes\u00ebn q\u00eb m\u00eb b\u00ebri Aurela, thot\u00eb Kresha Ju lutem, na flisni pak m\u00eb shum\u00eb p\u00ebr \u201cMC Kreshen\u201d \u2026 M\u00eb sakt\u00ebsisht, kush \u201cfshihet\u201d pas k\u00ebsaj","robots":{"index":"index","follow":"follow","max-snippet":"max-snippet:-1","max-image-preview":"max-image-preview:large","max-video-preview":"max-video-preview:-1"},"canonical":"https:\/\/www.visit-ulcinj.com\/blog\/2011\/02\/04\/mc-kresha-s\u2019kam-qejf-te-terheq-vemendje-permes-fames\/","og_locale":"en_US","og_type":"article","og_title":"Mc Kresha: S\u2019kam qejf t\u00eb t\u00ebrheq v\u00ebmendje p\u00ebrmes fam\u00ebs - Lajme nga Ulqini","og_description":"Krenar dhe i lumtur p\u00ebr ftes\u00ebn q\u00eb m\u00eb b\u00ebri Aurela, thot\u00eb Kresha Ju lutem, na flisni pak m\u00eb shum\u00eb p\u00ebr \u201cMC Kreshen\u201d \u2026 M\u00eb sakt\u00ebsisht, kush \u201cfshihet\u201d pas k\u00ebsaj","og_url":"https:\/\/www.visit-ulcinj.com\/blog\/2011\/02\/04\/mc-kresha-s\u2019kam-qejf-te-terheq-vemendje-permes-fames\/","og_site_name":"Lajme nga Ulqini","article_published_time":"2011-02-04T21:25:22+00:00","article_modified_time":"2011-02-04T21:26:30+00:00","og_image":[{"url":"https:\/\/www.visit-ulcinj.com\/blog\/wp-content\/uploads\/2011\/02\/Mc-Kresha.2-150x150.jpg"}],"twitter_misc":{"Written by":"ulqini","Est. reading time":"5 minutes"},"schema":{"@context":"https:\/\/schema.org","@graph":[{"@type":"WebSite","@id":"https:\/\/www.visit-ulcinj.com\/blog\/#website","url":"https:\/\/www.visit-ulcinj.com\/blog\/","name":"Lajme nga Ulqini","description":"Lajme,Vijesti,Ulqini,Ulqin,Crna Gora,Mali i Zi","potentialAction":[{"@type":"SearchAction","target":{"@type":"EntryPoint","urlTemplate":"https:\/\/www.visit-ulcinj.com\/blog\/?s={search_term_string}"},"query-input":"required name=search_term_string"}],"inLanguage":"en-US"},{"@type":"ImageObject","inLanguage":"en-US","@id":"https:\/\/www.visit-ulcinj.com\/blog\/2011\/02\/04\/mc-kresha-s%e2%80%99kam-qejf-te-terheq-vemendje-permes-fames\/#primaryimage","url":"http:\/\/www.visit-ulcinj.com\/blog\/wp-content\/uploads\/2011\/02\/Mc-Kresha.2.jpg","contentUrl":"http:\/\/www.visit-ulcinj.com\/blog\/wp-content\/uploads\/2011\/02\/Mc-Kresha.2.jpg"},{"@type":"WebPage","@id":"https:\/\/www.visit-ulcinj.com\/blog\/2011\/02\/04\/mc-kresha-s%e2%80%99kam-qejf-te-terheq-vemendje-permes-fames\/#webpage","url":"https:\/\/www.visit-ulcinj.com\/blog\/2011\/02\/04\/mc-kresha-s%e2%80%99kam-qejf-te-terheq-vemendje-permes-fames\/","name":"Mc Kresha: S\u2019kam qejf t\u00eb t\u00ebrheq v\u00ebmendje p\u00ebrmes fam\u00ebs - Lajme nga Ulqini","isPartOf":{"@id":"https:\/\/www.visit-ulcinj.com\/blog\/#website"},"primaryImageOfPage":{"@id":"https:\/\/www.visit-ulcinj.com\/blog\/2011\/02\/04\/mc-kresha-s%e2%80%99kam-qejf-te-terheq-vemendje-permes-fames\/#primaryimage"},"datePublished":"2011-02-04T21:25:22+00:00","dateModified":"2011-02-04T21:26:30+00:00","author":{"@id":"https:\/\/www.visit-ulcinj.com\/blog\/#\/schema\/person\/dcab619c614d3038751c63bc2aadc06d"},"description":"Krenar dhe i lumtur p\u00ebr ftes\u00ebn q\u00eb m\u00eb b\u00ebri Aurela, thot\u00eb Kresha Ju lutem, na flisni pak m\u00eb shum\u00eb p\u00ebr \u201cMC Kreshen\u201d \u2026 M\u00eb sakt\u00ebsisht, kush \u201cfshihet\u201d pas k\u00ebsaj","breadcrumb":{"@id":"https:\/\/www.visit-ulcinj.com\/blog\/2011\/02\/04\/mc-kresha-s%e2%80%99kam-qejf-te-terheq-vemendje-permes-fames\/#breadcrumb"},"inLanguage":"en-US","potentialAction":[{"@type":"ReadAction","target":["https:\/\/www.visit-ulcinj.com\/blog\/2011\/02\/04\/mc-kresha-s%e2%80%99kam-qejf-te-terheq-vemendje-permes-fames\/"]}]},{"@type":"BreadcrumbList","@id":"https:\/\/www.visit-ulcinj.com\/blog\/2011\/02\/04\/mc-kresha-s%e2%80%99kam-qejf-te-terheq-vemendje-permes-fames\/#breadcrumb","itemListElement":[{"@type":"ListItem","position":1,"name":"Mc Kresha: S\u2019kam qejf t\u00eb t\u00ebrheq v\u00ebmendje p\u00ebrmes fam\u00ebs"}]},{"@type":"Person","@id":"https:\/\/www.visit-ulcinj.com\/blog\/#\/schema\/person\/dcab619c614d3038751c63bc2aadc06d","name":"ulqini","sameAs":["http:\/\/www.visit-ulcinj.com"],"url":"https:\/\/www.visit-ulcinj.com\/blog\/author\/admin\/"}]}},"jetpack_featured_media_url":"","jetpack_sharing_enabled":true,"jetpack_shortlink":"https:\/\/wp.me\/pe6lTn-bbR","_links":{"self":[{"href":"https:\/\/www.visit-ulcinj.com\/blog\/wp-json\/wp\/v2\/posts\/43019"}],"collection":[{"href":"https:\/\/www.visit-ulcinj.com\/blog\/wp-json\/wp\/v2\/posts"}],"about":[{"href":"https:\/\/www.visit-ulcinj.com\/blog\/wp-json\/wp\/v2\/types\/post"}],"author":[{"embeddable":true,"href":"https:\/\/www.visit-ulcinj.com\/blog\/wp-json\/wp\/v2\/users\/1"}],"replies":[{"embeddable":true,"href":"https:\/\/www.visit-ulcinj.com\/blog\/wp-json\/wp\/v2\/comments?post=43019"}],"version-history":[{"count":0,"href":"https:\/\/www.visit-ulcinj.com\/blog\/wp-json\/wp\/v2\/posts\/43019\/revisions"}],"wp:attachment":[{"href":"https:\/\/www.visit-ulcinj.com\/blog\/wp-json\/wp\/v2\/media?parent=43019"}],"wp:term":[{"taxonomy":"category","embeddable":true,"href":"https:\/\/www.visit-ulcinj.com\/blog\/wp-json\/wp\/v2\/categories?post=43019"},{"taxonomy":"post_tag","embeddable":true,"href":"https:\/\/www.visit-ulcinj.com\/blog\/wp-json\/wp\/v2\/tags?post=43019"}],"curies":[{"name":"wp","href":"https:\/\/api.w.org\/{rel}","templated":true}]}}