{"id":43026,"date":"2011-02-04T23:11:26","date_gmt":"2011-02-04T22:11:26","guid":{"rendered":"http:\/\/www.visit-ulcinj.com\/blog\/?p=43026"},"modified":"2011-02-04T23:45:13","modified_gmt":"2011-02-04T22:45:13","slug":"kristine-elezaj-per-here-te-pare-kendon-me-noizyn","status":"publish","type":"post","link":"https:\/\/www.visit-ulcinj.com\/blog\/2011\/02\/04\/kristine-elezaj-per-here-te-pare-kendon-me-noizyn\/","title":{"rendered":"Kristine Elezaj p\u00ebr her\u00eb t\u00eb par\u00eb k\u00ebndon me Noizyn"},"content":{"rendered":"<p><strong><a href=\"http:\/\/www.visit-ulcinj.com\/blog\/wp-content\/uploads\/2011\/02\/Kristine-Elezaj_Noizy.1.jpg\"><img loading=\"lazy\" class=\"alignleft size-full wp-image-43027\" title=\"Kristine Elezaj_Noizy.1\" src=\"http:\/\/www.visit-ulcinj.com\/blog\/wp-content\/uploads\/2011\/02\/Kristine-Elezaj_Noizy.1.jpg\" alt=\"\" width=\"490\" height=\"380\" \/><\/a>Noizy <\/strong><strong>tani n\u00eb sken\u00eb vet\u00ebm me Kristine Elezaj nga Amerika<\/strong><\/p>\n<p><strong><br \/>\n<\/strong>Do t\u00eb jet\u00eb nj\u00eb fillim i ri me fat ky vit sapo ka hyr\u00eb p\u00ebr reperin Noizy. Pas nj\u00eb turi koncertesh p\u00ebr Krishtlindje n\u00eb Shtetet e Bashkuara t\u00eb Amerikes s\u00eb bashku me Gent\u00ebn, Real 1 dhe Dj Blunt, ai ka diskutuar atje p\u00ebr nj\u00eb faz\u00eb t\u00eb re karrier\u00ebs s\u00eb tij, fillimin e nj\u00eb bashk\u00ebpunimi me k\u00ebng\u00ebtaren e muzikes pop, Kristine Elezaj, nj\u00eb k\u00ebng\u00ebtare me origjin\u00eb gjysme shqiptare, mjaft e<br \/>\nsuksesshme n\u00eb Amerik\u00eb.<br \/>\n<!--YouTube Error: bad URL entered--><br \/>\n&#8221;K\u00ebte vit do t\u00eb kem bashk\u00ebpunim me Kristin\u00ebn, e cila jeton n\u00eb Nju Jork dhe ka marr\u00eb pjes\u00eb n\u00eb &#8221;Grammy Awards&#8221;, tha Noizy. Ata jan\u00eb takuar p\u00ebr her\u00eb t\u00eb par\u00eb n\u00eb dat\u00eb 20 dhjetor dhe ka qen\u00eb nj\u00eb k\u00ebrkes\u00eb e vet\u00eb k\u00ebng\u00ebtares p\u00ebr k\u00ebt\u00eb bashk\u00ebpunim t\u00eb realizuar n\u00ebp\u00ebrmjet menaxherit t\u00eb saj, q\u00eb ajo ka n\u00eb Amerik\u00eb.<br \/>\nMediat amerikane kan\u00eb shkruar se ky do t\u00eb j\u00eb jet\u00eb viti i Kristine n\u00eb muzik\u00ebn pop dhe ky \u00ebsht\u00eb nj\u00eb fat i madh p\u00ebr Noizyn, i cili ka menduar q\u00eb t\u00eb zhvendoset p\u00ebr ca koh\u00eb atje, ku do t\u00eb realizohen dhe duetet e para m\u00eb k\u00ebng\u00ebtaren.<\/p>\n<p>Perfomancat e para t\u00eb Noizyt me k\u00ebng\u00ebtaren 24- vje\u00e7are do t\u00eb mbahen n\u00eb Detroit dhe Nju Jork.<br \/>\nKristine, me tiparet e biondes, \u00ebsht\u00eb komentuar si pasardh\u00ebsja e Britney Spears ne muzik\u00eb, nd\u00ebrsa rrall\u00eb p\u00ebrmendet origjina prej shqiptareje nga n\u00ebna e saj.<br \/>\n<br \/>\n<!--YouTube Error: bad URL entered--><\/p>\n","protected":false},"excerpt":{"rendered":"<p>Noizy tani n\u00eb sken\u00eb vet\u00ebm me Kristine Elezaj nga Amerika Do t\u00eb jet\u00eb nj\u00eb fillim i ri me fat ky vit sapo ka hyr\u00eb p\u00ebr reperin Noizy. Pas nj\u00eb turi koncertesh p\u00ebr Krishtlindje n\u00eb Shtetet e Bashkuara t\u00eb Amerikes s\u00eb bashku me Gent\u00ebn, Real 1 dhe Dj Blunt, ai ka diskutuar atje p\u00ebr nj\u00eb faz\u00eb [&hellip;]<\/p>\n","protected":false},"author":1,"featured_media":0,"comment_status":"open","ping_status":"closed","sticky":false,"template":"","format":"standard","meta":{"spay_email":"","jetpack_publicize_message":"","jetpack_is_tweetstorm":false,"jetpack_publicize_feature_enabled":true},"categories":[1],"tags":[16636,17191],"jetpack_publicize_connections":[],"yoast_head":"<!-- This site is optimized with the Yoast SEO plugin v19.1 - https:\/\/yoast.com\/wordpress\/plugins\/seo\/ -->\n<title>Kristine Elezaj p\u00ebr her\u00eb t\u00eb par\u00eb k\u00ebndon me Noizyn - Lajme nga Ulqini<\/title>\n<meta name=\"description\" content=\"Noizy tani n\u00eb sken\u00eb vet\u00ebm me Kristine Elezaj nga Amerika Do t\u00eb jet\u00eb nj\u00eb fillim i ri me fat ky vit sapo ka hyr\u00eb p\u00ebr reperin Noizy. Pas nj\u00eb turi koncertesh\" \/>\n<meta name=\"robots\" content=\"index, follow, max-snippet:-1, max-image-preview:large, max-video-preview:-1\" \/>\n<link rel=\"canonical\" href=\"https:\/\/www.visit-ulcinj.com\/blog\/2011\/02\/04\/kristine-elezaj-per-here-te-pare-kendon-me-noizyn\/\" \/>\n<meta property=\"og:locale\" content=\"en_US\" \/>\n<meta property=\"og:type\" content=\"article\" \/>\n<meta property=\"og:title\" content=\"Kristine Elezaj p\u00ebr her\u00eb t\u00eb par\u00eb k\u00ebndon me Noizyn - Lajme nga Ulqini\" \/>\n<meta property=\"og:description\" content=\"Noizy tani n\u00eb sken\u00eb vet\u00ebm me Kristine Elezaj nga Amerika Do t\u00eb jet\u00eb nj\u00eb fillim i ri me fat ky vit sapo ka hyr\u00eb p\u00ebr reperin Noizy. Pas nj\u00eb turi koncertesh\" \/>\n<meta property=\"og:url\" content=\"https:\/\/www.visit-ulcinj.com\/blog\/2011\/02\/04\/kristine-elezaj-per-here-te-pare-kendon-me-noizyn\/\" \/>\n<meta property=\"og:site_name\" content=\"Lajme nga Ulqini\" \/>\n<meta property=\"article:published_time\" content=\"2011-02-04T22:11:26+00:00\" \/>\n<meta property=\"article:modified_time\" content=\"2011-02-04T22:45:13+00:00\" \/>\n<meta property=\"og:image\" content=\"https:\/\/www.visit-ulcinj.com\/blog\/wp-content\/uploads\/2011\/02\/Kristine-Elezaj_Noizy.1-150x150.jpg\" \/>\n<meta name=\"twitter:label1\" content=\"Written by\" \/>\n\t<meta name=\"twitter:data1\" content=\"ulqini\" \/>\n\t<meta name=\"twitter:label2\" content=\"Est. reading time\" \/>\n\t<meta name=\"twitter:data2\" content=\"1 minute\" \/>\n<script type=\"application\/ld+json\" class=\"yoast-schema-graph\">{\"@context\":\"https:\/\/schema.org\",\"@graph\":[{\"@type\":\"WebSite\",\"@id\":\"https:\/\/www.visit-ulcinj.com\/blog\/#website\",\"url\":\"https:\/\/www.visit-ulcinj.com\/blog\/\",\"name\":\"Lajme nga Ulqini\",\"description\":\"Lajme,Vijesti,Ulqini,Ulqin,Crna Gora,Mali i Zi\",\"potentialAction\":[{\"@type\":\"SearchAction\",\"target\":{\"@type\":\"EntryPoint\",\"urlTemplate\":\"https:\/\/www.visit-ulcinj.com\/blog\/?s={search_term_string}\"},\"query-input\":\"required name=search_term_string\"}],\"inLanguage\":\"en-US\"},{\"@type\":\"ImageObject\",\"inLanguage\":\"en-US\",\"@id\":\"https:\/\/www.visit-ulcinj.com\/blog\/2011\/02\/04\/kristine-elezaj-per-here-te-pare-kendon-me-noizyn\/#primaryimage\",\"url\":\"http:\/\/www.visit-ulcinj.com\/blog\/wp-content\/uploads\/2011\/02\/Kristine-Elezaj_Noizy.1.jpg\",\"contentUrl\":\"http:\/\/www.visit-ulcinj.com\/blog\/wp-content\/uploads\/2011\/02\/Kristine-Elezaj_Noizy.1.jpg\"},{\"@type\":\"WebPage\",\"@id\":\"https:\/\/www.visit-ulcinj.com\/blog\/2011\/02\/04\/kristine-elezaj-per-here-te-pare-kendon-me-noizyn\/#webpage\",\"url\":\"https:\/\/www.visit-ulcinj.com\/blog\/2011\/02\/04\/kristine-elezaj-per-here-te-pare-kendon-me-noizyn\/\",\"name\":\"Kristine Elezaj p\u00ebr her\u00eb t\u00eb par\u00eb k\u00ebndon me Noizyn - Lajme nga Ulqini\",\"isPartOf\":{\"@id\":\"https:\/\/www.visit-ulcinj.com\/blog\/#website\"},\"primaryImageOfPage\":{\"@id\":\"https:\/\/www.visit-ulcinj.com\/blog\/2011\/02\/04\/kristine-elezaj-per-here-te-pare-kendon-me-noizyn\/#primaryimage\"},\"datePublished\":\"2011-02-04T22:11:26+00:00\",\"dateModified\":\"2011-02-04T22:45:13+00:00\",\"author\":{\"@id\":\"https:\/\/www.visit-ulcinj.com\/blog\/#\/schema\/person\/dcab619c614d3038751c63bc2aadc06d\"},\"description\":\"Noizy tani n\u00eb sken\u00eb vet\u00ebm me Kristine Elezaj nga Amerika Do t\u00eb jet\u00eb nj\u00eb fillim i ri me fat ky vit sapo ka hyr\u00eb p\u00ebr reperin Noizy. Pas nj\u00eb turi koncertesh\",\"breadcrumb\":{\"@id\":\"https:\/\/www.visit-ulcinj.com\/blog\/2011\/02\/04\/kristine-elezaj-per-here-te-pare-kendon-me-noizyn\/#breadcrumb\"},\"inLanguage\":\"en-US\",\"potentialAction\":[{\"@type\":\"ReadAction\",\"target\":[\"https:\/\/www.visit-ulcinj.com\/blog\/2011\/02\/04\/kristine-elezaj-per-here-te-pare-kendon-me-noizyn\/\"]}]},{\"@type\":\"BreadcrumbList\",\"@id\":\"https:\/\/www.visit-ulcinj.com\/blog\/2011\/02\/04\/kristine-elezaj-per-here-te-pare-kendon-me-noizyn\/#breadcrumb\",\"itemListElement\":[{\"@type\":\"ListItem\",\"position\":1,\"name\":\"Kristine Elezaj p\u00ebr her\u00eb t\u00eb par\u00eb k\u00ebndon me Noizyn\"}]},{\"@type\":\"Person\",\"@id\":\"https:\/\/www.visit-ulcinj.com\/blog\/#\/schema\/person\/dcab619c614d3038751c63bc2aadc06d\",\"name\":\"ulqini\",\"sameAs\":[\"http:\/\/www.visit-ulcinj.com\"],\"url\":\"https:\/\/www.visit-ulcinj.com\/blog\/author\/admin\/\"}]}<\/script>\n<!-- \/ Yoast SEO plugin. -->","yoast_head_json":{"title":"Kristine Elezaj p\u00ebr her\u00eb t\u00eb par\u00eb k\u00ebndon me Noizyn - Lajme nga Ulqini","description":"Noizy tani n\u00eb sken\u00eb vet\u00ebm me Kristine Elezaj nga Amerika Do t\u00eb jet\u00eb nj\u00eb fillim i ri me fat ky vit sapo ka hyr\u00eb p\u00ebr reperin Noizy. Pas nj\u00eb turi koncertesh","robots":{"index":"index","follow":"follow","max-snippet":"max-snippet:-1","max-image-preview":"max-image-preview:large","max-video-preview":"max-video-preview:-1"},"canonical":"https:\/\/www.visit-ulcinj.com\/blog\/2011\/02\/04\/kristine-elezaj-per-here-te-pare-kendon-me-noizyn\/","og_locale":"en_US","og_type":"article","og_title":"Kristine Elezaj p\u00ebr her\u00eb t\u00eb par\u00eb k\u00ebndon me Noizyn - Lajme nga Ulqini","og_description":"Noizy tani n\u00eb sken\u00eb vet\u00ebm me Kristine Elezaj nga Amerika Do t\u00eb jet\u00eb nj\u00eb fillim i ri me fat ky vit sapo ka hyr\u00eb p\u00ebr reperin Noizy. Pas nj\u00eb turi koncertesh","og_url":"https:\/\/www.visit-ulcinj.com\/blog\/2011\/02\/04\/kristine-elezaj-per-here-te-pare-kendon-me-noizyn\/","og_site_name":"Lajme nga Ulqini","article_published_time":"2011-02-04T22:11:26+00:00","article_modified_time":"2011-02-04T22:45:13+00:00","og_image":[{"url":"https:\/\/www.visit-ulcinj.com\/blog\/wp-content\/uploads\/2011\/02\/Kristine-Elezaj_Noizy.1-150x150.jpg"}],"twitter_misc":{"Written by":"ulqini","Est. reading time":"1 minute"},"schema":{"@context":"https:\/\/schema.org","@graph":[{"@type":"WebSite","@id":"https:\/\/www.visit-ulcinj.com\/blog\/#website","url":"https:\/\/www.visit-ulcinj.com\/blog\/","name":"Lajme nga Ulqini","description":"Lajme,Vijesti,Ulqini,Ulqin,Crna Gora,Mali i Zi","potentialAction":[{"@type":"SearchAction","target":{"@type":"EntryPoint","urlTemplate":"https:\/\/www.visit-ulcinj.com\/blog\/?s={search_term_string}"},"query-input":"required name=search_term_string"}],"inLanguage":"en-US"},{"@type":"ImageObject","inLanguage":"en-US","@id":"https:\/\/www.visit-ulcinj.com\/blog\/2011\/02\/04\/kristine-elezaj-per-here-te-pare-kendon-me-noizyn\/#primaryimage","url":"http:\/\/www.visit-ulcinj.com\/blog\/wp-content\/uploads\/2011\/02\/Kristine-Elezaj_Noizy.1.jpg","contentUrl":"http:\/\/www.visit-ulcinj.com\/blog\/wp-content\/uploads\/2011\/02\/Kristine-Elezaj_Noizy.1.jpg"},{"@type":"WebPage","@id":"https:\/\/www.visit-ulcinj.com\/blog\/2011\/02\/04\/kristine-elezaj-per-here-te-pare-kendon-me-noizyn\/#webpage","url":"https:\/\/www.visit-ulcinj.com\/blog\/2011\/02\/04\/kristine-elezaj-per-here-te-pare-kendon-me-noizyn\/","name":"Kristine Elezaj p\u00ebr her\u00eb t\u00eb par\u00eb k\u00ebndon me Noizyn - Lajme nga Ulqini","isPartOf":{"@id":"https:\/\/www.visit-ulcinj.com\/blog\/#website"},"primaryImageOfPage":{"@id":"https:\/\/www.visit-ulcinj.com\/blog\/2011\/02\/04\/kristine-elezaj-per-here-te-pare-kendon-me-noizyn\/#primaryimage"},"datePublished":"2011-02-04T22:11:26+00:00","dateModified":"2011-02-04T22:45:13+00:00","author":{"@id":"https:\/\/www.visit-ulcinj.com\/blog\/#\/schema\/person\/dcab619c614d3038751c63bc2aadc06d"},"description":"Noizy tani n\u00eb sken\u00eb vet\u00ebm me Kristine Elezaj nga Amerika Do t\u00eb jet\u00eb nj\u00eb fillim i ri me fat ky vit sapo ka hyr\u00eb p\u00ebr reperin Noizy. Pas nj\u00eb turi koncertesh","breadcrumb":{"@id":"https:\/\/www.visit-ulcinj.com\/blog\/2011\/02\/04\/kristine-elezaj-per-here-te-pare-kendon-me-noizyn\/#breadcrumb"},"inLanguage":"en-US","potentialAction":[{"@type":"ReadAction","target":["https:\/\/www.visit-ulcinj.com\/blog\/2011\/02\/04\/kristine-elezaj-per-here-te-pare-kendon-me-noizyn\/"]}]},{"@type":"BreadcrumbList","@id":"https:\/\/www.visit-ulcinj.com\/blog\/2011\/02\/04\/kristine-elezaj-per-here-te-pare-kendon-me-noizyn\/#breadcrumb","itemListElement":[{"@type":"ListItem","position":1,"name":"Kristine Elezaj p\u00ebr her\u00eb t\u00eb par\u00eb k\u00ebndon me Noizyn"}]},{"@type":"Person","@id":"https:\/\/www.visit-ulcinj.com\/blog\/#\/schema\/person\/dcab619c614d3038751c63bc2aadc06d","name":"ulqini","sameAs":["http:\/\/www.visit-ulcinj.com"],"url":"https:\/\/www.visit-ulcinj.com\/blog\/author\/admin\/"}]}},"jetpack_featured_media_url":"","jetpack_sharing_enabled":true,"jetpack_shortlink":"https:\/\/wp.me\/pe6lTn-bbY","_links":{"self":[{"href":"https:\/\/www.visit-ulcinj.com\/blog\/wp-json\/wp\/v2\/posts\/43026"}],"collection":[{"href":"https:\/\/www.visit-ulcinj.com\/blog\/wp-json\/wp\/v2\/posts"}],"about":[{"href":"https:\/\/www.visit-ulcinj.com\/blog\/wp-json\/wp\/v2\/types\/post"}],"author":[{"embeddable":true,"href":"https:\/\/www.visit-ulcinj.com\/blog\/wp-json\/wp\/v2\/users\/1"}],"replies":[{"embeddable":true,"href":"https:\/\/www.visit-ulcinj.com\/blog\/wp-json\/wp\/v2\/comments?post=43026"}],"version-history":[{"count":0,"href":"https:\/\/www.visit-ulcinj.com\/blog\/wp-json\/wp\/v2\/posts\/43026\/revisions"}],"wp:attachment":[{"href":"https:\/\/www.visit-ulcinj.com\/blog\/wp-json\/wp\/v2\/media?parent=43026"}],"wp:term":[{"taxonomy":"category","embeddable":true,"href":"https:\/\/www.visit-ulcinj.com\/blog\/wp-json\/wp\/v2\/categories?post=43026"},{"taxonomy":"post_tag","embeddable":true,"href":"https:\/\/www.visit-ulcinj.com\/blog\/wp-json\/wp\/v2\/tags?post=43026"}],"curies":[{"name":"wp","href":"https:\/\/api.w.org\/{rel}","templated":true}]}}