{"id":43052,"date":"2011-02-05T06:08:22","date_gmt":"2011-02-05T05:08:22","guid":{"rendered":"http:\/\/www.visit-ulcinj.com\/blog\/?p=43052"},"modified":"2011-02-05T06:24:55","modified_gmt":"2011-02-05T05:24:55","slug":"pirro-cako-redon-makashi-cmendin-publikun-femeror","status":"publish","type":"post","link":"https:\/\/www.visit-ulcinj.com\/blog\/2011\/02\/05\/pirro-cako-redon-makashi-cmendin-publikun-femeror\/","title":{"rendered":"Pirro \u00c7ako &#038; Redon Makashi \u00e7mendin publikun femeror"},"content":{"rendered":"<p><a href=\"http:\/\/www.visit-ulcinj.com\/blog\/wp-content\/uploads\/2011\/02\/PirroCako-RedonMakashi.jpg\"><img loading=\"lazy\" class=\"alignleft size-full wp-image-43053\" title=\"PirroCako &amp; RedonMakashi\" src=\"http:\/\/www.visit-ulcinj.com\/blog\/wp-content\/uploads\/2011\/02\/PirroCako-RedonMakashi.jpg\" alt=\"\" width=\"490\" height=\"380\" \/><\/a>T\u00eb dy i k\u00ebndojn\u00eb m\u00eb s\u00eb shumti ndjenj\u00ebs e dashuris\u00eb dhe ndoshta kjo \u00ebsht\u00eb arsyeja q\u00eb kantautor\u00ebt Pirro \u00c7ako dhe Redon Makashi, t\u00eb ken\u00eb shum\u00eb fansa femra. Shum\u00eb prej tyre pas koncerteve q\u00eb dy k\u00ebng\u00ebtar\u00ebt kan\u00eb dh\u00ebn\u00eb n\u00eb Tiran\u00eb dhe disa qytete t\u00eb Shqip\u00ebris\u00eb, i presin ata p\u00ebr t\u00eb realizuar foto n\u00eb backstage. Dy artist\u00ebt, t\u00eb dy me statusin e beqarit, duket se jan\u00eb n\u00eb nj\u00eb moment t\u00eb mir\u00eb p\u00ebr t\u2019iu p\u00ebrkushtuar karrier\u00ebs s\u00eb tyre n\u00eb muzik\u00eb. Pas divorcit, viti 2010 do t\u00eb mund t\u00eb quhej viti i Pirros, pasi arriti t\u00eb fitoj\u00eb disa \u00e7mime, si kupa e festivalit \u201cK\u00ebnga magjike\u201d me k\u00ebng\u00ebn \u201cSa e shite zemr\u00ebn\u201d, frym\u00ebzuar nga jeta e tij private. Nd\u00ebrsa Redoni, i cili n\u00eb dhjetor 2010 festoi 40 vjetorin e lindjes, i \u00ebsht\u00eb p\u00ebrkushtuar t\u00eb k\u00ebnduarit \u201clive\u201d n\u00eb lokalet e nat\u00ebs n\u00eb Tiran\u00eb. Duket se Redon Makashi ndihet m\u00eb mir\u00eb me koncerte, nd\u00ebrsa \u00ebsht\u00eb shk\u00ebputur nga pjes\u00ebmarrja n\u00eb festivale prej vitesh. Nga ana tjet\u00ebr, Pirro, me kthimin e tij nga Parisi, p\u00ebrve\u00e7 publikimit t\u00eb albumeve ka marr\u00eb pjes\u00eb pothuaj n\u00eb \u00e7do festival komb\u00ebtar.<\/p>\n<p><strong>Panorama Plus<br \/>\n<\/strong><!--YouTube Error: bad URL entered--><\/p>\n","protected":false},"excerpt":{"rendered":"<p>T\u00eb dy i k\u00ebndojn\u00eb m\u00eb s\u00eb shumti ndjenj\u00ebs e dashuris\u00eb dhe ndoshta kjo \u00ebsht\u00eb arsyeja q\u00eb kantautor\u00ebt Pirro \u00c7ako dhe Redon Makashi, t\u00eb ken\u00eb shum\u00eb fansa femra. Shum\u00eb prej tyre pas koncerteve q\u00eb dy k\u00ebng\u00ebtar\u00ebt kan\u00eb dh\u00ebn\u00eb n\u00eb Tiran\u00eb dhe disa qytete t\u00eb Shqip\u00ebris\u00eb, i presin ata p\u00ebr t\u00eb realizuar foto n\u00eb backstage. Dy artist\u00ebt, [&hellip;]<\/p>\n","protected":false},"author":1,"featured_media":0,"comment_status":"open","ping_status":"closed","sticky":false,"template":"","format":"standard","meta":{"spay_email":"","jetpack_publicize_message":"","jetpack_is_tweetstorm":false,"jetpack_publicize_feature_enabled":true},"categories":[1],"tags":[7419,17193,17194,3583],"jetpack_publicize_connections":[],"yoast_head":"<!-- This site is optimized with the Yoast SEO plugin v19.1 - https:\/\/yoast.com\/wordpress\/plugins\/seo\/ -->\n<title>Pirro \u00c7ako &amp; Redon Makashi \u00e7mendin publikun femeror - Lajme nga Ulqini<\/title>\n<meta name=\"description\" content=\"T\u00eb dy i k\u00ebndojn\u00eb m\u00eb s\u00eb shumti ndjenj\u00ebs e dashuris\u00eb dhe ndoshta kjo \u00ebsht\u00eb arsyeja q\u00eb kantautor\u00ebt Pirro \u00c7ako dhe Redon Makashi, t\u00eb ken\u00eb shum\u00eb fansa femra.\" \/>\n<meta name=\"robots\" content=\"index, follow, max-snippet:-1, max-image-preview:large, max-video-preview:-1\" \/>\n<link rel=\"canonical\" href=\"https:\/\/www.visit-ulcinj.com\/blog\/2011\/02\/05\/pirro-cako-redon-makashi-cmendin-publikun-femeror\/\" \/>\n<meta property=\"og:locale\" content=\"en_US\" \/>\n<meta property=\"og:type\" content=\"article\" \/>\n<meta property=\"og:title\" content=\"Pirro \u00c7ako &amp; Redon Makashi \u00e7mendin publikun femeror - Lajme nga Ulqini\" \/>\n<meta property=\"og:description\" content=\"T\u00eb dy i k\u00ebndojn\u00eb m\u00eb s\u00eb shumti ndjenj\u00ebs e dashuris\u00eb dhe ndoshta kjo \u00ebsht\u00eb arsyeja q\u00eb kantautor\u00ebt Pirro \u00c7ako dhe Redon Makashi, t\u00eb ken\u00eb shum\u00eb fansa femra.\" \/>\n<meta property=\"og:url\" content=\"https:\/\/www.visit-ulcinj.com\/blog\/2011\/02\/05\/pirro-cako-redon-makashi-cmendin-publikun-femeror\/\" \/>\n<meta property=\"og:site_name\" content=\"Lajme nga Ulqini\" \/>\n<meta property=\"article:published_time\" content=\"2011-02-05T05:08:22+00:00\" \/>\n<meta property=\"article:modified_time\" content=\"2011-02-05T05:24:55+00:00\" \/>\n<meta property=\"og:image\" content=\"http:\/\/www.visit-ulcinj.com\/blog\/wp-content\/uploads\/2011\/02\/PirroCako-RedonMakashi.jpg\" \/>\n<meta name=\"twitter:label1\" content=\"Written by\" \/>\n\t<meta name=\"twitter:data1\" content=\"ulqini\" \/>\n\t<meta name=\"twitter:label2\" content=\"Est. reading time\" \/>\n\t<meta name=\"twitter:data2\" content=\"1 minute\" \/>\n<script type=\"application\/ld+json\" class=\"yoast-schema-graph\">{\"@context\":\"https:\/\/schema.org\",\"@graph\":[{\"@type\":\"WebSite\",\"@id\":\"https:\/\/www.visit-ulcinj.com\/blog\/#website\",\"url\":\"https:\/\/www.visit-ulcinj.com\/blog\/\",\"name\":\"Lajme nga Ulqini\",\"description\":\"Lajme,Vijesti,Ulqini,Ulqin,Crna Gora,Mali i Zi\",\"potentialAction\":[{\"@type\":\"SearchAction\",\"target\":{\"@type\":\"EntryPoint\",\"urlTemplate\":\"https:\/\/www.visit-ulcinj.com\/blog\/?s={search_term_string}\"},\"query-input\":\"required name=search_term_string\"}],\"inLanguage\":\"en-US\"},{\"@type\":\"ImageObject\",\"inLanguage\":\"en-US\",\"@id\":\"https:\/\/www.visit-ulcinj.com\/blog\/2011\/02\/05\/pirro-cako-redon-makashi-cmendin-publikun-femeror\/#primaryimage\",\"url\":\"http:\/\/www.visit-ulcinj.com\/blog\/wp-content\/uploads\/2011\/02\/PirroCako-RedonMakashi.jpg\",\"contentUrl\":\"http:\/\/www.visit-ulcinj.com\/blog\/wp-content\/uploads\/2011\/02\/PirroCako-RedonMakashi.jpg\"},{\"@type\":\"WebPage\",\"@id\":\"https:\/\/www.visit-ulcinj.com\/blog\/2011\/02\/05\/pirro-cako-redon-makashi-cmendin-publikun-femeror\/#webpage\",\"url\":\"https:\/\/www.visit-ulcinj.com\/blog\/2011\/02\/05\/pirro-cako-redon-makashi-cmendin-publikun-femeror\/\",\"name\":\"Pirro \u00c7ako & Redon Makashi \u00e7mendin publikun femeror - Lajme nga Ulqini\",\"isPartOf\":{\"@id\":\"https:\/\/www.visit-ulcinj.com\/blog\/#website\"},\"primaryImageOfPage\":{\"@id\":\"https:\/\/www.visit-ulcinj.com\/blog\/2011\/02\/05\/pirro-cako-redon-makashi-cmendin-publikun-femeror\/#primaryimage\"},\"datePublished\":\"2011-02-05T05:08:22+00:00\",\"dateModified\":\"2011-02-05T05:24:55+00:00\",\"author\":{\"@id\":\"https:\/\/www.visit-ulcinj.com\/blog\/#\/schema\/person\/dcab619c614d3038751c63bc2aadc06d\"},\"description\":\"T\u00eb dy i k\u00ebndojn\u00eb m\u00eb s\u00eb shumti ndjenj\u00ebs e dashuris\u00eb dhe ndoshta kjo \u00ebsht\u00eb arsyeja q\u00eb kantautor\u00ebt Pirro \u00c7ako dhe Redon Makashi, t\u00eb ken\u00eb shum\u00eb fansa femra.\",\"breadcrumb\":{\"@id\":\"https:\/\/www.visit-ulcinj.com\/blog\/2011\/02\/05\/pirro-cako-redon-makashi-cmendin-publikun-femeror\/#breadcrumb\"},\"inLanguage\":\"en-US\",\"potentialAction\":[{\"@type\":\"ReadAction\",\"target\":[\"https:\/\/www.visit-ulcinj.com\/blog\/2011\/02\/05\/pirro-cako-redon-makashi-cmendin-publikun-femeror\/\"]}]},{\"@type\":\"BreadcrumbList\",\"@id\":\"https:\/\/www.visit-ulcinj.com\/blog\/2011\/02\/05\/pirro-cako-redon-makashi-cmendin-publikun-femeror\/#breadcrumb\",\"itemListElement\":[{\"@type\":\"ListItem\",\"position\":1,\"name\":\"Pirro \u00c7ako &#038; Redon Makashi \u00e7mendin publikun femeror\"}]},{\"@type\":\"Person\",\"@id\":\"https:\/\/www.visit-ulcinj.com\/blog\/#\/schema\/person\/dcab619c614d3038751c63bc2aadc06d\",\"name\":\"ulqini\",\"sameAs\":[\"http:\/\/www.visit-ulcinj.com\"],\"url\":\"https:\/\/www.visit-ulcinj.com\/blog\/author\/admin\/\"}]}<\/script>\n<!-- \/ Yoast SEO plugin. -->","yoast_head_json":{"title":"Pirro \u00c7ako & Redon Makashi \u00e7mendin publikun femeror - Lajme nga Ulqini","description":"T\u00eb dy i k\u00ebndojn\u00eb m\u00eb s\u00eb shumti ndjenj\u00ebs e dashuris\u00eb dhe ndoshta kjo \u00ebsht\u00eb arsyeja q\u00eb kantautor\u00ebt Pirro \u00c7ako dhe Redon Makashi, t\u00eb ken\u00eb shum\u00eb fansa femra.","robots":{"index":"index","follow":"follow","max-snippet":"max-snippet:-1","max-image-preview":"max-image-preview:large","max-video-preview":"max-video-preview:-1"},"canonical":"https:\/\/www.visit-ulcinj.com\/blog\/2011\/02\/05\/pirro-cako-redon-makashi-cmendin-publikun-femeror\/","og_locale":"en_US","og_type":"article","og_title":"Pirro \u00c7ako & Redon Makashi \u00e7mendin publikun femeror - Lajme nga Ulqini","og_description":"T\u00eb dy i k\u00ebndojn\u00eb m\u00eb s\u00eb shumti ndjenj\u00ebs e dashuris\u00eb dhe ndoshta kjo \u00ebsht\u00eb arsyeja q\u00eb kantautor\u00ebt Pirro \u00c7ako dhe Redon Makashi, t\u00eb ken\u00eb shum\u00eb fansa femra.","og_url":"https:\/\/www.visit-ulcinj.com\/blog\/2011\/02\/05\/pirro-cako-redon-makashi-cmendin-publikun-femeror\/","og_site_name":"Lajme nga Ulqini","article_published_time":"2011-02-05T05:08:22+00:00","article_modified_time":"2011-02-05T05:24:55+00:00","og_image":[{"url":"http:\/\/www.visit-ulcinj.com\/blog\/wp-content\/uploads\/2011\/02\/PirroCako-RedonMakashi.jpg"}],"twitter_misc":{"Written by":"ulqini","Est. reading time":"1 minute"},"schema":{"@context":"https:\/\/schema.org","@graph":[{"@type":"WebSite","@id":"https:\/\/www.visit-ulcinj.com\/blog\/#website","url":"https:\/\/www.visit-ulcinj.com\/blog\/","name":"Lajme nga Ulqini","description":"Lajme,Vijesti,Ulqini,Ulqin,Crna Gora,Mali i Zi","potentialAction":[{"@type":"SearchAction","target":{"@type":"EntryPoint","urlTemplate":"https:\/\/www.visit-ulcinj.com\/blog\/?s={search_term_string}"},"query-input":"required name=search_term_string"}],"inLanguage":"en-US"},{"@type":"ImageObject","inLanguage":"en-US","@id":"https:\/\/www.visit-ulcinj.com\/blog\/2011\/02\/05\/pirro-cako-redon-makashi-cmendin-publikun-femeror\/#primaryimage","url":"http:\/\/www.visit-ulcinj.com\/blog\/wp-content\/uploads\/2011\/02\/PirroCako-RedonMakashi.jpg","contentUrl":"http:\/\/www.visit-ulcinj.com\/blog\/wp-content\/uploads\/2011\/02\/PirroCako-RedonMakashi.jpg"},{"@type":"WebPage","@id":"https:\/\/www.visit-ulcinj.com\/blog\/2011\/02\/05\/pirro-cako-redon-makashi-cmendin-publikun-femeror\/#webpage","url":"https:\/\/www.visit-ulcinj.com\/blog\/2011\/02\/05\/pirro-cako-redon-makashi-cmendin-publikun-femeror\/","name":"Pirro \u00c7ako & Redon Makashi \u00e7mendin publikun femeror - Lajme nga Ulqini","isPartOf":{"@id":"https:\/\/www.visit-ulcinj.com\/blog\/#website"},"primaryImageOfPage":{"@id":"https:\/\/www.visit-ulcinj.com\/blog\/2011\/02\/05\/pirro-cako-redon-makashi-cmendin-publikun-femeror\/#primaryimage"},"datePublished":"2011-02-05T05:08:22+00:00","dateModified":"2011-02-05T05:24:55+00:00","author":{"@id":"https:\/\/www.visit-ulcinj.com\/blog\/#\/schema\/person\/dcab619c614d3038751c63bc2aadc06d"},"description":"T\u00eb dy i k\u00ebndojn\u00eb m\u00eb s\u00eb shumti ndjenj\u00ebs e dashuris\u00eb dhe ndoshta kjo \u00ebsht\u00eb arsyeja q\u00eb kantautor\u00ebt Pirro \u00c7ako dhe Redon Makashi, t\u00eb ken\u00eb shum\u00eb fansa femra.","breadcrumb":{"@id":"https:\/\/www.visit-ulcinj.com\/blog\/2011\/02\/05\/pirro-cako-redon-makashi-cmendin-publikun-femeror\/#breadcrumb"},"inLanguage":"en-US","potentialAction":[{"@type":"ReadAction","target":["https:\/\/www.visit-ulcinj.com\/blog\/2011\/02\/05\/pirro-cako-redon-makashi-cmendin-publikun-femeror\/"]}]},{"@type":"BreadcrumbList","@id":"https:\/\/www.visit-ulcinj.com\/blog\/2011\/02\/05\/pirro-cako-redon-makashi-cmendin-publikun-femeror\/#breadcrumb","itemListElement":[{"@type":"ListItem","position":1,"name":"Pirro \u00c7ako &#038; Redon Makashi \u00e7mendin publikun femeror"}]},{"@type":"Person","@id":"https:\/\/www.visit-ulcinj.com\/blog\/#\/schema\/person\/dcab619c614d3038751c63bc2aadc06d","name":"ulqini","sameAs":["http:\/\/www.visit-ulcinj.com"],"url":"https:\/\/www.visit-ulcinj.com\/blog\/author\/admin\/"}]}},"jetpack_featured_media_url":"","jetpack_sharing_enabled":true,"jetpack_shortlink":"https:\/\/wp.me\/pe6lTn-bco","_links":{"self":[{"href":"https:\/\/www.visit-ulcinj.com\/blog\/wp-json\/wp\/v2\/posts\/43052"}],"collection":[{"href":"https:\/\/www.visit-ulcinj.com\/blog\/wp-json\/wp\/v2\/posts"}],"about":[{"href":"https:\/\/www.visit-ulcinj.com\/blog\/wp-json\/wp\/v2\/types\/post"}],"author":[{"embeddable":true,"href":"https:\/\/www.visit-ulcinj.com\/blog\/wp-json\/wp\/v2\/users\/1"}],"replies":[{"embeddable":true,"href":"https:\/\/www.visit-ulcinj.com\/blog\/wp-json\/wp\/v2\/comments?post=43052"}],"version-history":[{"count":0,"href":"https:\/\/www.visit-ulcinj.com\/blog\/wp-json\/wp\/v2\/posts\/43052\/revisions"}],"wp:attachment":[{"href":"https:\/\/www.visit-ulcinj.com\/blog\/wp-json\/wp\/v2\/media?parent=43052"}],"wp:term":[{"taxonomy":"category","embeddable":true,"href":"https:\/\/www.visit-ulcinj.com\/blog\/wp-json\/wp\/v2\/categories?post=43052"},{"taxonomy":"post_tag","embeddable":true,"href":"https:\/\/www.visit-ulcinj.com\/blog\/wp-json\/wp\/v2\/tags?post=43052"}],"curies":[{"name":"wp","href":"https:\/\/api.w.org\/{rel}","templated":true}]}}