{"id":43101,"date":"2011-02-07T17:37:46","date_gmt":"2011-02-07T16:37:46","guid":{"rendered":"http:\/\/www.visit-ulcinj.com\/blog\/?p=43101"},"modified":"2011-02-10T14:37:52","modified_gmt":"2011-02-10T13:37:52","slug":"luigj-shkrela-pushteti-i-ri-deri-ne-fillim-te-marsit","status":"publish","type":"post","link":"https:\/\/www.visit-ulcinj.com\/blog\/2011\/02\/07\/luigj-shkrela-pushteti-i-ri-deri-ne-fillim-te-marsit\/","title":{"rendered":"Luigj Shkrela: Pushteti i ri deri n\u00eb fillim t\u00eb marsit"},"content":{"rendered":"<p><strong><a href=\"http:\/\/www.visit-ulcinj.com\/blog\/wp-content\/uploads\/2011\/02\/Kryetari-i-Kuvendit-t\u00eb-Komun\u00ebs-s\u00eb-Ulqinit-Luigj-Shkrela.jpg\"><img loading=\"lazy\" class=\"alignleft size-full wp-image-43102\" title=\"Kryetari i Kuvendit t\u00eb Komun\u00ebs s\u00eb Ulqinit, Luigj Shkrela\" src=\"http:\/\/www.visit-ulcinj.com\/blog\/wp-content\/uploads\/2011\/02\/Kryetari-i-Kuvendit-t\u00eb-Komun\u00ebs-s\u00eb-Ulqinit-Luigj-Shkrela.jpg\" alt=\"\" width=\"334\" height=\"399\" \/><\/a>Kryetari i Kuvendit t\u00eb Komun\u00ebs s\u00eb Ulqinit, Luigj Shkrela, pret zbatimin e shpejt\u00eb t\u00eb Marr\u00ebveshjes s\u00eb koalicionit n\u00eb komun\u00ebn e Ulqinit<\/strong><br \/>\nUlqin &#8211; Kryetari i Kuvendit t\u00eb Komun\u00ebs s\u00eb\u00a0Ulqinit, Luigj Shkrela, pret q\u00eb marr\u00ebveshja\u00a0e Koalicionit nd\u00ebrmjet PDS-s\u00eb, UDSH-s\u00eb\u00a0dhe PPD-s\u00eb p\u00ebr ushtrimin e pushtetit n\u00eb\u00a0komun\u00ebn e Ulqinit t\u00eb zbatohet n\u00eb m\u00ebnyr\u00eb\u00a0t\u00eb plot\u00eb deri n\u00eb mbarim t\u00eb k\u00ebtij muaji apo\u00a0fillim t\u00eb muajit t\u00eb ardhsh\u00ebm.\u00a0\u201cDeri n\u00eb mbarim t\u00eb muajit shkurt, eventualisht\u00a0fillim t\u00eb marsit, \u00ebsht\u00eb koha kur marr\u00ebveshja\u00a0sa i p\u00ebrket PDS-s\u00eb do t\u00eb zbatohet\u00a0me kapacitet t\u00eb plot\u00eb\u201d, thot\u00eb ai.\u00a0Shkrela i cili \u00ebsht\u00eb nj\u00ebkoh\u00ebsisht edhe kryetar\u00a0i K\u00ebshillit Komunal t\u00eb PDS-s\u00eb n\u00eb Ulqin\u00a0dhe deputet i k\u00ebsaj partie nuk e quan zvarritje\u00a0mosrealizimin e deritash\u00ebm t\u00eb marr\u00ebveshjes\u00a0s\u00eb Koalicionit.\u00a0\u201cPosti i kryetarit t\u00eb Kuvendit i cili ka qen\u00eb\u00a0moll\u00eb sherri q\u00eb t\u00eb mos kemi pushtet lokal\u00a0n\u00eb kapacitet t\u00eb plot\u00eb, por zgjedhje t\u00eb\u00a0p\u00ebrs\u00ebritura, \u00ebsht\u00eb realizuar dhe funksionin\u00a0n\u00eb kapacitet t\u00eb plot\u00eb sipas marr\u00ebveshjes\u201d,\u00a0thot\u00eb ai.<br \/>\nSipas tij, postet e tjera p\u00ebrfshir\u00eb sekretariatet\u00a0funksionojn\u00eb me kapacitet dhe mandat\u00a0t\u00eb plot\u00eb megjith\u00ebse me marr\u00ebveshjen\u00a0politike mandati i tyre mund t\u00eb shkurtohet,\u00a0gj\u00eb q\u00eb sipas tij edhe do t\u00eb b\u00ebhet.\u00a0Me marr\u00ebveshjen e koalicionit nd\u00ebrmjet\u00a0PDS-s\u00eb, UDSH-s\u00eb dhe PPD-s\u00eb parashikohet\u00a0q\u00eb PDS-ja p\u00ebrve\u00e7 tre sekretariateve\u00a0q\u00eb i ka drejtuar n\u00eb mandatin e kaluar, n\u00eb\u00a0mandatin e ri do t\u00eb drejtoj\u00eb edhe Sekretariatin\u00a0p\u00ebr Buxhet dhe Financa. N\u00eb opinion\u00a0deri tani jan\u00eb p\u00ebrfolur shum\u00eb emra t\u00eb cil\u00ebt\u00a0mund t\u00eb vijn\u00eb n\u00eb krye t\u00eb k\u00ebtij sekretariati.\u00a0Por Shkrela nuk zbulon emrin e kandidatit\u00a0nga radh\u00ebt e k\u00ebsaj partie q\u00eb do t\u00eb drejtoj\u00eb\u00a0k\u00ebt\u00eb sekretariat.\u00a0\u201cKandidat\u00ebt ekzistojn\u00eb. Zgjedhja \u00ebsht\u00eb\u00a0\u00e7\u00ebshtje e organeve t\u00eb partis\u00eb. \u00cbsht\u00eb\u00a0\u00e7\u00ebshtje e koh\u00ebs dhe e momentit dhe e\u00a0disa veprimeve t\u00eb nevojshme q\u00eb duhet t\u2019i\u00a0kryej\u00eb sekretari aktual, dhe pas procedurave\u00a0t\u00eb nevojshme t\u00eb parashikuara me ligj,\u00a0nuk ka asnj\u00eb arsye q\u00eb at\u00eb dikaster ta marr\u00eb\u00a0PDS sipas marr\u00ebveshjes.\u201d, thot\u00eb ai.\u00a0Dit\u00ebve t\u00eb fundit Komuna e Ulqinit ka qen\u00eb n\u00eb qend\u00ebr t\u00eb v\u00ebmendjes s\u00eb shtypit p\u00ebr\u00a0shkak t\u00eb kontrollit t\u00eb inspektor\u00ebve t\u00eb krimit\u00a0ekonomik.\u00a0Shkrela thot\u00eb se inspektimi n\u00eb fjal\u00eb nuk do\u00a0t\u00eb ket\u00eb kurrfar\u00eb pasoje p\u00ebr zbatimin e marr\u00ebveshjes\u00a0s\u00eb koalicionit.<\/p>\n<p><strong>i.k.<br \/>\nKoha Javore<\/strong><\/p>\n","protected":false},"excerpt":{"rendered":"<p>Kryetari i Kuvendit t\u00eb Komun\u00ebs s\u00eb Ulqinit, Luigj Shkrela, pret zbatimin e shpejt\u00eb t\u00eb Marr\u00ebveshjes s\u00eb koalicionit n\u00eb komun\u00ebn e Ulqinit Ulqin &#8211; Kryetari i Kuvendit t\u00eb Komun\u00ebs s\u00eb\u00a0Ulqinit, Luigj Shkrela, pret q\u00eb marr\u00ebveshja\u00a0e Koalicionit nd\u00ebrmjet PDS-s\u00eb, UDSH-s\u00eb\u00a0dhe PPD-s\u00eb p\u00ebr ushtrimin e pushtetit n\u00eb\u00a0komun\u00ebn e Ulqinit t\u00eb zbatohet n\u00eb m\u00ebnyr\u00eb\u00a0t\u00eb plot\u00eb deri n\u00eb mbarim t\u00eb [&hellip;]<\/p>\n","protected":false},"author":1,"featured_media":0,"comment_status":"open","ping_status":"closed","sticky":false,"template":"","format":"standard","meta":{"spay_email":"","jetpack_publicize_message":"","jetpack_is_tweetstorm":false,"jetpack_publicize_feature_enabled":true},"categories":[6],"tags":[16886,13573,200,18],"jetpack_publicize_connections":[],"yoast_head":"<!-- This site is optimized with the Yoast SEO plugin v19.1 - https:\/\/yoast.com\/wordpress\/plugins\/seo\/ -->\n<title>Luigj Shkrela: Pushteti i ri deri n\u00eb fillim t\u00eb marsit - Lajme nga Ulqini<\/title>\n<meta name=\"description\" content=\"Kryetari i Kuvendit t\u00eb Komun\u00ebs s\u00eb Ulqinit, Luigj Shkrela, pret zbatimin e shpejt\u00eb t\u00eb Marr\u00ebveshjes s\u00eb koalicionit n\u00eb komun\u00ebn e Ulqinit Ulqin - Kryetari i\" \/>\n<meta name=\"robots\" content=\"index, follow, max-snippet:-1, max-image-preview:large, max-video-preview:-1\" \/>\n<link rel=\"canonical\" href=\"https:\/\/www.visit-ulcinj.com\/blog\/2011\/02\/07\/luigj-shkrela-pushteti-i-ri-deri-ne-fillim-te-marsit\/\" \/>\n<meta property=\"og:locale\" content=\"en_US\" \/>\n<meta property=\"og:type\" content=\"article\" \/>\n<meta property=\"og:title\" content=\"Luigj Shkrela: Pushteti i ri deri n\u00eb fillim t\u00eb marsit - Lajme nga Ulqini\" \/>\n<meta property=\"og:description\" content=\"Kryetari i Kuvendit t\u00eb Komun\u00ebs s\u00eb Ulqinit, Luigj Shkrela, pret zbatimin e shpejt\u00eb t\u00eb Marr\u00ebveshjes s\u00eb koalicionit n\u00eb komun\u00ebn e Ulqinit Ulqin - Kryetari i\" \/>\n<meta property=\"og:url\" content=\"https:\/\/www.visit-ulcinj.com\/blog\/2011\/02\/07\/luigj-shkrela-pushteti-i-ri-deri-ne-fillim-te-marsit\/\" \/>\n<meta property=\"og:site_name\" content=\"Lajme nga Ulqini\" \/>\n<meta property=\"article:published_time\" content=\"2011-02-07T16:37:46+00:00\" \/>\n<meta property=\"article:modified_time\" content=\"2011-02-10T13:37:52+00:00\" \/>\n<meta name=\"twitter:label1\" content=\"Written by\" \/>\n\t<meta name=\"twitter:data1\" content=\"ulqini\" \/>\n\t<meta name=\"twitter:label2\" content=\"Est. reading time\" \/>\n\t<meta name=\"twitter:data2\" content=\"2 minutes\" \/>\n<script type=\"application\/ld+json\" class=\"yoast-schema-graph\">{\"@context\":\"https:\/\/schema.org\",\"@graph\":[{\"@type\":\"WebSite\",\"@id\":\"https:\/\/www.visit-ulcinj.com\/blog\/#website\",\"url\":\"https:\/\/www.visit-ulcinj.com\/blog\/\",\"name\":\"Lajme nga Ulqini\",\"description\":\"Lajme,Vijesti,Ulqini,Ulqin,Crna Gora,Mali i Zi\",\"potentialAction\":[{\"@type\":\"SearchAction\",\"target\":{\"@type\":\"EntryPoint\",\"urlTemplate\":\"https:\/\/www.visit-ulcinj.com\/blog\/?s={search_term_string}\"},\"query-input\":\"required name=search_term_string\"}],\"inLanguage\":\"en-US\"},{\"@type\":\"WebPage\",\"@id\":\"https:\/\/www.visit-ulcinj.com\/blog\/2011\/02\/07\/luigj-shkrela-pushteti-i-ri-deri-ne-fillim-te-marsit\/#webpage\",\"url\":\"https:\/\/www.visit-ulcinj.com\/blog\/2011\/02\/07\/luigj-shkrela-pushteti-i-ri-deri-ne-fillim-te-marsit\/\",\"name\":\"Luigj Shkrela: Pushteti i ri deri n\u00eb fillim t\u00eb marsit - Lajme nga Ulqini\",\"isPartOf\":{\"@id\":\"https:\/\/www.visit-ulcinj.com\/blog\/#website\"},\"datePublished\":\"2011-02-07T16:37:46+00:00\",\"dateModified\":\"2011-02-10T13:37:52+00:00\",\"author\":{\"@id\":\"https:\/\/www.visit-ulcinj.com\/blog\/#\/schema\/person\/dcab619c614d3038751c63bc2aadc06d\"},\"description\":\"Kryetari i Kuvendit t\u00eb Komun\u00ebs s\u00eb Ulqinit, Luigj Shkrela, pret zbatimin e shpejt\u00eb t\u00eb Marr\u00ebveshjes s\u00eb koalicionit n\u00eb komun\u00ebn e Ulqinit Ulqin - Kryetari i\",\"breadcrumb\":{\"@id\":\"https:\/\/www.visit-ulcinj.com\/blog\/2011\/02\/07\/luigj-shkrela-pushteti-i-ri-deri-ne-fillim-te-marsit\/#breadcrumb\"},\"inLanguage\":\"en-US\",\"potentialAction\":[{\"@type\":\"ReadAction\",\"target\":[\"https:\/\/www.visit-ulcinj.com\/blog\/2011\/02\/07\/luigj-shkrela-pushteti-i-ri-deri-ne-fillim-te-marsit\/\"]}]},{\"@type\":\"BreadcrumbList\",\"@id\":\"https:\/\/www.visit-ulcinj.com\/blog\/2011\/02\/07\/luigj-shkrela-pushteti-i-ri-deri-ne-fillim-te-marsit\/#breadcrumb\",\"itemListElement\":[{\"@type\":\"ListItem\",\"position\":1,\"name\":\"Luigj Shkrela: Pushteti i ri deri n\u00eb fillim t\u00eb marsit\"}]},{\"@type\":\"Person\",\"@id\":\"https:\/\/www.visit-ulcinj.com\/blog\/#\/schema\/person\/dcab619c614d3038751c63bc2aadc06d\",\"name\":\"ulqini\",\"sameAs\":[\"http:\/\/www.visit-ulcinj.com\"],\"url\":\"https:\/\/www.visit-ulcinj.com\/blog\/author\/admin\/\"}]}<\/script>\n<!-- \/ Yoast SEO plugin. -->","yoast_head_json":{"title":"Luigj Shkrela: Pushteti i ri deri n\u00eb fillim t\u00eb marsit - Lajme nga Ulqini","description":"Kryetari i Kuvendit t\u00eb Komun\u00ebs s\u00eb Ulqinit, Luigj Shkrela, pret zbatimin e shpejt\u00eb t\u00eb Marr\u00ebveshjes s\u00eb koalicionit n\u00eb komun\u00ebn e Ulqinit Ulqin - Kryetari i","robots":{"index":"index","follow":"follow","max-snippet":"max-snippet:-1","max-image-preview":"max-image-preview:large","max-video-preview":"max-video-preview:-1"},"canonical":"https:\/\/www.visit-ulcinj.com\/blog\/2011\/02\/07\/luigj-shkrela-pushteti-i-ri-deri-ne-fillim-te-marsit\/","og_locale":"en_US","og_type":"article","og_title":"Luigj Shkrela: Pushteti i ri deri n\u00eb fillim t\u00eb marsit - Lajme nga Ulqini","og_description":"Kryetari i Kuvendit t\u00eb Komun\u00ebs s\u00eb Ulqinit, Luigj Shkrela, pret zbatimin e shpejt\u00eb t\u00eb Marr\u00ebveshjes s\u00eb koalicionit n\u00eb komun\u00ebn e Ulqinit Ulqin - Kryetari i","og_url":"https:\/\/www.visit-ulcinj.com\/blog\/2011\/02\/07\/luigj-shkrela-pushteti-i-ri-deri-ne-fillim-te-marsit\/","og_site_name":"Lajme nga Ulqini","article_published_time":"2011-02-07T16:37:46+00:00","article_modified_time":"2011-02-10T13:37:52+00:00","twitter_misc":{"Written by":"ulqini","Est. reading time":"2 minutes"},"schema":{"@context":"https:\/\/schema.org","@graph":[{"@type":"WebSite","@id":"https:\/\/www.visit-ulcinj.com\/blog\/#website","url":"https:\/\/www.visit-ulcinj.com\/blog\/","name":"Lajme nga Ulqini","description":"Lajme,Vijesti,Ulqini,Ulqin,Crna Gora,Mali i Zi","potentialAction":[{"@type":"SearchAction","target":{"@type":"EntryPoint","urlTemplate":"https:\/\/www.visit-ulcinj.com\/blog\/?s={search_term_string}"},"query-input":"required name=search_term_string"}],"inLanguage":"en-US"},{"@type":"WebPage","@id":"https:\/\/www.visit-ulcinj.com\/blog\/2011\/02\/07\/luigj-shkrela-pushteti-i-ri-deri-ne-fillim-te-marsit\/#webpage","url":"https:\/\/www.visit-ulcinj.com\/blog\/2011\/02\/07\/luigj-shkrela-pushteti-i-ri-deri-ne-fillim-te-marsit\/","name":"Luigj Shkrela: Pushteti i ri deri n\u00eb fillim t\u00eb marsit - Lajme nga Ulqini","isPartOf":{"@id":"https:\/\/www.visit-ulcinj.com\/blog\/#website"},"datePublished":"2011-02-07T16:37:46+00:00","dateModified":"2011-02-10T13:37:52+00:00","author":{"@id":"https:\/\/www.visit-ulcinj.com\/blog\/#\/schema\/person\/dcab619c614d3038751c63bc2aadc06d"},"description":"Kryetari i Kuvendit t\u00eb Komun\u00ebs s\u00eb Ulqinit, Luigj Shkrela, pret zbatimin e shpejt\u00eb t\u00eb Marr\u00ebveshjes s\u00eb koalicionit n\u00eb komun\u00ebn e Ulqinit Ulqin - Kryetari i","breadcrumb":{"@id":"https:\/\/www.visit-ulcinj.com\/blog\/2011\/02\/07\/luigj-shkrela-pushteti-i-ri-deri-ne-fillim-te-marsit\/#breadcrumb"},"inLanguage":"en-US","potentialAction":[{"@type":"ReadAction","target":["https:\/\/www.visit-ulcinj.com\/blog\/2011\/02\/07\/luigj-shkrela-pushteti-i-ri-deri-ne-fillim-te-marsit\/"]}]},{"@type":"BreadcrumbList","@id":"https:\/\/www.visit-ulcinj.com\/blog\/2011\/02\/07\/luigj-shkrela-pushteti-i-ri-deri-ne-fillim-te-marsit\/#breadcrumb","itemListElement":[{"@type":"ListItem","position":1,"name":"Luigj Shkrela: Pushteti i ri deri n\u00eb fillim t\u00eb marsit"}]},{"@type":"Person","@id":"https:\/\/www.visit-ulcinj.com\/blog\/#\/schema\/person\/dcab619c614d3038751c63bc2aadc06d","name":"ulqini","sameAs":["http:\/\/www.visit-ulcinj.com"],"url":"https:\/\/www.visit-ulcinj.com\/blog\/author\/admin\/"}]}},"jetpack_featured_media_url":"","jetpack_sharing_enabled":true,"jetpack_shortlink":"https:\/\/wp.me\/pe6lTn-bdb","_links":{"self":[{"href":"https:\/\/www.visit-ulcinj.com\/blog\/wp-json\/wp\/v2\/posts\/43101"}],"collection":[{"href":"https:\/\/www.visit-ulcinj.com\/blog\/wp-json\/wp\/v2\/posts"}],"about":[{"href":"https:\/\/www.visit-ulcinj.com\/blog\/wp-json\/wp\/v2\/types\/post"}],"author":[{"embeddable":true,"href":"https:\/\/www.visit-ulcinj.com\/blog\/wp-json\/wp\/v2\/users\/1"}],"replies":[{"embeddable":true,"href":"https:\/\/www.visit-ulcinj.com\/blog\/wp-json\/wp\/v2\/comments?post=43101"}],"version-history":[{"count":0,"href":"https:\/\/www.visit-ulcinj.com\/blog\/wp-json\/wp\/v2\/posts\/43101\/revisions"}],"wp:attachment":[{"href":"https:\/\/www.visit-ulcinj.com\/blog\/wp-json\/wp\/v2\/media?parent=43101"}],"wp:term":[{"taxonomy":"category","embeddable":true,"href":"https:\/\/www.visit-ulcinj.com\/blog\/wp-json\/wp\/v2\/categories?post=43101"},{"taxonomy":"post_tag","embeddable":true,"href":"https:\/\/www.visit-ulcinj.com\/blog\/wp-json\/wp\/v2\/tags?post=43101"}],"curies":[{"name":"wp","href":"https:\/\/api.w.org\/{rel}","templated":true}]}}