{"id":43105,"date":"2011-02-07T17:53:38","date_gmt":"2011-02-07T16:53:38","guid":{"rendered":"http:\/\/www.visit-ulcinj.com\/blog\/?p=43105"},"modified":"2011-02-08T20:09:29","modified_gmt":"2011-02-08T19:09:29","slug":"forca-e-re-demokratike-mbi-buxhetin-e-komunes-se-ulqinit","status":"publish","type":"post","link":"https:\/\/www.visit-ulcinj.com\/blog\/2011\/02\/07\/forca-e-re-demokratike-mbi-buxhetin-e-komunes-se-ulqinit\/","title":{"rendered":"Forca e Re Demokratike mbi buxhetin e Komun\u00ebs s\u00eb Ulqinit"},"content":{"rendered":"<p><a href=\"http:\/\/www.visit-ulcinj.com\/blog\/wp-content\/uploads\/2011\/02\/Lideri-Forces-Nazif-Cungu.jpg\"><img loading=\"lazy\" class=\"alignleft size-full wp-image-43106\" title=\"Lideri-Forces-Nazif-Cungu\" src=\"http:\/\/www.visit-ulcinj.com\/blog\/wp-content\/uploads\/2011\/02\/Lideri-Forces-Nazif-Cungu.jpg\" alt=\"\" width=\"490\" height=\"396\" srcset=\"https:\/\/www.visit-ulcinj.com\/blog\/wp-content\/uploads\/2011\/02\/Lideri-Forces-Nazif-Cungu.jpg 490w, https:\/\/www.visit-ulcinj.com\/blog\/wp-content\/uploads\/2011\/02\/Lideri-Forces-Nazif-Cungu-300x242.jpg 300w\" sizes=\"(max-width: 490px) 100vw, 490px\" \/><\/a>Ulqin \u2013 Forca e Re Demokratike vler\u00ebson\u00a0se Llogaria p\u00ebrfundimtare e buxhetit p\u00ebr\u00a0vitin 2009 dhe Ribalanci i buxhetit p\u00ebr vitin\u00a02010 jan\u00eb miratuar n\u00eb m\u00ebnyr\u00eb joligjore\u00a0nga Kuvendi i Komun\u00ebs s\u00eb Ulqinit.\u00a0K\u00ebto vler\u00ebsime i ka b\u00ebr\u00eb n\u00eb konferenc\u00ebn\u00a0p\u00ebr shtyp t\u00eb s\u00eb mart\u00ebs, kryetari i k\u00ebsaj partie,\u00a0Nazif Cungu.\u00a0Sipas Cungut, \u201ck\u00ebtu nuk b\u00ebhet fjal\u00eb p\u00ebr\u00a0mosdijenin\u00eb e pushtetit ekzekutiv, por p\u00ebr\u00a0tentativ\u00eb q\u00eb pun\u00ebt e paligjshme t\u00eb mbulohen\u00a0me vendimet e Kuvendit t\u00eb Komun\u00ebs\u00a0dhe n\u00eb at\u00eb m\u00ebnyr\u00eb t\u00eb mbrohen disa individ\u00eb\u201d.<br \/>\nKuvendi i Komun\u00ebs s\u00eb Ulqinit ka miratuar\u00a0t\u00eb m\u00ebrkur\u00ebn e kaluar Llogarin\u00eb p\u00ebrfundimtare\u00a0t\u00eb buxhetit p\u00ebr vitin 2009 dhe Ribalancin\u00a0e buxhetit p\u00ebr vitin 2010.\u00a0Kryetari i Forc\u00ebs ka th\u00ebn\u00eb se dokumentet e\u00a0miratuara japin pasqyr\u00ebn e v\u00ebrtet\u00eb t\u00eb gjendjes\u00a0s\u00eb pushtetit vendor n\u00eb Ulqin.\u00a0Ai ka theksuar se gjendja n\u00eb komun\u00ebn e\u00a0Ulqinit \u00ebsht\u00eb alarmante, nd\u00ebrsa n\u00eb t\u00eb ardhmen\u00a0ajo do t\u00eb p\u00ebrkeq\u00ebsohet.\u00a0\u201cNe mund t\u00eb paramendojm\u00eb se gjendja\u00a0\u00ebsht\u00eb edhe m\u00eb e v\u00ebshtir\u00eb n\u00eb nd\u00ebrmarrjet\u00a0publike, themeluese e t\u00eb cilave \u00ebsht\u00eb vet\u00eb\u00a0Komuna e Ulqinit\u201d, ka th\u00ebn\u00eb Cungu.<br \/>\n\u201cKat\u00ebr vitet e fundit, Kuvendi i Komun\u00ebs s\u00eb\u00a0Ulqinit nuk ka shqyrtar as aprovuar asnj\u00eb\u00a0raport p\u00ebr pun\u00ebn e nd\u00ebrmarrjeve publike,\u00a0k\u00ebshtu q\u00eb Kuvendi si themelues, nuk \u00ebsht\u00eb\u00a0njoftuar p\u00ebr gjendjen dhe pun\u00ebn e k\u00ebtyre\u00a0nd\u00ebrmarrjeve. Ne mund vet\u00ebm t\u00eb supozojm\u00eb\u00a0se jan\u00eb n\u00eb gjendje t\u00eb keqe n\u00eb baz\u00eb t\u00eb\u00a0t\u00eb dh\u00ebnave q\u00eb kemi nga t\u00eb pun\u00ebsuarit, t\u00eb\u00a0cil\u00ebt tash disa muaj nuk marrin rroga\u201d, ka\u00a0shtuar ai.<br \/>\nKryetari i Forc\u00ebs s\u00eb Re Demokratike ka\u00a0n\u00ebnvizuar se \u201cpa raporte p\u00ebr gjendjen n\u00eb\u00a0nd\u00ebrmarrjet publike nuk mund t\u00eb mirato \u00a0\u00a0Llogaria p\u00ebrfundimtare e buxhetit\u201d.<br \/>\nAi ka theksuar se gjat\u00eb miratimit t\u00eb Llogaris\u00eb\u00a0p\u00ebrfundimtare p\u00ebr vitin 2009, kjo parti\u00a0\u201cnuk ka fituar arsyetimet p\u00ebr devijimet q\u00eb\u00a0kan\u00eb ndodhur gjat\u00eb realizmit\u201d.\u00a0\u201cN\u00eb raportin e revizorit p\u00ebr vitin 2009\u00a0konstatohen dallime t\u00eb m\u00ebdha prej disa\u00a0miliona euro dhe askush nuk ka dh\u00ebn\u00eb\u00a0p\u00ebrgjigje. Shpenzimet e mjeteve t\u00eb buxhetit\u00a0p\u00ebr vitet 2009 dhe 2010 jan\u00eb realizuar\u00a0n\u00eb m\u00ebnyre t\u00eb paligjshme\u201d, ka th\u00ebn\u00eb Cungu.<br \/>\nDuke arsyetuar konstatimin e tij se edhe\u00a0miratimi i Ribalancit t\u00eb buxhetit p\u00ebr vitin\u00a02010 \u00ebsht\u00eb i paligjsh\u00ebm, ai ka th\u00ebn\u00eb se \u201cn\u00eb\u00a0vend q\u00eb k\u00ebshilltar\u00ebve t\u2019u ofrohet raporti\u00a0p\u00ebr realizimin e buxhetit p\u00ebr vitin 2010,\u00a0Sekretariati p\u00ebrkat\u00ebs ka b\u00ebr\u00eb ndryshimet\u00a0p\u00ebr vitin e kaluar n\u00eb vitin 2011\u201d.\u00a0Cungu ka p\u00ebrmendur edhe, si\u00e7 ka th\u00ebn\u00eb ai,\u00a0disa anomali t\u00eb tjera.<br \/>\n\u201cBuxheti per vitin 2009 ishte projektuar\u00a0n\u00eb 16 220 000 euro, kurse \u00ebsht\u00eb realizuar\u00a0n\u00eb vler\u00ebn 4 600 000 euro. Buxheti p\u00ebr vitin\u00a02010 ishte projektuar n\u00eb vler\u00ebn 12 900 000\u00a0euro, kurse me ribalanc joligjor \u00ebsht\u00eb ndryshuar\u00a0n\u00eb 4 800 000 euro. Me programet\u00a0p\u00ebr rregullim hap\u00ebsinor t\u00eb Komun\u00ebs s\u00eb Ulqinit\u00a0p\u00ebr vitin 2009 dhe 2010 kan\u00eb qen\u00eb t\u00eb\u00a0parapara investimet n\u00eb vler\u00eb prej 17 milion\u00eb\u00a0euro, kurse realizimi p\u00ebr k\u00ebto dy vite ka\u00a0qen\u00eb m\u00eb pak se 800 mij\u00eb euro.<br \/>\nT\u00eb ardhurat\u00a0nga taksat p\u00ebr komunalijet gjithashtu jan\u00eb\u00a0shpenzuar n\u00eb m\u00ebnyr\u00eb t\u00eb paligjshme. Disa\u00a0shpenzime jan\u00eb rritur edhe mbi 25 her\u00eb,\u00a0p\u00ebr \u00e7ka edhe ka ardhur deri te k\u00ebto devijime\u00a0dhe shpenzime t\u00eb paligjshme, p\u00ebr t\u00eb\u00a0cilat askush nuk dha arsyetim\u201d, ka th\u00ebn\u00eb ai.<br \/>\nKryetari i Forc\u00ebs ka pranuar se duke qen\u00eb\u00a0parti opozitare, ata \u201cnuk kan\u00eb mund\u00ebsi\u00a0t\u00eb ndikojn\u00eb n\u00eb pasojat q\u00eb jan\u00eb tashm\u00eb t\u00eb\u00a0dukshme n\u00eb t\u00ebr\u00eb komun\u00ebn e Ulqinit\u201d.<br \/>\n<strong>(Kohapress)<\/strong><\/p>\n","protected":false},"excerpt":{"rendered":"<p>Ulqin \u2013 Forca e Re Demokratike vler\u00ebson\u00a0se Llogaria p\u00ebrfundimtare e buxhetit p\u00ebr\u00a0vitin 2009 dhe Ribalanci i buxhetit p\u00ebr vitin\u00a02010 jan\u00eb miratuar n\u00eb m\u00ebnyr\u00eb joligjore\u00a0nga Kuvendi i Komun\u00ebs s\u00eb Ulqinit.\u00a0K\u00ebto vler\u00ebsime i ka b\u00ebr\u00eb n\u00eb konferenc\u00ebn\u00a0p\u00ebr shtyp t\u00eb s\u00eb mart\u00ebs, kryetari i k\u00ebsaj partie,\u00a0Nazif Cungu.\u00a0Sipas Cungut, \u201ck\u00ebtu nuk b\u00ebhet fjal\u00eb p\u00ebr\u00a0mosdijenin\u00eb e pushtetit ekzekutiv, por p\u00ebr\u00a0tentativ\u00eb [&hellip;]<\/p>\n","protected":false},"author":1,"featured_media":0,"comment_status":"open","ping_status":"closed","sticky":false,"template":"","format":"standard","meta":{"spay_email":"","jetpack_publicize_message":"","jetpack_is_tweetstorm":false,"jetpack_publicize_feature_enabled":true},"categories":[11],"tags":[874,118,17203],"jetpack_publicize_connections":[],"yoast_head":"<!-- This site is optimized with the Yoast SEO plugin v19.1 - https:\/\/yoast.com\/wordpress\/plugins\/seo\/ -->\n<title>Forca e Re Demokratike mbi buxhetin e Komun\u00ebs s\u00eb Ulqinit - Lajme nga Ulqini<\/title>\n<meta name=\"description\" content=\"Ulqin \u2013 Forca e Re Demokratike vler\u00ebson\u00a0se Llogaria p\u00ebrfundimtare e buxhetit p\u00ebr\u00a0vitin 2009 dhe Ribalanci i buxhetit p\u00ebr vitin\u00a02010 jan\u00eb miratuar n\u00eb\" \/>\n<meta name=\"robots\" content=\"index, follow, max-snippet:-1, max-image-preview:large, max-video-preview:-1\" \/>\n<link rel=\"canonical\" href=\"https:\/\/www.visit-ulcinj.com\/blog\/2011\/02\/07\/forca-e-re-demokratike-mbi-buxhetin-e-komunes-se-ulqinit\/\" \/>\n<meta property=\"og:locale\" content=\"en_US\" \/>\n<meta property=\"og:type\" content=\"article\" \/>\n<meta property=\"og:title\" content=\"Forca e Re Demokratike mbi buxhetin e Komun\u00ebs s\u00eb Ulqinit - Lajme nga Ulqini\" \/>\n<meta property=\"og:description\" content=\"Ulqin \u2013 Forca e Re Demokratike vler\u00ebson\u00a0se Llogaria p\u00ebrfundimtare e buxhetit p\u00ebr\u00a0vitin 2009 dhe Ribalanci i buxhetit p\u00ebr vitin\u00a02010 jan\u00eb miratuar n\u00eb\" \/>\n<meta property=\"og:url\" content=\"https:\/\/www.visit-ulcinj.com\/blog\/2011\/02\/07\/forca-e-re-demokratike-mbi-buxhetin-e-komunes-se-ulqinit\/\" \/>\n<meta property=\"og:site_name\" content=\"Lajme nga Ulqini\" \/>\n<meta property=\"article:published_time\" content=\"2011-02-07T16:53:38+00:00\" \/>\n<meta property=\"article:modified_time\" content=\"2011-02-08T19:09:29+00:00\" \/>\n<meta property=\"og:image\" content=\"http:\/\/www.visit-ulcinj.com\/blog\/wp-content\/uploads\/2011\/02\/Lideri-Forces-Nazif-Cungu.jpg\" \/>\n<meta name=\"twitter:label1\" content=\"Written by\" \/>\n\t<meta name=\"twitter:data1\" content=\"ulqini\" \/>\n\t<meta name=\"twitter:label2\" content=\"Est. reading time\" \/>\n\t<meta name=\"twitter:data2\" content=\"3 minutes\" \/>\n<script type=\"application\/ld+json\" class=\"yoast-schema-graph\">{\"@context\":\"https:\/\/schema.org\",\"@graph\":[{\"@type\":\"WebSite\",\"@id\":\"https:\/\/www.visit-ulcinj.com\/blog\/#website\",\"url\":\"https:\/\/www.visit-ulcinj.com\/blog\/\",\"name\":\"Lajme nga Ulqini\",\"description\":\"Lajme,Vijesti,Ulqini,Ulqin,Crna Gora,Mali i Zi\",\"potentialAction\":[{\"@type\":\"SearchAction\",\"target\":{\"@type\":\"EntryPoint\",\"urlTemplate\":\"https:\/\/www.visit-ulcinj.com\/blog\/?s={search_term_string}\"},\"query-input\":\"required name=search_term_string\"}],\"inLanguage\":\"en-US\"},{\"@type\":\"ImageObject\",\"inLanguage\":\"en-US\",\"@id\":\"https:\/\/www.visit-ulcinj.com\/blog\/2011\/02\/07\/forca-e-re-demokratike-mbi-buxhetin-e-komunes-se-ulqinit\/#primaryimage\",\"url\":\"https:\/\/www.visit-ulcinj.com\/blog\/wp-content\/uploads\/2011\/02\/Lideri-Forces-Nazif-Cungu.jpg\",\"contentUrl\":\"https:\/\/www.visit-ulcinj.com\/blog\/wp-content\/uploads\/2011\/02\/Lideri-Forces-Nazif-Cungu.jpg\",\"width\":\"490\",\"height\":\"396\"},{\"@type\":\"WebPage\",\"@id\":\"https:\/\/www.visit-ulcinj.com\/blog\/2011\/02\/07\/forca-e-re-demokratike-mbi-buxhetin-e-komunes-se-ulqinit\/#webpage\",\"url\":\"https:\/\/www.visit-ulcinj.com\/blog\/2011\/02\/07\/forca-e-re-demokratike-mbi-buxhetin-e-komunes-se-ulqinit\/\",\"name\":\"Forca e Re Demokratike mbi buxhetin e Komun\u00ebs s\u00eb Ulqinit - Lajme nga Ulqini\",\"isPartOf\":{\"@id\":\"https:\/\/www.visit-ulcinj.com\/blog\/#website\"},\"primaryImageOfPage\":{\"@id\":\"https:\/\/www.visit-ulcinj.com\/blog\/2011\/02\/07\/forca-e-re-demokratike-mbi-buxhetin-e-komunes-se-ulqinit\/#primaryimage\"},\"datePublished\":\"2011-02-07T16:53:38+00:00\",\"dateModified\":\"2011-02-08T19:09:29+00:00\",\"author\":{\"@id\":\"https:\/\/www.visit-ulcinj.com\/blog\/#\/schema\/person\/dcab619c614d3038751c63bc2aadc06d\"},\"description\":\"Ulqin \u2013 Forca e Re Demokratike vler\u00ebson\u00a0se Llogaria p\u00ebrfundimtare e buxhetit p\u00ebr\u00a0vitin 2009 dhe Ribalanci i buxhetit p\u00ebr vitin\u00a02010 jan\u00eb miratuar n\u00eb\",\"breadcrumb\":{\"@id\":\"https:\/\/www.visit-ulcinj.com\/blog\/2011\/02\/07\/forca-e-re-demokratike-mbi-buxhetin-e-komunes-se-ulqinit\/#breadcrumb\"},\"inLanguage\":\"en-US\",\"potentialAction\":[{\"@type\":\"ReadAction\",\"target\":[\"https:\/\/www.visit-ulcinj.com\/blog\/2011\/02\/07\/forca-e-re-demokratike-mbi-buxhetin-e-komunes-se-ulqinit\/\"]}]},{\"@type\":\"BreadcrumbList\",\"@id\":\"https:\/\/www.visit-ulcinj.com\/blog\/2011\/02\/07\/forca-e-re-demokratike-mbi-buxhetin-e-komunes-se-ulqinit\/#breadcrumb\",\"itemListElement\":[{\"@type\":\"ListItem\",\"position\":1,\"name\":\"Forca e Re Demokratike mbi buxhetin e Komun\u00ebs s\u00eb Ulqinit\"}]},{\"@type\":\"Person\",\"@id\":\"https:\/\/www.visit-ulcinj.com\/blog\/#\/schema\/person\/dcab619c614d3038751c63bc2aadc06d\",\"name\":\"ulqini\",\"sameAs\":[\"http:\/\/www.visit-ulcinj.com\"],\"url\":\"https:\/\/www.visit-ulcinj.com\/blog\/author\/admin\/\"}]}<\/script>\n<!-- \/ Yoast SEO plugin. -->","yoast_head_json":{"title":"Forca e Re Demokratike mbi buxhetin e Komun\u00ebs s\u00eb Ulqinit - Lajme nga Ulqini","description":"Ulqin \u2013 Forca e Re Demokratike vler\u00ebson\u00a0se Llogaria p\u00ebrfundimtare e buxhetit p\u00ebr\u00a0vitin 2009 dhe Ribalanci i buxhetit p\u00ebr vitin\u00a02010 jan\u00eb miratuar n\u00eb","robots":{"index":"index","follow":"follow","max-snippet":"max-snippet:-1","max-image-preview":"max-image-preview:large","max-video-preview":"max-video-preview:-1"},"canonical":"https:\/\/www.visit-ulcinj.com\/blog\/2011\/02\/07\/forca-e-re-demokratike-mbi-buxhetin-e-komunes-se-ulqinit\/","og_locale":"en_US","og_type":"article","og_title":"Forca e Re Demokratike mbi buxhetin e Komun\u00ebs s\u00eb Ulqinit - Lajme nga Ulqini","og_description":"Ulqin \u2013 Forca e Re Demokratike vler\u00ebson\u00a0se Llogaria p\u00ebrfundimtare e buxhetit p\u00ebr\u00a0vitin 2009 dhe Ribalanci i buxhetit p\u00ebr vitin\u00a02010 jan\u00eb miratuar n\u00eb","og_url":"https:\/\/www.visit-ulcinj.com\/blog\/2011\/02\/07\/forca-e-re-demokratike-mbi-buxhetin-e-komunes-se-ulqinit\/","og_site_name":"Lajme nga Ulqini","article_published_time":"2011-02-07T16:53:38+00:00","article_modified_time":"2011-02-08T19:09:29+00:00","og_image":[{"url":"http:\/\/www.visit-ulcinj.com\/blog\/wp-content\/uploads\/2011\/02\/Lideri-Forces-Nazif-Cungu.jpg"}],"twitter_misc":{"Written by":"ulqini","Est. reading time":"3 minutes"},"schema":{"@context":"https:\/\/schema.org","@graph":[{"@type":"WebSite","@id":"https:\/\/www.visit-ulcinj.com\/blog\/#website","url":"https:\/\/www.visit-ulcinj.com\/blog\/","name":"Lajme nga Ulqini","description":"Lajme,Vijesti,Ulqini,Ulqin,Crna Gora,Mali i Zi","potentialAction":[{"@type":"SearchAction","target":{"@type":"EntryPoint","urlTemplate":"https:\/\/www.visit-ulcinj.com\/blog\/?s={search_term_string}"},"query-input":"required name=search_term_string"}],"inLanguage":"en-US"},{"@type":"ImageObject","inLanguage":"en-US","@id":"https:\/\/www.visit-ulcinj.com\/blog\/2011\/02\/07\/forca-e-re-demokratike-mbi-buxhetin-e-komunes-se-ulqinit\/#primaryimage","url":"https:\/\/www.visit-ulcinj.com\/blog\/wp-content\/uploads\/2011\/02\/Lideri-Forces-Nazif-Cungu.jpg","contentUrl":"https:\/\/www.visit-ulcinj.com\/blog\/wp-content\/uploads\/2011\/02\/Lideri-Forces-Nazif-Cungu.jpg","width":"490","height":"396"},{"@type":"WebPage","@id":"https:\/\/www.visit-ulcinj.com\/blog\/2011\/02\/07\/forca-e-re-demokratike-mbi-buxhetin-e-komunes-se-ulqinit\/#webpage","url":"https:\/\/www.visit-ulcinj.com\/blog\/2011\/02\/07\/forca-e-re-demokratike-mbi-buxhetin-e-komunes-se-ulqinit\/","name":"Forca e Re Demokratike mbi buxhetin e Komun\u00ebs s\u00eb Ulqinit - Lajme nga Ulqini","isPartOf":{"@id":"https:\/\/www.visit-ulcinj.com\/blog\/#website"},"primaryImageOfPage":{"@id":"https:\/\/www.visit-ulcinj.com\/blog\/2011\/02\/07\/forca-e-re-demokratike-mbi-buxhetin-e-komunes-se-ulqinit\/#primaryimage"},"datePublished":"2011-02-07T16:53:38+00:00","dateModified":"2011-02-08T19:09:29+00:00","author":{"@id":"https:\/\/www.visit-ulcinj.com\/blog\/#\/schema\/person\/dcab619c614d3038751c63bc2aadc06d"},"description":"Ulqin \u2013 Forca e Re Demokratike vler\u00ebson\u00a0se Llogaria p\u00ebrfundimtare e buxhetit p\u00ebr\u00a0vitin 2009 dhe Ribalanci i buxhetit p\u00ebr vitin\u00a02010 jan\u00eb miratuar n\u00eb","breadcrumb":{"@id":"https:\/\/www.visit-ulcinj.com\/blog\/2011\/02\/07\/forca-e-re-demokratike-mbi-buxhetin-e-komunes-se-ulqinit\/#breadcrumb"},"inLanguage":"en-US","potentialAction":[{"@type":"ReadAction","target":["https:\/\/www.visit-ulcinj.com\/blog\/2011\/02\/07\/forca-e-re-demokratike-mbi-buxhetin-e-komunes-se-ulqinit\/"]}]},{"@type":"BreadcrumbList","@id":"https:\/\/www.visit-ulcinj.com\/blog\/2011\/02\/07\/forca-e-re-demokratike-mbi-buxhetin-e-komunes-se-ulqinit\/#breadcrumb","itemListElement":[{"@type":"ListItem","position":1,"name":"Forca e Re Demokratike mbi buxhetin e Komun\u00ebs s\u00eb Ulqinit"}]},{"@type":"Person","@id":"https:\/\/www.visit-ulcinj.com\/blog\/#\/schema\/person\/dcab619c614d3038751c63bc2aadc06d","name":"ulqini","sameAs":["http:\/\/www.visit-ulcinj.com"],"url":"https:\/\/www.visit-ulcinj.com\/blog\/author\/admin\/"}]}},"jetpack_featured_media_url":"","jetpack_sharing_enabled":true,"jetpack_shortlink":"https:\/\/wp.me\/pe6lTn-bdf","_links":{"self":[{"href":"https:\/\/www.visit-ulcinj.com\/blog\/wp-json\/wp\/v2\/posts\/43105"}],"collection":[{"href":"https:\/\/www.visit-ulcinj.com\/blog\/wp-json\/wp\/v2\/posts"}],"about":[{"href":"https:\/\/www.visit-ulcinj.com\/blog\/wp-json\/wp\/v2\/types\/post"}],"author":[{"embeddable":true,"href":"https:\/\/www.visit-ulcinj.com\/blog\/wp-json\/wp\/v2\/users\/1"}],"replies":[{"embeddable":true,"href":"https:\/\/www.visit-ulcinj.com\/blog\/wp-json\/wp\/v2\/comments?post=43105"}],"version-history":[{"count":0,"href":"https:\/\/www.visit-ulcinj.com\/blog\/wp-json\/wp\/v2\/posts\/43105\/revisions"}],"wp:attachment":[{"href":"https:\/\/www.visit-ulcinj.com\/blog\/wp-json\/wp\/v2\/media?parent=43105"}],"wp:term":[{"taxonomy":"category","embeddable":true,"href":"https:\/\/www.visit-ulcinj.com\/blog\/wp-json\/wp\/v2\/categories?post=43105"},{"taxonomy":"post_tag","embeddable":true,"href":"https:\/\/www.visit-ulcinj.com\/blog\/wp-json\/wp\/v2\/tags?post=43105"}],"curies":[{"name":"wp","href":"https:\/\/api.w.org\/{rel}","templated":true}]}}