{"id":43114,"date":"2011-02-07T18:56:52","date_gmt":"2011-02-07T17:56:52","guid":{"rendered":"http:\/\/www.visit-ulcinj.com\/blog\/?p=43114"},"modified":"2011-02-07T18:56:52","modified_gmt":"2011-02-07T17:56:52","slug":"qeveria-duhet-te-bisedoj-me-pronaret-legjitim-ne-procesin-e-kthimit-te-prones-ne-valdanos","status":"publish","type":"post","link":"https:\/\/www.visit-ulcinj.com\/blog\/2011\/02\/07\/qeveria-duhet-te-bisedoj-me-pronaret-legjitim-ne-procesin-e-kthimit-te-prones-ne-valdanos\/","title":{"rendered":"Qeveria duhet t\u00eb bisedoj me pronar\u00ebt legjitim n\u00eb procesin e kthimit t\u00eb pron\u00ebs n\u00eb valdanos"},"content":{"rendered":"<p><a href=\"http:\/\/www.visit-ulcinj.com\/blog\/wp-content\/uploads\/2011\/02\/Forca-e-re-demokratike_ulqin.jpg\"><img loading=\"lazy\" class=\"alignleft size-full wp-image-43115\" title=\"Forca-e-re-demokratike_ulqin\" src=\"http:\/\/www.visit-ulcinj.com\/blog\/wp-content\/uploads\/2011\/02\/Forca-e-re-demokratike_ulqin.jpg\" alt=\"\" width=\"490\" height=\"380\" \/><\/a>Qeveria duhet ti ket\u00eb parasysh k\u00ebrkesat e banor\u00ebve t\u00eb Ulqinit , t\u00eb heq dor\u00eb nga procedura e tenderit dhe t\u00eb hap dialogun me pronar\u00ebt legjitim me qellim t\u00eb sigurimit t\u00eb ligjshmeris\u00eb n\u00eb procesin e kthimit t\u00eb pron\u00ebs n\u00eb Valdanos, kumtoi Forca e re demokratike FORCA.<\/p>\n<p>Kjo parti si\u00e7 u sqarua , tash disa vjet\u00eb p\u00ebrpiqet q\u00eb pronat n\u00eb Valdanos tu kthehen pronar\u00ebve legjitim dhe ky rast pas plot\u00eb tri deceniesh t\u00eb zgjidhet n\u00eb t\u00ebr\u00ebsi, thuhet n\u00eb Kumtes\u00ebn e FORC-\u00ebas.<\/p>\n<p><strong>TVCG<\/strong><\/p>\n","protected":false},"excerpt":{"rendered":"<p>Qeveria duhet ti ket\u00eb parasysh k\u00ebrkesat e banor\u00ebve t\u00eb Ulqinit , t\u00eb heq dor\u00eb nga procedura e tenderit dhe t\u00eb hap dialogun me pronar\u00ebt legjitim me qellim t\u00eb sigurimit t\u00eb ligjshmeris\u00eb n\u00eb procesin e kthimit t\u00eb pron\u00ebs n\u00eb Valdanos, kumtoi Forca e re demokratike FORCA. Kjo parti si\u00e7 u sqarua , tash disa vjet\u00eb p\u00ebrpiqet [&hellip;]<\/p>\n","protected":false},"author":1,"featured_media":0,"comment_status":"open","ping_status":"closed","sticky":false,"template":"","format":"standard","meta":{"spay_email":"","jetpack_publicize_message":"","jetpack_is_tweetstorm":false,"jetpack_publicize_feature_enabled":true},"categories":[13],"tags":[117,200,18,561],"jetpack_publicize_connections":[],"yoast_head":"<!-- This site is optimized with the Yoast SEO plugin v19.1 - https:\/\/yoast.com\/wordpress\/plugins\/seo\/ -->\n<title>Qeveria duhet t\u00eb bisedoj me pronar\u00ebt legjitim n\u00eb procesin e kthimit t\u00eb pron\u00ebs n\u00eb valdanos - Lajme nga Ulqini<\/title>\n<meta name=\"description\" content=\"Qeveria duhet ti ket\u00eb parasysh k\u00ebrkesat e banor\u00ebve t\u00eb Ulqinit , t\u00eb heq dor\u00eb nga procedura e tenderit dhe t\u00eb hap dialogun me pronar\u00ebt legjitim me qellim t\u00eb\" \/>\n<meta name=\"robots\" content=\"index, follow, max-snippet:-1, max-image-preview:large, max-video-preview:-1\" \/>\n<link rel=\"canonical\" href=\"https:\/\/www.visit-ulcinj.com\/blog\/2011\/02\/07\/qeveria-duhet-te-bisedoj-me-pronaret-legjitim-ne-procesin-e-kthimit-te-prones-ne-valdanos\/\" \/>\n<meta property=\"og:locale\" content=\"en_US\" \/>\n<meta property=\"og:type\" content=\"article\" \/>\n<meta property=\"og:title\" content=\"Qeveria duhet t\u00eb bisedoj me pronar\u00ebt legjitim n\u00eb procesin e kthimit t\u00eb pron\u00ebs n\u00eb valdanos - Lajme nga Ulqini\" \/>\n<meta property=\"og:description\" content=\"Qeveria duhet ti ket\u00eb parasysh k\u00ebrkesat e banor\u00ebve t\u00eb Ulqinit , t\u00eb heq dor\u00eb nga procedura e tenderit dhe t\u00eb hap dialogun me pronar\u00ebt legjitim me qellim t\u00eb\" \/>\n<meta property=\"og:url\" content=\"https:\/\/www.visit-ulcinj.com\/blog\/2011\/02\/07\/qeveria-duhet-te-bisedoj-me-pronaret-legjitim-ne-procesin-e-kthimit-te-prones-ne-valdanos\/\" \/>\n<meta property=\"og:site_name\" content=\"Lajme nga Ulqini\" \/>\n<meta property=\"article:published_time\" content=\"2011-02-07T17:56:52+00:00\" \/>\n<meta property=\"og:image\" content=\"http:\/\/www.visit-ulcinj.com\/blog\/wp-content\/uploads\/2011\/02\/Forca-e-re-demokratike_ulqin.jpg\" \/>\n<meta name=\"twitter:label1\" content=\"Written by\" \/>\n\t<meta name=\"twitter:data1\" content=\"ulqini\" \/>\n<script type=\"application\/ld+json\" class=\"yoast-schema-graph\">{\"@context\":\"https:\/\/schema.org\",\"@graph\":[{\"@type\":\"WebSite\",\"@id\":\"https:\/\/www.visit-ulcinj.com\/blog\/#website\",\"url\":\"https:\/\/www.visit-ulcinj.com\/blog\/\",\"name\":\"Lajme nga Ulqini\",\"description\":\"Lajme,Vijesti,Ulqini,Ulqin,Crna Gora,Mali i Zi\",\"potentialAction\":[{\"@type\":\"SearchAction\",\"target\":{\"@type\":\"EntryPoint\",\"urlTemplate\":\"https:\/\/www.visit-ulcinj.com\/blog\/?s={search_term_string}\"},\"query-input\":\"required name=search_term_string\"}],\"inLanguage\":\"en-US\"},{\"@type\":\"ImageObject\",\"inLanguage\":\"en-US\",\"@id\":\"https:\/\/www.visit-ulcinj.com\/blog\/2011\/02\/07\/qeveria-duhet-te-bisedoj-me-pronaret-legjitim-ne-procesin-e-kthimit-te-prones-ne-valdanos\/#primaryimage\",\"url\":\"https:\/\/www.visit-ulcinj.com\/blog\/wp-content\/uploads\/2011\/02\/Forca-e-re-demokratike_ulqin.jpg\",\"contentUrl\":\"https:\/\/www.visit-ulcinj.com\/blog\/wp-content\/uploads\/2011\/02\/Forca-e-re-demokratike_ulqin.jpg\",\"width\":\"506\",\"height\":\"510\"},{\"@type\":\"WebPage\",\"@id\":\"https:\/\/www.visit-ulcinj.com\/blog\/2011\/02\/07\/qeveria-duhet-te-bisedoj-me-pronaret-legjitim-ne-procesin-e-kthimit-te-prones-ne-valdanos\/#webpage\",\"url\":\"https:\/\/www.visit-ulcinj.com\/blog\/2011\/02\/07\/qeveria-duhet-te-bisedoj-me-pronaret-legjitim-ne-procesin-e-kthimit-te-prones-ne-valdanos\/\",\"name\":\"Qeveria duhet t\u00eb bisedoj me pronar\u00ebt legjitim n\u00eb procesin e kthimit t\u00eb pron\u00ebs n\u00eb valdanos - Lajme nga Ulqini\",\"isPartOf\":{\"@id\":\"https:\/\/www.visit-ulcinj.com\/blog\/#website\"},\"primaryImageOfPage\":{\"@id\":\"https:\/\/www.visit-ulcinj.com\/blog\/2011\/02\/07\/qeveria-duhet-te-bisedoj-me-pronaret-legjitim-ne-procesin-e-kthimit-te-prones-ne-valdanos\/#primaryimage\"},\"datePublished\":\"2011-02-07T17:56:52+00:00\",\"dateModified\":\"2011-02-07T17:56:52+00:00\",\"author\":{\"@id\":\"https:\/\/www.visit-ulcinj.com\/blog\/#\/schema\/person\/dcab619c614d3038751c63bc2aadc06d\"},\"description\":\"Qeveria duhet ti ket\u00eb parasysh k\u00ebrkesat e banor\u00ebve t\u00eb Ulqinit , t\u00eb heq dor\u00eb nga procedura e tenderit dhe t\u00eb hap dialogun me pronar\u00ebt legjitim me qellim t\u00eb\",\"breadcrumb\":{\"@id\":\"https:\/\/www.visit-ulcinj.com\/blog\/2011\/02\/07\/qeveria-duhet-te-bisedoj-me-pronaret-legjitim-ne-procesin-e-kthimit-te-prones-ne-valdanos\/#breadcrumb\"},\"inLanguage\":\"en-US\",\"potentialAction\":[{\"@type\":\"ReadAction\",\"target\":[\"https:\/\/www.visit-ulcinj.com\/blog\/2011\/02\/07\/qeveria-duhet-te-bisedoj-me-pronaret-legjitim-ne-procesin-e-kthimit-te-prones-ne-valdanos\/\"]}]},{\"@type\":\"BreadcrumbList\",\"@id\":\"https:\/\/www.visit-ulcinj.com\/blog\/2011\/02\/07\/qeveria-duhet-te-bisedoj-me-pronaret-legjitim-ne-procesin-e-kthimit-te-prones-ne-valdanos\/#breadcrumb\",\"itemListElement\":[{\"@type\":\"ListItem\",\"position\":1,\"name\":\"Qeveria duhet t\u00eb bisedoj me pronar\u00ebt legjitim n\u00eb procesin e kthimit t\u00eb pron\u00ebs n\u00eb valdanos\"}]},{\"@type\":\"Person\",\"@id\":\"https:\/\/www.visit-ulcinj.com\/blog\/#\/schema\/person\/dcab619c614d3038751c63bc2aadc06d\",\"name\":\"ulqini\",\"sameAs\":[\"http:\/\/www.visit-ulcinj.com\"],\"url\":\"https:\/\/www.visit-ulcinj.com\/blog\/author\/admin\/\"}]}<\/script>\n<!-- \/ Yoast SEO plugin. -->","yoast_head_json":{"title":"Qeveria duhet t\u00eb bisedoj me pronar\u00ebt legjitim n\u00eb procesin e kthimit t\u00eb pron\u00ebs n\u00eb valdanos - Lajme nga Ulqini","description":"Qeveria duhet ti ket\u00eb parasysh k\u00ebrkesat e banor\u00ebve t\u00eb Ulqinit , t\u00eb heq dor\u00eb nga procedura e tenderit dhe t\u00eb hap dialogun me pronar\u00ebt legjitim me qellim t\u00eb","robots":{"index":"index","follow":"follow","max-snippet":"max-snippet:-1","max-image-preview":"max-image-preview:large","max-video-preview":"max-video-preview:-1"},"canonical":"https:\/\/www.visit-ulcinj.com\/blog\/2011\/02\/07\/qeveria-duhet-te-bisedoj-me-pronaret-legjitim-ne-procesin-e-kthimit-te-prones-ne-valdanos\/","og_locale":"en_US","og_type":"article","og_title":"Qeveria duhet t\u00eb bisedoj me pronar\u00ebt legjitim n\u00eb procesin e kthimit t\u00eb pron\u00ebs n\u00eb valdanos - Lajme nga Ulqini","og_description":"Qeveria duhet ti ket\u00eb parasysh k\u00ebrkesat e banor\u00ebve t\u00eb Ulqinit , t\u00eb heq dor\u00eb nga procedura e tenderit dhe t\u00eb hap dialogun me pronar\u00ebt legjitim me qellim t\u00eb","og_url":"https:\/\/www.visit-ulcinj.com\/blog\/2011\/02\/07\/qeveria-duhet-te-bisedoj-me-pronaret-legjitim-ne-procesin-e-kthimit-te-prones-ne-valdanos\/","og_site_name":"Lajme nga Ulqini","article_published_time":"2011-02-07T17:56:52+00:00","og_image":[{"url":"http:\/\/www.visit-ulcinj.com\/blog\/wp-content\/uploads\/2011\/02\/Forca-e-re-demokratike_ulqin.jpg"}],"twitter_misc":{"Written by":"ulqini"},"schema":{"@context":"https:\/\/schema.org","@graph":[{"@type":"WebSite","@id":"https:\/\/www.visit-ulcinj.com\/blog\/#website","url":"https:\/\/www.visit-ulcinj.com\/blog\/","name":"Lajme nga Ulqini","description":"Lajme,Vijesti,Ulqini,Ulqin,Crna Gora,Mali i Zi","potentialAction":[{"@type":"SearchAction","target":{"@type":"EntryPoint","urlTemplate":"https:\/\/www.visit-ulcinj.com\/blog\/?s={search_term_string}"},"query-input":"required name=search_term_string"}],"inLanguage":"en-US"},{"@type":"ImageObject","inLanguage":"en-US","@id":"https:\/\/www.visit-ulcinj.com\/blog\/2011\/02\/07\/qeveria-duhet-te-bisedoj-me-pronaret-legjitim-ne-procesin-e-kthimit-te-prones-ne-valdanos\/#primaryimage","url":"https:\/\/www.visit-ulcinj.com\/blog\/wp-content\/uploads\/2011\/02\/Forca-e-re-demokratike_ulqin.jpg","contentUrl":"https:\/\/www.visit-ulcinj.com\/blog\/wp-content\/uploads\/2011\/02\/Forca-e-re-demokratike_ulqin.jpg","width":"506","height":"510"},{"@type":"WebPage","@id":"https:\/\/www.visit-ulcinj.com\/blog\/2011\/02\/07\/qeveria-duhet-te-bisedoj-me-pronaret-legjitim-ne-procesin-e-kthimit-te-prones-ne-valdanos\/#webpage","url":"https:\/\/www.visit-ulcinj.com\/blog\/2011\/02\/07\/qeveria-duhet-te-bisedoj-me-pronaret-legjitim-ne-procesin-e-kthimit-te-prones-ne-valdanos\/","name":"Qeveria duhet t\u00eb bisedoj me pronar\u00ebt legjitim n\u00eb procesin e kthimit t\u00eb pron\u00ebs n\u00eb valdanos - Lajme nga Ulqini","isPartOf":{"@id":"https:\/\/www.visit-ulcinj.com\/blog\/#website"},"primaryImageOfPage":{"@id":"https:\/\/www.visit-ulcinj.com\/blog\/2011\/02\/07\/qeveria-duhet-te-bisedoj-me-pronaret-legjitim-ne-procesin-e-kthimit-te-prones-ne-valdanos\/#primaryimage"},"datePublished":"2011-02-07T17:56:52+00:00","dateModified":"2011-02-07T17:56:52+00:00","author":{"@id":"https:\/\/www.visit-ulcinj.com\/blog\/#\/schema\/person\/dcab619c614d3038751c63bc2aadc06d"},"description":"Qeveria duhet ti ket\u00eb parasysh k\u00ebrkesat e banor\u00ebve t\u00eb Ulqinit , t\u00eb heq dor\u00eb nga procedura e tenderit dhe t\u00eb hap dialogun me pronar\u00ebt legjitim me qellim t\u00eb","breadcrumb":{"@id":"https:\/\/www.visit-ulcinj.com\/blog\/2011\/02\/07\/qeveria-duhet-te-bisedoj-me-pronaret-legjitim-ne-procesin-e-kthimit-te-prones-ne-valdanos\/#breadcrumb"},"inLanguage":"en-US","potentialAction":[{"@type":"ReadAction","target":["https:\/\/www.visit-ulcinj.com\/blog\/2011\/02\/07\/qeveria-duhet-te-bisedoj-me-pronaret-legjitim-ne-procesin-e-kthimit-te-prones-ne-valdanos\/"]}]},{"@type":"BreadcrumbList","@id":"https:\/\/www.visit-ulcinj.com\/blog\/2011\/02\/07\/qeveria-duhet-te-bisedoj-me-pronaret-legjitim-ne-procesin-e-kthimit-te-prones-ne-valdanos\/#breadcrumb","itemListElement":[{"@type":"ListItem","position":1,"name":"Qeveria duhet t\u00eb bisedoj me pronar\u00ebt legjitim n\u00eb procesin e kthimit t\u00eb pron\u00ebs n\u00eb valdanos"}]},{"@type":"Person","@id":"https:\/\/www.visit-ulcinj.com\/blog\/#\/schema\/person\/dcab619c614d3038751c63bc2aadc06d","name":"ulqini","sameAs":["http:\/\/www.visit-ulcinj.com"],"url":"https:\/\/www.visit-ulcinj.com\/blog\/author\/admin\/"}]}},"jetpack_featured_media_url":"","jetpack_sharing_enabled":true,"jetpack_shortlink":"https:\/\/wp.me\/pe6lTn-bdo","_links":{"self":[{"href":"https:\/\/www.visit-ulcinj.com\/blog\/wp-json\/wp\/v2\/posts\/43114"}],"collection":[{"href":"https:\/\/www.visit-ulcinj.com\/blog\/wp-json\/wp\/v2\/posts"}],"about":[{"href":"https:\/\/www.visit-ulcinj.com\/blog\/wp-json\/wp\/v2\/types\/post"}],"author":[{"embeddable":true,"href":"https:\/\/www.visit-ulcinj.com\/blog\/wp-json\/wp\/v2\/users\/1"}],"replies":[{"embeddable":true,"href":"https:\/\/www.visit-ulcinj.com\/blog\/wp-json\/wp\/v2\/comments?post=43114"}],"version-history":[{"count":0,"href":"https:\/\/www.visit-ulcinj.com\/blog\/wp-json\/wp\/v2\/posts\/43114\/revisions"}],"wp:attachment":[{"href":"https:\/\/www.visit-ulcinj.com\/blog\/wp-json\/wp\/v2\/media?parent=43114"}],"wp:term":[{"taxonomy":"category","embeddable":true,"href":"https:\/\/www.visit-ulcinj.com\/blog\/wp-json\/wp\/v2\/categories?post=43114"},{"taxonomy":"post_tag","embeddable":true,"href":"https:\/\/www.visit-ulcinj.com\/blog\/wp-json\/wp\/v2\/tags?post=43114"}],"curies":[{"name":"wp","href":"https:\/\/api.w.org\/{rel}","templated":true}]}}